{"id":2370,"date":"2022-06-24T15:58:03","date_gmt":"2022-06-24T13:58:03","guid":{"rendered":"https:\/\/aliso.fr\/jeunes\/?p=2370"},"modified":"2022-07-12T09:56:18","modified_gmt":"2022-07-12T07:56:18","slug":"atelier-prends-soins-de-toi-au-bakao","status":"publish","type":"post","link":"https:\/\/aliso.fr\/jeunes\/atelier-prends-soins-de-toi-au-bakao\/","title":{"rendered":"Atelier \u00ab\u00a0Prends soin de toi\u00a0\u00bb au Bakao"},"content":{"rendered":"\n<p>Les jeunes ont pu profiter d&rsquo;une soir\u00e9e pour d\u00e9couvrir, fabriquer et \u00e9changer autour de la th\u00e9matique des produits cosm\u00e9tiques et m\u00e9nagers naturels fait maison. Cette rencontre a permis de sensibiliser les jeunes sur l&rsquo;environnement. <\/p>\n\n\n\n<p>Cela leur a permis de pouvoir \u00e9changer entre eux sur leurs petites recettes bio. Mais aussi de d\u00e9couvrir les effets de certains produits comme l&rsquo;huile de coco, l&rsquo;huile essentielle de menthe poivr\u00e9e. A la suite de cela, un moment d&rsquo;\u00e9change autour de plusieurs pizza ont permis \u00e0 ces jeunes de se d\u00e9couvrir les uns et les autres. <\/p>\n\n\n\n<p>Le Bakao est un caf\u00e9 solidaire situ\u00e9 au sein de la R\u00e9sidence Habitat Jeunes de Gu\u00e9ret. Ce projet a permis aux jeunes de d\u00e9couvrir ce lieu. <\/p>\n\n\n\n<p>Ce fut une soir\u00e9e riche en \u00e9changes et en d\u00e9couvertes ! <\/p>\n\n\n\n<figure class=\"wp-block-image size-large\"><img loading=\"lazy\" decoding=\"async\" width=\"1024\" height=\"777\" src=\"https:\/\/aliso.fr\/jeunes\/wp-content\/uploads\/sites\/3\/2022\/06\/DFED0F9E-EFD3-4BBF-8C96-286075F70398-1024x777.jpg\" alt=\"\" class=\"wp-image-2372\" srcset=\"https:\/\/aliso.fr\/jeunes\/wp-content\/uploads\/sites\/3\/2022\/06\/DFED0F9E-EFD3-4BBF-8C96-286075F70398-1024x777.jpg 1024w, https:\/\/aliso.fr\/jeunes\/wp-content\/uploads\/sites\/3\/2022\/06\/DFED0F9E-EFD3-4BBF-8C96-286075F70398-300x228.jpg 300w, https:\/\/aliso.fr\/jeunes\/wp-content\/uploads\/sites\/3\/2022\/06\/DFED0F9E-EFD3-4BBF-8C96-286075F70398-768x582.jpg 768w, https:\/\/aliso.fr\/jeunes\/wp-content\/uploads\/sites\/3\/2022\/06\/DFED0F9E-EFD3-4BBF-8C96-286075F70398.jpg 1440w\" sizes=\"auto, (max-width: 1024px) 100vw, 1024px\" \/><\/figure>\n\n\n\n<figure class=\"wp-block-image size-large\"><img loading=\"lazy\" decoding=\"async\" width=\"1024\" height=\"777\" src=\"https:\/\/aliso.fr\/jeunes\/wp-content\/uploads\/sites\/3\/2022\/06\/41117138-27F6-4934-A56C-A0EC15D8C087-1024x777.jpg\" alt=\"\" class=\"wp-image-2371\" srcset=\"https:\/\/aliso.fr\/jeunes\/wp-content\/uploads\/sites\/3\/2022\/06\/41117138-27F6-4934-A56C-A0EC15D8C087-1024x777.jpg 1024w, https:\/\/aliso.fr\/jeunes\/wp-content\/uploads\/sites\/3\/2022\/06\/41117138-27F6-4934-A56C-A0EC15D8C087-300x228.jpg 300w, https:\/\/aliso.fr\/jeunes\/wp-content\/uploads\/sites\/3\/2022\/06\/41117138-27F6-4934-A56C-A0EC15D8C087-768x582.jpg 768w, https:\/\/aliso.fr\/jeunes\/wp-content\/uploads\/sites\/3\/2022\/06\/41117138-27F6-4934-A56C-A0EC15D8C087.jpg 1440w\" sizes=\"auto, (max-width: 1024px) 100vw, 1024px\" \/><\/figure>\n\n\n\n<p><\/p>\n","protected":false},"excerpt":{"rendered":"<p>Les jeunes ont pu profiter d&rsquo;une soir\u00e9e pour d\u00e9couvrir, fabriquer et \u00e9changer autour de la th\u00e9matique des produits cosm\u00e9tiques et m\u00e9nagers naturels fait maison. Cette rencontre a permis de sensibiliser les jeunes sur l&rsquo;environnement. Cela leur a permis de pouvoir \u00e9changer entre eux sur leurs petites recettes bio. Mais aussi de d\u00e9couvrir les effets de&#8230; <a class=\"excerpt-read-more button\" href=\"https:\/\/aliso.fr\/jeunes\/atelier-prends-soins-de-toi-au-bakao\/\" title=\"ReadAtelier \u00ab\u00a0Prends soin de toi\u00a0\u00bb au Bakao\">En savoir plus &raquo;<\/a><\/p>\n","protected":false},"author":6,"featured_media":2371,"comment_status":"closed","ping_status":"open","sticky":false,"template":"","format":"standard","meta":{"footnotes":""},"categories":[3],"tags":[],"class_list":["post-2370","post","type-post","status-publish","format-standard","has-post-thumbnail","hentry","category-actualite"],"yoast_head":"<!-- This site is optimized with the Yoast SEO plugin v27.4 - https:\/\/yoast.com\/product\/yoast-seo-wordpress\/ -->\n<title>Atelier &quot;Prends soin de toi&quot; au Bakao - Aliso Jeunes<\/title>\n<meta name=\"description\" content=\"Atelier \u00e0 ALISO pour les jeunes sur le th\u00e8me &quot;Prends soin de toi&quot;. Cette rencontre a permis d&#039;\u00e9changer et de discuter autour du fait maison.\" \/>\n<meta name=\"robots\" content=\"index, follow, max-snippet:-1, max-image-preview:large, max-video-preview:-1\" \/>\n<link rel=\"canonical\" href=\"https:\/\/aliso.fr\/jeunes\/atelier-prends-soins-de-toi-au-bakao\/\" \/>\n<meta property=\"og:locale\" content=\"fr_FR\" \/>\n<meta property=\"og:type\" content=\"article\" \/>\n<meta property=\"og:title\" content=\"Atelier &quot;Prends soin de toi&quot; au Bakao - Aliso Jeunes\" \/>\n<meta property=\"og:description\" content=\"Atelier \u00e0 ALISO pour les jeunes sur le th\u00e8me &quot;Prends soin de toi&quot;. Cette rencontre a permis d&#039;\u00e9changer et de discuter autour du fait maison.\" \/>\n<meta property=\"og:url\" content=\"https:\/\/aliso.fr\/jeunes\/atelier-prends-soins-de-toi-au-bakao\/\" \/>\n<meta property=\"og:site_name\" content=\"Aliso Jeunes\" \/>\n<meta property=\"article:published_time\" content=\"2022-06-24T13:58:03+00:00\" \/>\n<meta property=\"article:modified_time\" content=\"2022-07-12T07:56:18+00:00\" \/>\n<meta property=\"og:image\" content=\"https:\/\/aliso.fr\/jeunes\/wp-content\/uploads\/sites\/3\/2022\/06\/41117138-27F6-4934-A56C-A0EC15D8C087.jpg\" \/>\n\t<meta property=\"og:image:width\" content=\"1440\" \/>\n\t<meta property=\"og:image:height\" content=\"1092\" \/>\n\t<meta property=\"og:image:type\" content=\"image\/jpeg\" \/>\n<meta name=\"author\" content=\"fabienne\" \/>\n<meta name=\"twitter:card\" content=\"summary_large_image\" \/>\n<script type=\"application\/ld+json\" class=\"yoast-schema-graph\">{\"@context\":\"https:\\\/\\\/schema.org\",\"@graph\":[{\"@type\":\"Article\",\"@id\":\"https:\\\/\\\/aliso.fr\\\/jeunes\\\/atelier-prends-soins-de-toi-au-bakao\\\/#article\",\"isPartOf\":{\"@id\":\"https:\\\/\\\/aliso.fr\\\/jeunes\\\/atelier-prends-soins-de-toi-au-bakao\\\/\"},\"author\":{\"name\":\"fabienne\",\"@id\":\"https:\\\/\\\/aliso.fr\\\/jeunes\\\/#\\\/schema\\\/person\\\/3c62dd969259025b56573a95a81756b6\"},\"headline\":\"Atelier \u00ab\u00a0Prends soin de toi\u00a0\u00bb au Bakao\",\"datePublished\":\"2022-06-24T13:58:03+00:00\",\"dateModified\":\"2022-07-12T07:56:18+00:00\",\"mainEntityOfPage\":{\"@id\":\"https:\\\/\\\/aliso.fr\\\/jeunes\\\/atelier-prends-soins-de-toi-au-bakao\\\/\"},\"wordCount\":151,\"publisher\":{\"@id\":\"https:\\\/\\\/aliso.fr\\\/jeunes\\\/#organization\"},\"image\":{\"@id\":\"https:\\\/\\\/aliso.fr\\\/jeunes\\\/atelier-prends-soins-de-toi-au-bakao\\\/#primaryimage\"},\"thumbnailUrl\":\"https:\\\/\\\/aliso.fr\\\/jeunes\\\/wp-content\\\/uploads\\\/sites\\\/3\\\/2022\\\/06\\\/41117138-27F6-4934-A56C-A0EC15D8C087.jpg\",\"articleSection\":[\"Actualit\u00e9\"],\"inLanguage\":\"fr-FR\"},{\"@type\":\"WebPage\",\"@id\":\"https:\\\/\\\/aliso.fr\\\/jeunes\\\/atelier-prends-soins-de-toi-au-bakao\\\/\",\"url\":\"https:\\\/\\\/aliso.fr\\\/jeunes\\\/atelier-prends-soins-de-toi-au-bakao\\\/\",\"name\":\"Atelier \\\"Prends soin de toi\\\" au Bakao - Aliso Jeunes\",\"isPartOf\":{\"@id\":\"https:\\\/\\\/aliso.fr\\\/jeunes\\\/#website\"},\"primaryImageOfPage\":{\"@id\":\"https:\\\/\\\/aliso.fr\\\/jeunes\\\/atelier-prends-soins-de-toi-au-bakao\\\/#primaryimage\"},\"image\":{\"@id\":\"https:\\\/\\\/aliso.fr\\\/jeunes\\\/atelier-prends-soins-de-toi-au-bakao\\\/#primaryimage\"},\"thumbnailUrl\":\"https:\\\/\\\/aliso.fr\\\/jeunes\\\/wp-content\\\/uploads\\\/sites\\\/3\\\/2022\\\/06\\\/41117138-27F6-4934-A56C-A0EC15D8C087.jpg\",\"datePublished\":\"2022-06-24T13:58:03+00:00\",\"dateModified\":\"2022-07-12T07:56:18+00:00\",\"description\":\"Atelier \u00e0 ALISO pour les jeunes sur le th\u00e8me \\\"Prends soin de toi\\\". Cette rencontre a permis d'\u00e9changer et de discuter autour du fait maison.\",\"breadcrumb\":{\"@id\":\"https:\\\/\\\/aliso.fr\\\/jeunes\\\/atelier-prends-soins-de-toi-au-bakao\\\/#breadcrumb\"},\"inLanguage\":\"fr-FR\",\"potentialAction\":[{\"@type\":\"ReadAction\",\"target\":[\"https:\\\/\\\/aliso.fr\\\/jeunes\\\/atelier-prends-soins-de-toi-au-bakao\\\/\"]}]},{\"@type\":\"ImageObject\",\"inLanguage\":\"fr-FR\",\"@id\":\"https:\\\/\\\/aliso.fr\\\/jeunes\\\/atelier-prends-soins-de-toi-au-bakao\\\/#primaryimage\",\"url\":\"https:\\\/\\\/aliso.fr\\\/jeunes\\\/wp-content\\\/uploads\\\/sites\\\/3\\\/2022\\\/06\\\/41117138-27F6-4934-A56C-A0EC15D8C087.jpg\",\"contentUrl\":\"https:\\\/\\\/aliso.fr\\\/jeunes\\\/wp-content\\\/uploads\\\/sites\\\/3\\\/2022\\\/06\\\/41117138-27F6-4934-A56C-A0EC15D8C087.jpg\",\"width\":1440,\"height\":1092},{\"@type\":\"BreadcrumbList\",\"@id\":\"https:\\\/\\\/aliso.fr\\\/jeunes\\\/atelier-prends-soins-de-toi-au-bakao\\\/#breadcrumb\",\"itemListElement\":[{\"@type\":\"ListItem\",\"position\":1,\"name\":\"Accueil\",\"item\":\"https:\\\/\\\/aliso.fr\\\/jeunes\\\/\"},{\"@type\":\"ListItem\",\"position\":2,\"name\":\"Atelier &#8220;Prends soin de toi&#8221; au Bakao\"}]},{\"@type\":\"WebSite\",\"@id\":\"https:\\\/\\\/aliso.fr\\\/jeunes\\\/#website\",\"url\":\"https:\\\/\\\/aliso.fr\\\/jeunes\\\/\",\"name\":\"Aliso Jeunes\",\"description\":\"R\u00e9seau Creusois des acteurs du lien social\",\"publisher\":{\"@id\":\"https:\\\/\\\/aliso.fr\\\/jeunes\\\/#organization\"},\"potentialAction\":[{\"@type\":\"SearchAction\",\"target\":{\"@type\":\"EntryPoint\",\"urlTemplate\":\"https:\\\/\\\/aliso.fr\\\/jeunes\\\/?s={search_term_string}\"},\"query-input\":{\"@type\":\"PropertyValueSpecification\",\"valueRequired\":true,\"valueName\":\"search_term_string\"}}],\"inLanguage\":\"fr-FR\"},{\"@type\":\"Organization\",\"@id\":\"https:\\\/\\\/aliso.fr\\\/jeunes\\\/#organization\",\"name\":\"Aliso Jeunes\",\"url\":\"https:\\\/\\\/aliso.fr\\\/jeunes\\\/\",\"logo\":{\"@type\":\"ImageObject\",\"inLanguage\":\"fr-FR\",\"@id\":\"https:\\\/\\\/aliso.fr\\\/jeunes\\\/#\\\/schema\\\/logo\\\/image\\\/\",\"url\":\"https:\\\/\\\/aliso.fr\\\/jeunes\\\/wp-content\\\/uploads\\\/sites\\\/3\\\/2022\\\/01\\\/Logo-ALISO-jeunes-couleur.png\",\"contentUrl\":\"https:\\\/\\\/aliso.fr\\\/jeunes\\\/wp-content\\\/uploads\\\/sites\\\/3\\\/2022\\\/01\\\/Logo-ALISO-jeunes-couleur.png\",\"width\":341,\"height\":392,\"caption\":\"Aliso Jeunes\"},\"image\":{\"@id\":\"https:\\\/\\\/aliso.fr\\\/jeunes\\\/#\\\/schema\\\/logo\\\/image\\\/\"}},{\"@type\":\"Person\",\"@id\":\"https:\\\/\\\/aliso.fr\\\/jeunes\\\/#\\\/schema\\\/person\\\/3c62dd969259025b56573a95a81756b6\",\"name\":\"fabienne\"}]}<\/script>\n<!-- \/ Yoast SEO plugin. -->","yoast_head_json":{"title":"Atelier \"Prends soin de toi\" au Bakao - Aliso Jeunes","description":"Atelier \u00e0 ALISO pour les jeunes sur le th\u00e8me \"Prends soin de toi\". Cette rencontre a permis d'\u00e9changer et de discuter autour du fait maison.","robots":{"index":"index","follow":"follow","max-snippet":"max-snippet:-1","max-image-preview":"max-image-preview:large","max-video-preview":"max-video-preview:-1"},"canonical":"https:\/\/aliso.fr\/jeunes\/atelier-prends-soins-de-toi-au-bakao\/","og_locale":"fr_FR","og_type":"article","og_title":"Atelier \"Prends soin de toi\" au Bakao - Aliso Jeunes","og_description":"Atelier \u00e0 ALISO pour les jeunes sur le th\u00e8me \"Prends soin de toi\". Cette rencontre a permis d'\u00e9changer et de discuter autour du fait maison.","og_url":"https:\/\/aliso.fr\/jeunes\/atelier-prends-soins-de-toi-au-bakao\/","og_site_name":"Aliso Jeunes","article_published_time":"2022-06-24T13:58:03+00:00","article_modified_time":"2022-07-12T07:56:18+00:00","og_image":[{"width":1440,"height":1092,"url":"https:\/\/aliso.fr\/jeunes\/wp-content\/uploads\/sites\/3\/2022\/06\/41117138-27F6-4934-A56C-A0EC15D8C087.jpg","type":"image\/jpeg"}],"author":"fabienne","twitter_card":"summary_large_image","schema":{"@context":"https:\/\/schema.org","@graph":[{"@type":"Article","@id":"https:\/\/aliso.fr\/jeunes\/atelier-prends-soins-de-toi-au-bakao\/#article","isPartOf":{"@id":"https:\/\/aliso.fr\/jeunes\/atelier-prends-soins-de-toi-au-bakao\/"},"author":{"name":"fabienne","@id":"https:\/\/aliso.fr\/jeunes\/#\/schema\/person\/3c62dd969259025b56573a95a81756b6"},"headline":"Atelier \u00ab\u00a0Prends soin de toi\u00a0\u00bb au Bakao","datePublished":"2022-06-24T13:58:03+00:00","dateModified":"2022-07-12T07:56:18+00:00","mainEntityOfPage":{"@id":"https:\/\/aliso.fr\/jeunes\/atelier-prends-soins-de-toi-au-bakao\/"},"wordCount":151,"publisher":{"@id":"https:\/\/aliso.fr\/jeunes\/#organization"},"image":{"@id":"https:\/\/aliso.fr\/jeunes\/atelier-prends-soins-de-toi-au-bakao\/#primaryimage"},"thumbnailUrl":"https:\/\/aliso.fr\/jeunes\/wp-content\/uploads\/sites\/3\/2022\/06\/41117138-27F6-4934-A56C-A0EC15D8C087.jpg","articleSection":["Actualit\u00e9"],"inLanguage":"fr-FR"},{"@type":"WebPage","@id":"https:\/\/aliso.fr\/jeunes\/atelier-prends-soins-de-toi-au-bakao\/","url":"https:\/\/aliso.fr\/jeunes\/atelier-prends-soins-de-toi-au-bakao\/","name":"Atelier \"Prends soin de toi\" au Bakao - Aliso Jeunes","isPartOf":{"@id":"https:\/\/aliso.fr\/jeunes\/#website"},"primaryImageOfPage":{"@id":"https:\/\/aliso.fr\/jeunes\/atelier-prends-soins-de-toi-au-bakao\/#primaryimage"},"image":{"@id":"https:\/\/aliso.fr\/jeunes\/atelier-prends-soins-de-toi-au-bakao\/#primaryimage"},"thumbnailUrl":"https:\/\/aliso.fr\/jeunes\/wp-content\/uploads\/sites\/3\/2022\/06\/41117138-27F6-4934-A56C-A0EC15D8C087.jpg","datePublished":"2022-06-24T13:58:03+00:00","dateModified":"2022-07-12T07:56:18+00:00","description":"Atelier \u00e0 ALISO pour les jeunes sur le th\u00e8me \"Prends soin de toi\". Cette rencontre a permis d'\u00e9changer et de discuter autour du fait maison.","breadcrumb":{"@id":"https:\/\/aliso.fr\/jeunes\/atelier-prends-soins-de-toi-au-bakao\/#breadcrumb"},"inLanguage":"fr-FR","potentialAction":[{"@type":"ReadAction","target":["https:\/\/aliso.fr\/jeunes\/atelier-prends-soins-de-toi-au-bakao\/"]}]},{"@type":"ImageObject","inLanguage":"fr-FR","@id":"https:\/\/aliso.fr\/jeunes\/atelier-prends-soins-de-toi-au-bakao\/#primaryimage","url":"https:\/\/aliso.fr\/jeunes\/wp-content\/uploads\/sites\/3\/2022\/06\/41117138-27F6-4934-A56C-A0EC15D8C087.jpg","contentUrl":"https:\/\/aliso.fr\/jeunes\/wp-content\/uploads\/sites\/3\/2022\/06\/41117138-27F6-4934-A56C-A0EC15D8C087.jpg","width":1440,"height":1092},{"@type":"BreadcrumbList","@id":"https:\/\/aliso.fr\/jeunes\/atelier-prends-soins-de-toi-au-bakao\/#breadcrumb","itemListElement":[{"@type":"ListItem","position":1,"name":"Accueil","item":"https:\/\/aliso.fr\/jeunes\/"},{"@type":"ListItem","position":2,"name":"Atelier &#8220;Prends soin de toi&#8221; au Bakao"}]},{"@type":"WebSite","@id":"https:\/\/aliso.fr\/jeunes\/#website","url":"https:\/\/aliso.fr\/jeunes\/","name":"Aliso Jeunes","description":"R\u00e9seau Creusois des acteurs du lien social","publisher":{"@id":"https:\/\/aliso.fr\/jeunes\/#organization"},"potentialAction":[{"@type":"SearchAction","target":{"@type":"EntryPoint","urlTemplate":"https:\/\/aliso.fr\/jeunes\/?s={search_term_string}"},"query-input":{"@type":"PropertyValueSpecification","valueRequired":true,"valueName":"search_term_string"}}],"inLanguage":"fr-FR"},{"@type":"Organization","@id":"https:\/\/aliso.fr\/jeunes\/#organization","name":"Aliso Jeunes","url":"https:\/\/aliso.fr\/jeunes\/","logo":{"@type":"ImageObject","inLanguage":"fr-FR","@id":"https:\/\/aliso.fr\/jeunes\/#\/schema\/logo\/image\/","url":"https:\/\/aliso.fr\/jeunes\/wp-content\/uploads\/sites\/3\/2022\/01\/Logo-ALISO-jeunes-couleur.png","contentUrl":"https:\/\/aliso.fr\/jeunes\/wp-content\/uploads\/sites\/3\/2022\/01\/Logo-ALISO-jeunes-couleur.png","width":341,"height":392,"caption":"Aliso Jeunes"},"image":{"@id":"https:\/\/aliso.fr\/jeunes\/#\/schema\/logo\/image\/"}},{"@type":"Person","@id":"https:\/\/aliso.fr\/jeunes\/#\/schema\/person\/3c62dd969259025b56573a95a81756b6","name":"fabienne"}]}},"_links":{"self":[{"href":"https:\/\/aliso.fr\/jeunes\/wp-json\/wp\/v2\/posts\/2370","targetHints":{"allow":["GET"]}}],"collection":[{"href":"https:\/\/aliso.fr\/jeunes\/wp-json\/wp\/v2\/posts"}],"about":[{"href":"https:\/\/aliso.fr\/jeunes\/wp-json\/wp\/v2\/types\/post"}],"author":[{"embeddable":true,"href":"https:\/\/aliso.fr\/jeunes\/wp-json\/wp\/v2\/users\/6"}],"replies":[{"embeddable":true,"href":"https:\/\/aliso.fr\/jeunes\/wp-json\/wp\/v2\/comments?post=2370"}],"version-history":[{"count":3,"href":"https:\/\/aliso.fr\/jeunes\/wp-json\/wp\/v2\/posts\/2370\/revisions"}],"predecessor-version":[{"id":2397,"href":"https:\/\/aliso.fr\/jeunes\/wp-json\/wp\/v2\/posts\/2370\/revisions\/2397"}],"wp:featuredmedia":[{"embeddable":true,"href":"https:\/\/aliso.fr\/jeunes\/wp-json\/wp\/v2\/media\/2371"}],"wp:attachment":[{"href":"https:\/\/aliso.fr\/jeunes\/wp-json\/wp\/v2\/media?parent=2370"}],"wp:term":[{"taxonomy":"category","embeddable":true,"href":"https:\/\/aliso.fr\/jeunes\/wp-json\/wp\/v2\/categories?post=2370"},{"taxonomy":"post_tag","embeddable":true,"href":"https:\/\/aliso.fr\/jeunes\/wp-json\/wp\/v2\/tags?post=2370"}],"curies":[{"name":"wp","href":"https:\/\/api.w.org\/{rel}","templated":true}]}}