{"id":884,"date":"2015-07-23T14:28:48","date_gmt":"2015-07-23T12:28:48","guid":{"rendered":"http:\/\/bij23.fr\/?p=884"},"modified":"2022-03-25T11:40:50","modified_gmt":"2022-03-25T10:40:50","slug":"residence-habitat-jeunes-gueret","status":"publish","type":"post","link":"https:\/\/aliso.fr\/jeunes\/residence-habitat-jeunes-gueret\/","title":{"rendered":"R\u00e9sidence Habitat Jeunes Gu\u00e9ret"},"content":{"rendered":"<p>Vous avez entre 16 et 30 ans, vous \u00eates scolaris\u00e9, \u00e9tudiant, en stage, en formation ou employ\u00e9 et vous cherchez un toit pas cher. Les r\u00e9sidences habitat jeunes sur Gu\u00e9ret vous accueillent.<\/p>\n<p><strong>Les plus: des animations, des animateurs, un prix tout compris! <a href=\"http:\/\/residencesjeunesgueret.fr\/\" target=\"_blank\" rel=\"noopener\">Voir plus d&rsquo;infos sur le site.<\/a><br \/>\n<\/strong><\/p>\n<p>Pour cela, contactez rapidement le 05 55 51 18 02.<strong><br \/>\n<\/strong><\/p>\n<p><a href=\"http:\/\/bij23.fr\/wp-content\/uploads\/2015\/07\/Allende-2.jpg\"><img loading=\"lazy\" decoding=\"async\" class=\" wp-image-885\" src=\"http:\/\/bij23.fr\/wp-content\/uploads\/2015\/07\/Allende-2-1024x768.jpg\" alt=\"SAMSUNG DIGIMAX A503\" width=\"188\" height=\"141\" \/><\/a><\/p>\n<p>A la r\u00e9sidence \u00ab\u00a0Salvador Allende\u00a0\u00bb : vous pouvez trouver des studios meubl\u00e9s de 15 \u00e0 30m\u00b2 \u00e9quip\u00e9s d&rsquo;une salle de bain et d&rsquo;une kitchenette, des studios adapt\u00e9s aux personnes \u00e0 mobilit\u00e9 r\u00e9duite, une grande salle d&rsquo;animation, une salle de formation, une laverie, acc\u00e8s wifi&#8230;<\/p>\n<p>A la r\u00e9sidence \u00ab\u00a0Jean Petit Du Boueix\u00a0\u00bb\u00a0\u00a0\u00a0\u00a0\u00a0\u00a0\u00a0\u00a0\u00a0\u00a0\u00a0\u00a0\u00a0\u00a0\u00a0\u00a0\u00a0\u00a0\u00a0\u00a0\u00a0\u00a0\u00a0\u00a0\u00a0\u00a0\u00a0\u00a0\u00a0\u00a0\u00a0\u00a0\u00a0\u00a0\u00a0\u00a0\u00a0\u00a0 <a href=\"http:\/\/bij23.fr\/wp-content\/uploads\/2015\/07\/Batiment-JPB.jpg\"><img loading=\"lazy\" decoding=\"async\" class=\"alignnone wp-image-886\" src=\"http:\/\/bij23.fr\/wp-content\/uploads\/2015\/07\/Batiment-JPB-1024x768.jpg\" alt=\"Batiment JPB\" width=\"176\" height=\"132\" \/><\/a><\/p>\n<p>vous pouvez trouver des chambres meubl\u00e9es de 13 \u00e0 15 m\u00b2 \u00e9quip\u00e9es d&rsquo;une salle de bain, de studios meubl\u00e9s de 25m\u00b2 \u00e9quip\u00e9s d&rsquo;une kitchenette, une cuisine collective, une laverie, acc\u00e8s wifi<\/p>\n","protected":false},"excerpt":{"rendered":"<p>Vous avez entre 16 et 30 ans, vous \u00eates scolaris\u00e9, \u00e9tudiant, en stage, en formation ou employ\u00e9 et vous cherchez un toit pas cher. Les r\u00e9sidences habitat jeunes sur Gu\u00e9ret vous accueillent. Les plus: des animations, des animateurs, un prix tout compris! Voir plus d&rsquo;infos sur le site. Pour cela, contactez rapidement le 05 55&#8230; <a class=\"excerpt-read-more button\" href=\"https:\/\/aliso.fr\/jeunes\/residence-habitat-jeunes-gueret\/\" title=\"ReadR\u00e9sidence Habitat Jeunes Gu\u00e9ret\">En savoir plus &raquo;<\/a><\/p>\n","protected":false},"author":6,"featured_media":885,"comment_status":"closed","ping_status":"open","sticky":false,"template":"","format":"standard","meta":{"footnotes":""},"categories":[5],"tags":[],"class_list":["post-884","post","type-post","status-publish","format-standard","has-post-thumbnail","hentry","category-offres-logements"],"yoast_head":"<!-- This site is optimized with the Yoast SEO plugin v27.5 - https:\/\/yoast.com\/product\/yoast-seo-wordpress\/ -->\n<title>R\u00e9sidence Habitat Jeunes Gu\u00e9ret - Aliso Jeunes<\/title>\n<meta name=\"robots\" content=\"index, follow, max-snippet:-1, max-image-preview:large, max-video-preview:-1\" \/>\n<link rel=\"canonical\" href=\"https:\/\/aliso.fr\/jeunes\/residence-habitat-jeunes-gueret\/\" \/>\n<meta property=\"og:locale\" content=\"fr_FR\" \/>\n<meta property=\"og:type\" content=\"article\" \/>\n<meta property=\"og:title\" content=\"R\u00e9sidence Habitat Jeunes Gu\u00e9ret - Aliso Jeunes\" \/>\n<meta property=\"og:description\" content=\"Vous avez entre 16 et 30 ans, vous \u00eates scolaris\u00e9, \u00e9tudiant, en stage, en formation ou employ\u00e9 et vous cherchez un toit pas cher. Les r\u00e9sidences habitat jeunes sur Gu\u00e9ret vous accueillent. Les plus: des animations, des animateurs, un prix tout compris! Voir plus d&rsquo;infos sur le site. Pour cela, contactez rapidement le 05 55... En savoir plus &raquo;\" \/>\n<meta property=\"og:url\" content=\"https:\/\/aliso.fr\/jeunes\/residence-habitat-jeunes-gueret\/\" \/>\n<meta property=\"og:site_name\" content=\"Aliso Jeunes\" \/>\n<meta property=\"article:published_time\" content=\"2015-07-23T12:28:48+00:00\" \/>\n<meta property=\"article:modified_time\" content=\"2022-03-25T10:40:50+00:00\" \/>\n<meta name=\"author\" content=\"fabienne\" \/>\n<meta name=\"twitter:card\" content=\"summary_large_image\" \/>\n<script type=\"application\/ld+json\" class=\"yoast-schema-graph\">{\"@context\":\"https:\\\/\\\/schema.org\",\"@graph\":[{\"@type\":\"Article\",\"@id\":\"https:\\\/\\\/aliso.fr\\\/jeunes\\\/residence-habitat-jeunes-gueret\\\/#article\",\"isPartOf\":{\"@id\":\"https:\\\/\\\/aliso.fr\\\/jeunes\\\/residence-habitat-jeunes-gueret\\\/\"},\"author\":{\"name\":\"fabienne\",\"@id\":\"https:\\\/\\\/aliso.fr\\\/jeunes\\\/#\\\/schema\\\/person\\\/3c62dd969259025b56573a95a81756b6\"},\"headline\":\"R\u00e9sidence Habitat Jeunes Gu\u00e9ret\",\"datePublished\":\"2015-07-23T12:28:48+00:00\",\"dateModified\":\"2022-03-25T10:40:50+00:00\",\"mainEntityOfPage\":{\"@id\":\"https:\\\/\\\/aliso.fr\\\/jeunes\\\/residence-habitat-jeunes-gueret\\\/\"},\"wordCount\":152,\"publisher\":{\"@id\":\"https:\\\/\\\/aliso.fr\\\/jeunes\\\/#organization\"},\"image\":{\"@id\":\"https:\\\/\\\/aliso.fr\\\/jeunes\\\/residence-habitat-jeunes-gueret\\\/#primaryimage\"},\"thumbnailUrl\":\"\",\"articleSection\":[\"Offres logements\"],\"inLanguage\":\"fr-FR\"},{\"@type\":\"WebPage\",\"@id\":\"https:\\\/\\\/aliso.fr\\\/jeunes\\\/residence-habitat-jeunes-gueret\\\/\",\"url\":\"https:\\\/\\\/aliso.fr\\\/jeunes\\\/residence-habitat-jeunes-gueret\\\/\",\"name\":\"R\u00e9sidence Habitat Jeunes Gu\u00e9ret - Aliso Jeunes\",\"isPartOf\":{\"@id\":\"https:\\\/\\\/aliso.fr\\\/jeunes\\\/#website\"},\"primaryImageOfPage\":{\"@id\":\"https:\\\/\\\/aliso.fr\\\/jeunes\\\/residence-habitat-jeunes-gueret\\\/#primaryimage\"},\"image\":{\"@id\":\"https:\\\/\\\/aliso.fr\\\/jeunes\\\/residence-habitat-jeunes-gueret\\\/#primaryimage\"},\"thumbnailUrl\":\"\",\"datePublished\":\"2015-07-23T12:28:48+00:00\",\"dateModified\":\"2022-03-25T10:40:50+00:00\",\"breadcrumb\":{\"@id\":\"https:\\\/\\\/aliso.fr\\\/jeunes\\\/residence-habitat-jeunes-gueret\\\/#breadcrumb\"},\"inLanguage\":\"fr-FR\",\"potentialAction\":[{\"@type\":\"ReadAction\",\"target\":[\"https:\\\/\\\/aliso.fr\\\/jeunes\\\/residence-habitat-jeunes-gueret\\\/\"]}]},{\"@type\":\"ImageObject\",\"inLanguage\":\"fr-FR\",\"@id\":\"https:\\\/\\\/aliso.fr\\\/jeunes\\\/residence-habitat-jeunes-gueret\\\/#primaryimage\",\"url\":\"\",\"contentUrl\":\"\"},{\"@type\":\"BreadcrumbList\",\"@id\":\"https:\\\/\\\/aliso.fr\\\/jeunes\\\/residence-habitat-jeunes-gueret\\\/#breadcrumb\",\"itemListElement\":[{\"@type\":\"ListItem\",\"position\":1,\"name\":\"Accueil\",\"item\":\"https:\\\/\\\/aliso.fr\\\/jeunes\\\/\"},{\"@type\":\"ListItem\",\"position\":2,\"name\":\"R\u00e9sidence Habitat Jeunes Gu\u00e9ret\"}]},{\"@type\":\"WebSite\",\"@id\":\"https:\\\/\\\/aliso.fr\\\/jeunes\\\/#website\",\"url\":\"https:\\\/\\\/aliso.fr\\\/jeunes\\\/\",\"name\":\"Aliso Jeunes\",\"description\":\"R\u00e9seau Creusois des acteurs du lien social\",\"publisher\":{\"@id\":\"https:\\\/\\\/aliso.fr\\\/jeunes\\\/#organization\"},\"potentialAction\":[{\"@type\":\"SearchAction\",\"target\":{\"@type\":\"EntryPoint\",\"urlTemplate\":\"https:\\\/\\\/aliso.fr\\\/jeunes\\\/?s={search_term_string}\"},\"query-input\":{\"@type\":\"PropertyValueSpecification\",\"valueRequired\":true,\"valueName\":\"search_term_string\"}}],\"inLanguage\":\"fr-FR\"},{\"@type\":\"Organization\",\"@id\":\"https:\\\/\\\/aliso.fr\\\/jeunes\\\/#organization\",\"name\":\"Aliso Jeunes\",\"url\":\"https:\\\/\\\/aliso.fr\\\/jeunes\\\/\",\"logo\":{\"@type\":\"ImageObject\",\"inLanguage\":\"fr-FR\",\"@id\":\"https:\\\/\\\/aliso.fr\\\/jeunes\\\/#\\\/schema\\\/logo\\\/image\\\/\",\"url\":\"https:\\\/\\\/aliso.fr\\\/jeunes\\\/wp-content\\\/uploads\\\/sites\\\/3\\\/2022\\\/01\\\/Logo-ALISO-jeunes-couleur.png\",\"contentUrl\":\"https:\\\/\\\/aliso.fr\\\/jeunes\\\/wp-content\\\/uploads\\\/sites\\\/3\\\/2022\\\/01\\\/Logo-ALISO-jeunes-couleur.png\",\"width\":341,\"height\":392,\"caption\":\"Aliso Jeunes\"},\"image\":{\"@id\":\"https:\\\/\\\/aliso.fr\\\/jeunes\\\/#\\\/schema\\\/logo\\\/image\\\/\"}},{\"@type\":\"Person\",\"@id\":\"https:\\\/\\\/aliso.fr\\\/jeunes\\\/#\\\/schema\\\/person\\\/3c62dd969259025b56573a95a81756b6\",\"name\":\"fabienne\"}]}<\/script>\n<!-- \/ Yoast SEO plugin. -->","yoast_head_json":{"title":"R\u00e9sidence Habitat Jeunes Gu\u00e9ret - Aliso Jeunes","robots":{"index":"index","follow":"follow","max-snippet":"max-snippet:-1","max-image-preview":"max-image-preview:large","max-video-preview":"max-video-preview:-1"},"canonical":"https:\/\/aliso.fr\/jeunes\/residence-habitat-jeunes-gueret\/","og_locale":"fr_FR","og_type":"article","og_title":"R\u00e9sidence Habitat Jeunes Gu\u00e9ret - Aliso Jeunes","og_description":"Vous avez entre 16 et 30 ans, vous \u00eates scolaris\u00e9, \u00e9tudiant, en stage, en formation ou employ\u00e9 et vous cherchez un toit pas cher. Les r\u00e9sidences habitat jeunes sur Gu\u00e9ret vous accueillent. Les plus: des animations, des animateurs, un prix tout compris! Voir plus d&rsquo;infos sur le site. Pour cela, contactez rapidement le 05 55... En savoir plus &raquo;","og_url":"https:\/\/aliso.fr\/jeunes\/residence-habitat-jeunes-gueret\/","og_site_name":"Aliso Jeunes","article_published_time":"2015-07-23T12:28:48+00:00","article_modified_time":"2022-03-25T10:40:50+00:00","author":"fabienne","twitter_card":"summary_large_image","schema":{"@context":"https:\/\/schema.org","@graph":[{"@type":"Article","@id":"https:\/\/aliso.fr\/jeunes\/residence-habitat-jeunes-gueret\/#article","isPartOf":{"@id":"https:\/\/aliso.fr\/jeunes\/residence-habitat-jeunes-gueret\/"},"author":{"name":"fabienne","@id":"https:\/\/aliso.fr\/jeunes\/#\/schema\/person\/3c62dd969259025b56573a95a81756b6"},"headline":"R\u00e9sidence Habitat Jeunes Gu\u00e9ret","datePublished":"2015-07-23T12:28:48+00:00","dateModified":"2022-03-25T10:40:50+00:00","mainEntityOfPage":{"@id":"https:\/\/aliso.fr\/jeunes\/residence-habitat-jeunes-gueret\/"},"wordCount":152,"publisher":{"@id":"https:\/\/aliso.fr\/jeunes\/#organization"},"image":{"@id":"https:\/\/aliso.fr\/jeunes\/residence-habitat-jeunes-gueret\/#primaryimage"},"thumbnailUrl":"","articleSection":["Offres logements"],"inLanguage":"fr-FR"},{"@type":"WebPage","@id":"https:\/\/aliso.fr\/jeunes\/residence-habitat-jeunes-gueret\/","url":"https:\/\/aliso.fr\/jeunes\/residence-habitat-jeunes-gueret\/","name":"R\u00e9sidence Habitat Jeunes Gu\u00e9ret - Aliso Jeunes","isPartOf":{"@id":"https:\/\/aliso.fr\/jeunes\/#website"},"primaryImageOfPage":{"@id":"https:\/\/aliso.fr\/jeunes\/residence-habitat-jeunes-gueret\/#primaryimage"},"image":{"@id":"https:\/\/aliso.fr\/jeunes\/residence-habitat-jeunes-gueret\/#primaryimage"},"thumbnailUrl":"","datePublished":"2015-07-23T12:28:48+00:00","dateModified":"2022-03-25T10:40:50+00:00","breadcrumb":{"@id":"https:\/\/aliso.fr\/jeunes\/residence-habitat-jeunes-gueret\/#breadcrumb"},"inLanguage":"fr-FR","potentialAction":[{"@type":"ReadAction","target":["https:\/\/aliso.fr\/jeunes\/residence-habitat-jeunes-gueret\/"]}]},{"@type":"ImageObject","inLanguage":"fr-FR","@id":"https:\/\/aliso.fr\/jeunes\/residence-habitat-jeunes-gueret\/#primaryimage","url":"","contentUrl":""},{"@type":"BreadcrumbList","@id":"https:\/\/aliso.fr\/jeunes\/residence-habitat-jeunes-gueret\/#breadcrumb","itemListElement":[{"@type":"ListItem","position":1,"name":"Accueil","item":"https:\/\/aliso.fr\/jeunes\/"},{"@type":"ListItem","position":2,"name":"R\u00e9sidence Habitat Jeunes Gu\u00e9ret"}]},{"@type":"WebSite","@id":"https:\/\/aliso.fr\/jeunes\/#website","url":"https:\/\/aliso.fr\/jeunes\/","name":"Aliso Jeunes","description":"R\u00e9seau Creusois des acteurs du lien social","publisher":{"@id":"https:\/\/aliso.fr\/jeunes\/#organization"},"potentialAction":[{"@type":"SearchAction","target":{"@type":"EntryPoint","urlTemplate":"https:\/\/aliso.fr\/jeunes\/?s={search_term_string}"},"query-input":{"@type":"PropertyValueSpecification","valueRequired":true,"valueName":"search_term_string"}}],"inLanguage":"fr-FR"},{"@type":"Organization","@id":"https:\/\/aliso.fr\/jeunes\/#organization","name":"Aliso Jeunes","url":"https:\/\/aliso.fr\/jeunes\/","logo":{"@type":"ImageObject","inLanguage":"fr-FR","@id":"https:\/\/aliso.fr\/jeunes\/#\/schema\/logo\/image\/","url":"https:\/\/aliso.fr\/jeunes\/wp-content\/uploads\/sites\/3\/2022\/01\/Logo-ALISO-jeunes-couleur.png","contentUrl":"https:\/\/aliso.fr\/jeunes\/wp-content\/uploads\/sites\/3\/2022\/01\/Logo-ALISO-jeunes-couleur.png","width":341,"height":392,"caption":"Aliso Jeunes"},"image":{"@id":"https:\/\/aliso.fr\/jeunes\/#\/schema\/logo\/image\/"}},{"@type":"Person","@id":"https:\/\/aliso.fr\/jeunes\/#\/schema\/person\/3c62dd969259025b56573a95a81756b6","name":"fabienne"}]}},"_links":{"self":[{"href":"https:\/\/aliso.fr\/jeunes\/wp-json\/wp\/v2\/posts\/884","targetHints":{"allow":["GET"]}}],"collection":[{"href":"https:\/\/aliso.fr\/jeunes\/wp-json\/wp\/v2\/posts"}],"about":[{"href":"https:\/\/aliso.fr\/jeunes\/wp-json\/wp\/v2\/types\/post"}],"author":[{"embeddable":true,"href":"https:\/\/aliso.fr\/jeunes\/wp-json\/wp\/v2\/users\/6"}],"replies":[{"embeddable":true,"href":"https:\/\/aliso.fr\/jeunes\/wp-json\/wp\/v2\/comments?post=884"}],"version-history":[{"count":3,"href":"https:\/\/aliso.fr\/jeunes\/wp-json\/wp\/v2\/posts\/884\/revisions"}],"predecessor-version":[{"id":2184,"href":"https:\/\/aliso.fr\/jeunes\/wp-json\/wp\/v2\/posts\/884\/revisions\/2184"}],"wp:featuredmedia":[{"embeddable":true,"href":"https:\/\/aliso.fr\/jeunes\/wp-json\/"}],"wp:attachment":[{"href":"https:\/\/aliso.fr\/jeunes\/wp-json\/wp\/v2\/media?parent=884"}],"wp:term":[{"taxonomy":"category","embeddable":true,"href":"https:\/\/aliso.fr\/jeunes\/wp-json\/wp\/v2\/categories?post=884"},{"taxonomy":"post_tag","embeddable":true,"href":"https:\/\/aliso.fr\/jeunes\/wp-json\/wp\/v2\/tags?post=884"}],"curies":[{"name":"wp","href":"https:\/\/api.w.org\/{rel}","templated":true}]}}