{"id":1139,"date":"2022-09-30T12:54:31","date_gmt":"2022-09-30T10:54:31","guid":{"rendered":"https:\/\/aliso.fr\/reseau\/?p=1139"},"modified":"2022-09-30T12:54:32","modified_gmt":"2022-09-30T10:54:32","slug":"apero-administrateurs-2","status":"publish","type":"post","link":"https:\/\/aliso.fr\/reseau\/apero-administrateurs-2\/","title":{"rendered":"APERO- ADMINISTRATEURS #2"},"content":{"rendered":"\n<figure class=\"wp-block-embed alignleft is-type-wp-embed is-provider-peertube wp-block-embed-peertube\"><div class=\"wp-block-embed__wrapper\">\n<iframe loading=\"lazy\" class=\"wp-embedded-content\" sandbox=\"allow-scripts\" security=\"restricted\" title=\"Ap\u00e9ro Admin #2 130922\" width=\"560\" height=\"315\" src=\"https:\/\/peertube.iriseden.eu\/videos\/embed\/08484499-db4a-4063-b5fd-435a392418e7#?secret=dFV1nYhjAv\" data-secret=\"dFV1nYhjAv\" frameborder=\"0\"><\/iframe>\n<\/div><figcaption>Aper\u00e7u de notre 2\u00e8me Ap\u00e9ro \u00e0 Masgot le 13 septembre 2022<\/figcaption><\/figure>\n\n\n\n<p><\/p>\n\n\n\n<p>Au rendez-vous de ce 2\u00e8me Ap\u00e9ro-Administrateurs, vous \u00e9tiez 8 b\u00e9n\u00e9voles pour repr\u00e9senter 6 structures et \u00e9changer encore sur de nombreux sujets : les statuts, la relation CA\/salari\u00e9s, la dynamique b\u00e9n\u00e9vole, la l\u00e9gitimit\u00e9 des uns et des autres pour prendre des d\u00e9cisions&#8230;tout un programme ! <\/p>\n\n\n\n<p>L&rsquo;association des amis de la pierre de Masgot, qui nous accueillait cette fois, en a profit\u00e9 pour nous pr\u00e9senter son histoire, son organisation et son activit\u00e9. <\/p>\n\n\n\n<p><\/p>\n\n\n\n<p>Prochain RDV : 5 janvier 2023, 18h00 \u00e0 LA PALETTE, \u00e0 Dun-le-Palestel ! <br>Venez avec vos statuts et les documents annexes de vos structures.<\/p>\n","protected":false},"excerpt":{"rendered":"<p>Au rendez-vous de ce 2\u00e8me Ap\u00e9ro-Administrateurs, vous \u00e9tiez 8 b\u00e9n\u00e9voles pour repr\u00e9senter 6 structures et \u00e9changer encore sur de nombreux sujets : les statuts, la relation CA\/salari\u00e9s, la dynamique b\u00e9n\u00e9vole, la l\u00e9gitimit\u00e9 des uns et des autres pour prendre des d\u00e9cisions&#8230;tout un programme ! L&rsquo;association des amis de la pierre de Masgot, qui nous accueillait&#8230; <a class=\"excerpt-read-more button\" href=\"https:\/\/aliso.fr\/reseau\/apero-administrateurs-2\/\" title=\"ReadAPERO- ADMINISTRATEURS #2\">En savoir plus &raquo;<\/a><\/p>\n","protected":false},"author":3,"featured_media":1140,"comment_status":"closed","ping_status":"open","sticky":false,"template":"","format":"standard","meta":{"footnotes":""},"categories":[3,7],"tags":[],"class_list":["post-1139","post","type-post","status-publish","format-standard","has-post-thumbnail","hentry","category-actualite","category-nos-actions"],"yoast_head":"<!-- This site is optimized with the Yoast SEO plugin v27.5 - https:\/\/yoast.com\/product\/yoast-seo-wordpress\/ -->\n<title>APERO- ADMINISTRATEURS #2 - Aliso R\u00e9seau<\/title>\n<meta name=\"robots\" content=\"index, follow, max-snippet:-1, max-image-preview:large, max-video-preview:-1\" \/>\n<link rel=\"canonical\" href=\"https:\/\/aliso.fr\/reseau\/apero-administrateurs-2\/\" \/>\n<meta property=\"og:locale\" content=\"fr_FR\" \/>\n<meta property=\"og:type\" content=\"article\" \/>\n<meta property=\"og:title\" content=\"APERO- ADMINISTRATEURS #2 - Aliso R\u00e9seau\" \/>\n<meta property=\"og:description\" content=\"Au rendez-vous de ce 2\u00e8me Ap\u00e9ro-Administrateurs, vous \u00e9tiez 8 b\u00e9n\u00e9voles pour repr\u00e9senter 6 structures et \u00e9changer encore sur de nombreux sujets : les statuts, la relation CA\/salari\u00e9s, la dynamique b\u00e9n\u00e9vole, la l\u00e9gitimit\u00e9 des uns et des autres pour prendre des d\u00e9cisions&#8230;tout un programme ! L&rsquo;association des amis de la pierre de Masgot, qui nous accueillait... En savoir plus &raquo;\" \/>\n<meta property=\"og:url\" content=\"https:\/\/aliso.fr\/reseau\/apero-administrateurs-2\/\" \/>\n<meta property=\"og:site_name\" content=\"Aliso R\u00e9seau\" \/>\n<meta property=\"article:published_time\" content=\"2022-09-30T10:54:31+00:00\" \/>\n<meta property=\"article:modified_time\" content=\"2022-09-30T10:54:32+00:00\" \/>\n<meta name=\"author\" content=\"laure\" \/>\n<meta name=\"twitter:card\" content=\"summary_large_image\" \/>\n<script type=\"application\/ld+json\" class=\"yoast-schema-graph\">{\"@context\":\"https:\\\/\\\/schema.org\",\"@graph\":[{\"@type\":\"Article\",\"@id\":\"https:\\\/\\\/aliso.fr\\\/reseau\\\/apero-administrateurs-2\\\/#article\",\"isPartOf\":{\"@id\":\"https:\\\/\\\/aliso.fr\\\/reseau\\\/apero-administrateurs-2\\\/\"},\"author\":{\"name\":\"laure\",\"@id\":\"https:\\\/\\\/aliso.fr\\\/reseau\\\/#\\\/schema\\\/person\\\/056af145b9c52eee21a9f739489104a5\"},\"headline\":\"APERO- ADMINISTRATEURS #2\",\"datePublished\":\"2022-09-30T10:54:31+00:00\",\"dateModified\":\"2022-09-30T10:54:32+00:00\",\"mainEntityOfPage\":{\"@id\":\"https:\\\/\\\/aliso.fr\\\/reseau\\\/apero-administrateurs-2\\\/\"},\"wordCount\":118,\"publisher\":{\"@id\":\"https:\\\/\\\/aliso.fr\\\/reseau\\\/#organization\"},\"image\":{\"@id\":\"https:\\\/\\\/aliso.fr\\\/reseau\\\/apero-administrateurs-2\\\/#primaryimage\"},\"thumbnailUrl\":\"https:\\\/\\\/aliso.fr\\\/reseau\\\/wp-content\\\/uploads\\\/sites\\\/4\\\/2022\\\/09\\\/Copie-de-Apero-Aliso-Admin-1309-pdf.jpg\",\"articleSection\":[\"Actualit\u00e9\",\"Nos actions\"],\"inLanguage\":\"fr-FR\"},{\"@type\":\"WebPage\",\"@id\":\"https:\\\/\\\/aliso.fr\\\/reseau\\\/apero-administrateurs-2\\\/\",\"url\":\"https:\\\/\\\/aliso.fr\\\/reseau\\\/apero-administrateurs-2\\\/\",\"name\":\"APERO- ADMINISTRATEURS #2 - Aliso R\u00e9seau\",\"isPartOf\":{\"@id\":\"https:\\\/\\\/aliso.fr\\\/reseau\\\/#website\"},\"primaryImageOfPage\":{\"@id\":\"https:\\\/\\\/aliso.fr\\\/reseau\\\/apero-administrateurs-2\\\/#primaryimage\"},\"image\":{\"@id\":\"https:\\\/\\\/aliso.fr\\\/reseau\\\/apero-administrateurs-2\\\/#primaryimage\"},\"thumbnailUrl\":\"https:\\\/\\\/aliso.fr\\\/reseau\\\/wp-content\\\/uploads\\\/sites\\\/4\\\/2022\\\/09\\\/Copie-de-Apero-Aliso-Admin-1309-pdf.jpg\",\"datePublished\":\"2022-09-30T10:54:31+00:00\",\"dateModified\":\"2022-09-30T10:54:32+00:00\",\"breadcrumb\":{\"@id\":\"https:\\\/\\\/aliso.fr\\\/reseau\\\/apero-administrateurs-2\\\/#breadcrumb\"},\"inLanguage\":\"fr-FR\",\"potentialAction\":[{\"@type\":\"ReadAction\",\"target\":[\"https:\\\/\\\/aliso.fr\\\/reseau\\\/apero-administrateurs-2\\\/\"]}]},{\"@type\":\"ImageObject\",\"inLanguage\":\"fr-FR\",\"@id\":\"https:\\\/\\\/aliso.fr\\\/reseau\\\/apero-administrateurs-2\\\/#primaryimage\",\"url\":\"https:\\\/\\\/aliso.fr\\\/reseau\\\/wp-content\\\/uploads\\\/sites\\\/4\\\/2022\\\/09\\\/Copie-de-Apero-Aliso-Admin-1309-pdf.jpg\",\"contentUrl\":\"https:\\\/\\\/aliso.fr\\\/reseau\\\/wp-content\\\/uploads\\\/sites\\\/4\\\/2022\\\/09\\\/Copie-de-Apero-Aliso-Admin-1309-pdf.jpg\"},{\"@type\":\"BreadcrumbList\",\"@id\":\"https:\\\/\\\/aliso.fr\\\/reseau\\\/apero-administrateurs-2\\\/#breadcrumb\",\"itemListElement\":[{\"@type\":\"ListItem\",\"position\":1,\"name\":\"Accueil\",\"item\":\"https:\\\/\\\/aliso.fr\\\/reseau\\\/\"},{\"@type\":\"ListItem\",\"position\":2,\"name\":\"Actualit\u00e9\",\"item\":\"https:\\\/\\\/aliso.fr\\\/reseau\\\/actualite\\\/\"},{\"@type\":\"ListItem\",\"position\":3,\"name\":\"APERO- ADMINISTRATEURS #2\"}]},{\"@type\":\"WebSite\",\"@id\":\"https:\\\/\\\/aliso.fr\\\/reseau\\\/#website\",\"url\":\"https:\\\/\\\/aliso.fr\\\/reseau\\\/\",\"name\":\"Aliso R\u00e9seau\",\"description\":\"R\u00e9seau Creusois des acteurs du lien social\",\"publisher\":{\"@id\":\"https:\\\/\\\/aliso.fr\\\/reseau\\\/#organization\"},\"potentialAction\":[{\"@type\":\"SearchAction\",\"target\":{\"@type\":\"EntryPoint\",\"urlTemplate\":\"https:\\\/\\\/aliso.fr\\\/reseau\\\/?s={search_term_string}\"},\"query-input\":{\"@type\":\"PropertyValueSpecification\",\"valueRequired\":true,\"valueName\":\"search_term_string\"}}],\"inLanguage\":\"fr-FR\"},{\"@type\":\"Organization\",\"@id\":\"https:\\\/\\\/aliso.fr\\\/reseau\\\/#organization\",\"name\":\"Aliso R\u00e9seau\",\"url\":\"https:\\\/\\\/aliso.fr\\\/reseau\\\/\",\"logo\":{\"@type\":\"ImageObject\",\"inLanguage\":\"fr-FR\",\"@id\":\"https:\\\/\\\/aliso.fr\\\/reseau\\\/#\\\/schema\\\/logo\\\/image\\\/\",\"url\":\"https:\\\/\\\/aliso.fr\\\/reseau\\\/wp-content\\\/uploads\\\/sites\\\/4\\\/2022\\\/01\\\/Logo-ALISO-Reseau-2.png\",\"contentUrl\":\"https:\\\/\\\/aliso.fr\\\/reseau\\\/wp-content\\\/uploads\\\/sites\\\/4\\\/2022\\\/01\\\/Logo-ALISO-Reseau-2.png\",\"width\":900,\"height\":970,\"caption\":\"Aliso R\u00e9seau\"},\"image\":{\"@id\":\"https:\\\/\\\/aliso.fr\\\/reseau\\\/#\\\/schema\\\/logo\\\/image\\\/\"}},{\"@type\":\"Person\",\"@id\":\"https:\\\/\\\/aliso.fr\\\/reseau\\\/#\\\/schema\\\/person\\\/056af145b9c52eee21a9f739489104a5\",\"name\":\"laure\"}]}<\/script>\n<!-- \/ Yoast SEO plugin. -->","yoast_head_json":{"title":"APERO- ADMINISTRATEURS #2 - Aliso R\u00e9seau","robots":{"index":"index","follow":"follow","max-snippet":"max-snippet:-1","max-image-preview":"max-image-preview:large","max-video-preview":"max-video-preview:-1"},"canonical":"https:\/\/aliso.fr\/reseau\/apero-administrateurs-2\/","og_locale":"fr_FR","og_type":"article","og_title":"APERO- ADMINISTRATEURS #2 - Aliso R\u00e9seau","og_description":"Au rendez-vous de ce 2\u00e8me Ap\u00e9ro-Administrateurs, vous \u00e9tiez 8 b\u00e9n\u00e9voles pour repr\u00e9senter 6 structures et \u00e9changer encore sur de nombreux sujets : les statuts, la relation CA\/salari\u00e9s, la dynamique b\u00e9n\u00e9vole, la l\u00e9gitimit\u00e9 des uns et des autres pour prendre des d\u00e9cisions&#8230;tout un programme ! L&rsquo;association des amis de la pierre de Masgot, qui nous accueillait... En savoir plus &raquo;","og_url":"https:\/\/aliso.fr\/reseau\/apero-administrateurs-2\/","og_site_name":"Aliso R\u00e9seau","article_published_time":"2022-09-30T10:54:31+00:00","article_modified_time":"2022-09-30T10:54:32+00:00","author":"laure","twitter_card":"summary_large_image","schema":{"@context":"https:\/\/schema.org","@graph":[{"@type":"Article","@id":"https:\/\/aliso.fr\/reseau\/apero-administrateurs-2\/#article","isPartOf":{"@id":"https:\/\/aliso.fr\/reseau\/apero-administrateurs-2\/"},"author":{"name":"laure","@id":"https:\/\/aliso.fr\/reseau\/#\/schema\/person\/056af145b9c52eee21a9f739489104a5"},"headline":"APERO- ADMINISTRATEURS #2","datePublished":"2022-09-30T10:54:31+00:00","dateModified":"2022-09-30T10:54:32+00:00","mainEntityOfPage":{"@id":"https:\/\/aliso.fr\/reseau\/apero-administrateurs-2\/"},"wordCount":118,"publisher":{"@id":"https:\/\/aliso.fr\/reseau\/#organization"},"image":{"@id":"https:\/\/aliso.fr\/reseau\/apero-administrateurs-2\/#primaryimage"},"thumbnailUrl":"https:\/\/aliso.fr\/reseau\/wp-content\/uploads\/sites\/4\/2022\/09\/Copie-de-Apero-Aliso-Admin-1309-pdf.jpg","articleSection":["Actualit\u00e9","Nos actions"],"inLanguage":"fr-FR"},{"@type":"WebPage","@id":"https:\/\/aliso.fr\/reseau\/apero-administrateurs-2\/","url":"https:\/\/aliso.fr\/reseau\/apero-administrateurs-2\/","name":"APERO- ADMINISTRATEURS #2 - Aliso R\u00e9seau","isPartOf":{"@id":"https:\/\/aliso.fr\/reseau\/#website"},"primaryImageOfPage":{"@id":"https:\/\/aliso.fr\/reseau\/apero-administrateurs-2\/#primaryimage"},"image":{"@id":"https:\/\/aliso.fr\/reseau\/apero-administrateurs-2\/#primaryimage"},"thumbnailUrl":"https:\/\/aliso.fr\/reseau\/wp-content\/uploads\/sites\/4\/2022\/09\/Copie-de-Apero-Aliso-Admin-1309-pdf.jpg","datePublished":"2022-09-30T10:54:31+00:00","dateModified":"2022-09-30T10:54:32+00:00","breadcrumb":{"@id":"https:\/\/aliso.fr\/reseau\/apero-administrateurs-2\/#breadcrumb"},"inLanguage":"fr-FR","potentialAction":[{"@type":"ReadAction","target":["https:\/\/aliso.fr\/reseau\/apero-administrateurs-2\/"]}]},{"@type":"ImageObject","inLanguage":"fr-FR","@id":"https:\/\/aliso.fr\/reseau\/apero-administrateurs-2\/#primaryimage","url":"https:\/\/aliso.fr\/reseau\/wp-content\/uploads\/sites\/4\/2022\/09\/Copie-de-Apero-Aliso-Admin-1309-pdf.jpg","contentUrl":"https:\/\/aliso.fr\/reseau\/wp-content\/uploads\/sites\/4\/2022\/09\/Copie-de-Apero-Aliso-Admin-1309-pdf.jpg"},{"@type":"BreadcrumbList","@id":"https:\/\/aliso.fr\/reseau\/apero-administrateurs-2\/#breadcrumb","itemListElement":[{"@type":"ListItem","position":1,"name":"Accueil","item":"https:\/\/aliso.fr\/reseau\/"},{"@type":"ListItem","position":2,"name":"Actualit\u00e9","item":"https:\/\/aliso.fr\/reseau\/actualite\/"},{"@type":"ListItem","position":3,"name":"APERO- ADMINISTRATEURS #2"}]},{"@type":"WebSite","@id":"https:\/\/aliso.fr\/reseau\/#website","url":"https:\/\/aliso.fr\/reseau\/","name":"Aliso R\u00e9seau","description":"R\u00e9seau Creusois des acteurs du lien social","publisher":{"@id":"https:\/\/aliso.fr\/reseau\/#organization"},"potentialAction":[{"@type":"SearchAction","target":{"@type":"EntryPoint","urlTemplate":"https:\/\/aliso.fr\/reseau\/?s={search_term_string}"},"query-input":{"@type":"PropertyValueSpecification","valueRequired":true,"valueName":"search_term_string"}}],"inLanguage":"fr-FR"},{"@type":"Organization","@id":"https:\/\/aliso.fr\/reseau\/#organization","name":"Aliso R\u00e9seau","url":"https:\/\/aliso.fr\/reseau\/","logo":{"@type":"ImageObject","inLanguage":"fr-FR","@id":"https:\/\/aliso.fr\/reseau\/#\/schema\/logo\/image\/","url":"https:\/\/aliso.fr\/reseau\/wp-content\/uploads\/sites\/4\/2022\/01\/Logo-ALISO-Reseau-2.png","contentUrl":"https:\/\/aliso.fr\/reseau\/wp-content\/uploads\/sites\/4\/2022\/01\/Logo-ALISO-Reseau-2.png","width":900,"height":970,"caption":"Aliso R\u00e9seau"},"image":{"@id":"https:\/\/aliso.fr\/reseau\/#\/schema\/logo\/image\/"}},{"@type":"Person","@id":"https:\/\/aliso.fr\/reseau\/#\/schema\/person\/056af145b9c52eee21a9f739489104a5","name":"laure"}]}},"_links":{"self":[{"href":"https:\/\/aliso.fr\/reseau\/wp-json\/wp\/v2\/posts\/1139","targetHints":{"allow":["GET"]}}],"collection":[{"href":"https:\/\/aliso.fr\/reseau\/wp-json\/wp\/v2\/posts"}],"about":[{"href":"https:\/\/aliso.fr\/reseau\/wp-json\/wp\/v2\/types\/post"}],"author":[{"embeddable":true,"href":"https:\/\/aliso.fr\/reseau\/wp-json\/wp\/v2\/users\/3"}],"replies":[{"embeddable":true,"href":"https:\/\/aliso.fr\/reseau\/wp-json\/wp\/v2\/comments?post=1139"}],"version-history":[{"count":1,"href":"https:\/\/aliso.fr\/reseau\/wp-json\/wp\/v2\/posts\/1139\/revisions"}],"predecessor-version":[{"id":1141,"href":"https:\/\/aliso.fr\/reseau\/wp-json\/wp\/v2\/posts\/1139\/revisions\/1141"}],"wp:featuredmedia":[{"embeddable":true,"href":"https:\/\/aliso.fr\/reseau\/wp-json\/wp\/v2\/media\/1140"}],"wp:attachment":[{"href":"https:\/\/aliso.fr\/reseau\/wp-json\/wp\/v2\/media?parent=1139"}],"wp:term":[{"taxonomy":"category","embeddable":true,"href":"https:\/\/aliso.fr\/reseau\/wp-json\/wp\/v2\/categories?post=1139"},{"taxonomy":"post_tag","embeddable":true,"href":"https:\/\/aliso.fr\/reseau\/wp-json\/wp\/v2\/tags?post=1139"}],"curies":[{"name":"wp","href":"https:\/\/api.w.org\/{rel}","templated":true}]}}