{"id":1171,"date":"2022-10-26T14:16:28","date_gmt":"2022-10-26T12:16:28","guid":{"rendered":"https:\/\/aliso.fr\/reseau\/?p=1171"},"modified":"2022-10-26T14:18:38","modified_gmt":"2022-10-26T12:18:38","slug":"la-parentalite-a-lhonneur-dans-le-reseau","status":"publish","type":"post","link":"https:\/\/aliso.fr\/reseau\/la-parentalite-a-lhonneur-dans-le-reseau\/","title":{"rendered":"La Parentalit\u00e9 \u00e0 l&rsquo;honneur dans le r\u00e9seau!"},"content":{"rendered":"\n<figure class=\"wp-block-image size-large is-style-default\"><img loading=\"lazy\" decoding=\"async\" width=\"233\" height=\"330\" src=\"https:\/\/aliso.fr\/reseau\/wp-content\/uploads\/sites\/4\/2022\/10\/Affiche-mois-de-la-parentalite_2022-compressed-233x330.jpg\" alt=\"\" class=\"wp-image-1172\" srcset=\"https:\/\/aliso.fr\/reseau\/wp-content\/uploads\/sites\/4\/2022\/10\/Affiche-mois-de-la-parentalite_2022-compressed-233x330.jpg 233w, https:\/\/aliso.fr\/reseau\/wp-content\/uploads\/sites\/4\/2022\/10\/Affiche-mois-de-la-parentalite_2022-compressed-134x190.jpg 134w, https:\/\/aliso.fr\/reseau\/wp-content\/uploads\/sites\/4\/2022\/10\/Affiche-mois-de-la-parentalite_2022-compressed-768x1086.jpg 768w, https:\/\/aliso.fr\/reseau\/wp-content\/uploads\/sites\/4\/2022\/10\/Affiche-mois-de-la-parentalite_2022-compressed-1086x1536.jpg 1086w, https:\/\/aliso.fr\/reseau\/wp-content\/uploads\/sites\/4\/2022\/10\/Affiche-mois-de-la-parentalite_2022-compressed-1448x2048.jpg 1448w, https:\/\/aliso.fr\/reseau\/wp-content\/uploads\/sites\/4\/2022\/10\/Affiche-mois-de-la-parentalite_2022-compressed-1320x1867.jpg 1320w, https:\/\/aliso.fr\/reseau\/wp-content\/uploads\/sites\/4\/2022\/10\/Affiche-mois-de-la-parentalite_2022-compressed.jpg 1754w\" sizes=\"auto, (max-width: 233px) 100vw, 233px\" \/><\/figure>\n","protected":false},"excerpt":{"rendered":"","protected":false},"author":6,"featured_media":1174,"comment_status":"closed","ping_status":"open","sticky":false,"template":"","format":"standard","meta":{"footnotes":""},"categories":[3],"tags":[],"class_list":["post-1171","post","type-post","status-publish","format-standard","has-post-thumbnail","hentry","category-actualite"],"yoast_head":"<!-- This site is optimized with the Yoast SEO plugin v27.4 - https:\/\/yoast.com\/product\/yoast-seo-wordpress\/ -->\n<title>La Parentalit\u00e9 \u00e0 l&#039;honneur dans le r\u00e9seau! - Aliso R\u00e9seau<\/title>\n<meta name=\"description\" content=\"Des animations, des rencontres et \u00e9changes vous sont propos\u00e9s sur l&#039;ensemble du territoire de la Creuse pour partager des temps en famille dans le cadre du mois de la Parentalit\u00e9 2022!\" \/>\n<meta name=\"robots\" content=\"index, follow, max-snippet:-1, max-image-preview:large, max-video-preview:-1\" \/>\n<link rel=\"canonical\" href=\"https:\/\/aliso.fr\/reseau\/la-parentalite-a-lhonneur-dans-le-reseau\/\" \/>\n<meta property=\"og:locale\" content=\"fr_FR\" \/>\n<meta property=\"og:type\" content=\"article\" \/>\n<meta property=\"og:title\" content=\"La Parentalit\u00e9 \u00e0 l&#039;honneur dans le r\u00e9seau! - Aliso R\u00e9seau\" \/>\n<meta property=\"og:description\" content=\"Des animations, des rencontres et \u00e9changes vous sont propos\u00e9s sur l&#039;ensemble du territoire de la Creuse pour partager des temps en famille dans le cadre du mois de la Parentalit\u00e9 2022!\" \/>\n<meta property=\"og:url\" content=\"https:\/\/aliso.fr\/reseau\/la-parentalite-a-lhonneur-dans-le-reseau\/\" \/>\n<meta property=\"og:site_name\" content=\"Aliso R\u00e9seau\" \/>\n<meta property=\"article:published_time\" content=\"2022-10-26T12:16:28+00:00\" \/>\n<meta property=\"article:modified_time\" content=\"2022-10-26T12:18:38+00:00\" \/>\n<meta property=\"og:image\" content=\"https:\/\/aliso.fr\/reseau\/wp-content\/uploads\/sites\/4\/2022\/10\/Affiche-mois-de-la-parentalite_2022-compressed-1.jpg\" \/>\n\t<meta property=\"og:image:width\" content=\"1754\" \/>\n\t<meta property=\"og:image:height\" content=\"2481\" \/>\n\t<meta property=\"og:image:type\" content=\"image\/jpeg\" \/>\n<meta name=\"author\" content=\"fabienne\" \/>\n<meta name=\"twitter:card\" content=\"summary_large_image\" \/>\n<script type=\"application\/ld+json\" class=\"yoast-schema-graph\">{\"@context\":\"https:\\\/\\\/schema.org\",\"@graph\":[{\"@type\":\"Article\",\"@id\":\"https:\\\/\\\/aliso.fr\\\/reseau\\\/la-parentalite-a-lhonneur-dans-le-reseau\\\/#article\",\"isPartOf\":{\"@id\":\"https:\\\/\\\/aliso.fr\\\/reseau\\\/la-parentalite-a-lhonneur-dans-le-reseau\\\/\"},\"author\":{\"name\":\"fabienne\",\"@id\":\"https:\\\/\\\/aliso.fr\\\/reseau\\\/#\\\/schema\\\/person\\\/3c62dd969259025b56573a95a81756b6\"},\"headline\":\"La Parentalit\u00e9 \u00e0 l&rsquo;honneur dans le r\u00e9seau!\",\"datePublished\":\"2022-10-26T12:16:28+00:00\",\"dateModified\":\"2022-10-26T12:18:38+00:00\",\"mainEntityOfPage\":{\"@id\":\"https:\\\/\\\/aliso.fr\\\/reseau\\\/la-parentalite-a-lhonneur-dans-le-reseau\\\/\"},\"wordCount\":8,\"publisher\":{\"@id\":\"https:\\\/\\\/aliso.fr\\\/reseau\\\/#organization\"},\"image\":{\"@id\":\"https:\\\/\\\/aliso.fr\\\/reseau\\\/la-parentalite-a-lhonneur-dans-le-reseau\\\/#primaryimage\"},\"thumbnailUrl\":\"https:\\\/\\\/aliso.fr\\\/reseau\\\/wp-content\\\/uploads\\\/sites\\\/4\\\/2022\\\/10\\\/Affiche-mois-de-la-parentalite_2022-compressed-1.jpg\",\"articleSection\":[\"Actualit\u00e9\"],\"inLanguage\":\"fr-FR\"},{\"@type\":\"WebPage\",\"@id\":\"https:\\\/\\\/aliso.fr\\\/reseau\\\/la-parentalite-a-lhonneur-dans-le-reseau\\\/\",\"url\":\"https:\\\/\\\/aliso.fr\\\/reseau\\\/la-parentalite-a-lhonneur-dans-le-reseau\\\/\",\"name\":\"La Parentalit\u00e9 \u00e0 l'honneur dans le r\u00e9seau! - Aliso R\u00e9seau\",\"isPartOf\":{\"@id\":\"https:\\\/\\\/aliso.fr\\\/reseau\\\/#website\"},\"primaryImageOfPage\":{\"@id\":\"https:\\\/\\\/aliso.fr\\\/reseau\\\/la-parentalite-a-lhonneur-dans-le-reseau\\\/#primaryimage\"},\"image\":{\"@id\":\"https:\\\/\\\/aliso.fr\\\/reseau\\\/la-parentalite-a-lhonneur-dans-le-reseau\\\/#primaryimage\"},\"thumbnailUrl\":\"https:\\\/\\\/aliso.fr\\\/reseau\\\/wp-content\\\/uploads\\\/sites\\\/4\\\/2022\\\/10\\\/Affiche-mois-de-la-parentalite_2022-compressed-1.jpg\",\"datePublished\":\"2022-10-26T12:16:28+00:00\",\"dateModified\":\"2022-10-26T12:18:38+00:00\",\"description\":\"Des animations, des rencontres et \u00e9changes vous sont propos\u00e9s sur l'ensemble du territoire de la Creuse pour partager des temps en famille dans le cadre du mois de la Parentalit\u00e9 2022!\",\"breadcrumb\":{\"@id\":\"https:\\\/\\\/aliso.fr\\\/reseau\\\/la-parentalite-a-lhonneur-dans-le-reseau\\\/#breadcrumb\"},\"inLanguage\":\"fr-FR\",\"potentialAction\":[{\"@type\":\"ReadAction\",\"target\":[\"https:\\\/\\\/aliso.fr\\\/reseau\\\/la-parentalite-a-lhonneur-dans-le-reseau\\\/\"]}]},{\"@type\":\"ImageObject\",\"inLanguage\":\"fr-FR\",\"@id\":\"https:\\\/\\\/aliso.fr\\\/reseau\\\/la-parentalite-a-lhonneur-dans-le-reseau\\\/#primaryimage\",\"url\":\"https:\\\/\\\/aliso.fr\\\/reseau\\\/wp-content\\\/uploads\\\/sites\\\/4\\\/2022\\\/10\\\/Affiche-mois-de-la-parentalite_2022-compressed-1.jpg\",\"contentUrl\":\"https:\\\/\\\/aliso.fr\\\/reseau\\\/wp-content\\\/uploads\\\/sites\\\/4\\\/2022\\\/10\\\/Affiche-mois-de-la-parentalite_2022-compressed-1.jpg\",\"width\":1754,\"height\":2481},{\"@type\":\"BreadcrumbList\",\"@id\":\"https:\\\/\\\/aliso.fr\\\/reseau\\\/la-parentalite-a-lhonneur-dans-le-reseau\\\/#breadcrumb\",\"itemListElement\":[{\"@type\":\"ListItem\",\"position\":1,\"name\":\"Accueil\",\"item\":\"https:\\\/\\\/aliso.fr\\\/reseau\\\/\"},{\"@type\":\"ListItem\",\"position\":2,\"name\":\"Actualit\u00e9\",\"item\":\"https:\\\/\\\/aliso.fr\\\/reseau\\\/actualite\\\/\"},{\"@type\":\"ListItem\",\"position\":3,\"name\":\"La Parentalit\u00e9 \u00e0 l&#8217;honneur dans le r\u00e9seau!\"}]},{\"@type\":\"WebSite\",\"@id\":\"https:\\\/\\\/aliso.fr\\\/reseau\\\/#website\",\"url\":\"https:\\\/\\\/aliso.fr\\\/reseau\\\/\",\"name\":\"Aliso R\u00e9seau\",\"description\":\"R\u00e9seau Creusois des acteurs du lien social\",\"publisher\":{\"@id\":\"https:\\\/\\\/aliso.fr\\\/reseau\\\/#organization\"},\"potentialAction\":[{\"@type\":\"SearchAction\",\"target\":{\"@type\":\"EntryPoint\",\"urlTemplate\":\"https:\\\/\\\/aliso.fr\\\/reseau\\\/?s={search_term_string}\"},\"query-input\":{\"@type\":\"PropertyValueSpecification\",\"valueRequired\":true,\"valueName\":\"search_term_string\"}}],\"inLanguage\":\"fr-FR\"},{\"@type\":\"Organization\",\"@id\":\"https:\\\/\\\/aliso.fr\\\/reseau\\\/#organization\",\"name\":\"Aliso R\u00e9seau\",\"url\":\"https:\\\/\\\/aliso.fr\\\/reseau\\\/\",\"logo\":{\"@type\":\"ImageObject\",\"inLanguage\":\"fr-FR\",\"@id\":\"https:\\\/\\\/aliso.fr\\\/reseau\\\/#\\\/schema\\\/logo\\\/image\\\/\",\"url\":\"https:\\\/\\\/aliso.fr\\\/reseau\\\/wp-content\\\/uploads\\\/sites\\\/4\\\/2022\\\/01\\\/Logo-ALISO-Reseau-2.png\",\"contentUrl\":\"https:\\\/\\\/aliso.fr\\\/reseau\\\/wp-content\\\/uploads\\\/sites\\\/4\\\/2022\\\/01\\\/Logo-ALISO-Reseau-2.png\",\"width\":900,\"height\":970,\"caption\":\"Aliso R\u00e9seau\"},\"image\":{\"@id\":\"https:\\\/\\\/aliso.fr\\\/reseau\\\/#\\\/schema\\\/logo\\\/image\\\/\"}},{\"@type\":\"Person\",\"@id\":\"https:\\\/\\\/aliso.fr\\\/reseau\\\/#\\\/schema\\\/person\\\/3c62dd969259025b56573a95a81756b6\",\"name\":\"fabienne\"}]}<\/script>\n<!-- \/ Yoast SEO plugin. -->","yoast_head_json":{"title":"La Parentalit\u00e9 \u00e0 l'honneur dans le r\u00e9seau! - Aliso R\u00e9seau","description":"Des animations, des rencontres et \u00e9changes vous sont propos\u00e9s sur l'ensemble du territoire de la Creuse pour partager des temps en famille dans le cadre du mois de la Parentalit\u00e9 2022!","robots":{"index":"index","follow":"follow","max-snippet":"max-snippet:-1","max-image-preview":"max-image-preview:large","max-video-preview":"max-video-preview:-1"},"canonical":"https:\/\/aliso.fr\/reseau\/la-parentalite-a-lhonneur-dans-le-reseau\/","og_locale":"fr_FR","og_type":"article","og_title":"La Parentalit\u00e9 \u00e0 l'honneur dans le r\u00e9seau! - Aliso R\u00e9seau","og_description":"Des animations, des rencontres et \u00e9changes vous sont propos\u00e9s sur l'ensemble du territoire de la Creuse pour partager des temps en famille dans le cadre du mois de la Parentalit\u00e9 2022!","og_url":"https:\/\/aliso.fr\/reseau\/la-parentalite-a-lhonneur-dans-le-reseau\/","og_site_name":"Aliso R\u00e9seau","article_published_time":"2022-10-26T12:16:28+00:00","article_modified_time":"2022-10-26T12:18:38+00:00","og_image":[{"width":1754,"height":2481,"url":"https:\/\/aliso.fr\/reseau\/wp-content\/uploads\/sites\/4\/2022\/10\/Affiche-mois-de-la-parentalite_2022-compressed-1.jpg","type":"image\/jpeg"}],"author":"fabienne","twitter_card":"summary_large_image","schema":{"@context":"https:\/\/schema.org","@graph":[{"@type":"Article","@id":"https:\/\/aliso.fr\/reseau\/la-parentalite-a-lhonneur-dans-le-reseau\/#article","isPartOf":{"@id":"https:\/\/aliso.fr\/reseau\/la-parentalite-a-lhonneur-dans-le-reseau\/"},"author":{"name":"fabienne","@id":"https:\/\/aliso.fr\/reseau\/#\/schema\/person\/3c62dd969259025b56573a95a81756b6"},"headline":"La Parentalit\u00e9 \u00e0 l&rsquo;honneur dans le r\u00e9seau!","datePublished":"2022-10-26T12:16:28+00:00","dateModified":"2022-10-26T12:18:38+00:00","mainEntityOfPage":{"@id":"https:\/\/aliso.fr\/reseau\/la-parentalite-a-lhonneur-dans-le-reseau\/"},"wordCount":8,"publisher":{"@id":"https:\/\/aliso.fr\/reseau\/#organization"},"image":{"@id":"https:\/\/aliso.fr\/reseau\/la-parentalite-a-lhonneur-dans-le-reseau\/#primaryimage"},"thumbnailUrl":"https:\/\/aliso.fr\/reseau\/wp-content\/uploads\/sites\/4\/2022\/10\/Affiche-mois-de-la-parentalite_2022-compressed-1.jpg","articleSection":["Actualit\u00e9"],"inLanguage":"fr-FR"},{"@type":"WebPage","@id":"https:\/\/aliso.fr\/reseau\/la-parentalite-a-lhonneur-dans-le-reseau\/","url":"https:\/\/aliso.fr\/reseau\/la-parentalite-a-lhonneur-dans-le-reseau\/","name":"La Parentalit\u00e9 \u00e0 l'honneur dans le r\u00e9seau! - Aliso R\u00e9seau","isPartOf":{"@id":"https:\/\/aliso.fr\/reseau\/#website"},"primaryImageOfPage":{"@id":"https:\/\/aliso.fr\/reseau\/la-parentalite-a-lhonneur-dans-le-reseau\/#primaryimage"},"image":{"@id":"https:\/\/aliso.fr\/reseau\/la-parentalite-a-lhonneur-dans-le-reseau\/#primaryimage"},"thumbnailUrl":"https:\/\/aliso.fr\/reseau\/wp-content\/uploads\/sites\/4\/2022\/10\/Affiche-mois-de-la-parentalite_2022-compressed-1.jpg","datePublished":"2022-10-26T12:16:28+00:00","dateModified":"2022-10-26T12:18:38+00:00","description":"Des animations, des rencontres et \u00e9changes vous sont propos\u00e9s sur l'ensemble du territoire de la Creuse pour partager des temps en famille dans le cadre du mois de la Parentalit\u00e9 2022!","breadcrumb":{"@id":"https:\/\/aliso.fr\/reseau\/la-parentalite-a-lhonneur-dans-le-reseau\/#breadcrumb"},"inLanguage":"fr-FR","potentialAction":[{"@type":"ReadAction","target":["https:\/\/aliso.fr\/reseau\/la-parentalite-a-lhonneur-dans-le-reseau\/"]}]},{"@type":"ImageObject","inLanguage":"fr-FR","@id":"https:\/\/aliso.fr\/reseau\/la-parentalite-a-lhonneur-dans-le-reseau\/#primaryimage","url":"https:\/\/aliso.fr\/reseau\/wp-content\/uploads\/sites\/4\/2022\/10\/Affiche-mois-de-la-parentalite_2022-compressed-1.jpg","contentUrl":"https:\/\/aliso.fr\/reseau\/wp-content\/uploads\/sites\/4\/2022\/10\/Affiche-mois-de-la-parentalite_2022-compressed-1.jpg","width":1754,"height":2481},{"@type":"BreadcrumbList","@id":"https:\/\/aliso.fr\/reseau\/la-parentalite-a-lhonneur-dans-le-reseau\/#breadcrumb","itemListElement":[{"@type":"ListItem","position":1,"name":"Accueil","item":"https:\/\/aliso.fr\/reseau\/"},{"@type":"ListItem","position":2,"name":"Actualit\u00e9","item":"https:\/\/aliso.fr\/reseau\/actualite\/"},{"@type":"ListItem","position":3,"name":"La Parentalit\u00e9 \u00e0 l&#8217;honneur dans le r\u00e9seau!"}]},{"@type":"WebSite","@id":"https:\/\/aliso.fr\/reseau\/#website","url":"https:\/\/aliso.fr\/reseau\/","name":"Aliso R\u00e9seau","description":"R\u00e9seau Creusois des acteurs du lien social","publisher":{"@id":"https:\/\/aliso.fr\/reseau\/#organization"},"potentialAction":[{"@type":"SearchAction","target":{"@type":"EntryPoint","urlTemplate":"https:\/\/aliso.fr\/reseau\/?s={search_term_string}"},"query-input":{"@type":"PropertyValueSpecification","valueRequired":true,"valueName":"search_term_string"}}],"inLanguage":"fr-FR"},{"@type":"Organization","@id":"https:\/\/aliso.fr\/reseau\/#organization","name":"Aliso R\u00e9seau","url":"https:\/\/aliso.fr\/reseau\/","logo":{"@type":"ImageObject","inLanguage":"fr-FR","@id":"https:\/\/aliso.fr\/reseau\/#\/schema\/logo\/image\/","url":"https:\/\/aliso.fr\/reseau\/wp-content\/uploads\/sites\/4\/2022\/01\/Logo-ALISO-Reseau-2.png","contentUrl":"https:\/\/aliso.fr\/reseau\/wp-content\/uploads\/sites\/4\/2022\/01\/Logo-ALISO-Reseau-2.png","width":900,"height":970,"caption":"Aliso R\u00e9seau"},"image":{"@id":"https:\/\/aliso.fr\/reseau\/#\/schema\/logo\/image\/"}},{"@type":"Person","@id":"https:\/\/aliso.fr\/reseau\/#\/schema\/person\/3c62dd969259025b56573a95a81756b6","name":"fabienne"}]}},"_links":{"self":[{"href":"https:\/\/aliso.fr\/reseau\/wp-json\/wp\/v2\/posts\/1171","targetHints":{"allow":["GET"]}}],"collection":[{"href":"https:\/\/aliso.fr\/reseau\/wp-json\/wp\/v2\/posts"}],"about":[{"href":"https:\/\/aliso.fr\/reseau\/wp-json\/wp\/v2\/types\/post"}],"author":[{"embeddable":true,"href":"https:\/\/aliso.fr\/reseau\/wp-json\/wp\/v2\/users\/6"}],"replies":[{"embeddable":true,"href":"https:\/\/aliso.fr\/reseau\/wp-json\/wp\/v2\/comments?post=1171"}],"version-history":[{"count":1,"href":"https:\/\/aliso.fr\/reseau\/wp-json\/wp\/v2\/posts\/1171\/revisions"}],"predecessor-version":[{"id":1173,"href":"https:\/\/aliso.fr\/reseau\/wp-json\/wp\/v2\/posts\/1171\/revisions\/1173"}],"wp:featuredmedia":[{"embeddable":true,"href":"https:\/\/aliso.fr\/reseau\/wp-json\/wp\/v2\/media\/1174"}],"wp:attachment":[{"href":"https:\/\/aliso.fr\/reseau\/wp-json\/wp\/v2\/media?parent=1171"}],"wp:term":[{"taxonomy":"category","embeddable":true,"href":"https:\/\/aliso.fr\/reseau\/wp-json\/wp\/v2\/categories?post=1171"},{"taxonomy":"post_tag","embeddable":true,"href":"https:\/\/aliso.fr\/reseau\/wp-json\/wp\/v2\/tags?post=1171"}],"curies":[{"name":"wp","href":"https:\/\/api.w.org\/{rel}","templated":true}]}}