{"id":1227,"date":"2022-12-01T12:00:25","date_gmt":"2022-12-01T11:00:25","guid":{"rendered":"https:\/\/aliso.fr\/reseau\/?p=1227"},"modified":"2022-12-02T15:42:31","modified_gmt":"2022-12-02T14:42:31","slug":"projet-newsletter-reseau-un-mot-du-bureau","status":"publish","type":"post","link":"https:\/\/aliso.fr\/reseau\/projet-newsletter-reseau-un-mot-du-bureau\/","title":{"rendered":"Projet Newsletter R\u00e9seau : un mot du bureau"},"content":{"rendered":"\n<div class=\"wp-block-media-text alignwide is-stacked-on-mobile\"><figure class=\"wp-block-media-text__media\"><img loading=\"lazy\" decoding=\"async\" width=\"330\" height=\"330\" src=\"https:\/\/aliso.fr\/reseau\/wp-content\/uploads\/sites\/4\/2022\/12\/envelope-4313721__480-1-330x330.webp\" alt=\"\" class=\"wp-image-1233 size-full\" srcset=\"https:\/\/aliso.fr\/reseau\/wp-content\/uploads\/sites\/4\/2022\/12\/envelope-4313721__480-1-330x330.webp 330w, https:\/\/aliso.fr\/reseau\/wp-content\/uploads\/sites\/4\/2022\/12\/envelope-4313721__480-1-190x190.webp 190w, https:\/\/aliso.fr\/reseau\/wp-content\/uploads\/sites\/4\/2022\/12\/envelope-4313721__480-1-150x150.webp 150w, https:\/\/aliso.fr\/reseau\/wp-content\/uploads\/sites\/4\/2022\/12\/envelope-4313721__480-1-300x300.webp 300w, https:\/\/aliso.fr\/reseau\/wp-content\/uploads\/sites\/4\/2022\/12\/envelope-4313721__480-1-125x125.webp 125w, https:\/\/aliso.fr\/reseau\/wp-content\/uploads\/sites\/4\/2022\/12\/envelope-4313721__480-1.webp 480w\" sizes=\"auto, (max-width: 330px) 100vw, 330px\" \/><\/figure><div class=\"wp-block-media-text__content\">\n<p>Pourquoi une News Letter ? Pour faire comme tout le monde&nbsp;!!!\u2026 Non&nbsp;! &nbsp;Pas du tout, notre volont\u00e9 est plus forte&nbsp;: une news letter \u00e7a sert surtout \u00e0 faire RESEAU\u2026 Un document d\u2019information r\u00e9gulier, synth\u00e9tique qui se partage dans chaque structure avec les \u00e9quipes et les b\u00e9n\u00e9voles, qui permet \u00e0 chacun de suivre la vie du r\u00e9seau, de \u00ab&nbsp;se sentir appartenir&nbsp;\u00bb. A ce propos, n\u2019h\u00e9sitez pas \u00e0 enrichir notre base des courriels de vos \u00e9quipes aupr\u00e8s de Laure.<br>Les temps sont compliqu\u00e9s entre des injonctions aux \u00ab&nbsp;valeurs r\u00e9publicaines&nbsp;\u00bb, des politiques publiques de plus en plus instables, des actions collectives bouscul\u00e9es par l\u2019individualisme et le repli sur soi. Le R\u00e9seau est une chance, soyons-en certains. Le R\u00e9seau s\u2019impose comme la capacit\u00e9 \u00e0 penser, \u00e0 agir collectivement dans l\u2019int\u00e9r\u00eat g\u00e9n\u00e9ral.<\/p>\n\n\n\n<p>Au plaisir de se voir et revoir tr\u00e8s vite.<\/p>\n\n\n\n<p>PL Pour le bureau<\/p>\n\n\n\n<p><em>Lancement pr\u00e9vu la semaine du 5 d\u00e9cembre 2022. Fr\u00e9quence souhait\u00e9e d&rsquo;une par mois mais susceptible de changer. Phase test en cours &#8230;.<\/em><\/p>\n\n\n\n<p><\/p>\n<\/div><\/div>\n\n\n\n<p><strong>Et la framaliste alors ??? C&rsquo;est fini ???<\/strong><\/p>\n\n\n\n<p>On profite de ce petit \u00e9dito pour vous dire que<strong> la liste &#x61;&#x6c;&#105;so&#x6d;&#x65;&#109;&#98;r&#x65;&#x73;&#64;&#102;r&#x61;&#x6d;&#x61;&#108;is&#x74;&#x65;&#115;&#46;o&#x72;&#x67; <\/strong>existe encore !<br>Vous restez susceptibles de recevoir certains mails (moins mais tout de m\u00eame) via cette liste mais surtout nous vous invitons \u00e0 vous en emparer pour communiquer entre vous. C&rsquo;est votre liste. Faire r\u00e9seau, c&rsquo;est aussi partager de l&rsquo;info. <br>C&rsquo;est-\u00e0-dire que si vous ne le faites pas d\u00e9j\u00e0, il vous suffit d&rsquo;\u00e9crire \u00e0 cette adresse pour faire passer vos agendas, vos demandes d&rsquo;aides, vos invitations \u00e0 coop\u00e9rer, ou tout autre initiative de votre structure \u00e0 partager au r\u00e9seau, sans passer n\u00e9cessairement par l&rsquo;\u00e9quipe en amont. <br><strong>Seules mises en garde : <\/strong>Soyez le plus clair possible sur l&rsquo;objet que vous y mettez, et si vous ne souhaitez par r\u00e9pondre \u00e0 tous, prenez-soin de s\u00e9lectionner la personne \u00e0 qui vous voulez \u00e9crire. <br>Cliquer sur \u00ab\u00a0R\u00e9pondre\u00a0\u00bb ne garantit pas de ne r\u00e9pondre qu&rsquo;\u00e0 l&rsquo;exp\u00e9diteur m\u00eame si on aurait tendance \u00e0 le penser.<br>Par ailleurs, si vous faites partie d&rsquo;un groupe, vous \u00eates donc inscrits dans une dynamique qui implique que vous receviez encore des nouvelles par mail, mais sp\u00e9cifiquement sur le th\u00e8me en question.<\/p>\n\n\n\n<p><strong>Et pour continuer de communiquer, une autre id\u00e9e &#8230;<\/strong><\/p>\n\n\n\n<p>On profite de cet article pour vous faire savoir que vous pouvez aussi trouver les actus du r\u00e9seau sur les r\u00e9seaux sociaux, notamment sur facebook. Pour retrouver la page, sur Facebook, dans Recherche, tapez Aliso 23 et vous pourrez trouver la page Aliso. Sinon vous pouvez devenir amis avec Christelle ALISO, Fabienne ALISO ou Laure ALISO. <\/p>\n","protected":false},"excerpt":{"rendered":"<p>Pourquoi une News Letter ? Pour faire comme tout le monde&nbsp;!!!\u2026 Non&nbsp;! &nbsp;Pas du tout, notre volont\u00e9 est plus forte&nbsp;: une news letter \u00e7a sert surtout \u00e0 faire RESEAU\u2026 Un document d\u2019information r\u00e9gulier, synth\u00e9tique qui se partage dans chaque structure avec les \u00e9quipes et les b\u00e9n\u00e9voles, qui permet \u00e0 chacun de suivre la vie du&#8230; <a class=\"excerpt-read-more button\" href=\"https:\/\/aliso.fr\/reseau\/projet-newsletter-reseau-un-mot-du-bureau\/\" title=\"ReadProjet Newsletter R\u00e9seau : un mot du bureau\">En savoir plus &raquo;<\/a><\/p>\n","protected":false},"author":3,"featured_media":1228,"comment_status":"closed","ping_status":"open","sticky":false,"template":"","format":"standard","meta":{"footnotes":""},"categories":[3,7],"tags":[],"class_list":["post-1227","post","type-post","status-publish","format-standard","has-post-thumbnail","hentry","category-actualite","category-nos-actions"],"yoast_head":"<!-- This site is optimized with the Yoast SEO plugin v27.4 - https:\/\/yoast.com\/product\/yoast-seo-wordpress\/ -->\n<title>Projet Newsletter R\u00e9seau : un mot du bureau - Aliso R\u00e9seau<\/title>\n<meta name=\"robots\" content=\"index, follow, max-snippet:-1, max-image-preview:large, max-video-preview:-1\" \/>\n<link rel=\"canonical\" href=\"https:\/\/aliso.fr\/reseau\/projet-newsletter-reseau-un-mot-du-bureau\/\" \/>\n<meta property=\"og:locale\" content=\"fr_FR\" \/>\n<meta property=\"og:type\" content=\"article\" \/>\n<meta property=\"og:title\" content=\"Projet Newsletter R\u00e9seau : un mot du bureau - Aliso R\u00e9seau\" \/>\n<meta property=\"og:description\" content=\"Pourquoi une News Letter ? Pour faire comme tout le monde&nbsp;!!!\u2026 Non&nbsp;! &nbsp;Pas du tout, notre volont\u00e9 est plus forte&nbsp;: une news letter \u00e7a sert surtout \u00e0 faire RESEAU\u2026 Un document d\u2019information r\u00e9gulier, synth\u00e9tique qui se partage dans chaque structure avec les \u00e9quipes et les b\u00e9n\u00e9voles, qui permet \u00e0 chacun de suivre la vie du... En savoir plus &raquo;\" \/>\n<meta property=\"og:url\" content=\"https:\/\/aliso.fr\/reseau\/projet-newsletter-reseau-un-mot-du-bureau\/\" \/>\n<meta property=\"og:site_name\" content=\"Aliso R\u00e9seau\" \/>\n<meta property=\"article:published_time\" content=\"2022-12-01T11:00:25+00:00\" \/>\n<meta property=\"article:modified_time\" content=\"2022-12-02T14:42:31+00:00\" \/>\n<meta property=\"og:image\" content=\"https:\/\/aliso.fr\/reseau\/wp-content\/uploads\/sites\/4\/2022\/12\/envelope-4313721__480.webp\" \/>\n\t<meta property=\"og:image:width\" content=\"480\" \/>\n\t<meta property=\"og:image:height\" content=\"480\" \/>\n\t<meta property=\"og:image:type\" content=\"image\/webp\" \/>\n<meta name=\"author\" content=\"laure\" \/>\n<meta name=\"twitter:card\" content=\"summary_large_image\" \/>\n<script type=\"application\/ld+json\" class=\"yoast-schema-graph\">{\"@context\":\"https:\\\/\\\/schema.org\",\"@graph\":[{\"@type\":\"Article\",\"@id\":\"https:\\\/\\\/aliso.fr\\\/reseau\\\/projet-newsletter-reseau-un-mot-du-bureau\\\/#article\",\"isPartOf\":{\"@id\":\"https:\\\/\\\/aliso.fr\\\/reseau\\\/projet-newsletter-reseau-un-mot-du-bureau\\\/\"},\"author\":{\"name\":\"laure\",\"@id\":\"https:\\\/\\\/aliso.fr\\\/reseau\\\/#\\\/schema\\\/person\\\/056af145b9c52eee21a9f739489104a5\"},\"headline\":\"Projet Newsletter R\u00e9seau : un mot du bureau\",\"datePublished\":\"2022-12-01T11:00:25+00:00\",\"dateModified\":\"2022-12-02T14:42:31+00:00\",\"mainEntityOfPage\":{\"@id\":\"https:\\\/\\\/aliso.fr\\\/reseau\\\/projet-newsletter-reseau-un-mot-du-bureau\\\/\"},\"wordCount\":473,\"publisher\":{\"@id\":\"https:\\\/\\\/aliso.fr\\\/reseau\\\/#organization\"},\"image\":{\"@id\":\"https:\\\/\\\/aliso.fr\\\/reseau\\\/projet-newsletter-reseau-un-mot-du-bureau\\\/#primaryimage\"},\"thumbnailUrl\":\"https:\\\/\\\/aliso.fr\\\/reseau\\\/wp-content\\\/uploads\\\/sites\\\/4\\\/2022\\\/12\\\/envelope-4313721__480.webp\",\"articleSection\":[\"Actualit\u00e9\",\"Nos actions\"],\"inLanguage\":\"fr-FR\"},{\"@type\":\"WebPage\",\"@id\":\"https:\\\/\\\/aliso.fr\\\/reseau\\\/projet-newsletter-reseau-un-mot-du-bureau\\\/\",\"url\":\"https:\\\/\\\/aliso.fr\\\/reseau\\\/projet-newsletter-reseau-un-mot-du-bureau\\\/\",\"name\":\"Projet Newsletter R\u00e9seau : un mot du bureau - Aliso R\u00e9seau\",\"isPartOf\":{\"@id\":\"https:\\\/\\\/aliso.fr\\\/reseau\\\/#website\"},\"primaryImageOfPage\":{\"@id\":\"https:\\\/\\\/aliso.fr\\\/reseau\\\/projet-newsletter-reseau-un-mot-du-bureau\\\/#primaryimage\"},\"image\":{\"@id\":\"https:\\\/\\\/aliso.fr\\\/reseau\\\/projet-newsletter-reseau-un-mot-du-bureau\\\/#primaryimage\"},\"thumbnailUrl\":\"https:\\\/\\\/aliso.fr\\\/reseau\\\/wp-content\\\/uploads\\\/sites\\\/4\\\/2022\\\/12\\\/envelope-4313721__480.webp\",\"datePublished\":\"2022-12-01T11:00:25+00:00\",\"dateModified\":\"2022-12-02T14:42:31+00:00\",\"breadcrumb\":{\"@id\":\"https:\\\/\\\/aliso.fr\\\/reseau\\\/projet-newsletter-reseau-un-mot-du-bureau\\\/#breadcrumb\"},\"inLanguage\":\"fr-FR\",\"potentialAction\":[{\"@type\":\"ReadAction\",\"target\":[\"https:\\\/\\\/aliso.fr\\\/reseau\\\/projet-newsletter-reseau-un-mot-du-bureau\\\/\"]}]},{\"@type\":\"ImageObject\",\"inLanguage\":\"fr-FR\",\"@id\":\"https:\\\/\\\/aliso.fr\\\/reseau\\\/projet-newsletter-reseau-un-mot-du-bureau\\\/#primaryimage\",\"url\":\"https:\\\/\\\/aliso.fr\\\/reseau\\\/wp-content\\\/uploads\\\/sites\\\/4\\\/2022\\\/12\\\/envelope-4313721__480.webp\",\"contentUrl\":\"https:\\\/\\\/aliso.fr\\\/reseau\\\/wp-content\\\/uploads\\\/sites\\\/4\\\/2022\\\/12\\\/envelope-4313721__480.webp\",\"width\":480,\"height\":480},{\"@type\":\"BreadcrumbList\",\"@id\":\"https:\\\/\\\/aliso.fr\\\/reseau\\\/projet-newsletter-reseau-un-mot-du-bureau\\\/#breadcrumb\",\"itemListElement\":[{\"@type\":\"ListItem\",\"position\":1,\"name\":\"Accueil\",\"item\":\"https:\\\/\\\/aliso.fr\\\/reseau\\\/\"},{\"@type\":\"ListItem\",\"position\":2,\"name\":\"Actualit\u00e9\",\"item\":\"https:\\\/\\\/aliso.fr\\\/reseau\\\/actualite\\\/\"},{\"@type\":\"ListItem\",\"position\":3,\"name\":\"Projet Newsletter R\u00e9seau : un mot du bureau\"}]},{\"@type\":\"WebSite\",\"@id\":\"https:\\\/\\\/aliso.fr\\\/reseau\\\/#website\",\"url\":\"https:\\\/\\\/aliso.fr\\\/reseau\\\/\",\"name\":\"Aliso R\u00e9seau\",\"description\":\"R\u00e9seau Creusois des acteurs du lien social\",\"publisher\":{\"@id\":\"https:\\\/\\\/aliso.fr\\\/reseau\\\/#organization\"},\"potentialAction\":[{\"@type\":\"SearchAction\",\"target\":{\"@type\":\"EntryPoint\",\"urlTemplate\":\"https:\\\/\\\/aliso.fr\\\/reseau\\\/?s={search_term_string}\"},\"query-input\":{\"@type\":\"PropertyValueSpecification\",\"valueRequired\":true,\"valueName\":\"search_term_string\"}}],\"inLanguage\":\"fr-FR\"},{\"@type\":\"Organization\",\"@id\":\"https:\\\/\\\/aliso.fr\\\/reseau\\\/#organization\",\"name\":\"Aliso R\u00e9seau\",\"url\":\"https:\\\/\\\/aliso.fr\\\/reseau\\\/\",\"logo\":{\"@type\":\"ImageObject\",\"inLanguage\":\"fr-FR\",\"@id\":\"https:\\\/\\\/aliso.fr\\\/reseau\\\/#\\\/schema\\\/logo\\\/image\\\/\",\"url\":\"https:\\\/\\\/aliso.fr\\\/reseau\\\/wp-content\\\/uploads\\\/sites\\\/4\\\/2022\\\/01\\\/Logo-ALISO-Reseau-2.png\",\"contentUrl\":\"https:\\\/\\\/aliso.fr\\\/reseau\\\/wp-content\\\/uploads\\\/sites\\\/4\\\/2022\\\/01\\\/Logo-ALISO-Reseau-2.png\",\"width\":900,\"height\":970,\"caption\":\"Aliso R\u00e9seau\"},\"image\":{\"@id\":\"https:\\\/\\\/aliso.fr\\\/reseau\\\/#\\\/schema\\\/logo\\\/image\\\/\"}},{\"@type\":\"Person\",\"@id\":\"https:\\\/\\\/aliso.fr\\\/reseau\\\/#\\\/schema\\\/person\\\/056af145b9c52eee21a9f739489104a5\",\"name\":\"laure\"}]}<\/script>\n<!-- \/ Yoast SEO plugin. -->","yoast_head_json":{"title":"Projet Newsletter R\u00e9seau : un mot du bureau - Aliso R\u00e9seau","robots":{"index":"index","follow":"follow","max-snippet":"max-snippet:-1","max-image-preview":"max-image-preview:large","max-video-preview":"max-video-preview:-1"},"canonical":"https:\/\/aliso.fr\/reseau\/projet-newsletter-reseau-un-mot-du-bureau\/","og_locale":"fr_FR","og_type":"article","og_title":"Projet Newsletter R\u00e9seau : un mot du bureau - Aliso R\u00e9seau","og_description":"Pourquoi une News Letter ? Pour faire comme tout le monde&nbsp;!!!\u2026 Non&nbsp;! &nbsp;Pas du tout, notre volont\u00e9 est plus forte&nbsp;: une news letter \u00e7a sert surtout \u00e0 faire RESEAU\u2026 Un document d\u2019information r\u00e9gulier, synth\u00e9tique qui se partage dans chaque structure avec les \u00e9quipes et les b\u00e9n\u00e9voles, qui permet \u00e0 chacun de suivre la vie du... En savoir plus &raquo;","og_url":"https:\/\/aliso.fr\/reseau\/projet-newsletter-reseau-un-mot-du-bureau\/","og_site_name":"Aliso R\u00e9seau","article_published_time":"2022-12-01T11:00:25+00:00","article_modified_time":"2022-12-02T14:42:31+00:00","og_image":[{"width":480,"height":480,"url":"https:\/\/aliso.fr\/reseau\/wp-content\/uploads\/sites\/4\/2022\/12\/envelope-4313721__480.webp","type":"image\/webp"}],"author":"laure","twitter_card":"summary_large_image","schema":{"@context":"https:\/\/schema.org","@graph":[{"@type":"Article","@id":"https:\/\/aliso.fr\/reseau\/projet-newsletter-reseau-un-mot-du-bureau\/#article","isPartOf":{"@id":"https:\/\/aliso.fr\/reseau\/projet-newsletter-reseau-un-mot-du-bureau\/"},"author":{"name":"laure","@id":"https:\/\/aliso.fr\/reseau\/#\/schema\/person\/056af145b9c52eee21a9f739489104a5"},"headline":"Projet Newsletter R\u00e9seau : un mot du bureau","datePublished":"2022-12-01T11:00:25+00:00","dateModified":"2022-12-02T14:42:31+00:00","mainEntityOfPage":{"@id":"https:\/\/aliso.fr\/reseau\/projet-newsletter-reseau-un-mot-du-bureau\/"},"wordCount":473,"publisher":{"@id":"https:\/\/aliso.fr\/reseau\/#organization"},"image":{"@id":"https:\/\/aliso.fr\/reseau\/projet-newsletter-reseau-un-mot-du-bureau\/#primaryimage"},"thumbnailUrl":"https:\/\/aliso.fr\/reseau\/wp-content\/uploads\/sites\/4\/2022\/12\/envelope-4313721__480.webp","articleSection":["Actualit\u00e9","Nos actions"],"inLanguage":"fr-FR"},{"@type":"WebPage","@id":"https:\/\/aliso.fr\/reseau\/projet-newsletter-reseau-un-mot-du-bureau\/","url":"https:\/\/aliso.fr\/reseau\/projet-newsletter-reseau-un-mot-du-bureau\/","name":"Projet Newsletter R\u00e9seau : un mot du bureau - Aliso R\u00e9seau","isPartOf":{"@id":"https:\/\/aliso.fr\/reseau\/#website"},"primaryImageOfPage":{"@id":"https:\/\/aliso.fr\/reseau\/projet-newsletter-reseau-un-mot-du-bureau\/#primaryimage"},"image":{"@id":"https:\/\/aliso.fr\/reseau\/projet-newsletter-reseau-un-mot-du-bureau\/#primaryimage"},"thumbnailUrl":"https:\/\/aliso.fr\/reseau\/wp-content\/uploads\/sites\/4\/2022\/12\/envelope-4313721__480.webp","datePublished":"2022-12-01T11:00:25+00:00","dateModified":"2022-12-02T14:42:31+00:00","breadcrumb":{"@id":"https:\/\/aliso.fr\/reseau\/projet-newsletter-reseau-un-mot-du-bureau\/#breadcrumb"},"inLanguage":"fr-FR","potentialAction":[{"@type":"ReadAction","target":["https:\/\/aliso.fr\/reseau\/projet-newsletter-reseau-un-mot-du-bureau\/"]}]},{"@type":"ImageObject","inLanguage":"fr-FR","@id":"https:\/\/aliso.fr\/reseau\/projet-newsletter-reseau-un-mot-du-bureau\/#primaryimage","url":"https:\/\/aliso.fr\/reseau\/wp-content\/uploads\/sites\/4\/2022\/12\/envelope-4313721__480.webp","contentUrl":"https:\/\/aliso.fr\/reseau\/wp-content\/uploads\/sites\/4\/2022\/12\/envelope-4313721__480.webp","width":480,"height":480},{"@type":"BreadcrumbList","@id":"https:\/\/aliso.fr\/reseau\/projet-newsletter-reseau-un-mot-du-bureau\/#breadcrumb","itemListElement":[{"@type":"ListItem","position":1,"name":"Accueil","item":"https:\/\/aliso.fr\/reseau\/"},{"@type":"ListItem","position":2,"name":"Actualit\u00e9","item":"https:\/\/aliso.fr\/reseau\/actualite\/"},{"@type":"ListItem","position":3,"name":"Projet Newsletter R\u00e9seau : un mot du bureau"}]},{"@type":"WebSite","@id":"https:\/\/aliso.fr\/reseau\/#website","url":"https:\/\/aliso.fr\/reseau\/","name":"Aliso R\u00e9seau","description":"R\u00e9seau Creusois des acteurs du lien social","publisher":{"@id":"https:\/\/aliso.fr\/reseau\/#organization"},"potentialAction":[{"@type":"SearchAction","target":{"@type":"EntryPoint","urlTemplate":"https:\/\/aliso.fr\/reseau\/?s={search_term_string}"},"query-input":{"@type":"PropertyValueSpecification","valueRequired":true,"valueName":"search_term_string"}}],"inLanguage":"fr-FR"},{"@type":"Organization","@id":"https:\/\/aliso.fr\/reseau\/#organization","name":"Aliso R\u00e9seau","url":"https:\/\/aliso.fr\/reseau\/","logo":{"@type":"ImageObject","inLanguage":"fr-FR","@id":"https:\/\/aliso.fr\/reseau\/#\/schema\/logo\/image\/","url":"https:\/\/aliso.fr\/reseau\/wp-content\/uploads\/sites\/4\/2022\/01\/Logo-ALISO-Reseau-2.png","contentUrl":"https:\/\/aliso.fr\/reseau\/wp-content\/uploads\/sites\/4\/2022\/01\/Logo-ALISO-Reseau-2.png","width":900,"height":970,"caption":"Aliso R\u00e9seau"},"image":{"@id":"https:\/\/aliso.fr\/reseau\/#\/schema\/logo\/image\/"}},{"@type":"Person","@id":"https:\/\/aliso.fr\/reseau\/#\/schema\/person\/056af145b9c52eee21a9f739489104a5","name":"laure"}]}},"_links":{"self":[{"href":"https:\/\/aliso.fr\/reseau\/wp-json\/wp\/v2\/posts\/1227","targetHints":{"allow":["GET"]}}],"collection":[{"href":"https:\/\/aliso.fr\/reseau\/wp-json\/wp\/v2\/posts"}],"about":[{"href":"https:\/\/aliso.fr\/reseau\/wp-json\/wp\/v2\/types\/post"}],"author":[{"embeddable":true,"href":"https:\/\/aliso.fr\/reseau\/wp-json\/wp\/v2\/users\/3"}],"replies":[{"embeddable":true,"href":"https:\/\/aliso.fr\/reseau\/wp-json\/wp\/v2\/comments?post=1227"}],"version-history":[{"count":5,"href":"https:\/\/aliso.fr\/reseau\/wp-json\/wp\/v2\/posts\/1227\/revisions"}],"predecessor-version":[{"id":1276,"href":"https:\/\/aliso.fr\/reseau\/wp-json\/wp\/v2\/posts\/1227\/revisions\/1276"}],"wp:featuredmedia":[{"embeddable":true,"href":"https:\/\/aliso.fr\/reseau\/wp-json\/wp\/v2\/media\/1228"}],"wp:attachment":[{"href":"https:\/\/aliso.fr\/reseau\/wp-json\/wp\/v2\/media?parent=1227"}],"wp:term":[{"taxonomy":"category","embeddable":true,"href":"https:\/\/aliso.fr\/reseau\/wp-json\/wp\/v2\/categories?post=1227"},{"taxonomy":"post_tag","embeddable":true,"href":"https:\/\/aliso.fr\/reseau\/wp-json\/wp\/v2\/tags?post=1227"}],"curies":[{"name":"wp","href":"https:\/\/api.w.org\/{rel}","templated":true}]}}