{"id":1328,"date":"2022-12-07T15:40:13","date_gmt":"2022-12-07T14:40:13","guid":{"rendered":"https:\/\/aliso.fr\/reseau\/?p=1328"},"modified":"2022-12-14T10:21:02","modified_gmt":"2022-12-14T09:21:02","slug":"appel-a-participation-du-crajep-na","status":"publish","type":"post","link":"https:\/\/aliso.fr\/reseau\/appel-a-participation-du-crajep-na\/","title":{"rendered":"APPEL \u00e0 PARTICIPATION DU CRAJEP NA"},"content":{"rendered":"\n<p>On vous partage l\u2019appel \u00e0 participation \u00e0 destination des mouvements membres du CRAJEP NA : les adh\u00e9rent.es mais \u00e9galement les adh\u00e9rent.es des adh\u00e9rent.es&nbsp;du CRAJEP NA donc toutes les structures adh\u00e9rentes d&rsquo;ALISO puisque nous sommes membres. Si \u00e7a vous botte, parlez nous en ! <\/p>\n\n\n\n<p><strong>Le Conseil d&rsquo;Administration du CRAJEPNA s&rsquo;est dot\u00e9 d&rsquo;une feuille de route pour l&rsquo;ann\u00e9e 2023 mettant en exergue 4 projets prioritaires qui viendront nourrir tout au long de l\u2019ann\u00e9e son r\u00e9seau et son plaidoyer :<\/strong><\/p>\n\n\n\n<p>&#8211; l&rsquo;animation du collectif EducPopNum qui met au travail les liens r\u00e9ciproques entre l\u2019\u00e9ducation populaire et le num\u00e9rique<\/p>\n\n\n\n<p>&#8211; la coordination du JEPLAB et son chantier th\u00e9matique \u00ab\u00a0La participation des jeunes \u00e0 la vie sociale et politique en Nouvelle-Aquitaine : quelles in\u00e9galit\u00e9s?\u00a0\u00bb<\/p>\n\n\n\n<p>&#8211; la dynamisation d&rsquo;un axe Europe\/international<\/p>\n\n\n\n<p>&#8211; la structuration d\u2019un groupe de travail BAFA\/BAFD<\/p>\n\n\n\n<p>L&rsquo;id\u00e9e est de positionner ALISO ou une structure du r\u00e9seau sur un ou plusieurs comit\u00e9s de pilotage rattach\u00e9s \u00e0 ces axes via des repr\u00e9sentant.es issu.es de nos \u00e9quipes de professionnel.les et de b\u00e9n\u00e9voles.<\/p>\n\n\n\n<p>Objectif pour nous : repr\u00e9senter notre mouvement et alimenter les r\u00e9flexions et l\u2019expertise collective produites par le CRAJEPNA pour aboutir \u00e0 des r\u00e9alisations concr\u00e8tes.<\/p>\n\n\n\n<p>Ces comit\u00e9s de pilotage ont pour objectif de r\u00e9unir de fa\u00e7on p\u00e9renne et r\u00e9guli\u00e8re (une demie journ\u00e9e tous les 2 mois) les personnes qui \u00e9laboreront strat\u00e9giquement les projets \u2013 r\u00e9pondant \u00e0 nos besoins \u2013 et participeront \u00e0 mettre en place op\u00e9rationnellement les actions. De ces COPIL \u00e9maneront des propositions d\u2019actions permettant une implication plus ponctuelle dans les projets, mais l&rsquo;id\u00e9e de d\u00e9part est bien aujourd\u2019hui de nous impliquer activement et avec une forme de continuit\u00e9 dans les comit\u00e9s de pilotage.<\/p>\n\n\n\n<p>Pour cela, le CRAJEP NA nous propose plusieurs temps forts d\u00e9but 2023&nbsp;:<\/p>\n\n\n\n<p>&#8211; <strong>jeudi 12 janvier 9h30\/12h : visio Europe\/international<\/strong> pour \u00e9changer avec les membres du CRAJEPNA qui portent ou souhaitent porter des projets europ\u00e9ens&nbsp;; avoir une connaissance de ce que chacun.e fait en la mati\u00e8re&nbsp;; penser la place du CRAJEPNA sur cette th\u00e9matique  <br>(ATTENTION, SUR CE MEME CRENEAU, ON A REUNION DE PREPA ALISO&rsquo;POP EN DIRECT A GUERET !!)<\/p>\n\n\n\n<p>Un lien pour une visio est disponible.<\/p>\n\n\n\n<p>&#8211; <strong>mercredi 25 janvier 9h30\/12h : visio EducPopNum <\/strong>autour de la feuille de route 2023 pens\u00e9e en 2022 (le CRAJEP NA pr\u00e9voit notamment l\u2019organisation d\u2019Assises sur la sobri\u00e9t\u00e9 num\u00e9rique \u00e0 l\u2019automne)<\/p>\n\n\n\n<p>Un lien pour une visio est disponible aussi.<\/p>\n\n\n\n<p>&#8211; <strong>mardi 31 janvier 10h\/12h30&nbsp;: \u00e0 l\u2019UFCV (12 rue Pierre Loti \u2013 33800 Bordeaux) r\u00e9union YouPart 3<\/strong> pour constituer le groupe de participant.es fran\u00e7ais.es \u00e0 l&rsquo;\u00e9tape polonaise du projet de s\u00e9minaire europ\u00e9en sur la participation des jeunes en octobre 2023<\/p>\n\n\n\n<p>Un framaform est pr\u00eat \u00e0 accueillir nos inscriptions.<\/p>\n\n\n\n<p>&#8211; <strong>lundi 20 f\u00e9vrier 9h30\/12h&nbsp;: visio BAFA\/BAFD<\/strong> pour pr\u00e9parer le prochain temps de rencontre avec le CRNA et la DRAJES<\/p>\n\n\n\n<p>Lien visio possible aussi.<\/p>\n\n\n\n<p>&#8211; <strong>lundi 27 f\u00e9vrier 10h\/17h : au CRAJEPNA \u00e0 Bordeaux (44 boulevard Georges V \u2013 33000 Bordeaux) COPIL JEPLAB<\/strong> \u00e9largi pour penser la finalisation du chantier et la production\/la diffusion d\u2019un livrable<\/p>\n\n\n\n<p>Un framaform est propos\u00e9 pour s&rsquo;inscrire.<\/p>\n\n\n\n<p>Ces 5 r\u00e9unions ont vocation \u00e0 enclencher collectivement les projets aff\u00e9rents pour une ann\u00e9e 2023 enthousiasmante, dynamique et prolifique&nbsp;!!!&#8211;<\/p>\n\n\n\n<p><strong>Olivia Cau\u00ebt<\/strong>, Charg\u00e9e de missions CRAJEP NA, se tient disponible pour en \u00e9changer avec nous. <br>Si vous \u00eates int\u00e9ress\u00e9s, faites le nous savoir pour qu&rsquo;on mette quelque chose en place au nom du r\u00e9seau.<\/p>\n\n\n\n<p>Pour plus d&rsquo;infos : <a href=\"https:\/\/www.crajep-nouvelleaquitaine.com\/\" target=\"_blank\" rel=\"noreferrer noopener\">https:\/\/www.crajep-nouvelleaquitaine.com\/<\/a><\/p>\n\n\n\n<p>Laure<\/p>\n","protected":false},"excerpt":{"rendered":"<p>On vous partage l\u2019appel \u00e0 participation \u00e0 destination des mouvements membres du CRAJEP NA : les adh\u00e9rent.es mais \u00e9galement les adh\u00e9rent.es des adh\u00e9rent.es&nbsp;du CRAJEP NA donc toutes les structures adh\u00e9rentes d&rsquo;ALISO puisque nous sommes membres. Si \u00e7a vous botte, parlez nous en ! Le Conseil d&rsquo;Administration du CRAJEPNA s&rsquo;est dot\u00e9 d&rsquo;une feuille de route pour&#8230; <a class=\"excerpt-read-more button\" href=\"https:\/\/aliso.fr\/reseau\/appel-a-participation-du-crajep-na\/\" title=\"ReadAPPEL \u00e0 PARTICIPATION DU CRAJEP NA\">En savoir plus &raquo;<\/a><\/p>\n","protected":false},"author":3,"featured_media":1329,"comment_status":"closed","ping_status":"open","sticky":false,"template":"","format":"standard","meta":{"footnotes":""},"categories":[3],"tags":[],"class_list":["post-1328","post","type-post","status-publish","format-standard","has-post-thumbnail","hentry","category-actualite"],"yoast_head":"<!-- This site is optimized with the Yoast SEO plugin v27.4 - https:\/\/yoast.com\/product\/yoast-seo-wordpress\/ -->\n<title>APPEL \u00e0 PARTICIPATION DU CRAJEP NA - Aliso R\u00e9seau<\/title>\n<meta name=\"robots\" content=\"index, follow, max-snippet:-1, max-image-preview:large, max-video-preview:-1\" \/>\n<link rel=\"canonical\" href=\"https:\/\/aliso.fr\/reseau\/appel-a-participation-du-crajep-na\/\" \/>\n<meta property=\"og:locale\" content=\"fr_FR\" \/>\n<meta property=\"og:type\" content=\"article\" \/>\n<meta property=\"og:title\" content=\"APPEL \u00e0 PARTICIPATION DU CRAJEP NA - Aliso R\u00e9seau\" \/>\n<meta property=\"og:description\" content=\"On vous partage l\u2019appel \u00e0 participation \u00e0 destination des mouvements membres du CRAJEP NA : les adh\u00e9rent.es mais \u00e9galement les adh\u00e9rent.es des adh\u00e9rent.es&nbsp;du CRAJEP NA donc toutes les structures adh\u00e9rentes d&rsquo;ALISO puisque nous sommes membres. Si \u00e7a vous botte, parlez nous en ! Le Conseil d&rsquo;Administration du CRAJEPNA s&rsquo;est dot\u00e9 d&rsquo;une feuille de route pour... En savoir plus &raquo;\" \/>\n<meta property=\"og:url\" content=\"https:\/\/aliso.fr\/reseau\/appel-a-participation-du-crajep-na\/\" \/>\n<meta property=\"og:site_name\" content=\"Aliso R\u00e9seau\" \/>\n<meta property=\"article:published_time\" content=\"2022-12-07T14:40:13+00:00\" \/>\n<meta property=\"article:modified_time\" content=\"2022-12-14T09:21:02+00:00\" \/>\n<meta property=\"og:image\" content=\"https:\/\/aliso.fr\/reseau\/wp-content\/uploads\/sites\/4\/2022\/12\/crajep-na.png\" \/>\n\t<meta property=\"og:image:width\" content=\"580\" \/>\n\t<meta property=\"og:image:height\" content=\"399\" \/>\n\t<meta property=\"og:image:type\" content=\"image\/png\" \/>\n<meta name=\"author\" content=\"laure\" \/>\n<meta name=\"twitter:card\" content=\"summary_large_image\" \/>\n<script type=\"application\/ld+json\" class=\"yoast-schema-graph\">{\"@context\":\"https:\\\/\\\/schema.org\",\"@graph\":[{\"@type\":\"Article\",\"@id\":\"https:\\\/\\\/aliso.fr\\\/reseau\\\/appel-a-participation-du-crajep-na\\\/#article\",\"isPartOf\":{\"@id\":\"https:\\\/\\\/aliso.fr\\\/reseau\\\/appel-a-participation-du-crajep-na\\\/\"},\"author\":{\"name\":\"laure\",\"@id\":\"https:\\\/\\\/aliso.fr\\\/reseau\\\/#\\\/schema\\\/person\\\/056af145b9c52eee21a9f739489104a5\"},\"headline\":\"APPEL \u00e0 PARTICIPATION DU CRAJEP NA\",\"datePublished\":\"2022-12-07T14:40:13+00:00\",\"dateModified\":\"2022-12-14T09:21:02+00:00\",\"mainEntityOfPage\":{\"@id\":\"https:\\\/\\\/aliso.fr\\\/reseau\\\/appel-a-participation-du-crajep-na\\\/\"},\"wordCount\":631,\"publisher\":{\"@id\":\"https:\\\/\\\/aliso.fr\\\/reseau\\\/#organization\"},\"image\":{\"@id\":\"https:\\\/\\\/aliso.fr\\\/reseau\\\/appel-a-participation-du-crajep-na\\\/#primaryimage\"},\"thumbnailUrl\":\"https:\\\/\\\/aliso.fr\\\/reseau\\\/wp-content\\\/uploads\\\/sites\\\/4\\\/2022\\\/12\\\/crajep-na.png\",\"articleSection\":[\"Actualit\u00e9\"],\"inLanguage\":\"fr-FR\"},{\"@type\":\"WebPage\",\"@id\":\"https:\\\/\\\/aliso.fr\\\/reseau\\\/appel-a-participation-du-crajep-na\\\/\",\"url\":\"https:\\\/\\\/aliso.fr\\\/reseau\\\/appel-a-participation-du-crajep-na\\\/\",\"name\":\"APPEL \u00e0 PARTICIPATION DU CRAJEP NA - Aliso R\u00e9seau\",\"isPartOf\":{\"@id\":\"https:\\\/\\\/aliso.fr\\\/reseau\\\/#website\"},\"primaryImageOfPage\":{\"@id\":\"https:\\\/\\\/aliso.fr\\\/reseau\\\/appel-a-participation-du-crajep-na\\\/#primaryimage\"},\"image\":{\"@id\":\"https:\\\/\\\/aliso.fr\\\/reseau\\\/appel-a-participation-du-crajep-na\\\/#primaryimage\"},\"thumbnailUrl\":\"https:\\\/\\\/aliso.fr\\\/reseau\\\/wp-content\\\/uploads\\\/sites\\\/4\\\/2022\\\/12\\\/crajep-na.png\",\"datePublished\":\"2022-12-07T14:40:13+00:00\",\"dateModified\":\"2022-12-14T09:21:02+00:00\",\"breadcrumb\":{\"@id\":\"https:\\\/\\\/aliso.fr\\\/reseau\\\/appel-a-participation-du-crajep-na\\\/#breadcrumb\"},\"inLanguage\":\"fr-FR\",\"potentialAction\":[{\"@type\":\"ReadAction\",\"target\":[\"https:\\\/\\\/aliso.fr\\\/reseau\\\/appel-a-participation-du-crajep-na\\\/\"]}]},{\"@type\":\"ImageObject\",\"inLanguage\":\"fr-FR\",\"@id\":\"https:\\\/\\\/aliso.fr\\\/reseau\\\/appel-a-participation-du-crajep-na\\\/#primaryimage\",\"url\":\"https:\\\/\\\/aliso.fr\\\/reseau\\\/wp-content\\\/uploads\\\/sites\\\/4\\\/2022\\\/12\\\/crajep-na.png\",\"contentUrl\":\"https:\\\/\\\/aliso.fr\\\/reseau\\\/wp-content\\\/uploads\\\/sites\\\/4\\\/2022\\\/12\\\/crajep-na.png\",\"width\":580,\"height\":399},{\"@type\":\"BreadcrumbList\",\"@id\":\"https:\\\/\\\/aliso.fr\\\/reseau\\\/appel-a-participation-du-crajep-na\\\/#breadcrumb\",\"itemListElement\":[{\"@type\":\"ListItem\",\"position\":1,\"name\":\"Accueil\",\"item\":\"https:\\\/\\\/aliso.fr\\\/reseau\\\/\"},{\"@type\":\"ListItem\",\"position\":2,\"name\":\"Actualit\u00e9\",\"item\":\"https:\\\/\\\/aliso.fr\\\/reseau\\\/actualite\\\/\"},{\"@type\":\"ListItem\",\"position\":3,\"name\":\"APPEL \u00e0 PARTICIPATION DU CRAJEP NA\"}]},{\"@type\":\"WebSite\",\"@id\":\"https:\\\/\\\/aliso.fr\\\/reseau\\\/#website\",\"url\":\"https:\\\/\\\/aliso.fr\\\/reseau\\\/\",\"name\":\"Aliso R\u00e9seau\",\"description\":\"R\u00e9seau Creusois des acteurs du lien social\",\"publisher\":{\"@id\":\"https:\\\/\\\/aliso.fr\\\/reseau\\\/#organization\"},\"potentialAction\":[{\"@type\":\"SearchAction\",\"target\":{\"@type\":\"EntryPoint\",\"urlTemplate\":\"https:\\\/\\\/aliso.fr\\\/reseau\\\/?s={search_term_string}\"},\"query-input\":{\"@type\":\"PropertyValueSpecification\",\"valueRequired\":true,\"valueName\":\"search_term_string\"}}],\"inLanguage\":\"fr-FR\"},{\"@type\":\"Organization\",\"@id\":\"https:\\\/\\\/aliso.fr\\\/reseau\\\/#organization\",\"name\":\"Aliso R\u00e9seau\",\"url\":\"https:\\\/\\\/aliso.fr\\\/reseau\\\/\",\"logo\":{\"@type\":\"ImageObject\",\"inLanguage\":\"fr-FR\",\"@id\":\"https:\\\/\\\/aliso.fr\\\/reseau\\\/#\\\/schema\\\/logo\\\/image\\\/\",\"url\":\"https:\\\/\\\/aliso.fr\\\/reseau\\\/wp-content\\\/uploads\\\/sites\\\/4\\\/2022\\\/01\\\/Logo-ALISO-Reseau-2.png\",\"contentUrl\":\"https:\\\/\\\/aliso.fr\\\/reseau\\\/wp-content\\\/uploads\\\/sites\\\/4\\\/2022\\\/01\\\/Logo-ALISO-Reseau-2.png\",\"width\":900,\"height\":970,\"caption\":\"Aliso R\u00e9seau\"},\"image\":{\"@id\":\"https:\\\/\\\/aliso.fr\\\/reseau\\\/#\\\/schema\\\/logo\\\/image\\\/\"}},{\"@type\":\"Person\",\"@id\":\"https:\\\/\\\/aliso.fr\\\/reseau\\\/#\\\/schema\\\/person\\\/056af145b9c52eee21a9f739489104a5\",\"name\":\"laure\"}]}<\/script>\n<!-- \/ Yoast SEO plugin. -->","yoast_head_json":{"title":"APPEL \u00e0 PARTICIPATION DU CRAJEP NA - Aliso R\u00e9seau","robots":{"index":"index","follow":"follow","max-snippet":"max-snippet:-1","max-image-preview":"max-image-preview:large","max-video-preview":"max-video-preview:-1"},"canonical":"https:\/\/aliso.fr\/reseau\/appel-a-participation-du-crajep-na\/","og_locale":"fr_FR","og_type":"article","og_title":"APPEL \u00e0 PARTICIPATION DU CRAJEP NA - Aliso R\u00e9seau","og_description":"On vous partage l\u2019appel \u00e0 participation \u00e0 destination des mouvements membres du CRAJEP NA : les adh\u00e9rent.es mais \u00e9galement les adh\u00e9rent.es des adh\u00e9rent.es&nbsp;du CRAJEP NA donc toutes les structures adh\u00e9rentes d&rsquo;ALISO puisque nous sommes membres. Si \u00e7a vous botte, parlez nous en ! Le Conseil d&rsquo;Administration du CRAJEPNA s&rsquo;est dot\u00e9 d&rsquo;une feuille de route pour... En savoir plus &raquo;","og_url":"https:\/\/aliso.fr\/reseau\/appel-a-participation-du-crajep-na\/","og_site_name":"Aliso R\u00e9seau","article_published_time":"2022-12-07T14:40:13+00:00","article_modified_time":"2022-12-14T09:21:02+00:00","og_image":[{"width":580,"height":399,"url":"https:\/\/aliso.fr\/reseau\/wp-content\/uploads\/sites\/4\/2022\/12\/crajep-na.png","type":"image\/png"}],"author":"laure","twitter_card":"summary_large_image","schema":{"@context":"https:\/\/schema.org","@graph":[{"@type":"Article","@id":"https:\/\/aliso.fr\/reseau\/appel-a-participation-du-crajep-na\/#article","isPartOf":{"@id":"https:\/\/aliso.fr\/reseau\/appel-a-participation-du-crajep-na\/"},"author":{"name":"laure","@id":"https:\/\/aliso.fr\/reseau\/#\/schema\/person\/056af145b9c52eee21a9f739489104a5"},"headline":"APPEL \u00e0 PARTICIPATION DU CRAJEP NA","datePublished":"2022-12-07T14:40:13+00:00","dateModified":"2022-12-14T09:21:02+00:00","mainEntityOfPage":{"@id":"https:\/\/aliso.fr\/reseau\/appel-a-participation-du-crajep-na\/"},"wordCount":631,"publisher":{"@id":"https:\/\/aliso.fr\/reseau\/#organization"},"image":{"@id":"https:\/\/aliso.fr\/reseau\/appel-a-participation-du-crajep-na\/#primaryimage"},"thumbnailUrl":"https:\/\/aliso.fr\/reseau\/wp-content\/uploads\/sites\/4\/2022\/12\/crajep-na.png","articleSection":["Actualit\u00e9"],"inLanguage":"fr-FR"},{"@type":"WebPage","@id":"https:\/\/aliso.fr\/reseau\/appel-a-participation-du-crajep-na\/","url":"https:\/\/aliso.fr\/reseau\/appel-a-participation-du-crajep-na\/","name":"APPEL \u00e0 PARTICIPATION DU CRAJEP NA - Aliso R\u00e9seau","isPartOf":{"@id":"https:\/\/aliso.fr\/reseau\/#website"},"primaryImageOfPage":{"@id":"https:\/\/aliso.fr\/reseau\/appel-a-participation-du-crajep-na\/#primaryimage"},"image":{"@id":"https:\/\/aliso.fr\/reseau\/appel-a-participation-du-crajep-na\/#primaryimage"},"thumbnailUrl":"https:\/\/aliso.fr\/reseau\/wp-content\/uploads\/sites\/4\/2022\/12\/crajep-na.png","datePublished":"2022-12-07T14:40:13+00:00","dateModified":"2022-12-14T09:21:02+00:00","breadcrumb":{"@id":"https:\/\/aliso.fr\/reseau\/appel-a-participation-du-crajep-na\/#breadcrumb"},"inLanguage":"fr-FR","potentialAction":[{"@type":"ReadAction","target":["https:\/\/aliso.fr\/reseau\/appel-a-participation-du-crajep-na\/"]}]},{"@type":"ImageObject","inLanguage":"fr-FR","@id":"https:\/\/aliso.fr\/reseau\/appel-a-participation-du-crajep-na\/#primaryimage","url":"https:\/\/aliso.fr\/reseau\/wp-content\/uploads\/sites\/4\/2022\/12\/crajep-na.png","contentUrl":"https:\/\/aliso.fr\/reseau\/wp-content\/uploads\/sites\/4\/2022\/12\/crajep-na.png","width":580,"height":399},{"@type":"BreadcrumbList","@id":"https:\/\/aliso.fr\/reseau\/appel-a-participation-du-crajep-na\/#breadcrumb","itemListElement":[{"@type":"ListItem","position":1,"name":"Accueil","item":"https:\/\/aliso.fr\/reseau\/"},{"@type":"ListItem","position":2,"name":"Actualit\u00e9","item":"https:\/\/aliso.fr\/reseau\/actualite\/"},{"@type":"ListItem","position":3,"name":"APPEL \u00e0 PARTICIPATION DU CRAJEP NA"}]},{"@type":"WebSite","@id":"https:\/\/aliso.fr\/reseau\/#website","url":"https:\/\/aliso.fr\/reseau\/","name":"Aliso R\u00e9seau","description":"R\u00e9seau Creusois des acteurs du lien social","publisher":{"@id":"https:\/\/aliso.fr\/reseau\/#organization"},"potentialAction":[{"@type":"SearchAction","target":{"@type":"EntryPoint","urlTemplate":"https:\/\/aliso.fr\/reseau\/?s={search_term_string}"},"query-input":{"@type":"PropertyValueSpecification","valueRequired":true,"valueName":"search_term_string"}}],"inLanguage":"fr-FR"},{"@type":"Organization","@id":"https:\/\/aliso.fr\/reseau\/#organization","name":"Aliso R\u00e9seau","url":"https:\/\/aliso.fr\/reseau\/","logo":{"@type":"ImageObject","inLanguage":"fr-FR","@id":"https:\/\/aliso.fr\/reseau\/#\/schema\/logo\/image\/","url":"https:\/\/aliso.fr\/reseau\/wp-content\/uploads\/sites\/4\/2022\/01\/Logo-ALISO-Reseau-2.png","contentUrl":"https:\/\/aliso.fr\/reseau\/wp-content\/uploads\/sites\/4\/2022\/01\/Logo-ALISO-Reseau-2.png","width":900,"height":970,"caption":"Aliso R\u00e9seau"},"image":{"@id":"https:\/\/aliso.fr\/reseau\/#\/schema\/logo\/image\/"}},{"@type":"Person","@id":"https:\/\/aliso.fr\/reseau\/#\/schema\/person\/056af145b9c52eee21a9f739489104a5","name":"laure"}]}},"_links":{"self":[{"href":"https:\/\/aliso.fr\/reseau\/wp-json\/wp\/v2\/posts\/1328","targetHints":{"allow":["GET"]}}],"collection":[{"href":"https:\/\/aliso.fr\/reseau\/wp-json\/wp\/v2\/posts"}],"about":[{"href":"https:\/\/aliso.fr\/reseau\/wp-json\/wp\/v2\/types\/post"}],"author":[{"embeddable":true,"href":"https:\/\/aliso.fr\/reseau\/wp-json\/wp\/v2\/users\/3"}],"replies":[{"embeddable":true,"href":"https:\/\/aliso.fr\/reseau\/wp-json\/wp\/v2\/comments?post=1328"}],"version-history":[{"count":2,"href":"https:\/\/aliso.fr\/reseau\/wp-json\/wp\/v2\/posts\/1328\/revisions"}],"predecessor-version":[{"id":1340,"href":"https:\/\/aliso.fr\/reseau\/wp-json\/wp\/v2\/posts\/1328\/revisions\/1340"}],"wp:featuredmedia":[{"embeddable":true,"href":"https:\/\/aliso.fr\/reseau\/wp-json\/wp\/v2\/media\/1329"}],"wp:attachment":[{"href":"https:\/\/aliso.fr\/reseau\/wp-json\/wp\/v2\/media?parent=1328"}],"wp:term":[{"taxonomy":"category","embeddable":true,"href":"https:\/\/aliso.fr\/reseau\/wp-json\/wp\/v2\/categories?post=1328"},{"taxonomy":"post_tag","embeddable":true,"href":"https:\/\/aliso.fr\/reseau\/wp-json\/wp\/v2\/tags?post=1328"}],"curies":[{"name":"wp","href":"https:\/\/api.w.org\/{rel}","templated":true}]}}