{"id":1423,"date":"2023-01-09T15:05:44","date_gmt":"2023-01-09T14:05:44","guid":{"rendered":"https:\/\/aliso.fr\/reseau\/?p=1423"},"modified":"2023-02-06T11:06:29","modified_gmt":"2023-02-06T10:06:29","slug":"aliso-sur-facebook","status":"publish","type":"post","link":"https:\/\/aliso.fr\/reseau\/aliso-sur-facebook\/","title":{"rendered":"ALISO ET LE NUMERIQUE"},"content":{"rendered":"\n<figure class=\"wp-block-image size-large\"><img loading=\"lazy\" decoding=\"async\" width=\"587\" height=\"330\" src=\"https:\/\/aliso.fr\/reseau\/wp-content\/uploads\/sites\/4\/2023\/01\/Capture-decran-46-1-587x330.png\" alt=\"\" class=\"wp-image-1425\" srcset=\"https:\/\/aliso.fr\/reseau\/wp-content\/uploads\/sites\/4\/2023\/01\/Capture-decran-46-1-587x330.png 587w, https:\/\/aliso.fr\/reseau\/wp-content\/uploads\/sites\/4\/2023\/01\/Capture-decran-46-1-300x169.png 300w, https:\/\/aliso.fr\/reseau\/wp-content\/uploads\/sites\/4\/2023\/01\/Capture-decran-46-1-768x432.png 768w, https:\/\/aliso.fr\/reseau\/wp-content\/uploads\/sites\/4\/2023\/01\/Capture-decran-46-1-1536x864.png 1536w, https:\/\/aliso.fr\/reseau\/wp-content\/uploads\/sites\/4\/2023\/01\/Capture-decran-46-1-1320x743.png 1320w, https:\/\/aliso.fr\/reseau\/wp-content\/uploads\/sites\/4\/2023\/01\/Capture-decran-46-1.png 1920w\" sizes=\"auto, (max-width: 587px) 100vw, 587px\" \/><\/figure>\n\n\n\n<h2 class=\"wp-block-heading\">UN FACEBOOK POUR ALISO !<\/h2>\n\n\n\n<p>Toujours dans une d\u00e9marche de communication et dans un souci d&rsquo;\u00eatre au plus proche de vos pratiques et habitudes, nous avons mis en place la page Facebook d&rsquo;Aliso depuis la fin 2022.<br>Si cela vous convient plus que le site pour avoir des infos ou pour nous laisser des nouvelles, vous nous trouverez en tapant \u00ab\u00a0<a href=\"https:\/\/www.facebook.com\/ALISO23\">Aliso 23<\/a>\u00a0\u00bb dans votre barre de recherche, ou \u00ab\u00a0Laure ALISO\u00a0\u00bb ou \u00ab\u00a0Fabienne ALISO\u00a0\u00bb ou \u00ab\u00a0Christelle ALISO\u00a0\u00bb.<\/p>\n\n\n\n<h2 class=\"wp-block-heading\">NEWSLETTER ET SURCHARGE DE MAILS<\/h2>\n\n\n\n<p>Afin de ne plus surcharger vos boites mails et pour que nos envois gagnent en efficacit\u00e9, nous avons fait il y a quelques mois le choix de privil\u00e9gier au maximum notre newsletter (un envoi par mois), et de laisser la liste de diffusion \u00ab\u00a0Alisomembres\u00a0\u00bb uniquement pour la diffusion des informations de vos structures. Nous vous invitons donc \u00e0 vous saisir de cette liste si vous souhaitez transmettre vos infos.<br>S&rsquo;il vous arrive de r\u00e9pondre \u00e0 quelqu&rsquo;un\u00b7e en particulier, soyez attentives et attentifs \u00e0 ne pas r\u00e9pondre \u00e0 toustes mais seulement \u00e0 la personne vis\u00e9e.<br>Nous cherchons par ailleurs toujours \u00e0 r\u00e9colter les contacts d&rsquo;administrateur\u00b7ices de vos structures afin de leurs transmettre la newsletter. N&rsquo;h\u00e9sitez donc pas \u00e0 nous les faire remonter.<\/p>\n\n\n\n<h2 class=\"wp-block-heading\">LES DOCS RESSOURCES D&rsquo;ALISO<\/h2>\n\n\n\n<p>Vous pouvez retrouver sur la page R\u00e9seau de <a href=\"https:\/\/aliso.fr\/reseau\/\">notre site<\/a> de nombreux documents ressources. Des comptes-rendus de groupes de travail, des outils d&rsquo;animations, des documents techniques juridiques etc&#8230;<br>Ces documents vous sont destin\u00e9s afin de r\u00e9pondre \u00e0 des besoins quotidiens ou ponctuels. <br>N&rsquo;h\u00e9sitez pas \u00e0 nous signaler si quelque chose vous parait manquer !<\/p>\n","protected":false},"excerpt":{"rendered":"<p>UN FACEBOOK POUR ALISO ! Toujours dans une d\u00e9marche de communication et dans un souci d&rsquo;\u00eatre au plus proche de vos pratiques et habitudes, nous avons mis en place la page Facebook d&rsquo;Aliso depuis la fin 2022.Si cela vous convient plus que le site pour avoir des infos ou pour nous laisser des nouvelles, vous&#8230; <a class=\"excerpt-read-more button\" href=\"https:\/\/aliso.fr\/reseau\/aliso-sur-facebook\/\" title=\"ReadALISO ET LE NUMERIQUE\">En savoir plus &raquo;<\/a><\/p>\n","protected":false},"author":3,"featured_media":1424,"comment_status":"closed","ping_status":"open","sticky":false,"template":"","format":"standard","meta":{"footnotes":""},"categories":[3],"tags":[],"class_list":["post-1423","post","type-post","status-publish","format-standard","has-post-thumbnail","hentry","category-actualite"],"yoast_head":"<!-- This site is optimized with the Yoast SEO plugin v27.5 - https:\/\/yoast.com\/product\/yoast-seo-wordpress\/ -->\n<title>ALISO ET LE NUMERIQUE - Aliso R\u00e9seau<\/title>\n<meta name=\"robots\" content=\"index, follow, max-snippet:-1, max-image-preview:large, max-video-preview:-1\" \/>\n<link rel=\"canonical\" href=\"https:\/\/aliso.fr\/reseau\/aliso-sur-facebook\/\" \/>\n<meta property=\"og:locale\" content=\"fr_FR\" \/>\n<meta property=\"og:type\" content=\"article\" \/>\n<meta property=\"og:title\" content=\"ALISO ET LE NUMERIQUE - Aliso R\u00e9seau\" \/>\n<meta property=\"og:description\" content=\"UN FACEBOOK POUR ALISO ! Toujours dans une d\u00e9marche de communication et dans un souci d&rsquo;\u00eatre au plus proche de vos pratiques et habitudes, nous avons mis en place la page Facebook d&rsquo;Aliso depuis la fin 2022.Si cela vous convient plus que le site pour avoir des infos ou pour nous laisser des nouvelles, vous... En savoir plus &raquo;\" \/>\n<meta property=\"og:url\" content=\"https:\/\/aliso.fr\/reseau\/aliso-sur-facebook\/\" \/>\n<meta property=\"og:site_name\" content=\"Aliso R\u00e9seau\" \/>\n<meta property=\"article:published_time\" content=\"2023-01-09T14:05:44+00:00\" \/>\n<meta property=\"article:modified_time\" content=\"2023-02-06T10:06:29+00:00\" \/>\n<meta property=\"og:image\" content=\"https:\/\/aliso.fr\/reseau\/wp-content\/uploads\/sites\/4\/2023\/01\/Capture-decran-46.png\" \/>\n\t<meta property=\"og:image:width\" content=\"1920\" \/>\n\t<meta property=\"og:image:height\" content=\"1080\" \/>\n\t<meta property=\"og:image:type\" content=\"image\/png\" \/>\n<meta name=\"author\" content=\"laure\" \/>\n<meta name=\"twitter:card\" content=\"summary_large_image\" \/>\n<script type=\"application\/ld+json\" class=\"yoast-schema-graph\">{\"@context\":\"https:\\\/\\\/schema.org\",\"@graph\":[{\"@type\":\"Article\",\"@id\":\"https:\\\/\\\/aliso.fr\\\/reseau\\\/aliso-sur-facebook\\\/#article\",\"isPartOf\":{\"@id\":\"https:\\\/\\\/aliso.fr\\\/reseau\\\/aliso-sur-facebook\\\/\"},\"author\":{\"name\":\"laure\",\"@id\":\"https:\\\/\\\/aliso.fr\\\/reseau\\\/#\\\/schema\\\/person\\\/056af145b9c52eee21a9f739489104a5\"},\"headline\":\"ALISO ET LE NUMERIQUE\",\"datePublished\":\"2023-01-09T14:05:44+00:00\",\"dateModified\":\"2023-02-06T10:06:29+00:00\",\"mainEntityOfPage\":{\"@id\":\"https:\\\/\\\/aliso.fr\\\/reseau\\\/aliso-sur-facebook\\\/\"},\"wordCount\":273,\"publisher\":{\"@id\":\"https:\\\/\\\/aliso.fr\\\/reseau\\\/#organization\"},\"image\":{\"@id\":\"https:\\\/\\\/aliso.fr\\\/reseau\\\/aliso-sur-facebook\\\/#primaryimage\"},\"thumbnailUrl\":\"https:\\\/\\\/aliso.fr\\\/reseau\\\/wp-content\\\/uploads\\\/sites\\\/4\\\/2023\\\/01\\\/Capture-decran-46.png\",\"articleSection\":[\"Actualit\u00e9\"],\"inLanguage\":\"fr-FR\"},{\"@type\":\"WebPage\",\"@id\":\"https:\\\/\\\/aliso.fr\\\/reseau\\\/aliso-sur-facebook\\\/\",\"url\":\"https:\\\/\\\/aliso.fr\\\/reseau\\\/aliso-sur-facebook\\\/\",\"name\":\"ALISO ET LE NUMERIQUE - Aliso R\u00e9seau\",\"isPartOf\":{\"@id\":\"https:\\\/\\\/aliso.fr\\\/reseau\\\/#website\"},\"primaryImageOfPage\":{\"@id\":\"https:\\\/\\\/aliso.fr\\\/reseau\\\/aliso-sur-facebook\\\/#primaryimage\"},\"image\":{\"@id\":\"https:\\\/\\\/aliso.fr\\\/reseau\\\/aliso-sur-facebook\\\/#primaryimage\"},\"thumbnailUrl\":\"https:\\\/\\\/aliso.fr\\\/reseau\\\/wp-content\\\/uploads\\\/sites\\\/4\\\/2023\\\/01\\\/Capture-decran-46.png\",\"datePublished\":\"2023-01-09T14:05:44+00:00\",\"dateModified\":\"2023-02-06T10:06:29+00:00\",\"breadcrumb\":{\"@id\":\"https:\\\/\\\/aliso.fr\\\/reseau\\\/aliso-sur-facebook\\\/#breadcrumb\"},\"inLanguage\":\"fr-FR\",\"potentialAction\":[{\"@type\":\"ReadAction\",\"target\":[\"https:\\\/\\\/aliso.fr\\\/reseau\\\/aliso-sur-facebook\\\/\"]}]},{\"@type\":\"ImageObject\",\"inLanguage\":\"fr-FR\",\"@id\":\"https:\\\/\\\/aliso.fr\\\/reseau\\\/aliso-sur-facebook\\\/#primaryimage\",\"url\":\"https:\\\/\\\/aliso.fr\\\/reseau\\\/wp-content\\\/uploads\\\/sites\\\/4\\\/2023\\\/01\\\/Capture-decran-46.png\",\"contentUrl\":\"https:\\\/\\\/aliso.fr\\\/reseau\\\/wp-content\\\/uploads\\\/sites\\\/4\\\/2023\\\/01\\\/Capture-decran-46.png\",\"width\":1920,\"height\":1080},{\"@type\":\"BreadcrumbList\",\"@id\":\"https:\\\/\\\/aliso.fr\\\/reseau\\\/aliso-sur-facebook\\\/#breadcrumb\",\"itemListElement\":[{\"@type\":\"ListItem\",\"position\":1,\"name\":\"Accueil\",\"item\":\"https:\\\/\\\/aliso.fr\\\/reseau\\\/\"},{\"@type\":\"ListItem\",\"position\":2,\"name\":\"Actualit\u00e9\",\"item\":\"https:\\\/\\\/aliso.fr\\\/reseau\\\/actualite\\\/\"},{\"@type\":\"ListItem\",\"position\":3,\"name\":\"ALISO ET LE NUMERIQUE\"}]},{\"@type\":\"WebSite\",\"@id\":\"https:\\\/\\\/aliso.fr\\\/reseau\\\/#website\",\"url\":\"https:\\\/\\\/aliso.fr\\\/reseau\\\/\",\"name\":\"Aliso R\u00e9seau\",\"description\":\"R\u00e9seau Creusois des acteurs du lien social\",\"publisher\":{\"@id\":\"https:\\\/\\\/aliso.fr\\\/reseau\\\/#organization\"},\"potentialAction\":[{\"@type\":\"SearchAction\",\"target\":{\"@type\":\"EntryPoint\",\"urlTemplate\":\"https:\\\/\\\/aliso.fr\\\/reseau\\\/?s={search_term_string}\"},\"query-input\":{\"@type\":\"PropertyValueSpecification\",\"valueRequired\":true,\"valueName\":\"search_term_string\"}}],\"inLanguage\":\"fr-FR\"},{\"@type\":\"Organization\",\"@id\":\"https:\\\/\\\/aliso.fr\\\/reseau\\\/#organization\",\"name\":\"Aliso R\u00e9seau\",\"url\":\"https:\\\/\\\/aliso.fr\\\/reseau\\\/\",\"logo\":{\"@type\":\"ImageObject\",\"inLanguage\":\"fr-FR\",\"@id\":\"https:\\\/\\\/aliso.fr\\\/reseau\\\/#\\\/schema\\\/logo\\\/image\\\/\",\"url\":\"https:\\\/\\\/aliso.fr\\\/reseau\\\/wp-content\\\/uploads\\\/sites\\\/4\\\/2022\\\/01\\\/Logo-ALISO-Reseau-2.png\",\"contentUrl\":\"https:\\\/\\\/aliso.fr\\\/reseau\\\/wp-content\\\/uploads\\\/sites\\\/4\\\/2022\\\/01\\\/Logo-ALISO-Reseau-2.png\",\"width\":900,\"height\":970,\"caption\":\"Aliso R\u00e9seau\"},\"image\":{\"@id\":\"https:\\\/\\\/aliso.fr\\\/reseau\\\/#\\\/schema\\\/logo\\\/image\\\/\"}},{\"@type\":\"Person\",\"@id\":\"https:\\\/\\\/aliso.fr\\\/reseau\\\/#\\\/schema\\\/person\\\/056af145b9c52eee21a9f739489104a5\",\"name\":\"laure\"}]}<\/script>\n<!-- \/ Yoast SEO plugin. -->","yoast_head_json":{"title":"ALISO ET LE NUMERIQUE - Aliso R\u00e9seau","robots":{"index":"index","follow":"follow","max-snippet":"max-snippet:-1","max-image-preview":"max-image-preview:large","max-video-preview":"max-video-preview:-1"},"canonical":"https:\/\/aliso.fr\/reseau\/aliso-sur-facebook\/","og_locale":"fr_FR","og_type":"article","og_title":"ALISO ET LE NUMERIQUE - Aliso R\u00e9seau","og_description":"UN FACEBOOK POUR ALISO ! Toujours dans une d\u00e9marche de communication et dans un souci d&rsquo;\u00eatre au plus proche de vos pratiques et habitudes, nous avons mis en place la page Facebook d&rsquo;Aliso depuis la fin 2022.Si cela vous convient plus que le site pour avoir des infos ou pour nous laisser des nouvelles, vous... En savoir plus &raquo;","og_url":"https:\/\/aliso.fr\/reseau\/aliso-sur-facebook\/","og_site_name":"Aliso R\u00e9seau","article_published_time":"2023-01-09T14:05:44+00:00","article_modified_time":"2023-02-06T10:06:29+00:00","og_image":[{"width":1920,"height":1080,"url":"https:\/\/aliso.fr\/reseau\/wp-content\/uploads\/sites\/4\/2023\/01\/Capture-decran-46.png","type":"image\/png"}],"author":"laure","twitter_card":"summary_large_image","schema":{"@context":"https:\/\/schema.org","@graph":[{"@type":"Article","@id":"https:\/\/aliso.fr\/reseau\/aliso-sur-facebook\/#article","isPartOf":{"@id":"https:\/\/aliso.fr\/reseau\/aliso-sur-facebook\/"},"author":{"name":"laure","@id":"https:\/\/aliso.fr\/reseau\/#\/schema\/person\/056af145b9c52eee21a9f739489104a5"},"headline":"ALISO ET LE NUMERIQUE","datePublished":"2023-01-09T14:05:44+00:00","dateModified":"2023-02-06T10:06:29+00:00","mainEntityOfPage":{"@id":"https:\/\/aliso.fr\/reseau\/aliso-sur-facebook\/"},"wordCount":273,"publisher":{"@id":"https:\/\/aliso.fr\/reseau\/#organization"},"image":{"@id":"https:\/\/aliso.fr\/reseau\/aliso-sur-facebook\/#primaryimage"},"thumbnailUrl":"https:\/\/aliso.fr\/reseau\/wp-content\/uploads\/sites\/4\/2023\/01\/Capture-decran-46.png","articleSection":["Actualit\u00e9"],"inLanguage":"fr-FR"},{"@type":"WebPage","@id":"https:\/\/aliso.fr\/reseau\/aliso-sur-facebook\/","url":"https:\/\/aliso.fr\/reseau\/aliso-sur-facebook\/","name":"ALISO ET LE NUMERIQUE - Aliso R\u00e9seau","isPartOf":{"@id":"https:\/\/aliso.fr\/reseau\/#website"},"primaryImageOfPage":{"@id":"https:\/\/aliso.fr\/reseau\/aliso-sur-facebook\/#primaryimage"},"image":{"@id":"https:\/\/aliso.fr\/reseau\/aliso-sur-facebook\/#primaryimage"},"thumbnailUrl":"https:\/\/aliso.fr\/reseau\/wp-content\/uploads\/sites\/4\/2023\/01\/Capture-decran-46.png","datePublished":"2023-01-09T14:05:44+00:00","dateModified":"2023-02-06T10:06:29+00:00","breadcrumb":{"@id":"https:\/\/aliso.fr\/reseau\/aliso-sur-facebook\/#breadcrumb"},"inLanguage":"fr-FR","potentialAction":[{"@type":"ReadAction","target":["https:\/\/aliso.fr\/reseau\/aliso-sur-facebook\/"]}]},{"@type":"ImageObject","inLanguage":"fr-FR","@id":"https:\/\/aliso.fr\/reseau\/aliso-sur-facebook\/#primaryimage","url":"https:\/\/aliso.fr\/reseau\/wp-content\/uploads\/sites\/4\/2023\/01\/Capture-decran-46.png","contentUrl":"https:\/\/aliso.fr\/reseau\/wp-content\/uploads\/sites\/4\/2023\/01\/Capture-decran-46.png","width":1920,"height":1080},{"@type":"BreadcrumbList","@id":"https:\/\/aliso.fr\/reseau\/aliso-sur-facebook\/#breadcrumb","itemListElement":[{"@type":"ListItem","position":1,"name":"Accueil","item":"https:\/\/aliso.fr\/reseau\/"},{"@type":"ListItem","position":2,"name":"Actualit\u00e9","item":"https:\/\/aliso.fr\/reseau\/actualite\/"},{"@type":"ListItem","position":3,"name":"ALISO ET LE NUMERIQUE"}]},{"@type":"WebSite","@id":"https:\/\/aliso.fr\/reseau\/#website","url":"https:\/\/aliso.fr\/reseau\/","name":"Aliso R\u00e9seau","description":"R\u00e9seau Creusois des acteurs du lien social","publisher":{"@id":"https:\/\/aliso.fr\/reseau\/#organization"},"potentialAction":[{"@type":"SearchAction","target":{"@type":"EntryPoint","urlTemplate":"https:\/\/aliso.fr\/reseau\/?s={search_term_string}"},"query-input":{"@type":"PropertyValueSpecification","valueRequired":true,"valueName":"search_term_string"}}],"inLanguage":"fr-FR"},{"@type":"Organization","@id":"https:\/\/aliso.fr\/reseau\/#organization","name":"Aliso R\u00e9seau","url":"https:\/\/aliso.fr\/reseau\/","logo":{"@type":"ImageObject","inLanguage":"fr-FR","@id":"https:\/\/aliso.fr\/reseau\/#\/schema\/logo\/image\/","url":"https:\/\/aliso.fr\/reseau\/wp-content\/uploads\/sites\/4\/2022\/01\/Logo-ALISO-Reseau-2.png","contentUrl":"https:\/\/aliso.fr\/reseau\/wp-content\/uploads\/sites\/4\/2022\/01\/Logo-ALISO-Reseau-2.png","width":900,"height":970,"caption":"Aliso R\u00e9seau"},"image":{"@id":"https:\/\/aliso.fr\/reseau\/#\/schema\/logo\/image\/"}},{"@type":"Person","@id":"https:\/\/aliso.fr\/reseau\/#\/schema\/person\/056af145b9c52eee21a9f739489104a5","name":"laure"}]}},"_links":{"self":[{"href":"https:\/\/aliso.fr\/reseau\/wp-json\/wp\/v2\/posts\/1423","targetHints":{"allow":["GET"]}}],"collection":[{"href":"https:\/\/aliso.fr\/reseau\/wp-json\/wp\/v2\/posts"}],"about":[{"href":"https:\/\/aliso.fr\/reseau\/wp-json\/wp\/v2\/types\/post"}],"author":[{"embeddable":true,"href":"https:\/\/aliso.fr\/reseau\/wp-json\/wp\/v2\/users\/3"}],"replies":[{"embeddable":true,"href":"https:\/\/aliso.fr\/reseau\/wp-json\/wp\/v2\/comments?post=1423"}],"version-history":[{"count":2,"href":"https:\/\/aliso.fr\/reseau\/wp-json\/wp\/v2\/posts\/1423\/revisions"}],"predecessor-version":[{"id":1485,"href":"https:\/\/aliso.fr\/reseau\/wp-json\/wp\/v2\/posts\/1423\/revisions\/1485"}],"wp:featuredmedia":[{"embeddable":true,"href":"https:\/\/aliso.fr\/reseau\/wp-json\/wp\/v2\/media\/1424"}],"wp:attachment":[{"href":"https:\/\/aliso.fr\/reseau\/wp-json\/wp\/v2\/media?parent=1423"}],"wp:term":[{"taxonomy":"category","embeddable":true,"href":"https:\/\/aliso.fr\/reseau\/wp-json\/wp\/v2\/categories?post=1423"},{"taxonomy":"post_tag","embeddable":true,"href":"https:\/\/aliso.fr\/reseau\/wp-json\/wp\/v2\/tags?post=1423"}],"curies":[{"name":"wp","href":"https:\/\/api.w.org\/{rel}","templated":true}]}}