{"id":1436,"date":"2023-01-23T14:17:15","date_gmt":"2023-01-23T13:17:15","guid":{"rendered":"https:\/\/aliso.fr\/reseau\/?p=1436"},"modified":"2023-08-03T12:54:37","modified_gmt":"2023-08-03T10:54:37","slug":"alisopop-2","status":"publish","type":"post","link":"https:\/\/aliso.fr\/reseau\/alisopop-2\/","title":{"rendered":"ALISO&rsquo;POP #2"},"content":{"rendered":"\n<div class=\"wp-block-columns is-layout-flex wp-container-core-columns-is-layout-9d6595d7 wp-block-columns-is-layout-flex\">\n<div class=\"wp-block-column is-layout-flow wp-block-column-is-layout-flow\" style=\"flex-basis:33.33%\">\n<figure class=\"wp-block-image size-large\"><img loading=\"lazy\" decoding=\"async\" width=\"233\" height=\"330\" src=\"https:\/\/aliso.fr\/reseau\/wp-content\/uploads\/sites\/4\/2023\/01\/Copie-de-alis-pop-2-233x330.png\" alt=\"\" class=\"wp-image-1438\" srcset=\"https:\/\/aliso.fr\/reseau\/wp-content\/uploads\/sites\/4\/2023\/01\/Copie-de-alis-pop-2-233x330.png 233w, https:\/\/aliso.fr\/reseau\/wp-content\/uploads\/sites\/4\/2023\/01\/Copie-de-alis-pop-2-134x190.png 134w, https:\/\/aliso.fr\/reseau\/wp-content\/uploads\/sites\/4\/2023\/01\/Copie-de-alis-pop-2-768x1086.png 768w, https:\/\/aliso.fr\/reseau\/wp-content\/uploads\/sites\/4\/2023\/01\/Copie-de-alis-pop-2-1086x1536.png 1086w, https:\/\/aliso.fr\/reseau\/wp-content\/uploads\/sites\/4\/2023\/01\/Copie-de-alis-pop-2-1320x1867.png 1320w, https:\/\/aliso.fr\/reseau\/wp-content\/uploads\/sites\/4\/2023\/01\/Copie-de-alis-pop-2.png 1414w\" sizes=\"auto, (max-width: 233px) 100vw, 233px\" \/><\/figure>\n<\/div>\n\n\n\n<div class=\"wp-block-column is-layout-flow wp-block-column-is-layout-flow\" style=\"flex-basis:66.66%\">\n<p>ALISO&rsquo;POP #2 est en pr\u00e9paration avec l&rsquo;ensemble du r\u00e9seau&#8230; <\/p>\n\n\n\n<p>Une premi\u00e8re rencontre a eu lieu le 12 janvier dans les locaux d&rsquo;Aliso, \u00e0 Gu\u00e9ret. Plusieurs personnes se sont mobilis\u00e9es pour \u00eatre pr\u00e9sentes et amorcer le travail collectif de perception et mise en place du temps de retrouvailles #2 le 12 mai 2023&#8230;. le fameux ALISO&rsquo;POP ! Vous pouvez retrouver le <strong><a href=\"https:\/\/aliso.fr\/reseau\/wp-content\/uploads\/sites\/4\/2023\/01\/CR-PREPA-1-ALISO-POP-2-12-janvier-2023.pdf\" target=\"_blank\" rel=\"noreferrer noopener\">compte-rendu de cette rencontre du 12 janvier 2023<\/a><\/strong> ici afin de mieux comprendre ce qui s&rsquo;est racont\u00e9 et d\u00e9cid\u00e9. <\/p>\n\n\n\n<p><strong>PROCHAIN RDV DE PR\u00c9PARATION : LUNDI 13 MARS 9h30 aux Plateaux Limousins, le Villard, 23460 ROYERE DE VASSIVIERE<\/strong>. <strong>Objectif : d\u00e9finir l&rsquo;animation des temps d&rsquo;animation, on passe au concret!<\/strong><\/p>\n\n\n\n<p>Contactez Paco, rempla\u00e7ant de Laure en tant que facilitateur du r\u00e9seau Aliso au 07 89 01 69 72 pour confirmer votre pr\u00e9sence.  <\/p>\n<\/div>\n<\/div>\n","protected":false},"excerpt":{"rendered":"<p>ALISO&rsquo;POP #2 est en pr\u00e9paration avec l&rsquo;ensemble du r\u00e9seau&#8230; Une premi\u00e8re rencontre a eu lieu le 12 janvier dans les locaux d&rsquo;Aliso, \u00e0 Gu\u00e9ret. Plusieurs personnes se sont mobilis\u00e9es pour \u00eatre pr\u00e9sentes et amorcer le travail collectif de perception et mise en place du temps de retrouvailles #2 le 12 mai 2023&#8230;. le fameux ALISO&rsquo;POP&#8230; <a class=\"excerpt-read-more button\" href=\"https:\/\/aliso.fr\/reseau\/alisopop-2\/\" title=\"ReadALISO&rsquo;POP #2\">En savoir plus &raquo;<\/a><\/p>\n","protected":false},"author":7,"featured_media":1438,"comment_status":"closed","ping_status":"open","sticky":false,"template":"","format":"standard","meta":{"footnotes":""},"categories":[3],"tags":[21,33],"class_list":["post-1436","post","type-post","status-publish","format-standard","has-post-thumbnail","hentry","category-actualite","tag-animation","tag-reseau"],"yoast_head":"<!-- This site is optimized with the Yoast SEO plugin v27.5 - https:\/\/yoast.com\/product\/yoast-seo-wordpress\/ -->\n<title>ALISO&#039;POP #2 - Aliso R\u00e9seau<\/title>\n<meta name=\"robots\" content=\"index, follow, max-snippet:-1, max-image-preview:large, max-video-preview:-1\" \/>\n<link rel=\"canonical\" href=\"https:\/\/aliso.fr\/reseau\/alisopop-2\/\" \/>\n<meta property=\"og:locale\" content=\"fr_FR\" \/>\n<meta property=\"og:type\" content=\"article\" \/>\n<meta property=\"og:title\" content=\"ALISO&#039;POP #2 - Aliso R\u00e9seau\" \/>\n<meta property=\"og:description\" content=\"ALISO&rsquo;POP #2 est en pr\u00e9paration avec l&rsquo;ensemble du r\u00e9seau&#8230; Une premi\u00e8re rencontre a eu lieu le 12 janvier dans les locaux d&rsquo;Aliso, \u00e0 Gu\u00e9ret. Plusieurs personnes se sont mobilis\u00e9es pour \u00eatre pr\u00e9sentes et amorcer le travail collectif de perception et mise en place du temps de retrouvailles #2 le 12 mai 2023&#8230;. le fameux ALISO&rsquo;POP... En savoir plus &raquo;\" \/>\n<meta property=\"og:url\" content=\"https:\/\/aliso.fr\/reseau\/alisopop-2\/\" \/>\n<meta property=\"og:site_name\" content=\"Aliso R\u00e9seau\" \/>\n<meta property=\"article:published_time\" content=\"2023-01-23T13:17:15+00:00\" \/>\n<meta property=\"article:modified_time\" content=\"2023-08-03T10:54:37+00:00\" \/>\n<meta property=\"og:image\" content=\"https:\/\/aliso.fr\/reseau\/wp-content\/uploads\/sites\/4\/2023\/01\/Copie-de-alis-pop-2.png\" \/>\n\t<meta property=\"og:image:width\" content=\"1414\" \/>\n\t<meta property=\"og:image:height\" content=\"2000\" \/>\n\t<meta property=\"og:image:type\" content=\"image\/png\" \/>\n<meta name=\"author\" content=\"pauline\" \/>\n<meta name=\"twitter:card\" content=\"summary_large_image\" \/>\n<script type=\"application\/ld+json\" class=\"yoast-schema-graph\">{\"@context\":\"https:\\\/\\\/schema.org\",\"@graph\":[{\"@type\":\"Article\",\"@id\":\"https:\\\/\\\/aliso.fr\\\/reseau\\\/alisopop-2\\\/#article\",\"isPartOf\":{\"@id\":\"https:\\\/\\\/aliso.fr\\\/reseau\\\/alisopop-2\\\/\"},\"author\":{\"name\":\"pauline\",\"@id\":\"https:\\\/\\\/aliso.fr\\\/reseau\\\/#\\\/schema\\\/person\\\/f90e2d6119b8d689c2b8e654d54656b4\"},\"headline\":\"ALISO&rsquo;POP #2\",\"datePublished\":\"2023-01-23T13:17:15+00:00\",\"dateModified\":\"2023-08-03T10:54:37+00:00\",\"mainEntityOfPage\":{\"@id\":\"https:\\\/\\\/aliso.fr\\\/reseau\\\/alisopop-2\\\/\"},\"wordCount\":133,\"publisher\":{\"@id\":\"https:\\\/\\\/aliso.fr\\\/reseau\\\/#organization\"},\"image\":{\"@id\":\"https:\\\/\\\/aliso.fr\\\/reseau\\\/alisopop-2\\\/#primaryimage\"},\"thumbnailUrl\":\"https:\\\/\\\/aliso.fr\\\/reseau\\\/wp-content\\\/uploads\\\/sites\\\/4\\\/2023\\\/01\\\/Copie-de-alis-pop-2.png\",\"keywords\":[\"animation\",\"r\u00e9seau\"],\"articleSection\":[\"Actualit\u00e9\"],\"inLanguage\":\"fr-FR\"},{\"@type\":\"WebPage\",\"@id\":\"https:\\\/\\\/aliso.fr\\\/reseau\\\/alisopop-2\\\/\",\"url\":\"https:\\\/\\\/aliso.fr\\\/reseau\\\/alisopop-2\\\/\",\"name\":\"ALISO'POP #2 - Aliso R\u00e9seau\",\"isPartOf\":{\"@id\":\"https:\\\/\\\/aliso.fr\\\/reseau\\\/#website\"},\"primaryImageOfPage\":{\"@id\":\"https:\\\/\\\/aliso.fr\\\/reseau\\\/alisopop-2\\\/#primaryimage\"},\"image\":{\"@id\":\"https:\\\/\\\/aliso.fr\\\/reseau\\\/alisopop-2\\\/#primaryimage\"},\"thumbnailUrl\":\"https:\\\/\\\/aliso.fr\\\/reseau\\\/wp-content\\\/uploads\\\/sites\\\/4\\\/2023\\\/01\\\/Copie-de-alis-pop-2.png\",\"datePublished\":\"2023-01-23T13:17:15+00:00\",\"dateModified\":\"2023-08-03T10:54:37+00:00\",\"breadcrumb\":{\"@id\":\"https:\\\/\\\/aliso.fr\\\/reseau\\\/alisopop-2\\\/#breadcrumb\"},\"inLanguage\":\"fr-FR\",\"potentialAction\":[{\"@type\":\"ReadAction\",\"target\":[\"https:\\\/\\\/aliso.fr\\\/reseau\\\/alisopop-2\\\/\"]}]},{\"@type\":\"ImageObject\",\"inLanguage\":\"fr-FR\",\"@id\":\"https:\\\/\\\/aliso.fr\\\/reseau\\\/alisopop-2\\\/#primaryimage\",\"url\":\"https:\\\/\\\/aliso.fr\\\/reseau\\\/wp-content\\\/uploads\\\/sites\\\/4\\\/2023\\\/01\\\/Copie-de-alis-pop-2.png\",\"contentUrl\":\"https:\\\/\\\/aliso.fr\\\/reseau\\\/wp-content\\\/uploads\\\/sites\\\/4\\\/2023\\\/01\\\/Copie-de-alis-pop-2.png\",\"width\":1414,\"height\":2000},{\"@type\":\"BreadcrumbList\",\"@id\":\"https:\\\/\\\/aliso.fr\\\/reseau\\\/alisopop-2\\\/#breadcrumb\",\"itemListElement\":[{\"@type\":\"ListItem\",\"position\":1,\"name\":\"Accueil\",\"item\":\"https:\\\/\\\/aliso.fr\\\/reseau\\\/\"},{\"@type\":\"ListItem\",\"position\":2,\"name\":\"Actualit\u00e9\",\"item\":\"https:\\\/\\\/aliso.fr\\\/reseau\\\/actualite\\\/\"},{\"@type\":\"ListItem\",\"position\":3,\"name\":\"ALISO&#8217;POP #2\"}]},{\"@type\":\"WebSite\",\"@id\":\"https:\\\/\\\/aliso.fr\\\/reseau\\\/#website\",\"url\":\"https:\\\/\\\/aliso.fr\\\/reseau\\\/\",\"name\":\"Aliso R\u00e9seau\",\"description\":\"R\u00e9seau Creusois des acteurs du lien social\",\"publisher\":{\"@id\":\"https:\\\/\\\/aliso.fr\\\/reseau\\\/#organization\"},\"potentialAction\":[{\"@type\":\"SearchAction\",\"target\":{\"@type\":\"EntryPoint\",\"urlTemplate\":\"https:\\\/\\\/aliso.fr\\\/reseau\\\/?s={search_term_string}\"},\"query-input\":{\"@type\":\"PropertyValueSpecification\",\"valueRequired\":true,\"valueName\":\"search_term_string\"}}],\"inLanguage\":\"fr-FR\"},{\"@type\":\"Organization\",\"@id\":\"https:\\\/\\\/aliso.fr\\\/reseau\\\/#organization\",\"name\":\"Aliso R\u00e9seau\",\"url\":\"https:\\\/\\\/aliso.fr\\\/reseau\\\/\",\"logo\":{\"@type\":\"ImageObject\",\"inLanguage\":\"fr-FR\",\"@id\":\"https:\\\/\\\/aliso.fr\\\/reseau\\\/#\\\/schema\\\/logo\\\/image\\\/\",\"url\":\"https:\\\/\\\/aliso.fr\\\/reseau\\\/wp-content\\\/uploads\\\/sites\\\/4\\\/2022\\\/01\\\/Logo-ALISO-Reseau-2.png\",\"contentUrl\":\"https:\\\/\\\/aliso.fr\\\/reseau\\\/wp-content\\\/uploads\\\/sites\\\/4\\\/2022\\\/01\\\/Logo-ALISO-Reseau-2.png\",\"width\":900,\"height\":970,\"caption\":\"Aliso R\u00e9seau\"},\"image\":{\"@id\":\"https:\\\/\\\/aliso.fr\\\/reseau\\\/#\\\/schema\\\/logo\\\/image\\\/\"}},{\"@type\":\"Person\",\"@id\":\"https:\\\/\\\/aliso.fr\\\/reseau\\\/#\\\/schema\\\/person\\\/f90e2d6119b8d689c2b8e654d54656b4\",\"name\":\"pauline\"}]}<\/script>\n<!-- \/ Yoast SEO plugin. -->","yoast_head_json":{"title":"ALISO'POP #2 - Aliso R\u00e9seau","robots":{"index":"index","follow":"follow","max-snippet":"max-snippet:-1","max-image-preview":"max-image-preview:large","max-video-preview":"max-video-preview:-1"},"canonical":"https:\/\/aliso.fr\/reseau\/alisopop-2\/","og_locale":"fr_FR","og_type":"article","og_title":"ALISO'POP #2 - Aliso R\u00e9seau","og_description":"ALISO&rsquo;POP #2 est en pr\u00e9paration avec l&rsquo;ensemble du r\u00e9seau&#8230; Une premi\u00e8re rencontre a eu lieu le 12 janvier dans les locaux d&rsquo;Aliso, \u00e0 Gu\u00e9ret. Plusieurs personnes se sont mobilis\u00e9es pour \u00eatre pr\u00e9sentes et amorcer le travail collectif de perception et mise en place du temps de retrouvailles #2 le 12 mai 2023&#8230;. le fameux ALISO&rsquo;POP... En savoir plus &raquo;","og_url":"https:\/\/aliso.fr\/reseau\/alisopop-2\/","og_site_name":"Aliso R\u00e9seau","article_published_time":"2023-01-23T13:17:15+00:00","article_modified_time":"2023-08-03T10:54:37+00:00","og_image":[{"width":1414,"height":2000,"url":"https:\/\/aliso.fr\/reseau\/wp-content\/uploads\/sites\/4\/2023\/01\/Copie-de-alis-pop-2.png","type":"image\/png"}],"author":"pauline","twitter_card":"summary_large_image","schema":{"@context":"https:\/\/schema.org","@graph":[{"@type":"Article","@id":"https:\/\/aliso.fr\/reseau\/alisopop-2\/#article","isPartOf":{"@id":"https:\/\/aliso.fr\/reseau\/alisopop-2\/"},"author":{"name":"pauline","@id":"https:\/\/aliso.fr\/reseau\/#\/schema\/person\/f90e2d6119b8d689c2b8e654d54656b4"},"headline":"ALISO&rsquo;POP #2","datePublished":"2023-01-23T13:17:15+00:00","dateModified":"2023-08-03T10:54:37+00:00","mainEntityOfPage":{"@id":"https:\/\/aliso.fr\/reseau\/alisopop-2\/"},"wordCount":133,"publisher":{"@id":"https:\/\/aliso.fr\/reseau\/#organization"},"image":{"@id":"https:\/\/aliso.fr\/reseau\/alisopop-2\/#primaryimage"},"thumbnailUrl":"https:\/\/aliso.fr\/reseau\/wp-content\/uploads\/sites\/4\/2023\/01\/Copie-de-alis-pop-2.png","keywords":["animation","r\u00e9seau"],"articleSection":["Actualit\u00e9"],"inLanguage":"fr-FR"},{"@type":"WebPage","@id":"https:\/\/aliso.fr\/reseau\/alisopop-2\/","url":"https:\/\/aliso.fr\/reseau\/alisopop-2\/","name":"ALISO'POP #2 - Aliso R\u00e9seau","isPartOf":{"@id":"https:\/\/aliso.fr\/reseau\/#website"},"primaryImageOfPage":{"@id":"https:\/\/aliso.fr\/reseau\/alisopop-2\/#primaryimage"},"image":{"@id":"https:\/\/aliso.fr\/reseau\/alisopop-2\/#primaryimage"},"thumbnailUrl":"https:\/\/aliso.fr\/reseau\/wp-content\/uploads\/sites\/4\/2023\/01\/Copie-de-alis-pop-2.png","datePublished":"2023-01-23T13:17:15+00:00","dateModified":"2023-08-03T10:54:37+00:00","breadcrumb":{"@id":"https:\/\/aliso.fr\/reseau\/alisopop-2\/#breadcrumb"},"inLanguage":"fr-FR","potentialAction":[{"@type":"ReadAction","target":["https:\/\/aliso.fr\/reseau\/alisopop-2\/"]}]},{"@type":"ImageObject","inLanguage":"fr-FR","@id":"https:\/\/aliso.fr\/reseau\/alisopop-2\/#primaryimage","url":"https:\/\/aliso.fr\/reseau\/wp-content\/uploads\/sites\/4\/2023\/01\/Copie-de-alis-pop-2.png","contentUrl":"https:\/\/aliso.fr\/reseau\/wp-content\/uploads\/sites\/4\/2023\/01\/Copie-de-alis-pop-2.png","width":1414,"height":2000},{"@type":"BreadcrumbList","@id":"https:\/\/aliso.fr\/reseau\/alisopop-2\/#breadcrumb","itemListElement":[{"@type":"ListItem","position":1,"name":"Accueil","item":"https:\/\/aliso.fr\/reseau\/"},{"@type":"ListItem","position":2,"name":"Actualit\u00e9","item":"https:\/\/aliso.fr\/reseau\/actualite\/"},{"@type":"ListItem","position":3,"name":"ALISO&#8217;POP #2"}]},{"@type":"WebSite","@id":"https:\/\/aliso.fr\/reseau\/#website","url":"https:\/\/aliso.fr\/reseau\/","name":"Aliso R\u00e9seau","description":"R\u00e9seau Creusois des acteurs du lien social","publisher":{"@id":"https:\/\/aliso.fr\/reseau\/#organization"},"potentialAction":[{"@type":"SearchAction","target":{"@type":"EntryPoint","urlTemplate":"https:\/\/aliso.fr\/reseau\/?s={search_term_string}"},"query-input":{"@type":"PropertyValueSpecification","valueRequired":true,"valueName":"search_term_string"}}],"inLanguage":"fr-FR"},{"@type":"Organization","@id":"https:\/\/aliso.fr\/reseau\/#organization","name":"Aliso R\u00e9seau","url":"https:\/\/aliso.fr\/reseau\/","logo":{"@type":"ImageObject","inLanguage":"fr-FR","@id":"https:\/\/aliso.fr\/reseau\/#\/schema\/logo\/image\/","url":"https:\/\/aliso.fr\/reseau\/wp-content\/uploads\/sites\/4\/2022\/01\/Logo-ALISO-Reseau-2.png","contentUrl":"https:\/\/aliso.fr\/reseau\/wp-content\/uploads\/sites\/4\/2022\/01\/Logo-ALISO-Reseau-2.png","width":900,"height":970,"caption":"Aliso R\u00e9seau"},"image":{"@id":"https:\/\/aliso.fr\/reseau\/#\/schema\/logo\/image\/"}},{"@type":"Person","@id":"https:\/\/aliso.fr\/reseau\/#\/schema\/person\/f90e2d6119b8d689c2b8e654d54656b4","name":"pauline"}]}},"_links":{"self":[{"href":"https:\/\/aliso.fr\/reseau\/wp-json\/wp\/v2\/posts\/1436","targetHints":{"allow":["GET"]}}],"collection":[{"href":"https:\/\/aliso.fr\/reseau\/wp-json\/wp\/v2\/posts"}],"about":[{"href":"https:\/\/aliso.fr\/reseau\/wp-json\/wp\/v2\/types\/post"}],"author":[{"embeddable":true,"href":"https:\/\/aliso.fr\/reseau\/wp-json\/wp\/v2\/users\/7"}],"replies":[{"embeddable":true,"href":"https:\/\/aliso.fr\/reseau\/wp-json\/wp\/v2\/comments?post=1436"}],"version-history":[{"count":5,"href":"https:\/\/aliso.fr\/reseau\/wp-json\/wp\/v2\/posts\/1436\/revisions"}],"predecessor-version":[{"id":1444,"href":"https:\/\/aliso.fr\/reseau\/wp-json\/wp\/v2\/posts\/1436\/revisions\/1444"}],"wp:featuredmedia":[{"embeddable":true,"href":"https:\/\/aliso.fr\/reseau\/wp-json\/wp\/v2\/media\/1438"}],"wp:attachment":[{"href":"https:\/\/aliso.fr\/reseau\/wp-json\/wp\/v2\/media?parent=1436"}],"wp:term":[{"taxonomy":"category","embeddable":true,"href":"https:\/\/aliso.fr\/reseau\/wp-json\/wp\/v2\/categories?post=1436"},{"taxonomy":"post_tag","embeddable":true,"href":"https:\/\/aliso.fr\/reseau\/wp-json\/wp\/v2\/tags?post=1436"}],"curies":[{"name":"wp","href":"https:\/\/api.w.org\/{rel}","templated":true}]}}