{"id":1517,"date":"2023-03-03T14:29:59","date_gmt":"2023-03-03T13:29:59","guid":{"rendered":"https:\/\/aliso.fr\/reseau\/?p=1517"},"modified":"2023-03-03T14:32:07","modified_gmt":"2023-03-03T13:32:07","slug":"reunion-animation-jeunesse","status":"publish","type":"post","link":"https:\/\/aliso.fr\/reseau\/reunion-animation-jeunesse\/","title":{"rendered":"R\u00e9union Animation Jeunesse"},"content":{"rendered":"\n<p>Mardi 28 f\u00e9vrier avait lieu la r\u00e9union du groupe de l&rsquo;aimation jeunesse, \u00e0 Gu\u00e9ret. Neuf structures \u00e9taient repr\u00e9sent\u00e9es (Creuse toujours, Cl\u00e9 de contact, MRJC, La palette, CAVL Agora, Vilaj, CAVL Agir, UDAF CST). L&rsquo;objectif \u00e9tait en priorit\u00e9 de travailler l&rsquo;organisation d&rsquo;une journ\u00e9e commune pour les ados de Creuse, le 12 avril 2023. Ce temps sera une journ\u00e9e d&rsquo;animation plein-air, au chalet des pierres Jaum\u00e2tre, avec en point-d&rsquo;orgue, un parcours d&rsquo;orientation ponctu\u00e9 de d\u00e9fis culturels et sportifs.<\/p>\n\n\n\n<p>Divers sujets plus courts ont aussi \u00e9t\u00e9 soulev\u00e9s, portant sur l&rsquo;organisation quotidienne des structures et les animations \u00e0 venir !<\/p>\n","protected":false},"excerpt":{"rendered":"<p>Mardi 28 f\u00e9vrier avait lieu la r\u00e9union du groupe de l&rsquo;aimation jeunesse, \u00e0 Gu\u00e9ret. Neuf structures \u00e9taient repr\u00e9sent\u00e9es (Creuse toujours, Cl\u00e9 de contact, MRJC, La palette, CAVL Agora, Vilaj, CAVL Agir, UDAF CST). L&rsquo;objectif \u00e9tait en priorit\u00e9 de travailler l&rsquo;organisation d&rsquo;une journ\u00e9e commune pour les ados de Creuse, le 12 avril 2023. Ce temps sera&#8230; <a class=\"excerpt-read-more button\" href=\"https:\/\/aliso.fr\/reseau\/reunion-animation-jeunesse\/\" title=\"ReadR\u00e9union Animation Jeunesse\">En savoir plus &raquo;<\/a><\/p>\n","protected":false},"author":3,"featured_media":1528,"comment_status":"closed","ping_status":"open","sticky":false,"template":"","format":"standard","meta":{"footnotes":""},"categories":[3],"tags":[],"class_list":["post-1517","post","type-post","status-publish","format-standard","has-post-thumbnail","hentry","category-actualite"],"yoast_head":"<!-- This site is optimized with the Yoast SEO plugin v27.4 - https:\/\/yoast.com\/product\/yoast-seo-wordpress\/ -->\n<title>R\u00e9union Animation Jeunesse - Aliso R\u00e9seau<\/title>\n<meta name=\"robots\" content=\"index, follow, max-snippet:-1, max-image-preview:large, max-video-preview:-1\" \/>\n<link rel=\"canonical\" href=\"https:\/\/aliso.fr\/reseau\/reunion-animation-jeunesse\/\" \/>\n<meta property=\"og:locale\" content=\"fr_FR\" \/>\n<meta property=\"og:type\" content=\"article\" \/>\n<meta property=\"og:title\" content=\"R\u00e9union Animation Jeunesse - Aliso R\u00e9seau\" \/>\n<meta property=\"og:description\" content=\"Mardi 28 f\u00e9vrier avait lieu la r\u00e9union du groupe de l&rsquo;aimation jeunesse, \u00e0 Gu\u00e9ret. Neuf structures \u00e9taient repr\u00e9sent\u00e9es (Creuse toujours, Cl\u00e9 de contact, MRJC, La palette, CAVL Agora, Vilaj, CAVL Agir, UDAF CST). L&rsquo;objectif \u00e9tait en priorit\u00e9 de travailler l&rsquo;organisation d&rsquo;une journ\u00e9e commune pour les ados de Creuse, le 12 avril 2023. Ce temps sera... En savoir plus &raquo;\" \/>\n<meta property=\"og:url\" content=\"https:\/\/aliso.fr\/reseau\/reunion-animation-jeunesse\/\" \/>\n<meta property=\"og:site_name\" content=\"Aliso R\u00e9seau\" \/>\n<meta property=\"article:published_time\" content=\"2023-03-03T13:29:59+00:00\" \/>\n<meta property=\"article:modified_time\" content=\"2023-03-03T13:32:07+00:00\" \/>\n<meta property=\"og:image\" content=\"https:\/\/aliso.fr\/reseau\/wp-content\/uploads\/sites\/4\/2023\/03\/IMG_20230228_113256-1.jpg\" \/>\n\t<meta property=\"og:image:width\" content=\"2000\" \/>\n\t<meta property=\"og:image:height\" content=\"1129\" \/>\n\t<meta property=\"og:image:type\" content=\"image\/jpeg\" \/>\n<meta name=\"author\" content=\"laure\" \/>\n<meta name=\"twitter:card\" content=\"summary_large_image\" \/>\n<script type=\"application\/ld+json\" class=\"yoast-schema-graph\">{\"@context\":\"https:\\\/\\\/schema.org\",\"@graph\":[{\"@type\":\"Article\",\"@id\":\"https:\\\/\\\/aliso.fr\\\/reseau\\\/reunion-animation-jeunesse\\\/#article\",\"isPartOf\":{\"@id\":\"https:\\\/\\\/aliso.fr\\\/reseau\\\/reunion-animation-jeunesse\\\/\"},\"author\":{\"name\":\"laure\",\"@id\":\"https:\\\/\\\/aliso.fr\\\/reseau\\\/#\\\/schema\\\/person\\\/056af145b9c52eee21a9f739489104a5\"},\"headline\":\"R\u00e9union Animation Jeunesse\",\"datePublished\":\"2023-03-03T13:29:59+00:00\",\"dateModified\":\"2023-03-03T13:32:07+00:00\",\"mainEntityOfPage\":{\"@id\":\"https:\\\/\\\/aliso.fr\\\/reseau\\\/reunion-animation-jeunesse\\\/\"},\"wordCount\":112,\"publisher\":{\"@id\":\"https:\\\/\\\/aliso.fr\\\/reseau\\\/#organization\"},\"image\":{\"@id\":\"https:\\\/\\\/aliso.fr\\\/reseau\\\/reunion-animation-jeunesse\\\/#primaryimage\"},\"thumbnailUrl\":\"https:\\\/\\\/aliso.fr\\\/reseau\\\/wp-content\\\/uploads\\\/sites\\\/4\\\/2023\\\/03\\\/IMG_20230228_113256-1.jpg\",\"articleSection\":[\"Actualit\u00e9\"],\"inLanguage\":\"fr-FR\"},{\"@type\":\"WebPage\",\"@id\":\"https:\\\/\\\/aliso.fr\\\/reseau\\\/reunion-animation-jeunesse\\\/\",\"url\":\"https:\\\/\\\/aliso.fr\\\/reseau\\\/reunion-animation-jeunesse\\\/\",\"name\":\"R\u00e9union Animation Jeunesse - Aliso R\u00e9seau\",\"isPartOf\":{\"@id\":\"https:\\\/\\\/aliso.fr\\\/reseau\\\/#website\"},\"primaryImageOfPage\":{\"@id\":\"https:\\\/\\\/aliso.fr\\\/reseau\\\/reunion-animation-jeunesse\\\/#primaryimage\"},\"image\":{\"@id\":\"https:\\\/\\\/aliso.fr\\\/reseau\\\/reunion-animation-jeunesse\\\/#primaryimage\"},\"thumbnailUrl\":\"https:\\\/\\\/aliso.fr\\\/reseau\\\/wp-content\\\/uploads\\\/sites\\\/4\\\/2023\\\/03\\\/IMG_20230228_113256-1.jpg\",\"datePublished\":\"2023-03-03T13:29:59+00:00\",\"dateModified\":\"2023-03-03T13:32:07+00:00\",\"breadcrumb\":{\"@id\":\"https:\\\/\\\/aliso.fr\\\/reseau\\\/reunion-animation-jeunesse\\\/#breadcrumb\"},\"inLanguage\":\"fr-FR\",\"potentialAction\":[{\"@type\":\"ReadAction\",\"target\":[\"https:\\\/\\\/aliso.fr\\\/reseau\\\/reunion-animation-jeunesse\\\/\"]}]},{\"@type\":\"ImageObject\",\"inLanguage\":\"fr-FR\",\"@id\":\"https:\\\/\\\/aliso.fr\\\/reseau\\\/reunion-animation-jeunesse\\\/#primaryimage\",\"url\":\"https:\\\/\\\/aliso.fr\\\/reseau\\\/wp-content\\\/uploads\\\/sites\\\/4\\\/2023\\\/03\\\/IMG_20230228_113256-1.jpg\",\"contentUrl\":\"https:\\\/\\\/aliso.fr\\\/reseau\\\/wp-content\\\/uploads\\\/sites\\\/4\\\/2023\\\/03\\\/IMG_20230228_113256-1.jpg\",\"width\":2000,\"height\":1129},{\"@type\":\"BreadcrumbList\",\"@id\":\"https:\\\/\\\/aliso.fr\\\/reseau\\\/reunion-animation-jeunesse\\\/#breadcrumb\",\"itemListElement\":[{\"@type\":\"ListItem\",\"position\":1,\"name\":\"Accueil\",\"item\":\"https:\\\/\\\/aliso.fr\\\/reseau\\\/\"},{\"@type\":\"ListItem\",\"position\":2,\"name\":\"Actualit\u00e9\",\"item\":\"https:\\\/\\\/aliso.fr\\\/reseau\\\/actualite\\\/\"},{\"@type\":\"ListItem\",\"position\":3,\"name\":\"R\u00e9union Animation Jeunesse\"}]},{\"@type\":\"WebSite\",\"@id\":\"https:\\\/\\\/aliso.fr\\\/reseau\\\/#website\",\"url\":\"https:\\\/\\\/aliso.fr\\\/reseau\\\/\",\"name\":\"Aliso R\u00e9seau\",\"description\":\"R\u00e9seau Creusois des acteurs du lien social\",\"publisher\":{\"@id\":\"https:\\\/\\\/aliso.fr\\\/reseau\\\/#organization\"},\"potentialAction\":[{\"@type\":\"SearchAction\",\"target\":{\"@type\":\"EntryPoint\",\"urlTemplate\":\"https:\\\/\\\/aliso.fr\\\/reseau\\\/?s={search_term_string}\"},\"query-input\":{\"@type\":\"PropertyValueSpecification\",\"valueRequired\":true,\"valueName\":\"search_term_string\"}}],\"inLanguage\":\"fr-FR\"},{\"@type\":\"Organization\",\"@id\":\"https:\\\/\\\/aliso.fr\\\/reseau\\\/#organization\",\"name\":\"Aliso R\u00e9seau\",\"url\":\"https:\\\/\\\/aliso.fr\\\/reseau\\\/\",\"logo\":{\"@type\":\"ImageObject\",\"inLanguage\":\"fr-FR\",\"@id\":\"https:\\\/\\\/aliso.fr\\\/reseau\\\/#\\\/schema\\\/logo\\\/image\\\/\",\"url\":\"https:\\\/\\\/aliso.fr\\\/reseau\\\/wp-content\\\/uploads\\\/sites\\\/4\\\/2022\\\/01\\\/Logo-ALISO-Reseau-2.png\",\"contentUrl\":\"https:\\\/\\\/aliso.fr\\\/reseau\\\/wp-content\\\/uploads\\\/sites\\\/4\\\/2022\\\/01\\\/Logo-ALISO-Reseau-2.png\",\"width\":900,\"height\":970,\"caption\":\"Aliso R\u00e9seau\"},\"image\":{\"@id\":\"https:\\\/\\\/aliso.fr\\\/reseau\\\/#\\\/schema\\\/logo\\\/image\\\/\"}},{\"@type\":\"Person\",\"@id\":\"https:\\\/\\\/aliso.fr\\\/reseau\\\/#\\\/schema\\\/person\\\/056af145b9c52eee21a9f739489104a5\",\"name\":\"laure\"}]}<\/script>\n<!-- \/ Yoast SEO plugin. -->","yoast_head_json":{"title":"R\u00e9union Animation Jeunesse - Aliso R\u00e9seau","robots":{"index":"index","follow":"follow","max-snippet":"max-snippet:-1","max-image-preview":"max-image-preview:large","max-video-preview":"max-video-preview:-1"},"canonical":"https:\/\/aliso.fr\/reseau\/reunion-animation-jeunesse\/","og_locale":"fr_FR","og_type":"article","og_title":"R\u00e9union Animation Jeunesse - Aliso R\u00e9seau","og_description":"Mardi 28 f\u00e9vrier avait lieu la r\u00e9union du groupe de l&rsquo;aimation jeunesse, \u00e0 Gu\u00e9ret. Neuf structures \u00e9taient repr\u00e9sent\u00e9es (Creuse toujours, Cl\u00e9 de contact, MRJC, La palette, CAVL Agora, Vilaj, CAVL Agir, UDAF CST). L&rsquo;objectif \u00e9tait en priorit\u00e9 de travailler l&rsquo;organisation d&rsquo;une journ\u00e9e commune pour les ados de Creuse, le 12 avril 2023. Ce temps sera... En savoir plus &raquo;","og_url":"https:\/\/aliso.fr\/reseau\/reunion-animation-jeunesse\/","og_site_name":"Aliso R\u00e9seau","article_published_time":"2023-03-03T13:29:59+00:00","article_modified_time":"2023-03-03T13:32:07+00:00","og_image":[{"width":2000,"height":1129,"url":"https:\/\/aliso.fr\/reseau\/wp-content\/uploads\/sites\/4\/2023\/03\/IMG_20230228_113256-1.jpg","type":"image\/jpeg"}],"author":"laure","twitter_card":"summary_large_image","schema":{"@context":"https:\/\/schema.org","@graph":[{"@type":"Article","@id":"https:\/\/aliso.fr\/reseau\/reunion-animation-jeunesse\/#article","isPartOf":{"@id":"https:\/\/aliso.fr\/reseau\/reunion-animation-jeunesse\/"},"author":{"name":"laure","@id":"https:\/\/aliso.fr\/reseau\/#\/schema\/person\/056af145b9c52eee21a9f739489104a5"},"headline":"R\u00e9union Animation Jeunesse","datePublished":"2023-03-03T13:29:59+00:00","dateModified":"2023-03-03T13:32:07+00:00","mainEntityOfPage":{"@id":"https:\/\/aliso.fr\/reseau\/reunion-animation-jeunesse\/"},"wordCount":112,"publisher":{"@id":"https:\/\/aliso.fr\/reseau\/#organization"},"image":{"@id":"https:\/\/aliso.fr\/reseau\/reunion-animation-jeunesse\/#primaryimage"},"thumbnailUrl":"https:\/\/aliso.fr\/reseau\/wp-content\/uploads\/sites\/4\/2023\/03\/IMG_20230228_113256-1.jpg","articleSection":["Actualit\u00e9"],"inLanguage":"fr-FR"},{"@type":"WebPage","@id":"https:\/\/aliso.fr\/reseau\/reunion-animation-jeunesse\/","url":"https:\/\/aliso.fr\/reseau\/reunion-animation-jeunesse\/","name":"R\u00e9union Animation Jeunesse - Aliso R\u00e9seau","isPartOf":{"@id":"https:\/\/aliso.fr\/reseau\/#website"},"primaryImageOfPage":{"@id":"https:\/\/aliso.fr\/reseau\/reunion-animation-jeunesse\/#primaryimage"},"image":{"@id":"https:\/\/aliso.fr\/reseau\/reunion-animation-jeunesse\/#primaryimage"},"thumbnailUrl":"https:\/\/aliso.fr\/reseau\/wp-content\/uploads\/sites\/4\/2023\/03\/IMG_20230228_113256-1.jpg","datePublished":"2023-03-03T13:29:59+00:00","dateModified":"2023-03-03T13:32:07+00:00","breadcrumb":{"@id":"https:\/\/aliso.fr\/reseau\/reunion-animation-jeunesse\/#breadcrumb"},"inLanguage":"fr-FR","potentialAction":[{"@type":"ReadAction","target":["https:\/\/aliso.fr\/reseau\/reunion-animation-jeunesse\/"]}]},{"@type":"ImageObject","inLanguage":"fr-FR","@id":"https:\/\/aliso.fr\/reseau\/reunion-animation-jeunesse\/#primaryimage","url":"https:\/\/aliso.fr\/reseau\/wp-content\/uploads\/sites\/4\/2023\/03\/IMG_20230228_113256-1.jpg","contentUrl":"https:\/\/aliso.fr\/reseau\/wp-content\/uploads\/sites\/4\/2023\/03\/IMG_20230228_113256-1.jpg","width":2000,"height":1129},{"@type":"BreadcrumbList","@id":"https:\/\/aliso.fr\/reseau\/reunion-animation-jeunesse\/#breadcrumb","itemListElement":[{"@type":"ListItem","position":1,"name":"Accueil","item":"https:\/\/aliso.fr\/reseau\/"},{"@type":"ListItem","position":2,"name":"Actualit\u00e9","item":"https:\/\/aliso.fr\/reseau\/actualite\/"},{"@type":"ListItem","position":3,"name":"R\u00e9union Animation Jeunesse"}]},{"@type":"WebSite","@id":"https:\/\/aliso.fr\/reseau\/#website","url":"https:\/\/aliso.fr\/reseau\/","name":"Aliso R\u00e9seau","description":"R\u00e9seau Creusois des acteurs du lien social","publisher":{"@id":"https:\/\/aliso.fr\/reseau\/#organization"},"potentialAction":[{"@type":"SearchAction","target":{"@type":"EntryPoint","urlTemplate":"https:\/\/aliso.fr\/reseau\/?s={search_term_string}"},"query-input":{"@type":"PropertyValueSpecification","valueRequired":true,"valueName":"search_term_string"}}],"inLanguage":"fr-FR"},{"@type":"Organization","@id":"https:\/\/aliso.fr\/reseau\/#organization","name":"Aliso R\u00e9seau","url":"https:\/\/aliso.fr\/reseau\/","logo":{"@type":"ImageObject","inLanguage":"fr-FR","@id":"https:\/\/aliso.fr\/reseau\/#\/schema\/logo\/image\/","url":"https:\/\/aliso.fr\/reseau\/wp-content\/uploads\/sites\/4\/2022\/01\/Logo-ALISO-Reseau-2.png","contentUrl":"https:\/\/aliso.fr\/reseau\/wp-content\/uploads\/sites\/4\/2022\/01\/Logo-ALISO-Reseau-2.png","width":900,"height":970,"caption":"Aliso R\u00e9seau"},"image":{"@id":"https:\/\/aliso.fr\/reseau\/#\/schema\/logo\/image\/"}},{"@type":"Person","@id":"https:\/\/aliso.fr\/reseau\/#\/schema\/person\/056af145b9c52eee21a9f739489104a5","name":"laure"}]}},"_links":{"self":[{"href":"https:\/\/aliso.fr\/reseau\/wp-json\/wp\/v2\/posts\/1517","targetHints":{"allow":["GET"]}}],"collection":[{"href":"https:\/\/aliso.fr\/reseau\/wp-json\/wp\/v2\/posts"}],"about":[{"href":"https:\/\/aliso.fr\/reseau\/wp-json\/wp\/v2\/types\/post"}],"author":[{"embeddable":true,"href":"https:\/\/aliso.fr\/reseau\/wp-json\/wp\/v2\/users\/3"}],"replies":[{"embeddable":true,"href":"https:\/\/aliso.fr\/reseau\/wp-json\/wp\/v2\/comments?post=1517"}],"version-history":[{"count":3,"href":"https:\/\/aliso.fr\/reseau\/wp-json\/wp\/v2\/posts\/1517\/revisions"}],"predecessor-version":[{"id":1527,"href":"https:\/\/aliso.fr\/reseau\/wp-json\/wp\/v2\/posts\/1517\/revisions\/1527"}],"wp:featuredmedia":[{"embeddable":true,"href":"https:\/\/aliso.fr\/reseau\/wp-json\/wp\/v2\/media\/1528"}],"wp:attachment":[{"href":"https:\/\/aliso.fr\/reseau\/wp-json\/wp\/v2\/media?parent=1517"}],"wp:term":[{"taxonomy":"category","embeddable":true,"href":"https:\/\/aliso.fr\/reseau\/wp-json\/wp\/v2\/categories?post=1517"},{"taxonomy":"post_tag","embeddable":true,"href":"https:\/\/aliso.fr\/reseau\/wp-json\/wp\/v2\/tags?post=1517"}],"curies":[{"name":"wp","href":"https:\/\/api.w.org\/{rel}","templated":true}]}}