{"id":1589,"date":"2023-04-04T14:49:27","date_gmt":"2023-04-04T12:49:27","guid":{"rendered":"https:\/\/aliso.fr\/reseau\/?p=1589"},"modified":"2023-05-31T15:19:47","modified_gmt":"2023-05-31T13:19:47","slug":"le-reseau-sagrandit-avec-la-limouzine","status":"publish","type":"post","link":"https:\/\/aliso.fr\/reseau\/le-reseau-sagrandit-avec-la-limouzine\/","title":{"rendered":"La Limou&rsquo;Zine, librairie associative et itin\u00e9rante"},"content":{"rendered":"<div class=\"wp-block-image\">\n<figure class=\"alignleft size-large is-resized\"><img loading=\"lazy\" decoding=\"async\" src=\"https:\/\/aliso.fr\/reseau\/wp-content\/uploads\/sites\/4\/2023\/04\/la-limou-zine-logo-1613127347-342x330.png\" alt=\"\" class=\"wp-image-1593\" width=\"259\" height=\"250\" srcset=\"https:\/\/aliso.fr\/reseau\/wp-content\/uploads\/sites\/4\/2023\/04\/la-limou-zine-logo-1613127347-342x330.png 342w, https:\/\/aliso.fr\/reseau\/wp-content\/uploads\/sites\/4\/2023\/04\/la-limou-zine-logo-1613127347-197x190.png 197w, https:\/\/aliso.fr\/reseau\/wp-content\/uploads\/sites\/4\/2023\/04\/la-limou-zine-logo-1613127347-768x741.png 768w, https:\/\/aliso.fr\/reseau\/wp-content\/uploads\/sites\/4\/2023\/04\/la-limou-zine-logo-1613127347.png 1272w\" sizes=\"auto, (max-width: 259px) 100vw, 259px\" \/><\/figure>\n<\/div>\n\n\n<p>La librairie associative La Limou&rsquo;Zine arrive dans le r\u00e9seau. Afin de mieux connaitre leurs activit\u00e9s, nous avons pos\u00e9 quelques questions :<\/p>\n\n\n\n<h2 class=\"wp-block-heading\">1) Pourriez-vous nous faire un petit historique de l&rsquo;association ?<\/h2>\n\n\n\n<p>Fond\u00e9e en Janvier 2021 \u00e0 Dontreix (Creuse) et maintenant bas\u00e9e sur la commune de Magnat-l&rsquo;\u00e9trange, La Limou&rsquo;Zine est une librairie associative, \u00e0 but culturel et non lucratif. <\/p>\n\n\n\n<p>Constatant la faible pr\u00e9sence de librairies dans cette r\u00e9gion que nous habitons, et ce malgr\u00e9 un r\u00e9seau important et dynamique de biblioth\u00e8ques, nous avons imagin\u00e9 ce projet.<br>Librairie en Caravane (et aussi un peu sur Internet), la Limou&rsquo;Zine se donne comme objectif de proposer du livre de qualit\u00e9, d&rsquo;\u00e9diteurs ind\u00e9pendants dont les valeurs nous sont proches, et de contribuer par ses activit\u00e9s aux rayonnements culturels de la Creuse et du Limousin.<\/p>\n\n\n\n<h2 class=\"wp-block-heading\">2) Quelles sont les actions importantes de l&rsquo;association ?<\/h2>\n\n\n\n<p>Nos actions sont de deux sortes : La premi\u00e8re vient de l&rsquo;aspect librairie. Nous sommes pr\u00e9sent sur plusieurs march\u00e9s et sur de nombreux \u00e9v\u00e9nements culturels ponctuels, et proposons des s\u00e9lections de livres en fonction des th\u00e9matiques. Nous proposons aussi de la commande aux particuliers et associations.<br>Notre deuxi\u00e8me action est le volet programmation culturel de l&rsquo;association. Nous organisons de nombreux \u00e9v\u00e9nements (soir\u00e9e jeu, invitations d&rsquo;auteur\u00b7ices, festival, atelier d&rsquo;\u00e9criture&#8230;) sur l&rsquo;ensemble du d\u00e9partement, la plupart du temps en partenariat avec d&rsquo;autres structures associatives. Ces \u00e9v\u00e9nements sont la plupart du temps gratuits pour les participant\u00b7e\u00b7s.<\/p>\n\n\n\n<h2 class=\"wp-block-heading\">3) Sur quel secteur g\u00e9ographique intervenez-vous ?<\/h2>\n\n\n\n<p>Une grande partie de nos interventions se trouve sur le Sud Creusois, mais nous sommes \u00e9galement pr\u00e9sents r\u00e9guli\u00e8rement sur l&rsquo;ensemble de la Creuse, et parfois dans d&rsquo;autres contr\u00e9es du Limousin (Corr\u00e8ze et Haute-Vienne). <\/p>\n\n\n\n<h2 class=\"wp-block-heading\">4) Quels sont les futures dates importantes pour la Limou&rsquo;Zine ?<\/h2>\n\n\n\n<p>Le samedi 15 avril, nous organisons notre assembl\u00e9e g\u00e9n\u00e9rale.<br>Le dimanche 16 avril aura lieu une apr\u00e8s-midi jeu \u00e0 PANG (La gare), \u00e0 Felletin.<br>Le vendredi 12 mai, en soir\u00e9e, nous recevons Fran\u00e7oise Verg\u00e8s pour son dernier livre \u00ab\u00a0Programme de d\u00e9sordre absolu\u00a0\u00bb&#8230; <br>Vous pouvez \u00e9galement nous retrouver les vendredis 14 et 28 au March\u00e9 de Felletin et les lundis 17 avril et 1er mai au march\u00e9 de Gentioux. <br>Nos diff\u00e9rentes animations pour l&rsquo;\u00e9t\u00e9 seront marqu\u00e9 au fur et \u00e0 mesure<a href=\"https:\/\/lalimouzine.fr\/fr\/25-ou-sommes-nous\"> ICI <\/a><\/p>\n\n\n\n<h2 class=\"wp-block-heading\">5) Une phrase pour r\u00e9sumer l&rsquo;identit\u00e9 de l&rsquo;asso ?<\/h2>\n\n\n\n<p>La Limou&rsquo;Zine, la librairie qui s\u00e8me les r\u00eaves et les r\u00e9voltes.<\/p>\n\n\n\n<h2 class=\"wp-block-heading\">6) Une anecdote sympa \u00e0 raconter ?<\/h2>\n\n\n\n<p>Lorsque nous d\u00e9pla\u00e7ons la caravane sur des \u00e9v\u00e9nements festifs, nous sommes r\u00e9guli\u00e8rement \u00ab\u00a0envahis\u00a0\u00bb d&rsquo;enfants de tout age venant lire des albums et des bandes dessin\u00e9es. Si l&rsquo;\u00e9v\u00e9nement s&rsquo;y pr\u00eate, nous restons r\u00e9guli\u00e8rement ouverts tard dans la soir\u00e9e, et il n&rsquo;est pas rare de trouver des enfants venant commencer leurs nuits sur les coussins et les banquettes de la caravane. <\/p>\n\n\n\n<figure class=\"wp-block-image size-large\"><img loading=\"lazy\" decoding=\"async\" width=\"595\" height=\"330\" src=\"https:\/\/aliso.fr\/reseau\/wp-content\/uploads\/sites\/4\/2023\/04\/limou-zine-librairie-creuse-caravane-6164482337c7b470385648-595x330.jpg\" alt=\"\" class=\"wp-image-1595\" srcset=\"https:\/\/aliso.fr\/reseau\/wp-content\/uploads\/sites\/4\/2023\/04\/limou-zine-librairie-creuse-caravane-6164482337c7b470385648-595x330.jpg 595w, https:\/\/aliso.fr\/reseau\/wp-content\/uploads\/sites\/4\/2023\/04\/limou-zine-librairie-creuse-caravane-6164482337c7b470385648-300x166.jpg 300w, https:\/\/aliso.fr\/reseau\/wp-content\/uploads\/sites\/4\/2023\/04\/limou-zine-librairie-creuse-caravane-6164482337c7b470385648-768x426.jpg 768w, https:\/\/aliso.fr\/reseau\/wp-content\/uploads\/sites\/4\/2023\/04\/limou-zine-librairie-creuse-caravane-6164482337c7b470385648.jpg 1080w\" sizes=\"auto, (max-width: 595px) 100vw, 595px\" \/><\/figure>\n","protected":false},"excerpt":{"rendered":"<p>La librairie associative La Limou&rsquo;Zine arrive dans le r\u00e9seau. Afin de mieux connaitre leurs activit\u00e9s, nous avons pos\u00e9 quelques questions : 1) Pourriez-vous nous faire un petit historique de l&rsquo;association ? Fond\u00e9e en Janvier 2021 \u00e0 Dontreix (Creuse) et maintenant bas\u00e9e sur la commune de Magnat-l&rsquo;\u00e9trange, La Limou&rsquo;Zine est une librairie associative, \u00e0 but culturel&#8230; <a class=\"excerpt-read-more button\" href=\"https:\/\/aliso.fr\/reseau\/le-reseau-sagrandit-avec-la-limouzine\/\" title=\"ReadLa Limou&rsquo;Zine, librairie associative et itin\u00e9rante\">En savoir plus &raquo;<\/a><\/p>\n","protected":false},"author":3,"featured_media":1594,"comment_status":"closed","ping_status":"open","sticky":false,"template":"","format":"standard","meta":{"footnotes":""},"categories":[3,4],"tags":[],"class_list":["post-1589","post","type-post","status-publish","format-standard","has-post-thumbnail","hentry","category-actualite","category-les-adherents"],"yoast_head":"<!-- This site is optimized with the Yoast SEO plugin v27.4 - https:\/\/yoast.com\/product\/yoast-seo-wordpress\/ -->\n<title>La Limou&#039;Zine, librairie associative et itin\u00e9rante - Aliso R\u00e9seau<\/title>\n<meta name=\"robots\" content=\"index, follow, max-snippet:-1, max-image-preview:large, max-video-preview:-1\" \/>\n<link rel=\"canonical\" href=\"https:\/\/aliso.fr\/reseau\/le-reseau-sagrandit-avec-la-limouzine\/\" \/>\n<meta property=\"og:locale\" content=\"fr_FR\" \/>\n<meta property=\"og:type\" content=\"article\" \/>\n<meta property=\"og:title\" content=\"La Limou&#039;Zine, librairie associative et itin\u00e9rante - Aliso R\u00e9seau\" \/>\n<meta property=\"og:description\" content=\"La librairie associative La Limou&rsquo;Zine arrive dans le r\u00e9seau. Afin de mieux connaitre leurs activit\u00e9s, nous avons pos\u00e9 quelques questions : 1) Pourriez-vous nous faire un petit historique de l&rsquo;association ? Fond\u00e9e en Janvier 2021 \u00e0 Dontreix (Creuse) et maintenant bas\u00e9e sur la commune de Magnat-l&rsquo;\u00e9trange, La Limou&rsquo;Zine est une librairie associative, \u00e0 but culturel... En savoir plus &raquo;\" \/>\n<meta property=\"og:url\" content=\"https:\/\/aliso.fr\/reseau\/le-reseau-sagrandit-avec-la-limouzine\/\" \/>\n<meta property=\"og:site_name\" content=\"Aliso R\u00e9seau\" \/>\n<meta property=\"article:published_time\" content=\"2023-04-04T12:49:27+00:00\" \/>\n<meta property=\"article:modified_time\" content=\"2023-05-31T13:19:47+00:00\" \/>\n<meta property=\"og:image\" content=\"https:\/\/aliso.fr\/reseau\/wp-content\/uploads\/sites\/4\/2023\/04\/la-limou-zine-logo-1613127347-1.png\" \/>\n\t<meta property=\"og:image:width\" content=\"1272\" \/>\n\t<meta property=\"og:image:height\" content=\"1228\" \/>\n\t<meta property=\"og:image:type\" content=\"image\/png\" \/>\n<meta name=\"author\" content=\"laure\" \/>\n<meta name=\"twitter:card\" content=\"summary_large_image\" \/>\n<script type=\"application\/ld+json\" class=\"yoast-schema-graph\">{\"@context\":\"https:\\\/\\\/schema.org\",\"@graph\":[{\"@type\":\"Article\",\"@id\":\"https:\\\/\\\/aliso.fr\\\/reseau\\\/le-reseau-sagrandit-avec-la-limouzine\\\/#article\",\"isPartOf\":{\"@id\":\"https:\\\/\\\/aliso.fr\\\/reseau\\\/le-reseau-sagrandit-avec-la-limouzine\\\/\"},\"author\":{\"name\":\"laure\",\"@id\":\"https:\\\/\\\/aliso.fr\\\/reseau\\\/#\\\/schema\\\/person\\\/056af145b9c52eee21a9f739489104a5\"},\"headline\":\"La Limou&rsquo;Zine, librairie associative et itin\u00e9rante\",\"datePublished\":\"2023-04-04T12:49:27+00:00\",\"dateModified\":\"2023-05-31T13:19:47+00:00\",\"mainEntityOfPage\":{\"@id\":\"https:\\\/\\\/aliso.fr\\\/reseau\\\/le-reseau-sagrandit-avec-la-limouzine\\\/\"},\"wordCount\":508,\"publisher\":{\"@id\":\"https:\\\/\\\/aliso.fr\\\/reseau\\\/#organization\"},\"image\":{\"@id\":\"https:\\\/\\\/aliso.fr\\\/reseau\\\/le-reseau-sagrandit-avec-la-limouzine\\\/#primaryimage\"},\"thumbnailUrl\":\"https:\\\/\\\/aliso.fr\\\/reseau\\\/wp-content\\\/uploads\\\/sites\\\/4\\\/2023\\\/04\\\/la-limou-zine-logo-1613127347-1.png\",\"articleSection\":[\"Actualit\u00e9\",\"Les adh\u00e9rents\"],\"inLanguage\":\"fr-FR\"},{\"@type\":\"WebPage\",\"@id\":\"https:\\\/\\\/aliso.fr\\\/reseau\\\/le-reseau-sagrandit-avec-la-limouzine\\\/\",\"url\":\"https:\\\/\\\/aliso.fr\\\/reseau\\\/le-reseau-sagrandit-avec-la-limouzine\\\/\",\"name\":\"La Limou'Zine, librairie associative et itin\u00e9rante - Aliso R\u00e9seau\",\"isPartOf\":{\"@id\":\"https:\\\/\\\/aliso.fr\\\/reseau\\\/#website\"},\"primaryImageOfPage\":{\"@id\":\"https:\\\/\\\/aliso.fr\\\/reseau\\\/le-reseau-sagrandit-avec-la-limouzine\\\/#primaryimage\"},\"image\":{\"@id\":\"https:\\\/\\\/aliso.fr\\\/reseau\\\/le-reseau-sagrandit-avec-la-limouzine\\\/#primaryimage\"},\"thumbnailUrl\":\"https:\\\/\\\/aliso.fr\\\/reseau\\\/wp-content\\\/uploads\\\/sites\\\/4\\\/2023\\\/04\\\/la-limou-zine-logo-1613127347-1.png\",\"datePublished\":\"2023-04-04T12:49:27+00:00\",\"dateModified\":\"2023-05-31T13:19:47+00:00\",\"breadcrumb\":{\"@id\":\"https:\\\/\\\/aliso.fr\\\/reseau\\\/le-reseau-sagrandit-avec-la-limouzine\\\/#breadcrumb\"},\"inLanguage\":\"fr-FR\",\"potentialAction\":[{\"@type\":\"ReadAction\",\"target\":[\"https:\\\/\\\/aliso.fr\\\/reseau\\\/le-reseau-sagrandit-avec-la-limouzine\\\/\"]}]},{\"@type\":\"ImageObject\",\"inLanguage\":\"fr-FR\",\"@id\":\"https:\\\/\\\/aliso.fr\\\/reseau\\\/le-reseau-sagrandit-avec-la-limouzine\\\/#primaryimage\",\"url\":\"https:\\\/\\\/aliso.fr\\\/reseau\\\/wp-content\\\/uploads\\\/sites\\\/4\\\/2023\\\/04\\\/la-limou-zine-logo-1613127347-1.png\",\"contentUrl\":\"https:\\\/\\\/aliso.fr\\\/reseau\\\/wp-content\\\/uploads\\\/sites\\\/4\\\/2023\\\/04\\\/la-limou-zine-logo-1613127347-1.png\",\"width\":1272,\"height\":1228},{\"@type\":\"BreadcrumbList\",\"@id\":\"https:\\\/\\\/aliso.fr\\\/reseau\\\/le-reseau-sagrandit-avec-la-limouzine\\\/#breadcrumb\",\"itemListElement\":[{\"@type\":\"ListItem\",\"position\":1,\"name\":\"Accueil\",\"item\":\"https:\\\/\\\/aliso.fr\\\/reseau\\\/\"},{\"@type\":\"ListItem\",\"position\":2,\"name\":\"Actualit\u00e9\",\"item\":\"https:\\\/\\\/aliso.fr\\\/reseau\\\/actualite\\\/\"},{\"@type\":\"ListItem\",\"position\":3,\"name\":\"La Limou&#8217;Zine, librairie associative et itin\u00e9rante\"}]},{\"@type\":\"WebSite\",\"@id\":\"https:\\\/\\\/aliso.fr\\\/reseau\\\/#website\",\"url\":\"https:\\\/\\\/aliso.fr\\\/reseau\\\/\",\"name\":\"Aliso R\u00e9seau\",\"description\":\"R\u00e9seau Creusois des acteurs du lien social\",\"publisher\":{\"@id\":\"https:\\\/\\\/aliso.fr\\\/reseau\\\/#organization\"},\"potentialAction\":[{\"@type\":\"SearchAction\",\"target\":{\"@type\":\"EntryPoint\",\"urlTemplate\":\"https:\\\/\\\/aliso.fr\\\/reseau\\\/?s={search_term_string}\"},\"query-input\":{\"@type\":\"PropertyValueSpecification\",\"valueRequired\":true,\"valueName\":\"search_term_string\"}}],\"inLanguage\":\"fr-FR\"},{\"@type\":\"Organization\",\"@id\":\"https:\\\/\\\/aliso.fr\\\/reseau\\\/#organization\",\"name\":\"Aliso R\u00e9seau\",\"url\":\"https:\\\/\\\/aliso.fr\\\/reseau\\\/\",\"logo\":{\"@type\":\"ImageObject\",\"inLanguage\":\"fr-FR\",\"@id\":\"https:\\\/\\\/aliso.fr\\\/reseau\\\/#\\\/schema\\\/logo\\\/image\\\/\",\"url\":\"https:\\\/\\\/aliso.fr\\\/reseau\\\/wp-content\\\/uploads\\\/sites\\\/4\\\/2022\\\/01\\\/Logo-ALISO-Reseau-2.png\",\"contentUrl\":\"https:\\\/\\\/aliso.fr\\\/reseau\\\/wp-content\\\/uploads\\\/sites\\\/4\\\/2022\\\/01\\\/Logo-ALISO-Reseau-2.png\",\"width\":900,\"height\":970,\"caption\":\"Aliso R\u00e9seau\"},\"image\":{\"@id\":\"https:\\\/\\\/aliso.fr\\\/reseau\\\/#\\\/schema\\\/logo\\\/image\\\/\"}},{\"@type\":\"Person\",\"@id\":\"https:\\\/\\\/aliso.fr\\\/reseau\\\/#\\\/schema\\\/person\\\/056af145b9c52eee21a9f739489104a5\",\"name\":\"laure\"}]}<\/script>\n<!-- \/ Yoast SEO plugin. -->","yoast_head_json":{"title":"La Limou'Zine, librairie associative et itin\u00e9rante - Aliso R\u00e9seau","robots":{"index":"index","follow":"follow","max-snippet":"max-snippet:-1","max-image-preview":"max-image-preview:large","max-video-preview":"max-video-preview:-1"},"canonical":"https:\/\/aliso.fr\/reseau\/le-reseau-sagrandit-avec-la-limouzine\/","og_locale":"fr_FR","og_type":"article","og_title":"La Limou'Zine, librairie associative et itin\u00e9rante - Aliso R\u00e9seau","og_description":"La librairie associative La Limou&rsquo;Zine arrive dans le r\u00e9seau. Afin de mieux connaitre leurs activit\u00e9s, nous avons pos\u00e9 quelques questions : 1) Pourriez-vous nous faire un petit historique de l&rsquo;association ? Fond\u00e9e en Janvier 2021 \u00e0 Dontreix (Creuse) et maintenant bas\u00e9e sur la commune de Magnat-l&rsquo;\u00e9trange, La Limou&rsquo;Zine est une librairie associative, \u00e0 but culturel... En savoir plus &raquo;","og_url":"https:\/\/aliso.fr\/reseau\/le-reseau-sagrandit-avec-la-limouzine\/","og_site_name":"Aliso R\u00e9seau","article_published_time":"2023-04-04T12:49:27+00:00","article_modified_time":"2023-05-31T13:19:47+00:00","og_image":[{"width":1272,"height":1228,"url":"https:\/\/aliso.fr\/reseau\/wp-content\/uploads\/sites\/4\/2023\/04\/la-limou-zine-logo-1613127347-1.png","type":"image\/png"}],"author":"laure","twitter_card":"summary_large_image","schema":{"@context":"https:\/\/schema.org","@graph":[{"@type":"Article","@id":"https:\/\/aliso.fr\/reseau\/le-reseau-sagrandit-avec-la-limouzine\/#article","isPartOf":{"@id":"https:\/\/aliso.fr\/reseau\/le-reseau-sagrandit-avec-la-limouzine\/"},"author":{"name":"laure","@id":"https:\/\/aliso.fr\/reseau\/#\/schema\/person\/056af145b9c52eee21a9f739489104a5"},"headline":"La Limou&rsquo;Zine, librairie associative et itin\u00e9rante","datePublished":"2023-04-04T12:49:27+00:00","dateModified":"2023-05-31T13:19:47+00:00","mainEntityOfPage":{"@id":"https:\/\/aliso.fr\/reseau\/le-reseau-sagrandit-avec-la-limouzine\/"},"wordCount":508,"publisher":{"@id":"https:\/\/aliso.fr\/reseau\/#organization"},"image":{"@id":"https:\/\/aliso.fr\/reseau\/le-reseau-sagrandit-avec-la-limouzine\/#primaryimage"},"thumbnailUrl":"https:\/\/aliso.fr\/reseau\/wp-content\/uploads\/sites\/4\/2023\/04\/la-limou-zine-logo-1613127347-1.png","articleSection":["Actualit\u00e9","Les adh\u00e9rents"],"inLanguage":"fr-FR"},{"@type":"WebPage","@id":"https:\/\/aliso.fr\/reseau\/le-reseau-sagrandit-avec-la-limouzine\/","url":"https:\/\/aliso.fr\/reseau\/le-reseau-sagrandit-avec-la-limouzine\/","name":"La Limou'Zine, librairie associative et itin\u00e9rante - Aliso R\u00e9seau","isPartOf":{"@id":"https:\/\/aliso.fr\/reseau\/#website"},"primaryImageOfPage":{"@id":"https:\/\/aliso.fr\/reseau\/le-reseau-sagrandit-avec-la-limouzine\/#primaryimage"},"image":{"@id":"https:\/\/aliso.fr\/reseau\/le-reseau-sagrandit-avec-la-limouzine\/#primaryimage"},"thumbnailUrl":"https:\/\/aliso.fr\/reseau\/wp-content\/uploads\/sites\/4\/2023\/04\/la-limou-zine-logo-1613127347-1.png","datePublished":"2023-04-04T12:49:27+00:00","dateModified":"2023-05-31T13:19:47+00:00","breadcrumb":{"@id":"https:\/\/aliso.fr\/reseau\/le-reseau-sagrandit-avec-la-limouzine\/#breadcrumb"},"inLanguage":"fr-FR","potentialAction":[{"@type":"ReadAction","target":["https:\/\/aliso.fr\/reseau\/le-reseau-sagrandit-avec-la-limouzine\/"]}]},{"@type":"ImageObject","inLanguage":"fr-FR","@id":"https:\/\/aliso.fr\/reseau\/le-reseau-sagrandit-avec-la-limouzine\/#primaryimage","url":"https:\/\/aliso.fr\/reseau\/wp-content\/uploads\/sites\/4\/2023\/04\/la-limou-zine-logo-1613127347-1.png","contentUrl":"https:\/\/aliso.fr\/reseau\/wp-content\/uploads\/sites\/4\/2023\/04\/la-limou-zine-logo-1613127347-1.png","width":1272,"height":1228},{"@type":"BreadcrumbList","@id":"https:\/\/aliso.fr\/reseau\/le-reseau-sagrandit-avec-la-limouzine\/#breadcrumb","itemListElement":[{"@type":"ListItem","position":1,"name":"Accueil","item":"https:\/\/aliso.fr\/reseau\/"},{"@type":"ListItem","position":2,"name":"Actualit\u00e9","item":"https:\/\/aliso.fr\/reseau\/actualite\/"},{"@type":"ListItem","position":3,"name":"La Limou&#8217;Zine, librairie associative et itin\u00e9rante"}]},{"@type":"WebSite","@id":"https:\/\/aliso.fr\/reseau\/#website","url":"https:\/\/aliso.fr\/reseau\/","name":"Aliso R\u00e9seau","description":"R\u00e9seau Creusois des acteurs du lien social","publisher":{"@id":"https:\/\/aliso.fr\/reseau\/#organization"},"potentialAction":[{"@type":"SearchAction","target":{"@type":"EntryPoint","urlTemplate":"https:\/\/aliso.fr\/reseau\/?s={search_term_string}"},"query-input":{"@type":"PropertyValueSpecification","valueRequired":true,"valueName":"search_term_string"}}],"inLanguage":"fr-FR"},{"@type":"Organization","@id":"https:\/\/aliso.fr\/reseau\/#organization","name":"Aliso R\u00e9seau","url":"https:\/\/aliso.fr\/reseau\/","logo":{"@type":"ImageObject","inLanguage":"fr-FR","@id":"https:\/\/aliso.fr\/reseau\/#\/schema\/logo\/image\/","url":"https:\/\/aliso.fr\/reseau\/wp-content\/uploads\/sites\/4\/2022\/01\/Logo-ALISO-Reseau-2.png","contentUrl":"https:\/\/aliso.fr\/reseau\/wp-content\/uploads\/sites\/4\/2022\/01\/Logo-ALISO-Reseau-2.png","width":900,"height":970,"caption":"Aliso R\u00e9seau"},"image":{"@id":"https:\/\/aliso.fr\/reseau\/#\/schema\/logo\/image\/"}},{"@type":"Person","@id":"https:\/\/aliso.fr\/reseau\/#\/schema\/person\/056af145b9c52eee21a9f739489104a5","name":"laure"}]}},"_links":{"self":[{"href":"https:\/\/aliso.fr\/reseau\/wp-json\/wp\/v2\/posts\/1589","targetHints":{"allow":["GET"]}}],"collection":[{"href":"https:\/\/aliso.fr\/reseau\/wp-json\/wp\/v2\/posts"}],"about":[{"href":"https:\/\/aliso.fr\/reseau\/wp-json\/wp\/v2\/types\/post"}],"author":[{"embeddable":true,"href":"https:\/\/aliso.fr\/reseau\/wp-json\/wp\/v2\/users\/3"}],"replies":[{"embeddable":true,"href":"https:\/\/aliso.fr\/reseau\/wp-json\/wp\/v2\/comments?post=1589"}],"version-history":[{"count":5,"href":"https:\/\/aliso.fr\/reseau\/wp-json\/wp\/v2\/posts\/1589\/revisions"}],"predecessor-version":[{"id":1779,"href":"https:\/\/aliso.fr\/reseau\/wp-json\/wp\/v2\/posts\/1589\/revisions\/1779"}],"wp:featuredmedia":[{"embeddable":true,"href":"https:\/\/aliso.fr\/reseau\/wp-json\/wp\/v2\/media\/1594"}],"wp:attachment":[{"href":"https:\/\/aliso.fr\/reseau\/wp-json\/wp\/v2\/media?parent=1589"}],"wp:term":[{"taxonomy":"category","embeddable":true,"href":"https:\/\/aliso.fr\/reseau\/wp-json\/wp\/v2\/categories?post=1589"},{"taxonomy":"post_tag","embeddable":true,"href":"https:\/\/aliso.fr\/reseau\/wp-json\/wp\/v2\/tags?post=1589"}],"curies":[{"name":"wp","href":"https:\/\/api.w.org\/{rel}","templated":true}]}}