{"id":1660,"date":"2023-04-19T14:50:04","date_gmt":"2023-04-19T12:50:04","guid":{"rendered":"https:\/\/aliso.fr\/reseau\/?p=1660"},"modified":"2023-05-31T15:26:55","modified_gmt":"2023-05-31T13:26:55","slug":"les-motards-solidaires-creusois-rejoignent-aliso","status":"publish","type":"post","link":"https:\/\/aliso.fr\/reseau\/les-motards-solidaires-creusois-rejoignent-aliso\/","title":{"rendered":"Les motards solidaires Creusois"},"content":{"rendered":"\n<p><strong><u>1) Pourriez-vous nous faire un petit historique de l&rsquo;association ?<\/u><\/strong><\/p>\n\n\n\n<p>L\u2019association est n\u00e9e d\u2019une simple id\u00e9e partag\u00e9e  par plusieurs motards&nbsp;: rouler et faire de l\u2019action caritative en m\u00eame temps, rouler dans l\u2019action, rouler en moto utilement !<\/p>\n\n\n\n<p>Au d\u00e9but du projet, nous ne pensions aider que les associations \u0153uvrant autour du handicap. Puis, lors du Covid, nous avons fait fabriquer des masques en tissus, que nous avons distribu\u00e9 gratuitement. Au total c&rsquo;est 1150 masques qui ont \u00e9t\u00e9 donn\u00e9 aux creusois et creusoise, soit 1% de la population du territoire. Nous avons \u00e9galement fait des dons de v\u00eatements, de nourriture, ou organis\u00e9 des d\u00e9m\u00e9nagements d&rsquo;urgence en lien avec le foyer Creusois. Les mairies et les comit\u00e9s des f\u00eates de ville nous sollicitent aussi pour faire des d\u00e9fil\u00e9s ou des parades de motos, etc&#8230;<\/p>\n\n\n\n<p>Suite \u00e0 nos actions pendant le Covid, nous avons \u00e9t\u00e9 sollicit\u00e9 pour pr\u00e9senter l&rsquo;association sur de nombreux m\u00e9dias (M6, NOA, France 3 Limousin, des radios locales comme RPG et France bleue, Fun Radio, certaines TV du web local&#8230;)<\/p>\n\n\n\n<p><strong><u>2) Quelles sont les actions importantes de l&rsquo;association ?<\/u><\/strong><\/p>\n\n\n\n<p>Notre association apporte du soutien aux familles fragiles par des aides alimentaires, ou pour faire de petits d\u00e9m\u00e9nagements (Frigo, cuisini\u00e8re, lit, etc.). Malgr\u00e9 les demandes, nous ne sommes pas \u00e9quip\u00e9s pour faire de gros d\u00e9m\u00e9nagements. Nous aidons aussi les familles ayant des animaux et les refuges creusois, par des dons de croquettes pour chats et chiens.<\/p>\n\n\n\n<p><strong><u>3) Sur quel secteur g\u00e9ographique intervenez-vous ?<\/u><\/strong><\/p>\n\n\n\n<p>L&rsquo;association intervient sur le territoire creusois et dans les d\u00e9partements limitrophes.<\/p>\n\n\n\n<p><strong><u>4) Quelques dates importantes qui ont jalonn\u00e9 l&rsquo;histoire de l&rsquo;association ?<\/u><\/strong><\/p>\n\n\n\n<p>1 janvier 2020 \u2013 cr\u00e9ation de l\u2019association officiellement<\/p>\n\n\n\n<p>5 janvier 2022 \u2013 obtention d\u2019une vieille maison a r\u00e9nov\u00e9e \u00e0 St-Sulpice-le-Gu\u00e9retois pour l\u2019association<\/p>\n\n\n\n<p>12 avril 2022 \u2013 obtention de la mention&nbsp;: association d\u2019int\u00e9r\u00eat g\u00e9n\u00e9ral,<\/p>\n\n\n\n<p>Septembre 2022 \u2013 int\u00e9gration de l\u2019association \u00e0 l\u2019UDAF23, une nouvelle vision du territoire.<\/p>\n\n\n\n<p><strong><u>5) Une phrase pour r\u00e9sumer l&rsquo;identit\u00e9 de l&rsquo;asso ?<\/u><\/strong><\/p>\n\n\n\n<p>Rouler pour l\u2019action&nbsp;! Notre slogan<\/p>\n\n\n\n<p><strong><u>6) Une anecdote sympa \u00e0 raconter ?<\/u><\/strong><\/p>\n\n\n\n<p>Le 3 Octobre 202, nous faisions notre premi\u00e8re manifestation moto \u00e0 caract\u00e8re caritatif. Nous avons eu un temps de chien, avec pluie, vent gr\u00eale et grand froid. Malgr\u00e9 tout, nous avons r\u00e9ussi \u00e0 regrouper une cinquantaine de motos.<br>Les difficult\u00e9s ne nous ont pas emp\u00each\u00e9 de continuer nos projets. <\/p>\n","protected":false},"excerpt":{"rendered":"<p>1) Pourriez-vous nous faire un petit historique de l&rsquo;association ? L\u2019association est n\u00e9e d\u2019une simple id\u00e9e partag\u00e9e par plusieurs motards&nbsp;: rouler et faire de l\u2019action caritative en m\u00eame temps, rouler dans l\u2019action, rouler en moto utilement ! Au d\u00e9but du projet, nous ne pensions aider que les associations \u0153uvrant autour du handicap. Puis, lors du&#8230; <a class=\"excerpt-read-more button\" href=\"https:\/\/aliso.fr\/reseau\/les-motards-solidaires-creusois-rejoignent-aliso\/\" title=\"ReadLes motards solidaires Creusois\">En savoir plus &raquo;<\/a><\/p>\n","protected":false},"author":3,"featured_media":1666,"comment_status":"closed","ping_status":"open","sticky":false,"template":"","format":"standard","meta":{"footnotes":""},"categories":[3,4],"tags":[],"class_list":["post-1660","post","type-post","status-publish","format-standard","has-post-thumbnail","hentry","category-actualite","category-les-adherents"],"yoast_head":"<!-- This site is optimized with the Yoast SEO plugin v27.4 - https:\/\/yoast.com\/product\/yoast-seo-wordpress\/ -->\n<title>Les motards solidaires Creusois - Aliso R\u00e9seau<\/title>\n<meta name=\"robots\" content=\"index, follow, max-snippet:-1, max-image-preview:large, max-video-preview:-1\" \/>\n<link rel=\"canonical\" href=\"https:\/\/aliso.fr\/reseau\/les-motards-solidaires-creusois-rejoignent-aliso\/\" \/>\n<meta property=\"og:locale\" content=\"fr_FR\" \/>\n<meta property=\"og:type\" content=\"article\" \/>\n<meta property=\"og:title\" content=\"Les motards solidaires Creusois - Aliso R\u00e9seau\" \/>\n<meta property=\"og:description\" content=\"1) Pourriez-vous nous faire un petit historique de l&rsquo;association ? L\u2019association est n\u00e9e d\u2019une simple id\u00e9e partag\u00e9e par plusieurs motards&nbsp;: rouler et faire de l\u2019action caritative en m\u00eame temps, rouler dans l\u2019action, rouler en moto utilement ! Au d\u00e9but du projet, nous ne pensions aider que les associations \u0153uvrant autour du handicap. Puis, lors du... En savoir plus &raquo;\" \/>\n<meta property=\"og:url\" content=\"https:\/\/aliso.fr\/reseau\/les-motards-solidaires-creusois-rejoignent-aliso\/\" \/>\n<meta property=\"og:site_name\" content=\"Aliso R\u00e9seau\" \/>\n<meta property=\"article:published_time\" content=\"2023-04-19T12:50:04+00:00\" \/>\n<meta property=\"article:modified_time\" content=\"2023-05-31T13:26:55+00:00\" \/>\n<meta property=\"og:image\" content=\"https:\/\/aliso.fr\/reseau\/wp-content\/uploads\/sites\/4\/2023\/04\/motards_solidaires_creusois.jpg\" \/>\n\t<meta property=\"og:image:width\" content=\"240\" \/>\n\t<meta property=\"og:image:height\" content=\"243\" \/>\n\t<meta property=\"og:image:type\" content=\"image\/jpeg\" \/>\n<meta name=\"author\" content=\"laure\" \/>\n<meta name=\"twitter:card\" content=\"summary_large_image\" \/>\n<script type=\"application\/ld+json\" class=\"yoast-schema-graph\">{\"@context\":\"https:\\\/\\\/schema.org\",\"@graph\":[{\"@type\":\"Article\",\"@id\":\"https:\\\/\\\/aliso.fr\\\/reseau\\\/les-motards-solidaires-creusois-rejoignent-aliso\\\/#article\",\"isPartOf\":{\"@id\":\"https:\\\/\\\/aliso.fr\\\/reseau\\\/les-motards-solidaires-creusois-rejoignent-aliso\\\/\"},\"author\":{\"name\":\"laure\",\"@id\":\"https:\\\/\\\/aliso.fr\\\/reseau\\\/#\\\/schema\\\/person\\\/056af145b9c52eee21a9f739489104a5\"},\"headline\":\"Les motards solidaires Creusois\",\"datePublished\":\"2023-04-19T12:50:04+00:00\",\"dateModified\":\"2023-05-31T13:26:55+00:00\",\"mainEntityOfPage\":{\"@id\":\"https:\\\/\\\/aliso.fr\\\/reseau\\\/les-motards-solidaires-creusois-rejoignent-aliso\\\/\"},\"wordCount\":411,\"publisher\":{\"@id\":\"https:\\\/\\\/aliso.fr\\\/reseau\\\/#organization\"},\"image\":{\"@id\":\"https:\\\/\\\/aliso.fr\\\/reseau\\\/les-motards-solidaires-creusois-rejoignent-aliso\\\/#primaryimage\"},\"thumbnailUrl\":\"https:\\\/\\\/aliso.fr\\\/reseau\\\/wp-content\\\/uploads\\\/sites\\\/4\\\/2023\\\/04\\\/motards_solidaires_creusois.jpg\",\"articleSection\":[\"Actualit\u00e9\",\"Les adh\u00e9rents\"],\"inLanguage\":\"fr-FR\"},{\"@type\":\"WebPage\",\"@id\":\"https:\\\/\\\/aliso.fr\\\/reseau\\\/les-motards-solidaires-creusois-rejoignent-aliso\\\/\",\"url\":\"https:\\\/\\\/aliso.fr\\\/reseau\\\/les-motards-solidaires-creusois-rejoignent-aliso\\\/\",\"name\":\"Les motards solidaires Creusois - Aliso R\u00e9seau\",\"isPartOf\":{\"@id\":\"https:\\\/\\\/aliso.fr\\\/reseau\\\/#website\"},\"primaryImageOfPage\":{\"@id\":\"https:\\\/\\\/aliso.fr\\\/reseau\\\/les-motards-solidaires-creusois-rejoignent-aliso\\\/#primaryimage\"},\"image\":{\"@id\":\"https:\\\/\\\/aliso.fr\\\/reseau\\\/les-motards-solidaires-creusois-rejoignent-aliso\\\/#primaryimage\"},\"thumbnailUrl\":\"https:\\\/\\\/aliso.fr\\\/reseau\\\/wp-content\\\/uploads\\\/sites\\\/4\\\/2023\\\/04\\\/motards_solidaires_creusois.jpg\",\"datePublished\":\"2023-04-19T12:50:04+00:00\",\"dateModified\":\"2023-05-31T13:26:55+00:00\",\"breadcrumb\":{\"@id\":\"https:\\\/\\\/aliso.fr\\\/reseau\\\/les-motards-solidaires-creusois-rejoignent-aliso\\\/#breadcrumb\"},\"inLanguage\":\"fr-FR\",\"potentialAction\":[{\"@type\":\"ReadAction\",\"target\":[\"https:\\\/\\\/aliso.fr\\\/reseau\\\/les-motards-solidaires-creusois-rejoignent-aliso\\\/\"]}]},{\"@type\":\"ImageObject\",\"inLanguage\":\"fr-FR\",\"@id\":\"https:\\\/\\\/aliso.fr\\\/reseau\\\/les-motards-solidaires-creusois-rejoignent-aliso\\\/#primaryimage\",\"url\":\"https:\\\/\\\/aliso.fr\\\/reseau\\\/wp-content\\\/uploads\\\/sites\\\/4\\\/2023\\\/04\\\/motards_solidaires_creusois.jpg\",\"contentUrl\":\"https:\\\/\\\/aliso.fr\\\/reseau\\\/wp-content\\\/uploads\\\/sites\\\/4\\\/2023\\\/04\\\/motards_solidaires_creusois.jpg\",\"width\":240,\"height\":243},{\"@type\":\"BreadcrumbList\",\"@id\":\"https:\\\/\\\/aliso.fr\\\/reseau\\\/les-motards-solidaires-creusois-rejoignent-aliso\\\/#breadcrumb\",\"itemListElement\":[{\"@type\":\"ListItem\",\"position\":1,\"name\":\"Accueil\",\"item\":\"https:\\\/\\\/aliso.fr\\\/reseau\\\/\"},{\"@type\":\"ListItem\",\"position\":2,\"name\":\"Actualit\u00e9\",\"item\":\"https:\\\/\\\/aliso.fr\\\/reseau\\\/actualite\\\/\"},{\"@type\":\"ListItem\",\"position\":3,\"name\":\"Les motards solidaires Creusois\"}]},{\"@type\":\"WebSite\",\"@id\":\"https:\\\/\\\/aliso.fr\\\/reseau\\\/#website\",\"url\":\"https:\\\/\\\/aliso.fr\\\/reseau\\\/\",\"name\":\"Aliso R\u00e9seau\",\"description\":\"R\u00e9seau Creusois des acteurs du lien social\",\"publisher\":{\"@id\":\"https:\\\/\\\/aliso.fr\\\/reseau\\\/#organization\"},\"potentialAction\":[{\"@type\":\"SearchAction\",\"target\":{\"@type\":\"EntryPoint\",\"urlTemplate\":\"https:\\\/\\\/aliso.fr\\\/reseau\\\/?s={search_term_string}\"},\"query-input\":{\"@type\":\"PropertyValueSpecification\",\"valueRequired\":true,\"valueName\":\"search_term_string\"}}],\"inLanguage\":\"fr-FR\"},{\"@type\":\"Organization\",\"@id\":\"https:\\\/\\\/aliso.fr\\\/reseau\\\/#organization\",\"name\":\"Aliso R\u00e9seau\",\"url\":\"https:\\\/\\\/aliso.fr\\\/reseau\\\/\",\"logo\":{\"@type\":\"ImageObject\",\"inLanguage\":\"fr-FR\",\"@id\":\"https:\\\/\\\/aliso.fr\\\/reseau\\\/#\\\/schema\\\/logo\\\/image\\\/\",\"url\":\"https:\\\/\\\/aliso.fr\\\/reseau\\\/wp-content\\\/uploads\\\/sites\\\/4\\\/2022\\\/01\\\/Logo-ALISO-Reseau-2.png\",\"contentUrl\":\"https:\\\/\\\/aliso.fr\\\/reseau\\\/wp-content\\\/uploads\\\/sites\\\/4\\\/2022\\\/01\\\/Logo-ALISO-Reseau-2.png\",\"width\":900,\"height\":970,\"caption\":\"Aliso R\u00e9seau\"},\"image\":{\"@id\":\"https:\\\/\\\/aliso.fr\\\/reseau\\\/#\\\/schema\\\/logo\\\/image\\\/\"}},{\"@type\":\"Person\",\"@id\":\"https:\\\/\\\/aliso.fr\\\/reseau\\\/#\\\/schema\\\/person\\\/056af145b9c52eee21a9f739489104a5\",\"name\":\"laure\"}]}<\/script>\n<!-- \/ Yoast SEO plugin. -->","yoast_head_json":{"title":"Les motards solidaires Creusois - Aliso R\u00e9seau","robots":{"index":"index","follow":"follow","max-snippet":"max-snippet:-1","max-image-preview":"max-image-preview:large","max-video-preview":"max-video-preview:-1"},"canonical":"https:\/\/aliso.fr\/reseau\/les-motards-solidaires-creusois-rejoignent-aliso\/","og_locale":"fr_FR","og_type":"article","og_title":"Les motards solidaires Creusois - Aliso R\u00e9seau","og_description":"1) Pourriez-vous nous faire un petit historique de l&rsquo;association ? L\u2019association est n\u00e9e d\u2019une simple id\u00e9e partag\u00e9e par plusieurs motards&nbsp;: rouler et faire de l\u2019action caritative en m\u00eame temps, rouler dans l\u2019action, rouler en moto utilement ! Au d\u00e9but du projet, nous ne pensions aider que les associations \u0153uvrant autour du handicap. Puis, lors du... En savoir plus &raquo;","og_url":"https:\/\/aliso.fr\/reseau\/les-motards-solidaires-creusois-rejoignent-aliso\/","og_site_name":"Aliso R\u00e9seau","article_published_time":"2023-04-19T12:50:04+00:00","article_modified_time":"2023-05-31T13:26:55+00:00","og_image":[{"width":240,"height":243,"url":"https:\/\/aliso.fr\/reseau\/wp-content\/uploads\/sites\/4\/2023\/04\/motards_solidaires_creusois.jpg","type":"image\/jpeg"}],"author":"laure","twitter_card":"summary_large_image","schema":{"@context":"https:\/\/schema.org","@graph":[{"@type":"Article","@id":"https:\/\/aliso.fr\/reseau\/les-motards-solidaires-creusois-rejoignent-aliso\/#article","isPartOf":{"@id":"https:\/\/aliso.fr\/reseau\/les-motards-solidaires-creusois-rejoignent-aliso\/"},"author":{"name":"laure","@id":"https:\/\/aliso.fr\/reseau\/#\/schema\/person\/056af145b9c52eee21a9f739489104a5"},"headline":"Les motards solidaires Creusois","datePublished":"2023-04-19T12:50:04+00:00","dateModified":"2023-05-31T13:26:55+00:00","mainEntityOfPage":{"@id":"https:\/\/aliso.fr\/reseau\/les-motards-solidaires-creusois-rejoignent-aliso\/"},"wordCount":411,"publisher":{"@id":"https:\/\/aliso.fr\/reseau\/#organization"},"image":{"@id":"https:\/\/aliso.fr\/reseau\/les-motards-solidaires-creusois-rejoignent-aliso\/#primaryimage"},"thumbnailUrl":"https:\/\/aliso.fr\/reseau\/wp-content\/uploads\/sites\/4\/2023\/04\/motards_solidaires_creusois.jpg","articleSection":["Actualit\u00e9","Les adh\u00e9rents"],"inLanguage":"fr-FR"},{"@type":"WebPage","@id":"https:\/\/aliso.fr\/reseau\/les-motards-solidaires-creusois-rejoignent-aliso\/","url":"https:\/\/aliso.fr\/reseau\/les-motards-solidaires-creusois-rejoignent-aliso\/","name":"Les motards solidaires Creusois - Aliso R\u00e9seau","isPartOf":{"@id":"https:\/\/aliso.fr\/reseau\/#website"},"primaryImageOfPage":{"@id":"https:\/\/aliso.fr\/reseau\/les-motards-solidaires-creusois-rejoignent-aliso\/#primaryimage"},"image":{"@id":"https:\/\/aliso.fr\/reseau\/les-motards-solidaires-creusois-rejoignent-aliso\/#primaryimage"},"thumbnailUrl":"https:\/\/aliso.fr\/reseau\/wp-content\/uploads\/sites\/4\/2023\/04\/motards_solidaires_creusois.jpg","datePublished":"2023-04-19T12:50:04+00:00","dateModified":"2023-05-31T13:26:55+00:00","breadcrumb":{"@id":"https:\/\/aliso.fr\/reseau\/les-motards-solidaires-creusois-rejoignent-aliso\/#breadcrumb"},"inLanguage":"fr-FR","potentialAction":[{"@type":"ReadAction","target":["https:\/\/aliso.fr\/reseau\/les-motards-solidaires-creusois-rejoignent-aliso\/"]}]},{"@type":"ImageObject","inLanguage":"fr-FR","@id":"https:\/\/aliso.fr\/reseau\/les-motards-solidaires-creusois-rejoignent-aliso\/#primaryimage","url":"https:\/\/aliso.fr\/reseau\/wp-content\/uploads\/sites\/4\/2023\/04\/motards_solidaires_creusois.jpg","contentUrl":"https:\/\/aliso.fr\/reseau\/wp-content\/uploads\/sites\/4\/2023\/04\/motards_solidaires_creusois.jpg","width":240,"height":243},{"@type":"BreadcrumbList","@id":"https:\/\/aliso.fr\/reseau\/les-motards-solidaires-creusois-rejoignent-aliso\/#breadcrumb","itemListElement":[{"@type":"ListItem","position":1,"name":"Accueil","item":"https:\/\/aliso.fr\/reseau\/"},{"@type":"ListItem","position":2,"name":"Actualit\u00e9","item":"https:\/\/aliso.fr\/reseau\/actualite\/"},{"@type":"ListItem","position":3,"name":"Les motards solidaires Creusois"}]},{"@type":"WebSite","@id":"https:\/\/aliso.fr\/reseau\/#website","url":"https:\/\/aliso.fr\/reseau\/","name":"Aliso R\u00e9seau","description":"R\u00e9seau Creusois des acteurs du lien social","publisher":{"@id":"https:\/\/aliso.fr\/reseau\/#organization"},"potentialAction":[{"@type":"SearchAction","target":{"@type":"EntryPoint","urlTemplate":"https:\/\/aliso.fr\/reseau\/?s={search_term_string}"},"query-input":{"@type":"PropertyValueSpecification","valueRequired":true,"valueName":"search_term_string"}}],"inLanguage":"fr-FR"},{"@type":"Organization","@id":"https:\/\/aliso.fr\/reseau\/#organization","name":"Aliso R\u00e9seau","url":"https:\/\/aliso.fr\/reseau\/","logo":{"@type":"ImageObject","inLanguage":"fr-FR","@id":"https:\/\/aliso.fr\/reseau\/#\/schema\/logo\/image\/","url":"https:\/\/aliso.fr\/reseau\/wp-content\/uploads\/sites\/4\/2022\/01\/Logo-ALISO-Reseau-2.png","contentUrl":"https:\/\/aliso.fr\/reseau\/wp-content\/uploads\/sites\/4\/2022\/01\/Logo-ALISO-Reseau-2.png","width":900,"height":970,"caption":"Aliso R\u00e9seau"},"image":{"@id":"https:\/\/aliso.fr\/reseau\/#\/schema\/logo\/image\/"}},{"@type":"Person","@id":"https:\/\/aliso.fr\/reseau\/#\/schema\/person\/056af145b9c52eee21a9f739489104a5","name":"laure"}]}},"_links":{"self":[{"href":"https:\/\/aliso.fr\/reseau\/wp-json\/wp\/v2\/posts\/1660","targetHints":{"allow":["GET"]}}],"collection":[{"href":"https:\/\/aliso.fr\/reseau\/wp-json\/wp\/v2\/posts"}],"about":[{"href":"https:\/\/aliso.fr\/reseau\/wp-json\/wp\/v2\/types\/post"}],"author":[{"embeddable":true,"href":"https:\/\/aliso.fr\/reseau\/wp-json\/wp\/v2\/users\/3"}],"replies":[{"embeddable":true,"href":"https:\/\/aliso.fr\/reseau\/wp-json\/wp\/v2\/comments?post=1660"}],"version-history":[{"count":2,"href":"https:\/\/aliso.fr\/reseau\/wp-json\/wp\/v2\/posts\/1660\/revisions"}],"predecessor-version":[{"id":1787,"href":"https:\/\/aliso.fr\/reseau\/wp-json\/wp\/v2\/posts\/1660\/revisions\/1787"}],"wp:featuredmedia":[{"embeddable":true,"href":"https:\/\/aliso.fr\/reseau\/wp-json\/wp\/v2\/media\/1666"}],"wp:attachment":[{"href":"https:\/\/aliso.fr\/reseau\/wp-json\/wp\/v2\/media?parent=1660"}],"wp:term":[{"taxonomy":"category","embeddable":true,"href":"https:\/\/aliso.fr\/reseau\/wp-json\/wp\/v2\/categories?post=1660"},{"taxonomy":"post_tag","embeddable":true,"href":"https:\/\/aliso.fr\/reseau\/wp-json\/wp\/v2\/tags?post=1660"}],"curies":[{"name":"wp","href":"https:\/\/api.w.org\/{rel}","templated":true}]}}