{"id":1693,"date":"2023-05-04T11:37:36","date_gmt":"2023-05-04T09:37:36","guid":{"rendered":"https:\/\/aliso.fr\/reseau\/?p=1693"},"modified":"2023-05-04T11:37:37","modified_gmt":"2023-05-04T09:37:37","slug":"prochain-ca-daliso-mardi-23-mai-14-16h","status":"publish","type":"post","link":"https:\/\/aliso.fr\/reseau\/prochain-ca-daliso-mardi-23-mai-14-16h\/","title":{"rendered":"PROCHAIN CA D&rsquo;ALISO MARDI 23 MAI 14-16h"},"content":{"rendered":"\n<figure class=\"wp-block-image size-large\"><img loading=\"lazy\" decoding=\"async\" width=\"330\" height=\"330\" src=\"https:\/\/aliso.fr\/reseau\/wp-content\/uploads\/sites\/4\/2023\/05\/PROCHAIN-CA-330x330.png\" alt=\"\" class=\"wp-image-1699\" srcset=\"https:\/\/aliso.fr\/reseau\/wp-content\/uploads\/sites\/4\/2023\/05\/PROCHAIN-CA-330x330.png 330w, https:\/\/aliso.fr\/reseau\/wp-content\/uploads\/sites\/4\/2023\/05\/PROCHAIN-CA-190x190.png 190w, https:\/\/aliso.fr\/reseau\/wp-content\/uploads\/sites\/4\/2023\/05\/PROCHAIN-CA-150x150.png 150w, https:\/\/aliso.fr\/reseau\/wp-content\/uploads\/sites\/4\/2023\/05\/PROCHAIN-CA-768x768.png 768w, https:\/\/aliso.fr\/reseau\/wp-content\/uploads\/sites\/4\/2023\/05\/PROCHAIN-CA-300x300.png 300w, https:\/\/aliso.fr\/reseau\/wp-content\/uploads\/sites\/4\/2023\/05\/PROCHAIN-CA-1536x1536.png 1536w, https:\/\/aliso.fr\/reseau\/wp-content\/uploads\/sites\/4\/2023\/05\/PROCHAIN-CA-600x600.png 600w, https:\/\/aliso.fr\/reseau\/wp-content\/uploads\/sites\/4\/2023\/05\/PROCHAIN-CA-125x125.png 125w, https:\/\/aliso.fr\/reseau\/wp-content\/uploads\/sites\/4\/2023\/05\/PROCHAIN-CA-1320x1320.png 1320w, https:\/\/aliso.fr\/reseau\/wp-content\/uploads\/sites\/4\/2023\/05\/PROCHAIN-CA.png 1772w\" sizes=\"auto, (max-width: 330px) 100vw, 330px\" \/><\/figure>\n\n\n\n<p>Suite \u00e0 la derni\u00e8re AG et aux modifications de nos statuts, tous les adh\u00e9rents d&rsquo;ALISO deviennent administrateurices du r\u00e9seau<br>Vous pouvez donc participer au Conseil d&rsquo;Administration (CA).<br><br><em> Ne vous inqui\u00e9tez pas, <strong>il n&rsquo;y aura que tr\u00e8s peu de CA par an<\/strong> (2 peut-\u00eatre 3)et la personne qui participe peut \u00eatre diff\u00e9rente \u00e0 chaque CA !!<br><br><\/em>&#8212;&#8212;&#8212;&#8212;&#8212;&#8212;&#8212;&#8212;&#8212;&#8212;&#8212;&#8212;&#8211;<br>&gt;&gt;&gt;&gt; pour comprendre les changements vous pouvez consulter les \u00ab\u00a0slides de pr\u00e9sentations\u00a0\u00bb <a href=\"https:\/\/nuage.aliso.fr\/index.php\/s\/3qJpcMHaboKMS6n\">ici<\/a>.<br>&gt;&gt;&gt;&gt; Les statuts sur notre site <a href=\"http:\/\/www.aliso.fr\/r\u00e9seau\">www.aliso.fr\/r\u00e9seau<\/a>, widget \u00ab\u00a0statuts\u00a0\u00bb ==&gt; <a href=\"https:\/\/aliso.fr\/reseau\/les-statuts\/\">c&rsquo;est l\u00e0<\/a><br>&#8212;&#8212;&#8212;&#8212;&#8212;&#8212;&#8212;&#8212;&#8212;&#8212;&#8212;<br><br><strong>Le prochain CA aura lieu en pr\u00e9sentiel ou en visio :<br><br>\u00a0\u00a0\u00a0 \u00a0\u00a0\u00a0 \u00a0\u00a0\u00a0 \u00a0\u00a0\u00a0 \u00a0\u00a0\u00a0 \u00a0\u00a0\u00a0 \u00a0\u00a0\u00a0 \u00a0\u00a0\u00a0 \u00a0\u00a0\u00a0 \u00a0\u00a0\u00a0 \u00a0\u00a0\u00a0 \u00a0\u00a0\u00a0 \u00a0\u00a0\u00a0 \u00a0\u00a0\u00a0 \u00a0\u00a0\u00a0 \u00a0\u00a0\u00a0 MARDI 23 MAI\u00a0 de 14h \u00e0 16h<br>\u00a0\u00a0\u00a0 \u00a0\u00a0\u00a0 \u00a0\u00a0\u00a0 \u00a0\u00a0\u00a0 \u00a0\u00a0\u00a0 \u00a0\u00a0\u00a0 \u00a0\u00a0\u00a0 \u00a0\u00a0\u00a0 \u00a0\u00a0\u00a0 \u00a0\u00a0\u00a0 \u00a0\u00a0\u00a0 \u00a0\u00a0\u00a0 \u00a0\u00a0\u00a0 \u00a0\u00a0\u00a0 \u00a0 au BAKAO (FJT de Gu\u00e9ret)<br>\u00a0\u00a0\u00a0 \u00a0\u00a0\u00a0 \u00a0\u00a0\u00a0 \u00a0\u00a0\u00a0 \u00a0\u00a0\u00a0 ou en visio ==&gt; <\/strong><a href=\"https:\/\/us06web.zoom.us\/j\/83931665183\">https:\/\/us06web.zoom.us\/j\/83931665183<\/a><br><br><br>ordre du jour :<br><strong>&#8211; \u00e9lection du bureau.<\/strong><br><strong>&#8211; Validation des orientations choisies pour les mois \u00e0 venir.<\/strong><br><strong>&#8211; questions diverses<br><\/strong><br>Si vous souhaitez<strong> vous pr\u00e9senter au bureau <\/strong>et que vous voulez plus d&rsquo;infos sur le bureau et son organisation, appelez nous !<strong><br><br>\u00a0<\/strong>Pour pr\u00e9parer au mieux ce CA et notamment <strong>alimenter la discussion sur les orientations,<\/strong> nous vous invitons \u00e0 r\u00e9fl\u00e9chir en amont sur :<br><strong><u>QUELLES ORIENTATIONS pouvez vous imaginer pour votre r\u00e9seau ?<\/u>\u00a0 En vous r\u00e9f\u00e9rent \u00e0 \u00ab\u00a0l&rsquo;objet &amp; but\u00a0\u00bb de l&rsquo;association d\u00e9crit dans les statuts, <a href=\"https:\/\/aliso.fr\/reseau\/les-statuts\/\">Article 3<\/a>.<br><br><\/strong>Merci \u00e0 toutes et \u00e0 tous pour votre pr\u00e9sence,<\/p>\n","protected":false},"excerpt":{"rendered":"<p>Suite \u00e0 la derni\u00e8re AG et aux modifications de nos statuts, tous les adh\u00e9rents d&rsquo;ALISO deviennent administrateurices du r\u00e9seauVous pouvez donc participer au Conseil d&rsquo;Administration (CA). Ne vous inqui\u00e9tez pas, il n&rsquo;y aura que tr\u00e8s peu de CA par an (2 peut-\u00eatre 3)et la personne qui participe peut \u00eatre diff\u00e9rente \u00e0 chaque CA !! &#8212;&#8212;&#8212;&#8212;&#8212;&#8212;&#8212;&#8212;&#8212;&#8212;&#8212;&#8212;&#8211;&gt;&gt;&gt;&gt;&#8230; <a class=\"excerpt-read-more button\" href=\"https:\/\/aliso.fr\/reseau\/prochain-ca-daliso-mardi-23-mai-14-16h\/\" title=\"ReadPROCHAIN CA D&rsquo;ALISO MARDI 23 MAI 14-16h\">En savoir plus &raquo;<\/a><\/p>\n","protected":false},"author":3,"featured_media":1700,"comment_status":"closed","ping_status":"open","sticky":false,"template":"","format":"standard","meta":{"footnotes":""},"categories":[3],"tags":[],"class_list":["post-1693","post","type-post","status-publish","format-standard","has-post-thumbnail","hentry","category-actualite"],"yoast_head":"<!-- This site is optimized with the Yoast SEO plugin v27.4 - https:\/\/yoast.com\/product\/yoast-seo-wordpress\/ -->\n<title>PROCHAIN CA D&#039;ALISO MARDI 23 MAI 14-16h - Aliso R\u00e9seau<\/title>\n<meta name=\"robots\" content=\"index, follow, max-snippet:-1, max-image-preview:large, max-video-preview:-1\" \/>\n<link rel=\"canonical\" href=\"https:\/\/aliso.fr\/reseau\/prochain-ca-daliso-mardi-23-mai-14-16h\/\" \/>\n<meta property=\"og:locale\" content=\"fr_FR\" \/>\n<meta property=\"og:type\" content=\"article\" \/>\n<meta property=\"og:title\" content=\"PROCHAIN CA D&#039;ALISO MARDI 23 MAI 14-16h - Aliso R\u00e9seau\" \/>\n<meta property=\"og:description\" content=\"Suite \u00e0 la derni\u00e8re AG et aux modifications de nos statuts, tous les adh\u00e9rents d&rsquo;ALISO deviennent administrateurices du r\u00e9seauVous pouvez donc participer au Conseil d&rsquo;Administration (CA). Ne vous inqui\u00e9tez pas, il n&rsquo;y aura que tr\u00e8s peu de CA par an (2 peut-\u00eatre 3)et la personne qui participe peut \u00eatre diff\u00e9rente \u00e0 chaque CA !! &#8212;&#8212;&#8212;&#8212;&#8212;&#8212;&#8212;&#8212;&#8212;&#8212;&#8212;&#8212;&#8211;&gt;&gt;&gt;&gt;... En savoir plus &raquo;\" \/>\n<meta property=\"og:url\" content=\"https:\/\/aliso.fr\/reseau\/prochain-ca-daliso-mardi-23-mai-14-16h\/\" \/>\n<meta property=\"og:site_name\" content=\"Aliso R\u00e9seau\" \/>\n<meta property=\"article:published_time\" content=\"2023-05-04T09:37:36+00:00\" \/>\n<meta property=\"article:modified_time\" content=\"2023-05-04T09:37:37+00:00\" \/>\n<meta property=\"og:image\" content=\"https:\/\/aliso.fr\/reseau\/wp-content\/uploads\/sites\/4\/2023\/05\/PROCHAIN-CA-1.png\" \/>\n\t<meta property=\"og:image:width\" content=\"1772\" \/>\n\t<meta property=\"og:image:height\" content=\"1772\" \/>\n\t<meta property=\"og:image:type\" content=\"image\/png\" \/>\n<meta name=\"author\" content=\"laure\" \/>\n<meta name=\"twitter:card\" content=\"summary_large_image\" \/>\n<script type=\"application\/ld+json\" class=\"yoast-schema-graph\">{\"@context\":\"https:\\\/\\\/schema.org\",\"@graph\":[{\"@type\":\"Article\",\"@id\":\"https:\\\/\\\/aliso.fr\\\/reseau\\\/prochain-ca-daliso-mardi-23-mai-14-16h\\\/#article\",\"isPartOf\":{\"@id\":\"https:\\\/\\\/aliso.fr\\\/reseau\\\/prochain-ca-daliso-mardi-23-mai-14-16h\\\/\"},\"author\":{\"name\":\"laure\",\"@id\":\"https:\\\/\\\/aliso.fr\\\/reseau\\\/#\\\/schema\\\/person\\\/056af145b9c52eee21a9f739489104a5\"},\"headline\":\"PROCHAIN CA D&rsquo;ALISO MARDI 23 MAI 14-16h\",\"datePublished\":\"2023-05-04T09:37:36+00:00\",\"dateModified\":\"2023-05-04T09:37:37+00:00\",\"mainEntityOfPage\":{\"@id\":\"https:\\\/\\\/aliso.fr\\\/reseau\\\/prochain-ca-daliso-mardi-23-mai-14-16h\\\/\"},\"wordCount\":240,\"publisher\":{\"@id\":\"https:\\\/\\\/aliso.fr\\\/reseau\\\/#organization\"},\"image\":{\"@id\":\"https:\\\/\\\/aliso.fr\\\/reseau\\\/prochain-ca-daliso-mardi-23-mai-14-16h\\\/#primaryimage\"},\"thumbnailUrl\":\"https:\\\/\\\/aliso.fr\\\/reseau\\\/wp-content\\\/uploads\\\/sites\\\/4\\\/2023\\\/05\\\/PROCHAIN-CA-1.png\",\"articleSection\":[\"Actualit\u00e9\"],\"inLanguage\":\"fr-FR\"},{\"@type\":\"WebPage\",\"@id\":\"https:\\\/\\\/aliso.fr\\\/reseau\\\/prochain-ca-daliso-mardi-23-mai-14-16h\\\/\",\"url\":\"https:\\\/\\\/aliso.fr\\\/reseau\\\/prochain-ca-daliso-mardi-23-mai-14-16h\\\/\",\"name\":\"PROCHAIN CA D'ALISO MARDI 23 MAI 14-16h - Aliso R\u00e9seau\",\"isPartOf\":{\"@id\":\"https:\\\/\\\/aliso.fr\\\/reseau\\\/#website\"},\"primaryImageOfPage\":{\"@id\":\"https:\\\/\\\/aliso.fr\\\/reseau\\\/prochain-ca-daliso-mardi-23-mai-14-16h\\\/#primaryimage\"},\"image\":{\"@id\":\"https:\\\/\\\/aliso.fr\\\/reseau\\\/prochain-ca-daliso-mardi-23-mai-14-16h\\\/#primaryimage\"},\"thumbnailUrl\":\"https:\\\/\\\/aliso.fr\\\/reseau\\\/wp-content\\\/uploads\\\/sites\\\/4\\\/2023\\\/05\\\/PROCHAIN-CA-1.png\",\"datePublished\":\"2023-05-04T09:37:36+00:00\",\"dateModified\":\"2023-05-04T09:37:37+00:00\",\"breadcrumb\":{\"@id\":\"https:\\\/\\\/aliso.fr\\\/reseau\\\/prochain-ca-daliso-mardi-23-mai-14-16h\\\/#breadcrumb\"},\"inLanguage\":\"fr-FR\",\"potentialAction\":[{\"@type\":\"ReadAction\",\"target\":[\"https:\\\/\\\/aliso.fr\\\/reseau\\\/prochain-ca-daliso-mardi-23-mai-14-16h\\\/\"]}]},{\"@type\":\"ImageObject\",\"inLanguage\":\"fr-FR\",\"@id\":\"https:\\\/\\\/aliso.fr\\\/reseau\\\/prochain-ca-daliso-mardi-23-mai-14-16h\\\/#primaryimage\",\"url\":\"https:\\\/\\\/aliso.fr\\\/reseau\\\/wp-content\\\/uploads\\\/sites\\\/4\\\/2023\\\/05\\\/PROCHAIN-CA-1.png\",\"contentUrl\":\"https:\\\/\\\/aliso.fr\\\/reseau\\\/wp-content\\\/uploads\\\/sites\\\/4\\\/2023\\\/05\\\/PROCHAIN-CA-1.png\",\"width\":1772,\"height\":1772},{\"@type\":\"BreadcrumbList\",\"@id\":\"https:\\\/\\\/aliso.fr\\\/reseau\\\/prochain-ca-daliso-mardi-23-mai-14-16h\\\/#breadcrumb\",\"itemListElement\":[{\"@type\":\"ListItem\",\"position\":1,\"name\":\"Accueil\",\"item\":\"https:\\\/\\\/aliso.fr\\\/reseau\\\/\"},{\"@type\":\"ListItem\",\"position\":2,\"name\":\"Actualit\u00e9\",\"item\":\"https:\\\/\\\/aliso.fr\\\/reseau\\\/actualite\\\/\"},{\"@type\":\"ListItem\",\"position\":3,\"name\":\"PROCHAIN CA D&#8217;ALISO MARDI 23 MAI 14-16h\"}]},{\"@type\":\"WebSite\",\"@id\":\"https:\\\/\\\/aliso.fr\\\/reseau\\\/#website\",\"url\":\"https:\\\/\\\/aliso.fr\\\/reseau\\\/\",\"name\":\"Aliso R\u00e9seau\",\"description\":\"R\u00e9seau Creusois des acteurs du lien social\",\"publisher\":{\"@id\":\"https:\\\/\\\/aliso.fr\\\/reseau\\\/#organization\"},\"potentialAction\":[{\"@type\":\"SearchAction\",\"target\":{\"@type\":\"EntryPoint\",\"urlTemplate\":\"https:\\\/\\\/aliso.fr\\\/reseau\\\/?s={search_term_string}\"},\"query-input\":{\"@type\":\"PropertyValueSpecification\",\"valueRequired\":true,\"valueName\":\"search_term_string\"}}],\"inLanguage\":\"fr-FR\"},{\"@type\":\"Organization\",\"@id\":\"https:\\\/\\\/aliso.fr\\\/reseau\\\/#organization\",\"name\":\"Aliso R\u00e9seau\",\"url\":\"https:\\\/\\\/aliso.fr\\\/reseau\\\/\",\"logo\":{\"@type\":\"ImageObject\",\"inLanguage\":\"fr-FR\",\"@id\":\"https:\\\/\\\/aliso.fr\\\/reseau\\\/#\\\/schema\\\/logo\\\/image\\\/\",\"url\":\"https:\\\/\\\/aliso.fr\\\/reseau\\\/wp-content\\\/uploads\\\/sites\\\/4\\\/2022\\\/01\\\/Logo-ALISO-Reseau-2.png\",\"contentUrl\":\"https:\\\/\\\/aliso.fr\\\/reseau\\\/wp-content\\\/uploads\\\/sites\\\/4\\\/2022\\\/01\\\/Logo-ALISO-Reseau-2.png\",\"width\":900,\"height\":970,\"caption\":\"Aliso R\u00e9seau\"},\"image\":{\"@id\":\"https:\\\/\\\/aliso.fr\\\/reseau\\\/#\\\/schema\\\/logo\\\/image\\\/\"}},{\"@type\":\"Person\",\"@id\":\"https:\\\/\\\/aliso.fr\\\/reseau\\\/#\\\/schema\\\/person\\\/056af145b9c52eee21a9f739489104a5\",\"name\":\"laure\"}]}<\/script>\n<!-- \/ Yoast SEO plugin. -->","yoast_head_json":{"title":"PROCHAIN CA D'ALISO MARDI 23 MAI 14-16h - Aliso R\u00e9seau","robots":{"index":"index","follow":"follow","max-snippet":"max-snippet:-1","max-image-preview":"max-image-preview:large","max-video-preview":"max-video-preview:-1"},"canonical":"https:\/\/aliso.fr\/reseau\/prochain-ca-daliso-mardi-23-mai-14-16h\/","og_locale":"fr_FR","og_type":"article","og_title":"PROCHAIN CA D'ALISO MARDI 23 MAI 14-16h - Aliso R\u00e9seau","og_description":"Suite \u00e0 la derni\u00e8re AG et aux modifications de nos statuts, tous les adh\u00e9rents d&rsquo;ALISO deviennent administrateurices du r\u00e9seauVous pouvez donc participer au Conseil d&rsquo;Administration (CA). Ne vous inqui\u00e9tez pas, il n&rsquo;y aura que tr\u00e8s peu de CA par an (2 peut-\u00eatre 3)et la personne qui participe peut \u00eatre diff\u00e9rente \u00e0 chaque CA !! &#8212;&#8212;&#8212;&#8212;&#8212;&#8212;&#8212;&#8212;&#8212;&#8212;&#8212;&#8212;&#8211;&gt;&gt;&gt;&gt;... En savoir plus &raquo;","og_url":"https:\/\/aliso.fr\/reseau\/prochain-ca-daliso-mardi-23-mai-14-16h\/","og_site_name":"Aliso R\u00e9seau","article_published_time":"2023-05-04T09:37:36+00:00","article_modified_time":"2023-05-04T09:37:37+00:00","og_image":[{"width":1772,"height":1772,"url":"https:\/\/aliso.fr\/reseau\/wp-content\/uploads\/sites\/4\/2023\/05\/PROCHAIN-CA-1.png","type":"image\/png"}],"author":"laure","twitter_card":"summary_large_image","schema":{"@context":"https:\/\/schema.org","@graph":[{"@type":"Article","@id":"https:\/\/aliso.fr\/reseau\/prochain-ca-daliso-mardi-23-mai-14-16h\/#article","isPartOf":{"@id":"https:\/\/aliso.fr\/reseau\/prochain-ca-daliso-mardi-23-mai-14-16h\/"},"author":{"name":"laure","@id":"https:\/\/aliso.fr\/reseau\/#\/schema\/person\/056af145b9c52eee21a9f739489104a5"},"headline":"PROCHAIN CA D&rsquo;ALISO MARDI 23 MAI 14-16h","datePublished":"2023-05-04T09:37:36+00:00","dateModified":"2023-05-04T09:37:37+00:00","mainEntityOfPage":{"@id":"https:\/\/aliso.fr\/reseau\/prochain-ca-daliso-mardi-23-mai-14-16h\/"},"wordCount":240,"publisher":{"@id":"https:\/\/aliso.fr\/reseau\/#organization"},"image":{"@id":"https:\/\/aliso.fr\/reseau\/prochain-ca-daliso-mardi-23-mai-14-16h\/#primaryimage"},"thumbnailUrl":"https:\/\/aliso.fr\/reseau\/wp-content\/uploads\/sites\/4\/2023\/05\/PROCHAIN-CA-1.png","articleSection":["Actualit\u00e9"],"inLanguage":"fr-FR"},{"@type":"WebPage","@id":"https:\/\/aliso.fr\/reseau\/prochain-ca-daliso-mardi-23-mai-14-16h\/","url":"https:\/\/aliso.fr\/reseau\/prochain-ca-daliso-mardi-23-mai-14-16h\/","name":"PROCHAIN CA D'ALISO MARDI 23 MAI 14-16h - Aliso R\u00e9seau","isPartOf":{"@id":"https:\/\/aliso.fr\/reseau\/#website"},"primaryImageOfPage":{"@id":"https:\/\/aliso.fr\/reseau\/prochain-ca-daliso-mardi-23-mai-14-16h\/#primaryimage"},"image":{"@id":"https:\/\/aliso.fr\/reseau\/prochain-ca-daliso-mardi-23-mai-14-16h\/#primaryimage"},"thumbnailUrl":"https:\/\/aliso.fr\/reseau\/wp-content\/uploads\/sites\/4\/2023\/05\/PROCHAIN-CA-1.png","datePublished":"2023-05-04T09:37:36+00:00","dateModified":"2023-05-04T09:37:37+00:00","breadcrumb":{"@id":"https:\/\/aliso.fr\/reseau\/prochain-ca-daliso-mardi-23-mai-14-16h\/#breadcrumb"},"inLanguage":"fr-FR","potentialAction":[{"@type":"ReadAction","target":["https:\/\/aliso.fr\/reseau\/prochain-ca-daliso-mardi-23-mai-14-16h\/"]}]},{"@type":"ImageObject","inLanguage":"fr-FR","@id":"https:\/\/aliso.fr\/reseau\/prochain-ca-daliso-mardi-23-mai-14-16h\/#primaryimage","url":"https:\/\/aliso.fr\/reseau\/wp-content\/uploads\/sites\/4\/2023\/05\/PROCHAIN-CA-1.png","contentUrl":"https:\/\/aliso.fr\/reseau\/wp-content\/uploads\/sites\/4\/2023\/05\/PROCHAIN-CA-1.png","width":1772,"height":1772},{"@type":"BreadcrumbList","@id":"https:\/\/aliso.fr\/reseau\/prochain-ca-daliso-mardi-23-mai-14-16h\/#breadcrumb","itemListElement":[{"@type":"ListItem","position":1,"name":"Accueil","item":"https:\/\/aliso.fr\/reseau\/"},{"@type":"ListItem","position":2,"name":"Actualit\u00e9","item":"https:\/\/aliso.fr\/reseau\/actualite\/"},{"@type":"ListItem","position":3,"name":"PROCHAIN CA D&#8217;ALISO MARDI 23 MAI 14-16h"}]},{"@type":"WebSite","@id":"https:\/\/aliso.fr\/reseau\/#website","url":"https:\/\/aliso.fr\/reseau\/","name":"Aliso R\u00e9seau","description":"R\u00e9seau Creusois des acteurs du lien social","publisher":{"@id":"https:\/\/aliso.fr\/reseau\/#organization"},"potentialAction":[{"@type":"SearchAction","target":{"@type":"EntryPoint","urlTemplate":"https:\/\/aliso.fr\/reseau\/?s={search_term_string}"},"query-input":{"@type":"PropertyValueSpecification","valueRequired":true,"valueName":"search_term_string"}}],"inLanguage":"fr-FR"},{"@type":"Organization","@id":"https:\/\/aliso.fr\/reseau\/#organization","name":"Aliso R\u00e9seau","url":"https:\/\/aliso.fr\/reseau\/","logo":{"@type":"ImageObject","inLanguage":"fr-FR","@id":"https:\/\/aliso.fr\/reseau\/#\/schema\/logo\/image\/","url":"https:\/\/aliso.fr\/reseau\/wp-content\/uploads\/sites\/4\/2022\/01\/Logo-ALISO-Reseau-2.png","contentUrl":"https:\/\/aliso.fr\/reseau\/wp-content\/uploads\/sites\/4\/2022\/01\/Logo-ALISO-Reseau-2.png","width":900,"height":970,"caption":"Aliso R\u00e9seau"},"image":{"@id":"https:\/\/aliso.fr\/reseau\/#\/schema\/logo\/image\/"}},{"@type":"Person","@id":"https:\/\/aliso.fr\/reseau\/#\/schema\/person\/056af145b9c52eee21a9f739489104a5","name":"laure"}]}},"_links":{"self":[{"href":"https:\/\/aliso.fr\/reseau\/wp-json\/wp\/v2\/posts\/1693","targetHints":{"allow":["GET"]}}],"collection":[{"href":"https:\/\/aliso.fr\/reseau\/wp-json\/wp\/v2\/posts"}],"about":[{"href":"https:\/\/aliso.fr\/reseau\/wp-json\/wp\/v2\/types\/post"}],"author":[{"embeddable":true,"href":"https:\/\/aliso.fr\/reseau\/wp-json\/wp\/v2\/users\/3"}],"replies":[{"embeddable":true,"href":"https:\/\/aliso.fr\/reseau\/wp-json\/wp\/v2\/comments?post=1693"}],"version-history":[{"count":2,"href":"https:\/\/aliso.fr\/reseau\/wp-json\/wp\/v2\/posts\/1693\/revisions"}],"predecessor-version":[{"id":1701,"href":"https:\/\/aliso.fr\/reseau\/wp-json\/wp\/v2\/posts\/1693\/revisions\/1701"}],"wp:featuredmedia":[{"embeddable":true,"href":"https:\/\/aliso.fr\/reseau\/wp-json\/wp\/v2\/media\/1700"}],"wp:attachment":[{"href":"https:\/\/aliso.fr\/reseau\/wp-json\/wp\/v2\/media?parent=1693"}],"wp:term":[{"taxonomy":"category","embeddable":true,"href":"https:\/\/aliso.fr\/reseau\/wp-json\/wp\/v2\/categories?post=1693"},{"taxonomy":"post_tag","embeddable":true,"href":"https:\/\/aliso.fr\/reseau\/wp-json\/wp\/v2\/tags?post=1693"}],"curies":[{"name":"wp","href":"https:\/\/api.w.org\/{rel}","templated":true}]}}