{"id":1794,"date":"2023-06-07T16:35:11","date_gmt":"2023-06-07T14:35:11","guid":{"rendered":"https:\/\/aliso.fr\/reseau\/?p=1794"},"modified":"2023-06-07T16:39:43","modified_gmt":"2023-06-07T14:39:43","slug":"journee-de-lanimation-2023","status":"publish","type":"post","link":"https:\/\/aliso.fr\/reseau\/journee-de-lanimation-2023\/","title":{"rendered":"Journ\u00e9e de l&rsquo;animation 2023"},"content":{"rendered":"\n<figure class=\"wp-block-image size-large\"><img loading=\"lazy\" decoding=\"async\" width=\"440\" height=\"330\" src=\"https:\/\/aliso.fr\/reseau\/wp-content\/uploads\/sites\/4\/2023\/06\/20230601_153521-1-440x330.jpg\" alt=\"\" class=\"wp-image-1799\" srcset=\"https:\/\/aliso.fr\/reseau\/wp-content\/uploads\/sites\/4\/2023\/06\/20230601_153521-1-440x330.jpg 440w, https:\/\/aliso.fr\/reseau\/wp-content\/uploads\/sites\/4\/2023\/06\/20230601_153521-1-253x190.jpg 253w, https:\/\/aliso.fr\/reseau\/wp-content\/uploads\/sites\/4\/2023\/06\/20230601_153521-1-768x576.jpg 768w, https:\/\/aliso.fr\/reseau\/wp-content\/uploads\/sites\/4\/2023\/06\/20230601_153521-1-1536x1152.jpg 1536w, https:\/\/aliso.fr\/reseau\/wp-content\/uploads\/sites\/4\/2023\/06\/20230601_153521-1-2048x1536.jpg 2048w, https:\/\/aliso.fr\/reseau\/wp-content\/uploads\/sites\/4\/2023\/06\/20230601_153521-1-1320x990.jpg 1320w\" sizes=\"auto, (max-width: 440px) 100vw, 440px\" \/><\/figure>\n\n\n\n<p>Le secteur de l&rsquo;animation socioculturelle de Creuse a partag\u00e9, d\u00e9couvert des nouvelles pratiques jeudi 1er juin 23 \u00e0 Tremplin Nature.<\/p>\n\n\n\n<figure class=\"wp-block-image size-large\"><img loading=\"lazy\" decoding=\"async\" width=\"248\" height=\"330\" src=\"https:\/\/aliso.fr\/reseau\/wp-content\/uploads\/sites\/4\/2023\/06\/20230601_150224-248x330.jpg\" alt=\"\" class=\"wp-image-1798\" srcset=\"https:\/\/aliso.fr\/reseau\/wp-content\/uploads\/sites\/4\/2023\/06\/20230601_150224-248x330.jpg 248w, https:\/\/aliso.fr\/reseau\/wp-content\/uploads\/sites\/4\/2023\/06\/20230601_150224-143x190.jpg 143w, https:\/\/aliso.fr\/reseau\/wp-content\/uploads\/sites\/4\/2023\/06\/20230601_150224-768x1024.jpg 768w, https:\/\/aliso.fr\/reseau\/wp-content\/uploads\/sites\/4\/2023\/06\/20230601_150224-300x400.jpg 300w, https:\/\/aliso.fr\/reseau\/wp-content\/uploads\/sites\/4\/2023\/06\/20230601_150224-1152x1536.jpg 1152w, https:\/\/aliso.fr\/reseau\/wp-content\/uploads\/sites\/4\/2023\/06\/20230601_150224-1536x2048.jpg 1536w, https:\/\/aliso.fr\/reseau\/wp-content\/uploads\/sites\/4\/2023\/06\/20230601_150224-1320x1760.jpg 1320w, https:\/\/aliso.fr\/reseau\/wp-content\/uploads\/sites\/4\/2023\/06\/20230601_150224-scaled.jpg 1920w\" sizes=\"auto, (max-width: 248px) 100vw, 248px\" \/><\/figure>\n\n\n\n<p>Dans une bonne ambiance, une quarantaine de participants de toute la Creuse, du secteur public ou associatif, ont travaill\u00e9 les techniques des grands jeux ou des ateliers bricolage. Le but \u00e9tait d&rsquo;enrichir les pratiques de nouvelles propositions pour les enfants et adolescents. <br>Concernant le bricolage, une malle p\u00e9dagogique vient d&rsquo;\u00eatre constitu\u00e9e et va pouvoir circuler aupr\u00e8s des ALSH qui en feront la demande. <br>Bien s\u00fbr un temps caf\u00e9 discut&rsquo; a \u00e9t\u00e9 propos\u00e9 apr\u00e8s le repas. <br>Rendez vous \u00e0 l&rsquo;ann\u00e9e prochaine pour la version #4.<\/p>\n\n\n\n<figure class=\"wp-block-image size-large\"><img loading=\"lazy\" decoding=\"async\" width=\"248\" height=\"330\" src=\"https:\/\/aliso.fr\/reseau\/wp-content\/uploads\/sites\/4\/2023\/06\/20230601_113920-248x330.jpg\" alt=\"\" class=\"wp-image-1795\" srcset=\"https:\/\/aliso.fr\/reseau\/wp-content\/uploads\/sites\/4\/2023\/06\/20230601_113920-248x330.jpg 248w, https:\/\/aliso.fr\/reseau\/wp-content\/uploads\/sites\/4\/2023\/06\/20230601_113920-143x190.jpg 143w, https:\/\/aliso.fr\/reseau\/wp-content\/uploads\/sites\/4\/2023\/06\/20230601_113920-768x1024.jpg 768w, https:\/\/aliso.fr\/reseau\/wp-content\/uploads\/sites\/4\/2023\/06\/20230601_113920-300x400.jpg 300w, https:\/\/aliso.fr\/reseau\/wp-content\/uploads\/sites\/4\/2023\/06\/20230601_113920-1152x1536.jpg 1152w, https:\/\/aliso.fr\/reseau\/wp-content\/uploads\/sites\/4\/2023\/06\/20230601_113920-1536x2048.jpg 1536w, https:\/\/aliso.fr\/reseau\/wp-content\/uploads\/sites\/4\/2023\/06\/20230601_113920-1320x1760.jpg 1320w, https:\/\/aliso.fr\/reseau\/wp-content\/uploads\/sites\/4\/2023\/06\/20230601_113920-scaled.jpg 1920w\" sizes=\"auto, (max-width: 248px) 100vw, 248px\" \/><\/figure>\n","protected":false},"excerpt":{"rendered":"<p>Le secteur de l&rsquo;animation socioculturelle de Creuse a partag\u00e9, d\u00e9couvert des nouvelles pratiques jeudi 1er juin 23 \u00e0 Tremplin Nature. Dans une bonne ambiance, une quarantaine de participants de toute la Creuse, du secteur public ou associatif, ont travaill\u00e9 les techniques des grands jeux ou des ateliers bricolage. Le but \u00e9tait d&rsquo;enrichir les pratiques de&#8230; <a class=\"excerpt-read-more button\" href=\"https:\/\/aliso.fr\/reseau\/journee-de-lanimation-2023\/\" title=\"ReadJourn\u00e9e de l&rsquo;animation 2023\">En savoir plus &raquo;<\/a><\/p>\n","protected":false},"author":3,"featured_media":1795,"comment_status":"closed","ping_status":"open","sticky":false,"template":"","format":"standard","meta":{"footnotes":""},"categories":[3],"tags":[],"class_list":["post-1794","post","type-post","status-publish","format-standard","has-post-thumbnail","hentry","category-actualite"],"yoast_head":"<!-- This site is optimized with the Yoast SEO plugin v27.4 - https:\/\/yoast.com\/product\/yoast-seo-wordpress\/ -->\n<title>Journ\u00e9e de l&#039;animation 2023 - Aliso R\u00e9seau<\/title>\n<meta name=\"robots\" content=\"index, follow, max-snippet:-1, max-image-preview:large, max-video-preview:-1\" \/>\n<link rel=\"canonical\" href=\"https:\/\/aliso.fr\/reseau\/journee-de-lanimation-2023\/\" \/>\n<meta property=\"og:locale\" content=\"fr_FR\" \/>\n<meta property=\"og:type\" content=\"article\" \/>\n<meta property=\"og:title\" content=\"Journ\u00e9e de l&#039;animation 2023 - Aliso R\u00e9seau\" \/>\n<meta property=\"og:description\" content=\"Le secteur de l&rsquo;animation socioculturelle de Creuse a partag\u00e9, d\u00e9couvert des nouvelles pratiques jeudi 1er juin 23 \u00e0 Tremplin Nature. Dans une bonne ambiance, une quarantaine de participants de toute la Creuse, du secteur public ou associatif, ont travaill\u00e9 les techniques des grands jeux ou des ateliers bricolage. Le but \u00e9tait d&rsquo;enrichir les pratiques de... En savoir plus &raquo;\" \/>\n<meta property=\"og:url\" content=\"https:\/\/aliso.fr\/reseau\/journee-de-lanimation-2023\/\" \/>\n<meta property=\"og:site_name\" content=\"Aliso R\u00e9seau\" \/>\n<meta property=\"article:published_time\" content=\"2023-06-07T14:35:11+00:00\" \/>\n<meta property=\"article:modified_time\" content=\"2023-06-07T14:39:43+00:00\" \/>\n<meta property=\"og:image\" content=\"https:\/\/aliso.fr\/reseau\/wp-content\/uploads\/sites\/4\/2023\/06\/20230601_113920-scaled.jpg\" \/>\n\t<meta property=\"og:image:width\" content=\"1920\" \/>\n\t<meta property=\"og:image:height\" content=\"2560\" \/>\n\t<meta property=\"og:image:type\" content=\"image\/jpeg\" \/>\n<meta name=\"author\" content=\"laure\" \/>\n<meta name=\"twitter:card\" content=\"summary_large_image\" \/>\n<script type=\"application\/ld+json\" class=\"yoast-schema-graph\">{\"@context\":\"https:\\\/\\\/schema.org\",\"@graph\":[{\"@type\":\"Article\",\"@id\":\"https:\\\/\\\/aliso.fr\\\/reseau\\\/journee-de-lanimation-2023\\\/#article\",\"isPartOf\":{\"@id\":\"https:\\\/\\\/aliso.fr\\\/reseau\\\/journee-de-lanimation-2023\\\/\"},\"author\":{\"name\":\"laure\",\"@id\":\"https:\\\/\\\/aliso.fr\\\/reseau\\\/#\\\/schema\\\/person\\\/056af145b9c52eee21a9f739489104a5\"},\"headline\":\"Journ\u00e9e de l&rsquo;animation 2023\",\"datePublished\":\"2023-06-07T14:35:11+00:00\",\"dateModified\":\"2023-06-07T14:39:43+00:00\",\"mainEntityOfPage\":{\"@id\":\"https:\\\/\\\/aliso.fr\\\/reseau\\\/journee-de-lanimation-2023\\\/\"},\"wordCount\":116,\"publisher\":{\"@id\":\"https:\\\/\\\/aliso.fr\\\/reseau\\\/#organization\"},\"image\":{\"@id\":\"https:\\\/\\\/aliso.fr\\\/reseau\\\/journee-de-lanimation-2023\\\/#primaryimage\"},\"thumbnailUrl\":\"https:\\\/\\\/aliso.fr\\\/reseau\\\/wp-content\\\/uploads\\\/sites\\\/4\\\/2023\\\/06\\\/20230601_113920-scaled.jpg\",\"articleSection\":[\"Actualit\u00e9\"],\"inLanguage\":\"fr-FR\"},{\"@type\":\"WebPage\",\"@id\":\"https:\\\/\\\/aliso.fr\\\/reseau\\\/journee-de-lanimation-2023\\\/\",\"url\":\"https:\\\/\\\/aliso.fr\\\/reseau\\\/journee-de-lanimation-2023\\\/\",\"name\":\"Journ\u00e9e de l'animation 2023 - Aliso R\u00e9seau\",\"isPartOf\":{\"@id\":\"https:\\\/\\\/aliso.fr\\\/reseau\\\/#website\"},\"primaryImageOfPage\":{\"@id\":\"https:\\\/\\\/aliso.fr\\\/reseau\\\/journee-de-lanimation-2023\\\/#primaryimage\"},\"image\":{\"@id\":\"https:\\\/\\\/aliso.fr\\\/reseau\\\/journee-de-lanimation-2023\\\/#primaryimage\"},\"thumbnailUrl\":\"https:\\\/\\\/aliso.fr\\\/reseau\\\/wp-content\\\/uploads\\\/sites\\\/4\\\/2023\\\/06\\\/20230601_113920-scaled.jpg\",\"datePublished\":\"2023-06-07T14:35:11+00:00\",\"dateModified\":\"2023-06-07T14:39:43+00:00\",\"breadcrumb\":{\"@id\":\"https:\\\/\\\/aliso.fr\\\/reseau\\\/journee-de-lanimation-2023\\\/#breadcrumb\"},\"inLanguage\":\"fr-FR\",\"potentialAction\":[{\"@type\":\"ReadAction\",\"target\":[\"https:\\\/\\\/aliso.fr\\\/reseau\\\/journee-de-lanimation-2023\\\/\"]}]},{\"@type\":\"ImageObject\",\"inLanguage\":\"fr-FR\",\"@id\":\"https:\\\/\\\/aliso.fr\\\/reseau\\\/journee-de-lanimation-2023\\\/#primaryimage\",\"url\":\"https:\\\/\\\/aliso.fr\\\/reseau\\\/wp-content\\\/uploads\\\/sites\\\/4\\\/2023\\\/06\\\/20230601_113920-scaled.jpg\",\"contentUrl\":\"https:\\\/\\\/aliso.fr\\\/reseau\\\/wp-content\\\/uploads\\\/sites\\\/4\\\/2023\\\/06\\\/20230601_113920-scaled.jpg\",\"width\":1920,\"height\":2560},{\"@type\":\"BreadcrumbList\",\"@id\":\"https:\\\/\\\/aliso.fr\\\/reseau\\\/journee-de-lanimation-2023\\\/#breadcrumb\",\"itemListElement\":[{\"@type\":\"ListItem\",\"position\":1,\"name\":\"Accueil\",\"item\":\"https:\\\/\\\/aliso.fr\\\/reseau\\\/\"},{\"@type\":\"ListItem\",\"position\":2,\"name\":\"Actualit\u00e9\",\"item\":\"https:\\\/\\\/aliso.fr\\\/reseau\\\/actualite\\\/\"},{\"@type\":\"ListItem\",\"position\":3,\"name\":\"Journ\u00e9e de l&#8217;animation 2023\"}]},{\"@type\":\"WebSite\",\"@id\":\"https:\\\/\\\/aliso.fr\\\/reseau\\\/#website\",\"url\":\"https:\\\/\\\/aliso.fr\\\/reseau\\\/\",\"name\":\"Aliso R\u00e9seau\",\"description\":\"R\u00e9seau Creusois des acteurs du lien social\",\"publisher\":{\"@id\":\"https:\\\/\\\/aliso.fr\\\/reseau\\\/#organization\"},\"potentialAction\":[{\"@type\":\"SearchAction\",\"target\":{\"@type\":\"EntryPoint\",\"urlTemplate\":\"https:\\\/\\\/aliso.fr\\\/reseau\\\/?s={search_term_string}\"},\"query-input\":{\"@type\":\"PropertyValueSpecification\",\"valueRequired\":true,\"valueName\":\"search_term_string\"}}],\"inLanguage\":\"fr-FR\"},{\"@type\":\"Organization\",\"@id\":\"https:\\\/\\\/aliso.fr\\\/reseau\\\/#organization\",\"name\":\"Aliso R\u00e9seau\",\"url\":\"https:\\\/\\\/aliso.fr\\\/reseau\\\/\",\"logo\":{\"@type\":\"ImageObject\",\"inLanguage\":\"fr-FR\",\"@id\":\"https:\\\/\\\/aliso.fr\\\/reseau\\\/#\\\/schema\\\/logo\\\/image\\\/\",\"url\":\"https:\\\/\\\/aliso.fr\\\/reseau\\\/wp-content\\\/uploads\\\/sites\\\/4\\\/2022\\\/01\\\/Logo-ALISO-Reseau-2.png\",\"contentUrl\":\"https:\\\/\\\/aliso.fr\\\/reseau\\\/wp-content\\\/uploads\\\/sites\\\/4\\\/2022\\\/01\\\/Logo-ALISO-Reseau-2.png\",\"width\":900,\"height\":970,\"caption\":\"Aliso R\u00e9seau\"},\"image\":{\"@id\":\"https:\\\/\\\/aliso.fr\\\/reseau\\\/#\\\/schema\\\/logo\\\/image\\\/\"}},{\"@type\":\"Person\",\"@id\":\"https:\\\/\\\/aliso.fr\\\/reseau\\\/#\\\/schema\\\/person\\\/056af145b9c52eee21a9f739489104a5\",\"name\":\"laure\"}]}<\/script>\n<!-- \/ Yoast SEO plugin. -->","yoast_head_json":{"title":"Journ\u00e9e de l'animation 2023 - Aliso R\u00e9seau","robots":{"index":"index","follow":"follow","max-snippet":"max-snippet:-1","max-image-preview":"max-image-preview:large","max-video-preview":"max-video-preview:-1"},"canonical":"https:\/\/aliso.fr\/reseau\/journee-de-lanimation-2023\/","og_locale":"fr_FR","og_type":"article","og_title":"Journ\u00e9e de l'animation 2023 - Aliso R\u00e9seau","og_description":"Le secteur de l&rsquo;animation socioculturelle de Creuse a partag\u00e9, d\u00e9couvert des nouvelles pratiques jeudi 1er juin 23 \u00e0 Tremplin Nature. Dans une bonne ambiance, une quarantaine de participants de toute la Creuse, du secteur public ou associatif, ont travaill\u00e9 les techniques des grands jeux ou des ateliers bricolage. Le but \u00e9tait d&rsquo;enrichir les pratiques de... En savoir plus &raquo;","og_url":"https:\/\/aliso.fr\/reseau\/journee-de-lanimation-2023\/","og_site_name":"Aliso R\u00e9seau","article_published_time":"2023-06-07T14:35:11+00:00","article_modified_time":"2023-06-07T14:39:43+00:00","og_image":[{"width":1920,"height":2560,"url":"https:\/\/aliso.fr\/reseau\/wp-content\/uploads\/sites\/4\/2023\/06\/20230601_113920-scaled.jpg","type":"image\/jpeg"}],"author":"laure","twitter_card":"summary_large_image","schema":{"@context":"https:\/\/schema.org","@graph":[{"@type":"Article","@id":"https:\/\/aliso.fr\/reseau\/journee-de-lanimation-2023\/#article","isPartOf":{"@id":"https:\/\/aliso.fr\/reseau\/journee-de-lanimation-2023\/"},"author":{"name":"laure","@id":"https:\/\/aliso.fr\/reseau\/#\/schema\/person\/056af145b9c52eee21a9f739489104a5"},"headline":"Journ\u00e9e de l&rsquo;animation 2023","datePublished":"2023-06-07T14:35:11+00:00","dateModified":"2023-06-07T14:39:43+00:00","mainEntityOfPage":{"@id":"https:\/\/aliso.fr\/reseau\/journee-de-lanimation-2023\/"},"wordCount":116,"publisher":{"@id":"https:\/\/aliso.fr\/reseau\/#organization"},"image":{"@id":"https:\/\/aliso.fr\/reseau\/journee-de-lanimation-2023\/#primaryimage"},"thumbnailUrl":"https:\/\/aliso.fr\/reseau\/wp-content\/uploads\/sites\/4\/2023\/06\/20230601_113920-scaled.jpg","articleSection":["Actualit\u00e9"],"inLanguage":"fr-FR"},{"@type":"WebPage","@id":"https:\/\/aliso.fr\/reseau\/journee-de-lanimation-2023\/","url":"https:\/\/aliso.fr\/reseau\/journee-de-lanimation-2023\/","name":"Journ\u00e9e de l'animation 2023 - Aliso R\u00e9seau","isPartOf":{"@id":"https:\/\/aliso.fr\/reseau\/#website"},"primaryImageOfPage":{"@id":"https:\/\/aliso.fr\/reseau\/journee-de-lanimation-2023\/#primaryimage"},"image":{"@id":"https:\/\/aliso.fr\/reseau\/journee-de-lanimation-2023\/#primaryimage"},"thumbnailUrl":"https:\/\/aliso.fr\/reseau\/wp-content\/uploads\/sites\/4\/2023\/06\/20230601_113920-scaled.jpg","datePublished":"2023-06-07T14:35:11+00:00","dateModified":"2023-06-07T14:39:43+00:00","breadcrumb":{"@id":"https:\/\/aliso.fr\/reseau\/journee-de-lanimation-2023\/#breadcrumb"},"inLanguage":"fr-FR","potentialAction":[{"@type":"ReadAction","target":["https:\/\/aliso.fr\/reseau\/journee-de-lanimation-2023\/"]}]},{"@type":"ImageObject","inLanguage":"fr-FR","@id":"https:\/\/aliso.fr\/reseau\/journee-de-lanimation-2023\/#primaryimage","url":"https:\/\/aliso.fr\/reseau\/wp-content\/uploads\/sites\/4\/2023\/06\/20230601_113920-scaled.jpg","contentUrl":"https:\/\/aliso.fr\/reseau\/wp-content\/uploads\/sites\/4\/2023\/06\/20230601_113920-scaled.jpg","width":1920,"height":2560},{"@type":"BreadcrumbList","@id":"https:\/\/aliso.fr\/reseau\/journee-de-lanimation-2023\/#breadcrumb","itemListElement":[{"@type":"ListItem","position":1,"name":"Accueil","item":"https:\/\/aliso.fr\/reseau\/"},{"@type":"ListItem","position":2,"name":"Actualit\u00e9","item":"https:\/\/aliso.fr\/reseau\/actualite\/"},{"@type":"ListItem","position":3,"name":"Journ\u00e9e de l&#8217;animation 2023"}]},{"@type":"WebSite","@id":"https:\/\/aliso.fr\/reseau\/#website","url":"https:\/\/aliso.fr\/reseau\/","name":"Aliso R\u00e9seau","description":"R\u00e9seau Creusois des acteurs du lien social","publisher":{"@id":"https:\/\/aliso.fr\/reseau\/#organization"},"potentialAction":[{"@type":"SearchAction","target":{"@type":"EntryPoint","urlTemplate":"https:\/\/aliso.fr\/reseau\/?s={search_term_string}"},"query-input":{"@type":"PropertyValueSpecification","valueRequired":true,"valueName":"search_term_string"}}],"inLanguage":"fr-FR"},{"@type":"Organization","@id":"https:\/\/aliso.fr\/reseau\/#organization","name":"Aliso R\u00e9seau","url":"https:\/\/aliso.fr\/reseau\/","logo":{"@type":"ImageObject","inLanguage":"fr-FR","@id":"https:\/\/aliso.fr\/reseau\/#\/schema\/logo\/image\/","url":"https:\/\/aliso.fr\/reseau\/wp-content\/uploads\/sites\/4\/2022\/01\/Logo-ALISO-Reseau-2.png","contentUrl":"https:\/\/aliso.fr\/reseau\/wp-content\/uploads\/sites\/4\/2022\/01\/Logo-ALISO-Reseau-2.png","width":900,"height":970,"caption":"Aliso R\u00e9seau"},"image":{"@id":"https:\/\/aliso.fr\/reseau\/#\/schema\/logo\/image\/"}},{"@type":"Person","@id":"https:\/\/aliso.fr\/reseau\/#\/schema\/person\/056af145b9c52eee21a9f739489104a5","name":"laure"}]}},"_links":{"self":[{"href":"https:\/\/aliso.fr\/reseau\/wp-json\/wp\/v2\/posts\/1794","targetHints":{"allow":["GET"]}}],"collection":[{"href":"https:\/\/aliso.fr\/reseau\/wp-json\/wp\/v2\/posts"}],"about":[{"href":"https:\/\/aliso.fr\/reseau\/wp-json\/wp\/v2\/types\/post"}],"author":[{"embeddable":true,"href":"https:\/\/aliso.fr\/reseau\/wp-json\/wp\/v2\/users\/3"}],"replies":[{"embeddable":true,"href":"https:\/\/aliso.fr\/reseau\/wp-json\/wp\/v2\/comments?post=1794"}],"version-history":[{"count":1,"href":"https:\/\/aliso.fr\/reseau\/wp-json\/wp\/v2\/posts\/1794\/revisions"}],"predecessor-version":[{"id":1800,"href":"https:\/\/aliso.fr\/reseau\/wp-json\/wp\/v2\/posts\/1794\/revisions\/1800"}],"wp:featuredmedia":[{"embeddable":true,"href":"https:\/\/aliso.fr\/reseau\/wp-json\/wp\/v2\/media\/1795"}],"wp:attachment":[{"href":"https:\/\/aliso.fr\/reseau\/wp-json\/wp\/v2\/media?parent=1794"}],"wp:term":[{"taxonomy":"category","embeddable":true,"href":"https:\/\/aliso.fr\/reseau\/wp-json\/wp\/v2\/categories?post=1794"},{"taxonomy":"post_tag","embeddable":true,"href":"https:\/\/aliso.fr\/reseau\/wp-json\/wp\/v2\/tags?post=1794"}],"curies":[{"name":"wp","href":"https:\/\/api.w.org\/{rel}","templated":true}]}}