{"id":1843,"date":"2023-08-07T16:49:56","date_gmt":"2023-08-07T14:49:56","guid":{"rendered":"https:\/\/aliso.fr\/reseau\/?p=1843"},"modified":"2023-10-04T15:52:58","modified_gmt":"2023-10-04T13:52:58","slug":"aliso-et-la-cress-un-travail-collectif","status":"publish","type":"post","link":"https:\/\/aliso.fr\/reseau\/aliso-et-la-cress-un-travail-collectif\/","title":{"rendered":"Aliso et la CRESS, un travail collectif"},"content":{"rendered":"\n<p>Depuis 2021, ALISO fait partie du conseil d&rsquo;administration de la CRESS (Chambre R\u00e9gionale d&rsquo;Economie Sociale et Solidaire) Nouvelle-Aquitaine, repr\u00e9sent\u00e9 par Isabelle RAPINAT, directrice de Cl\u00e9 de contacts (Aubusson). Afin de mieux comprendre le fonctionnement et les missions de la CRESS et son lien avec le territoire creusois, nous avons pos\u00e9 quelques questions \u00e0 Karl Courgnaud, animateur territorial de la CRESS sur le Limousin, et \u00e0 Isabelle RAPINAT, administratrice de la CRESS pour ALISO.<\/p>\n\n\n<div class=\"wp-block-image\">\n<figure class=\"alignleft size-large is-resized\"><img loading=\"lazy\" decoding=\"async\" src=\"https:\/\/aliso.fr\/reseau\/wp-content\/uploads\/sites\/4\/2023\/08\/cinqminutes-11-768x1024-1-248x330.jpg\" alt=\"\" class=\"wp-image-1884\" style=\"width:248px;height:330px\" width=\"248\" height=\"330\" srcset=\"https:\/\/aliso.fr\/reseau\/wp-content\/uploads\/sites\/4\/2023\/08\/cinqminutes-11-768x1024-1-248x330.jpg 248w, https:\/\/aliso.fr\/reseau\/wp-content\/uploads\/sites\/4\/2023\/08\/cinqminutes-11-768x1024-1-143x190.jpg 143w, https:\/\/aliso.fr\/reseau\/wp-content\/uploads\/sites\/4\/2023\/08\/cinqminutes-11-768x1024-1-300x400.jpg 300w, https:\/\/aliso.fr\/reseau\/wp-content\/uploads\/sites\/4\/2023\/08\/cinqminutes-11-768x1024-1.jpg 768w\" sizes=\"auto, (max-width: 248px) 100vw, 248px\" \/><figcaption class=\"wp-element-caption\"><em><mark style=\"background-color:#ffffff\" class=\"has-inline-color has-cyan-bluish-gray-color\"><strong>Karl Courgnaud<\/strong>, Animateur territorial sur le Limousin.<\/mark><\/em><\/figcaption><\/figure>\n<\/div>\n\n\n<h2 class=\"wp-block-heading\">En quelques mots, qu\u2019est-ce que la CRESS et quelles sont ses missions ?<\/h2>\n\n\n\n<p><a href=\"https:\/\/www.cress-na.org\/\">La CRESS NA<\/a> est une association de loi 1901 qui regroupe plus de 270 adh\u00e9rents sur l\u2019ensemble du territoire r\u00e9gional. Seules les structures de l\u2019ESS peuvent adh\u00e9rer.<\/p>\n\n\n\n<p>Ses missions s\u2019articulent autour de 4&nbsp; axes&nbsp;:<\/p>\n\n\n\n<ul class=\"wp-block-list\">\n<li>La CRESS est l\u2019Assembl\u00e9e R\u00e9gionale de l\u2019ESS en Nouvelle-Aquitaine. Autrement dit, elle repr\u00e9sente les acteurs et actrices de l&rsquo;ESS aupr\u00e8s des partenaires institutionnels ou priv\u00e9s.<\/li>\n\n\n\n<li>La CRESS se veut aussi un outil au service du d\u00e9veloppement des structures de l\u2019ESS. Elle est un espace de rencontres, de projets pour les structures ESS du territoire<\/li>\n\n\n\n<li>La CRESS promeut et acculture \u00e0 l\u2019ESS. La CRESS d\u00e9veloppe des outils et m\u00e8ne des actions aupr\u00e8s de diff\u00e9rents publics (\u00e9tudiants, \u00e9lus locaux, techniciens de collectivit\u00e9s ou de services de l\u2019Etat, salari\u00e9s d\u2019entreprises, demandeurs d\u2019emplois\u2026).<\/li>\n\n\n\n<li>La CRESS anime un centre de ressources sur l\u2019ESS. Elle collecte, analyse et diffuse les donn\u00e9es autour de l\u2019ESS, sa place dans notre \u00e9conomie et nos territoires de vie.<\/li>\n<\/ul>\n\n\n\n<p><\/p>\n\n\n\n<h2 class=\"wp-block-heading\">Quelles sont les actualit\u00e9s pour la rentr\u00e9e 2023 ?<\/h2>\n\n\n\n<p>Les actualit\u00e9s ne manquent pas.<\/p>\n\n\n\n<p>SI on doit en retenir une, ce serait sans doute la ligne droite finale dans la pr\u00e9paration du <a href=\"https:\/\/www.forum-ess.fr\/?Accueil\">Forum National de l\u2019ESS<\/a> qui aura lieu les 30-31 janvier et 1<sup>er<\/sup> F\u00e9vrier \u00e0 Niort.<\/p>\n\n\n\n<p>Comme lors des pr\u00e9c\u00e9dentes \u00e9ditions, ce forum national est organis\u00e9 par la CRESS Nouvelle Aquitaine, la R\u00e9gion Nouvelle Aquitaine et l\u2019Agglom\u00e9ration de Niort. Le programme va \u00eatre co construit gr\u00e2ce aux contributions des acteurs de l\u2019ESS. On y attend 2500 participants qui pourront assister aux conf\u00e9rences, aux temps de d\u00e9bats, des ateliers participatifs \u2026 Nul doute que ce sera notamment l\u2019occasion de faire un premier bilan et d&rsquo;\u00e9changer sur les 10 ans de la loi ESS \u00ab&nbsp;Hamon&nbsp;\u00bb.<\/p>\n\n\n\n<h2 class=\"wp-block-heading\">Quels sont les liens entre la CRESS NA et le territoire creusois ?<\/h2>\n\n\n\n<p>Le premier lien, c\u2019est avec la douzaine d\u2019adh\u00e9rents creusois. La CRESS co-anime notamment un collectif d\u2019acteurs et d\u2019actrices ESS et co-organise dans ce cadre des actions de sensibilisation aupr\u00e8s des \u00e9lus locaux, des journ\u00e9es de d\u00e9bats et d\u2019\u00e9changes autour des sujets d\u2019actualit\u00e9 de l\u2019ESS\u2026<\/p>\n\n\n\n<h2 class=\"wp-block-heading\">Quels sont les int\u00e9r\u00eats pour l&rsquo;ESS de se regrouper en r\u00e9seau r\u00e9gional voire national ?<\/h2>\n\n\n\n<p>Dans le cas de la CRESS, les structures expriment plusieurs motivations \u00e0 adh\u00e9rer \u00e0 ce r\u00e9seau r\u00e9gional.<\/p>\n\n\n\n<p>En premier lieu, par leurs adh\u00e9sions \u00e0 la CRESS, les structures revendiquent ainsi leur appartenance au champs de l\u2019ESS.<\/p>\n\n\n\n<p>La CRESS est aussi la repr\u00e9sentante des structures ESS aupr\u00e8s des institutions et partenaires r\u00e9gionaux et nationaux. Adh\u00e9rer \u00e0 la CRESS est donc un moyen pour les structures de faire porter leur voix et revendications sur des \u00e9chelons pas toujours simples \u00e0 mobiliser pour des structures isol\u00e9es.<\/p>\n\n\n\n<p>Enfin, les structures adh\u00e9rent aussi pour des raisons plus \u00ab&nbsp;techniques&nbsp;\u00bb&nbsp;: d\u00e9velopper son r\u00e9seau de partenaires, b\u00e9n\u00e9ficier de l\u2019offre de service de la CRESS.<\/p>\n\n\n\n<hr class=\"wp-block-separator has-alpha-channel-opacity\" \/>\n\n\n<div class=\"wp-block-image\">\n<figure class=\"alignright size-large\"><img loading=\"lazy\" decoding=\"async\" width=\"588\" height=\"330\" src=\"https:\/\/aliso.fr\/reseau\/wp-content\/uploads\/sites\/4\/2023\/08\/2000002988122-588x330.webp\" alt=\"\" class=\"wp-image-1885\" srcset=\"https:\/\/aliso.fr\/reseau\/wp-content\/uploads\/sites\/4\/2023\/08\/2000002988122-588x330.webp 588w, https:\/\/aliso.fr\/reseau\/wp-content\/uploads\/sites\/4\/2023\/08\/2000002988122-300x168.webp 300w, https:\/\/aliso.fr\/reseau\/wp-content\/uploads\/sites\/4\/2023\/08\/2000002988122.webp 657w\" sizes=\"auto, (max-width: 588px) 100vw, 588px\" \/><figcaption class=\"wp-element-caption\"><em><mark style=\"background-color:#ffffff\" class=\"has-inline-color has-cyan-bluish-gray-color\"><strong>Isabelle RAPINAT<\/strong>, directrice de Cl\u00e9 de Contacts (Aubusson)<\/mark><\/em><\/figcaption><\/figure>\n<\/div>\n\n\n<h2 class=\"wp-block-heading\">Comment et pourquoi es-tu devenue administratrice de la CRESS ?<\/h2>\n\n\n\n<p>Depuis 2021, ALISO est repr\u00e9sent\u00e9 \u00e0 la CRESS (Chambre r\u00e9gionale d\u2019\u00e9conomie sociale et solidaire) Nouvelle Aquitaine par Isabelle Rapinat, directrice du centre social Cl\u00e9 de contacts \u00e0 Aubusson. Une place f\u00e9minine venait de se lib\u00e9rer au conseil d\u2019administration, le principe de parit\u00e9 Femme-Homme au sein du conseil \u00e9tant inscrit dans les statuts de la CRESS.<br>Aliso rentre donc dans le septi\u00e8me coll\u00e8ge, celui des sp\u00e9cificit\u00e9s territoriales. Ce coll\u00e8ge, tr\u00e8s r\u00e9duit en 2021, regroupe aujourd\u2019hui des structures comme <a href=\"https:\/\/www.coopaction.com\/\">Coop\u2019action<\/a> (coop\u00e9rative des m\u00e9tiers du b\u00e2timent en Occitanie) ou encore <a href=\"https:\/\/capsolidaire.org\/\">CAP Solidaires<\/a> (f\u00e9d\u00e9ration d\u2019acteurs de l\u2019ESS en Sud-Gironde).<\/p>\n\n\n\n<h2 class=\"wp-block-heading\">Quelles sont les \u00ab\u00a0missions\u00a0\u00bb ou r\u00f4le d&rsquo;un administrateur de la CRESS ?<\/h2>\n\n\n\n<p>Les administrateurs et administratrices de la CRESS peuvent s\u2019investir dans diff\u00e9rentes instances de travail ou d\u2019organisation, notamment en vue du <a href=\"https:\/\/www.forum-ess.fr\/?Accueil\">forum de l\u2019ESS 2023<\/a> de Niort, ou du prochain forum mondial de l\u2019ES en 2025 (Bordeaux), ces deux forums \u00e9tant organis\u00e9s par la CRESS Nouvelle Aquitaine. L\u2019implication de chacun et chacune d\u00e9pends ensuite \u00e9videmment de la disponibilit\u00e9 et de la distance \u00e0 Bordeaux, la plupart des temps de travail \u00e9tant organis\u00e9 la bas. Les administrateur\u00b7ices sont aussi les relais des animateurs territoriaux de la CRESS sur leurs territoires. Ces animateurs ont pour r\u00f4les de d\u00e9velopper des projets ESS, de monter des actions et de promouvoir l\u2019ESS sur des territoires donn\u00e9s. Iels travaillent \u00e9galement \u00e0 sensibiliser les \u00e9lu\u00b7es et \u00e0 promouvoir l\u2019ESS aupr\u00e8s des politiques.<br>Les administrateur\u00b7ices participent \u00e9galement \u00e0 3 ou 4 CA par an, ainsi qu\u2019a l\u2019AG<\/p>\n\n\n\n<figure class=\"wp-block-image size-large\"><img loading=\"lazy\" decoding=\"async\" width=\"440\" height=\"330\" src=\"https:\/\/aliso.fr\/reseau\/wp-content\/uploads\/sites\/4\/2023\/07\/356896940_238830092263913_4553642905593644507_n-440x330.jpg\" alt=\"\" class=\"wp-image-1844\" srcset=\"https:\/\/aliso.fr\/reseau\/wp-content\/uploads\/sites\/4\/2023\/07\/356896940_238830092263913_4553642905593644507_n-440x330.jpg 440w, https:\/\/aliso.fr\/reseau\/wp-content\/uploads\/sites\/4\/2023\/07\/356896940_238830092263913_4553642905593644507_n-253x190.jpg 253w, https:\/\/aliso.fr\/reseau\/wp-content\/uploads\/sites\/4\/2023\/07\/356896940_238830092263913_4553642905593644507_n-768x576.jpg 768w, https:\/\/aliso.fr\/reseau\/wp-content\/uploads\/sites\/4\/2023\/07\/356896940_238830092263913_4553642905593644507_n.jpg 1008w\" sizes=\"auto, (max-width: 440px) 100vw, 440px\" \/><\/figure>\n\n\n\n<h2 class=\"wp-block-heading\">Concr\u00e8tement, qu&rsquo;est-ce que cela apporte \u00e0 Aliso ?<\/h2>\n\n\n\n<p class=\"has-text-align-left\">L\u2019\u00e9conomie sociale et solidaire est une philosophie centrale dans nos structures et nos m\u00e9tiers, cependant chaque personne en a sa propre vision et interpr\u00e9tation. Participer \u00e0 la vie de la CRESS permet pour ALISO d\u2019\u00eatre au plus pr\u00eat d\u2019une source d\u2019information fiable et pertinente. Avec les multiples temps de discussions ou de rencontres qu\u2019organise \u00e9galement la CRESS, cela permet de se questionner et de creuser plus en profondeur le champs de l\u2019ESS.<br>La participation d\u2019ALISO \u00e0 la CRESS permet une reconnaissance du r\u00e9seau et de ses sp\u00e9cificit\u00e9s \u00e0 une \u00e9chelle r\u00e9gionale. Cela permet de rencontrer d\u2019autres structures de la r\u00e9gion, parfois de tailles et d\u2019horizons extr\u00eamement diff\u00e9rentes et d\u2019exister au sein de la m\u00eame structure en ayant chacun une voix lors des votes et des d\u00e9cisions \u00e0 prendre pour l\u2019ensemble.<br>La proximit\u00e9 entre ALISO et la CRESS permet \u00e9galement de compter sur cette derni\u00e8re comme structure d\u2019accompagnement \u00e0 l\u2019ESS en Creuse.<br>Cette proximit\u00e9, malgr\u00e9 une structure couvrant l\u2019ensemble de la Nouvelle-Aquitaine, se fait notamment par des directions r\u00e9partie selon l\u2019ancien d\u00e9coupage de r\u00e9gion&nbsp;: Benjamin Coly dirige l\u2019\u00e9quipe en charge du Limousin, M\u00e9lanie Thuillier celle &nbsp;d\u2019Aquitaine et R\u00e9mi Poignant celle sur le territoire du Poitou-Charentes. Gr\u00e2ce \u00e0 cela et \u00e0 la pr\u00e9sence assidue des animateurs territoriaux, le lien avec les territoires reste fort.<\/p>\n\n\n\n<h2 class=\"wp-block-heading\">Qu&rsquo;y trouves tu personnellement ?<\/h2>\n\n\n\n<p>Participer \u00e0 la CRESS comme administratrice est un excellent moyen d\u2019assouvir une curiosit\u00e9 autour de l\u2019ESS et des initiatives. Cela permet de d\u00e9couvrir des projets et des id\u00e9es extraordinaires hors de notre territoire de r\u00e9f\u00e9rence, comme le projet <a href=\"https:\/\/www.nutri-culture.com\/fr\/\">Nutri-culture<\/a> \u00e0 Saint-Junien ou le restaurant d\u2019insertion <a href=\"https:\/\/www.interstices-sud-aquitaine.fr\/restaurant-metroloco\/\">Metroloco<\/a> dans les landes, deux projets pr\u00e9sent\u00e9s lors du forum de l\u2019ESS 2021.<\/p>\n","protected":false},"excerpt":{"rendered":"<p>Depuis 2021, ALISO fait partie du conseil d&rsquo;administration de la CRESS (Chambre R\u00e9gionale d&rsquo;Economie Sociale et Solidaire) Nouvelle-Aquitaine, repr\u00e9sent\u00e9 par Isabelle RAPINAT, directrice de Cl\u00e9 de contacts (Aubusson). Afin de mieux comprendre le fonctionnement et les missions de la CRESS et son lien avec le territoire creusois, nous avons pos\u00e9 quelques questions \u00e0 Karl Courgnaud,&#8230; <a class=\"excerpt-read-more button\" href=\"https:\/\/aliso.fr\/reseau\/aliso-et-la-cress-un-travail-collectif\/\" title=\"ReadAliso et la CRESS, un travail collectif\">En savoir plus &raquo;<\/a><\/p>\n","protected":false},"author":3,"featured_media":1890,"comment_status":"closed","ping_status":"open","sticky":false,"template":"","format":"standard","meta":{"footnotes":""},"categories":[3],"tags":[],"class_list":["post-1843","post","type-post","status-publish","format-standard","has-post-thumbnail","hentry","category-actualite"],"yoast_head":"<!-- This site is optimized with the Yoast SEO plugin v27.5 - https:\/\/yoast.com\/product\/yoast-seo-wordpress\/ -->\n<title>Aliso et la CRESS, un travail collectif - Aliso R\u00e9seau<\/title>\n<meta name=\"robots\" content=\"index, follow, max-snippet:-1, max-image-preview:large, max-video-preview:-1\" \/>\n<link rel=\"canonical\" href=\"https:\/\/aliso.fr\/reseau\/aliso-et-la-cress-un-travail-collectif\/\" \/>\n<meta property=\"og:locale\" content=\"fr_FR\" \/>\n<meta property=\"og:type\" content=\"article\" \/>\n<meta property=\"og:title\" content=\"Aliso et la CRESS, un travail collectif - Aliso R\u00e9seau\" \/>\n<meta property=\"og:description\" content=\"Depuis 2021, ALISO fait partie du conseil d&rsquo;administration de la CRESS (Chambre R\u00e9gionale d&rsquo;Economie Sociale et Solidaire) Nouvelle-Aquitaine, repr\u00e9sent\u00e9 par Isabelle RAPINAT, directrice de Cl\u00e9 de contacts (Aubusson). Afin de mieux comprendre le fonctionnement et les missions de la CRESS et son lien avec le territoire creusois, nous avons pos\u00e9 quelques questions \u00e0 Karl Courgnaud,... En savoir plus &raquo;\" \/>\n<meta property=\"og:url\" content=\"https:\/\/aliso.fr\/reseau\/aliso-et-la-cress-un-travail-collectif\/\" \/>\n<meta property=\"og:site_name\" content=\"Aliso R\u00e9seau\" \/>\n<meta property=\"article:published_time\" content=\"2023-08-07T14:49:56+00:00\" \/>\n<meta property=\"article:modified_time\" content=\"2023-10-04T13:52:58+00:00\" \/>\n<meta property=\"og:image\" content=\"https:\/\/aliso.fr\/reseau\/wp-content\/uploads\/sites\/4\/2023\/08\/Sans-titre.jpg\" \/>\n\t<meta property=\"og:image:width\" content=\"392\" \/>\n\t<meta property=\"og:image:height\" content=\"129\" \/>\n\t<meta property=\"og:image:type\" content=\"image\/jpeg\" \/>\n<meta name=\"author\" content=\"laure\" \/>\n<meta name=\"twitter:card\" content=\"summary_large_image\" \/>\n<script type=\"application\/ld+json\" class=\"yoast-schema-graph\">{\"@context\":\"https:\\\/\\\/schema.org\",\"@graph\":[{\"@type\":\"Article\",\"@id\":\"https:\\\/\\\/aliso.fr\\\/reseau\\\/aliso-et-la-cress-un-travail-collectif\\\/#article\",\"isPartOf\":{\"@id\":\"https:\\\/\\\/aliso.fr\\\/reseau\\\/aliso-et-la-cress-un-travail-collectif\\\/\"},\"author\":{\"name\":\"laure\",\"@id\":\"https:\\\/\\\/aliso.fr\\\/reseau\\\/#\\\/schema\\\/person\\\/056af145b9c52eee21a9f739489104a5\"},\"headline\":\"Aliso et la CRESS, un travail collectif\",\"datePublished\":\"2023-08-07T14:49:56+00:00\",\"dateModified\":\"2023-10-04T13:52:58+00:00\",\"mainEntityOfPage\":{\"@id\":\"https:\\\/\\\/aliso.fr\\\/reseau\\\/aliso-et-la-cress-un-travail-collectif\\\/\"},\"wordCount\":1237,\"publisher\":{\"@id\":\"https:\\\/\\\/aliso.fr\\\/reseau\\\/#organization\"},\"image\":{\"@id\":\"https:\\\/\\\/aliso.fr\\\/reseau\\\/aliso-et-la-cress-un-travail-collectif\\\/#primaryimage\"},\"thumbnailUrl\":\"https:\\\/\\\/aliso.fr\\\/reseau\\\/wp-content\\\/uploads\\\/sites\\\/4\\\/2023\\\/08\\\/Sans-titre.jpg\",\"articleSection\":[\"Actualit\u00e9\"],\"inLanguage\":\"fr-FR\"},{\"@type\":\"WebPage\",\"@id\":\"https:\\\/\\\/aliso.fr\\\/reseau\\\/aliso-et-la-cress-un-travail-collectif\\\/\",\"url\":\"https:\\\/\\\/aliso.fr\\\/reseau\\\/aliso-et-la-cress-un-travail-collectif\\\/\",\"name\":\"Aliso et la CRESS, un travail collectif - Aliso R\u00e9seau\",\"isPartOf\":{\"@id\":\"https:\\\/\\\/aliso.fr\\\/reseau\\\/#website\"},\"primaryImageOfPage\":{\"@id\":\"https:\\\/\\\/aliso.fr\\\/reseau\\\/aliso-et-la-cress-un-travail-collectif\\\/#primaryimage\"},\"image\":{\"@id\":\"https:\\\/\\\/aliso.fr\\\/reseau\\\/aliso-et-la-cress-un-travail-collectif\\\/#primaryimage\"},\"thumbnailUrl\":\"https:\\\/\\\/aliso.fr\\\/reseau\\\/wp-content\\\/uploads\\\/sites\\\/4\\\/2023\\\/08\\\/Sans-titre.jpg\",\"datePublished\":\"2023-08-07T14:49:56+00:00\",\"dateModified\":\"2023-10-04T13:52:58+00:00\",\"breadcrumb\":{\"@id\":\"https:\\\/\\\/aliso.fr\\\/reseau\\\/aliso-et-la-cress-un-travail-collectif\\\/#breadcrumb\"},\"inLanguage\":\"fr-FR\",\"potentialAction\":[{\"@type\":\"ReadAction\",\"target\":[\"https:\\\/\\\/aliso.fr\\\/reseau\\\/aliso-et-la-cress-un-travail-collectif\\\/\"]}]},{\"@type\":\"ImageObject\",\"inLanguage\":\"fr-FR\",\"@id\":\"https:\\\/\\\/aliso.fr\\\/reseau\\\/aliso-et-la-cress-un-travail-collectif\\\/#primaryimage\",\"url\":\"https:\\\/\\\/aliso.fr\\\/reseau\\\/wp-content\\\/uploads\\\/sites\\\/4\\\/2023\\\/08\\\/Sans-titre.jpg\",\"contentUrl\":\"https:\\\/\\\/aliso.fr\\\/reseau\\\/wp-content\\\/uploads\\\/sites\\\/4\\\/2023\\\/08\\\/Sans-titre.jpg\",\"width\":392,\"height\":129},{\"@type\":\"BreadcrumbList\",\"@id\":\"https:\\\/\\\/aliso.fr\\\/reseau\\\/aliso-et-la-cress-un-travail-collectif\\\/#breadcrumb\",\"itemListElement\":[{\"@type\":\"ListItem\",\"position\":1,\"name\":\"Accueil\",\"item\":\"https:\\\/\\\/aliso.fr\\\/reseau\\\/\"},{\"@type\":\"ListItem\",\"position\":2,\"name\":\"Actualit\u00e9\",\"item\":\"https:\\\/\\\/aliso.fr\\\/reseau\\\/actualite\\\/\"},{\"@type\":\"ListItem\",\"position\":3,\"name\":\"Aliso et la CRESS, un travail collectif\"}]},{\"@type\":\"WebSite\",\"@id\":\"https:\\\/\\\/aliso.fr\\\/reseau\\\/#website\",\"url\":\"https:\\\/\\\/aliso.fr\\\/reseau\\\/\",\"name\":\"Aliso R\u00e9seau\",\"description\":\"R\u00e9seau Creusois des acteurs du lien social\",\"publisher\":{\"@id\":\"https:\\\/\\\/aliso.fr\\\/reseau\\\/#organization\"},\"potentialAction\":[{\"@type\":\"SearchAction\",\"target\":{\"@type\":\"EntryPoint\",\"urlTemplate\":\"https:\\\/\\\/aliso.fr\\\/reseau\\\/?s={search_term_string}\"},\"query-input\":{\"@type\":\"PropertyValueSpecification\",\"valueRequired\":true,\"valueName\":\"search_term_string\"}}],\"inLanguage\":\"fr-FR\"},{\"@type\":\"Organization\",\"@id\":\"https:\\\/\\\/aliso.fr\\\/reseau\\\/#organization\",\"name\":\"Aliso R\u00e9seau\",\"url\":\"https:\\\/\\\/aliso.fr\\\/reseau\\\/\",\"logo\":{\"@type\":\"ImageObject\",\"inLanguage\":\"fr-FR\",\"@id\":\"https:\\\/\\\/aliso.fr\\\/reseau\\\/#\\\/schema\\\/logo\\\/image\\\/\",\"url\":\"https:\\\/\\\/aliso.fr\\\/reseau\\\/wp-content\\\/uploads\\\/sites\\\/4\\\/2022\\\/01\\\/Logo-ALISO-Reseau-2.png\",\"contentUrl\":\"https:\\\/\\\/aliso.fr\\\/reseau\\\/wp-content\\\/uploads\\\/sites\\\/4\\\/2022\\\/01\\\/Logo-ALISO-Reseau-2.png\",\"width\":900,\"height\":970,\"caption\":\"Aliso R\u00e9seau\"},\"image\":{\"@id\":\"https:\\\/\\\/aliso.fr\\\/reseau\\\/#\\\/schema\\\/logo\\\/image\\\/\"}},{\"@type\":\"Person\",\"@id\":\"https:\\\/\\\/aliso.fr\\\/reseau\\\/#\\\/schema\\\/person\\\/056af145b9c52eee21a9f739489104a5\",\"name\":\"laure\"}]}<\/script>\n<!-- \/ Yoast SEO plugin. -->","yoast_head_json":{"title":"Aliso et la CRESS, un travail collectif - Aliso R\u00e9seau","robots":{"index":"index","follow":"follow","max-snippet":"max-snippet:-1","max-image-preview":"max-image-preview:large","max-video-preview":"max-video-preview:-1"},"canonical":"https:\/\/aliso.fr\/reseau\/aliso-et-la-cress-un-travail-collectif\/","og_locale":"fr_FR","og_type":"article","og_title":"Aliso et la CRESS, un travail collectif - Aliso R\u00e9seau","og_description":"Depuis 2021, ALISO fait partie du conseil d&rsquo;administration de la CRESS (Chambre R\u00e9gionale d&rsquo;Economie Sociale et Solidaire) Nouvelle-Aquitaine, repr\u00e9sent\u00e9 par Isabelle RAPINAT, directrice de Cl\u00e9 de contacts (Aubusson). Afin de mieux comprendre le fonctionnement et les missions de la CRESS et son lien avec le territoire creusois, nous avons pos\u00e9 quelques questions \u00e0 Karl Courgnaud,... En savoir plus &raquo;","og_url":"https:\/\/aliso.fr\/reseau\/aliso-et-la-cress-un-travail-collectif\/","og_site_name":"Aliso R\u00e9seau","article_published_time":"2023-08-07T14:49:56+00:00","article_modified_time":"2023-10-04T13:52:58+00:00","og_image":[{"width":392,"height":129,"url":"https:\/\/aliso.fr\/reseau\/wp-content\/uploads\/sites\/4\/2023\/08\/Sans-titre.jpg","type":"image\/jpeg"}],"author":"laure","twitter_card":"summary_large_image","schema":{"@context":"https:\/\/schema.org","@graph":[{"@type":"Article","@id":"https:\/\/aliso.fr\/reseau\/aliso-et-la-cress-un-travail-collectif\/#article","isPartOf":{"@id":"https:\/\/aliso.fr\/reseau\/aliso-et-la-cress-un-travail-collectif\/"},"author":{"name":"laure","@id":"https:\/\/aliso.fr\/reseau\/#\/schema\/person\/056af145b9c52eee21a9f739489104a5"},"headline":"Aliso et la CRESS, un travail collectif","datePublished":"2023-08-07T14:49:56+00:00","dateModified":"2023-10-04T13:52:58+00:00","mainEntityOfPage":{"@id":"https:\/\/aliso.fr\/reseau\/aliso-et-la-cress-un-travail-collectif\/"},"wordCount":1237,"publisher":{"@id":"https:\/\/aliso.fr\/reseau\/#organization"},"image":{"@id":"https:\/\/aliso.fr\/reseau\/aliso-et-la-cress-un-travail-collectif\/#primaryimage"},"thumbnailUrl":"https:\/\/aliso.fr\/reseau\/wp-content\/uploads\/sites\/4\/2023\/08\/Sans-titre.jpg","articleSection":["Actualit\u00e9"],"inLanguage":"fr-FR"},{"@type":"WebPage","@id":"https:\/\/aliso.fr\/reseau\/aliso-et-la-cress-un-travail-collectif\/","url":"https:\/\/aliso.fr\/reseau\/aliso-et-la-cress-un-travail-collectif\/","name":"Aliso et la CRESS, un travail collectif - Aliso R\u00e9seau","isPartOf":{"@id":"https:\/\/aliso.fr\/reseau\/#website"},"primaryImageOfPage":{"@id":"https:\/\/aliso.fr\/reseau\/aliso-et-la-cress-un-travail-collectif\/#primaryimage"},"image":{"@id":"https:\/\/aliso.fr\/reseau\/aliso-et-la-cress-un-travail-collectif\/#primaryimage"},"thumbnailUrl":"https:\/\/aliso.fr\/reseau\/wp-content\/uploads\/sites\/4\/2023\/08\/Sans-titre.jpg","datePublished":"2023-08-07T14:49:56+00:00","dateModified":"2023-10-04T13:52:58+00:00","breadcrumb":{"@id":"https:\/\/aliso.fr\/reseau\/aliso-et-la-cress-un-travail-collectif\/#breadcrumb"},"inLanguage":"fr-FR","potentialAction":[{"@type":"ReadAction","target":["https:\/\/aliso.fr\/reseau\/aliso-et-la-cress-un-travail-collectif\/"]}]},{"@type":"ImageObject","inLanguage":"fr-FR","@id":"https:\/\/aliso.fr\/reseau\/aliso-et-la-cress-un-travail-collectif\/#primaryimage","url":"https:\/\/aliso.fr\/reseau\/wp-content\/uploads\/sites\/4\/2023\/08\/Sans-titre.jpg","contentUrl":"https:\/\/aliso.fr\/reseau\/wp-content\/uploads\/sites\/4\/2023\/08\/Sans-titre.jpg","width":392,"height":129},{"@type":"BreadcrumbList","@id":"https:\/\/aliso.fr\/reseau\/aliso-et-la-cress-un-travail-collectif\/#breadcrumb","itemListElement":[{"@type":"ListItem","position":1,"name":"Accueil","item":"https:\/\/aliso.fr\/reseau\/"},{"@type":"ListItem","position":2,"name":"Actualit\u00e9","item":"https:\/\/aliso.fr\/reseau\/actualite\/"},{"@type":"ListItem","position":3,"name":"Aliso et la CRESS, un travail collectif"}]},{"@type":"WebSite","@id":"https:\/\/aliso.fr\/reseau\/#website","url":"https:\/\/aliso.fr\/reseau\/","name":"Aliso R\u00e9seau","description":"R\u00e9seau Creusois des acteurs du lien social","publisher":{"@id":"https:\/\/aliso.fr\/reseau\/#organization"},"potentialAction":[{"@type":"SearchAction","target":{"@type":"EntryPoint","urlTemplate":"https:\/\/aliso.fr\/reseau\/?s={search_term_string}"},"query-input":{"@type":"PropertyValueSpecification","valueRequired":true,"valueName":"search_term_string"}}],"inLanguage":"fr-FR"},{"@type":"Organization","@id":"https:\/\/aliso.fr\/reseau\/#organization","name":"Aliso R\u00e9seau","url":"https:\/\/aliso.fr\/reseau\/","logo":{"@type":"ImageObject","inLanguage":"fr-FR","@id":"https:\/\/aliso.fr\/reseau\/#\/schema\/logo\/image\/","url":"https:\/\/aliso.fr\/reseau\/wp-content\/uploads\/sites\/4\/2022\/01\/Logo-ALISO-Reseau-2.png","contentUrl":"https:\/\/aliso.fr\/reseau\/wp-content\/uploads\/sites\/4\/2022\/01\/Logo-ALISO-Reseau-2.png","width":900,"height":970,"caption":"Aliso R\u00e9seau"},"image":{"@id":"https:\/\/aliso.fr\/reseau\/#\/schema\/logo\/image\/"}},{"@type":"Person","@id":"https:\/\/aliso.fr\/reseau\/#\/schema\/person\/056af145b9c52eee21a9f739489104a5","name":"laure"}]}},"_links":{"self":[{"href":"https:\/\/aliso.fr\/reseau\/wp-json\/wp\/v2\/posts\/1843","targetHints":{"allow":["GET"]}}],"collection":[{"href":"https:\/\/aliso.fr\/reseau\/wp-json\/wp\/v2\/posts"}],"about":[{"href":"https:\/\/aliso.fr\/reseau\/wp-json\/wp\/v2\/types\/post"}],"author":[{"embeddable":true,"href":"https:\/\/aliso.fr\/reseau\/wp-json\/wp\/v2\/users\/3"}],"replies":[{"embeddable":true,"href":"https:\/\/aliso.fr\/reseau\/wp-json\/wp\/v2\/comments?post=1843"}],"version-history":[{"count":5,"href":"https:\/\/aliso.fr\/reseau\/wp-json\/wp\/v2\/posts\/1843\/revisions"}],"predecessor-version":[{"id":1929,"href":"https:\/\/aliso.fr\/reseau\/wp-json\/wp\/v2\/posts\/1843\/revisions\/1929"}],"wp:featuredmedia":[{"embeddable":true,"href":"https:\/\/aliso.fr\/reseau\/wp-json\/wp\/v2\/media\/1890"}],"wp:attachment":[{"href":"https:\/\/aliso.fr\/reseau\/wp-json\/wp\/v2\/media?parent=1843"}],"wp:term":[{"taxonomy":"category","embeddable":true,"href":"https:\/\/aliso.fr\/reseau\/wp-json\/wp\/v2\/categories?post=1843"},{"taxonomy":"post_tag","embeddable":true,"href":"https:\/\/aliso.fr\/reseau\/wp-json\/wp\/v2\/tags?post=1843"}],"curies":[{"name":"wp","href":"https:\/\/api.w.org\/{rel}","templated":true}]}}