{"id":1893,"date":"2023-08-10T16:33:51","date_gmt":"2023-08-10T14:33:51","guid":{"rendered":"https:\/\/aliso.fr\/reseau\/?p=1893"},"modified":"2023-10-10T10:47:02","modified_gmt":"2023-10-10T08:47:02","slug":"agir-a-auzances","status":"publish","type":"post","link":"https:\/\/aliso.fr\/reseau\/agir-a-auzances\/","title":{"rendered":"AGIR \u00e0 Auzances"},"content":{"rendered":"\n<p>Association historique de l&rsquo;est Creusois, AGIR dynamise le territoire et r\u00e9ponds au besoin des habitants depuis 1995. Afin d&rsquo;en savoir plus sur leurs parcours tumultueux et riche, nous leurs avons pos\u00e9 quelques questions. <\/p>\n\n\n\n<h2 class=\"wp-block-heading\">Pourriez-vous nous faire un petit historique de l&rsquo;association ?<\/h2>\n\n\n\n<p>L\u2019association a \u00e9t\u00e9 cr\u00e9\u00e9e en septembre 1995. Elle est \u00e0 l\u2019\u00e9poque l\u2019\u00e9manation de l\u2019ancienne Charte intercommunale de Haute Marche Combraille qui cr\u00e9era d\u2019un c\u00f4t\u00e9 AGIR en HAUTE MARCHE COMBRAILLE en tant qu\u2019association de d\u00e9veloppement social et quelques ann\u00e9es plus tard le Pays Combraille en Marche pour la partie d\u00e9veloppement \u00e9conomique du territoire.<\/p>\n\n\n\n<p>Le territoire d\u2019intervention de l\u2019association n\u2019a cess\u00e9 d\u2019\u00e9voluer depuis sa cr\u00e9ation, d\u00e9pendant fortement des diff\u00e9rents red\u00e9coupages administratifs des territoires. Ce sont les communaut\u00e9s de communes d\u2019Auzances-Bellegarde et de Ch\u00e9n\u00e9railles ainsi que plusieurs communes isol\u00e9es de la communaut\u00e9 de communes Evaux-Chambon qui contribuaient initialement au financement de l\u2019association par un syst\u00e8me de cotisation par nombre d\u2019habitants.&nbsp; En 2012, l\u2019association a perdu la contribution de la communaut\u00e9 de communes de Ch\u00e9n\u00e9railles puis, en 2018, avec la mise en place de la loi NOTRE et des fusions cons\u00e9quentes, AGIR a repositionn\u00e9 son action sur l\u2019actuelle Marche et Combraille en Aquitaine et a \u00e9galement chang\u00e9 d\u2019appellation pour devenir le Centre d\u2019Animation de la Vie Locale AGIR. Le si\u00e8ge social aura connu 3 adresses diff\u00e9rentes : Budeli\u00e8re de 1995 \u00e0 2014, Evaux les Bains de 2014 \u00e0 2018 et enfin Auzances !<\/p>\n\n\n\n<p>L\u2019\u00e9quipe a aussi un peu voyag\u00e9 ! Couvrir un territoire aussi vaste, une cinquantaine de communes, n\u00e9cessite de r\u00e9fl\u00e9chir au comment&nbsp; apporter au plus pr\u00e8s des habitants, les diff\u00e9rents services propos\u00e9s. On ne vous fait pas de dessin : v\u0153u pieux qui co\u00fbte du temps\u2026 et beaucoup d\u2019argent ! Chaque semaine pendant plus de 15 ans les salari\u00e9s ont battu la campagne, les coffres remplis de mat\u00e9riel p\u00e9dagogique, les t\u00eates pleines d\u2019id\u00e9es d\u2019animations et l\u2019envie chevill\u00e9e au corps de cr\u00e9er du lien, de donner la chance au plus grand nombre d\u2019acc\u00e9der \u00e0 leurs droits, \u00e0 l\u2019information, la culture, de mieux vivre leur territoire. Et rares ont \u00e9t\u00e9 les jours o\u00f9 la question financi\u00e8re n\u2019a pas travers\u00e9 les esprits des administrateurs. Il leur en aura fallu de l\u2019\u00e9nergie pour convaincre, sauver l\u2019insauvable, consolider, s\u2019adapter aux besoins, stabiliser et enfin d\u00e9velopper.<\/p>\n\n\n\n<p>R\u00e9sumer 30 ann\u00e9es de vie associative aussi tr\u00e9pidantes que tumultueuses n\u2019est pas chose simple..!<\/p>\n\n\n\n<h2 class=\"wp-block-heading\">Avez-vous des dates importantes dans l&rsquo;historique de l&rsquo;association ?<\/h2>\n\n\n\n<p>L\u2019on retiendra l\u2019agr\u00e9ment centre social de l\u2019association en janvier 1996, les 20 ans de l\u2019association en 2015, l\u2019aboutissement du projet de bus des services en 2021. Nous esp\u00e9rons que l\u2019anniversaire des 30 ans restera graver dans les esprits&nbsp;!<\/p>\n\n\n\n<h2 class=\"wp-block-heading\">Quelles sont les actions importantes de l&rsquo;association <\/h2>\n\n\n\n<p>L\u2019association est \u00e0 la fois fixe (accueil 12 rue Saint Jacques \u00e0 Auzances) et itin\u00e9rante (BUS des Services qui dessert 15 communes). Elle est agr\u00e9\u00e9e JEP et Centre social, elle poss\u00e8de \u00e9galement un agr\u00e9ment du Rectorat pour intervenir en milieu scolaire. Elle poss\u00e8de les labels IJ, Guid\u2019asso et France Services.<\/p>\n\n\n\n<p>Les actions d\u00e9velopp\u00e9es \u00e0 la fois sur Auzances et en itin\u00e9rance sont :<\/p>\n\n\n\n<ul class=\"wp-block-list\">\n<li>L\u2019accueil et l\u2019accompagnement des habitants dans leurs d\u00e9marches et leurs projets : Information jeunesse, Guid\u2019asso, label France Services, mobilit\u00e9 ;<\/li>\n\n\n\n<li>Les ateliers num\u00e9riques (certification #APTIC) ;<\/li>\n\n\n\n<li>Ateliers et permanences du Relais Petite Enfance ;<\/li>\n\n\n\n<li>Actions de soutien \u00e0 la parentalit\u00e9.<\/li>\n<\/ul>\n\n\n\n<p>L\u2019association g\u00e8re et anime \u00e9galement des accueils de loisirs enfants p\u00e9ri et extrascolaires situ\u00e9s sur Auzances, ainsi que des actions de loisirs et de pr\u00e9vention \u00e0 destination du public adolescent (local ados, animations pendant les vacances scolaires, ateliers dans les coll\u00e8ges).<\/p>\n\n\n\n<h2 class=\"wp-block-heading\">Quels sont les prochains \u00e9v\u00e9nements pr\u00e9vus ?<\/h2>\n\n\n\n<p>Nous organisons une portes ouvertes France Services avec de nombreux partenaires pr\u00e9sents et des animations du 2 au 13 octobre prochain.<\/p>\n\n\n\n<h2 class=\"wp-block-heading\">Une phrase pour r\u00e9sumer l&rsquo;identit\u00e9 de l&rsquo;asso ? <\/h2>\n\n\n\n<p>Le Centre d&rsquo;Animation de la Vie Locale AGIR est une structure engag\u00e9e dans la dynamisation et la valorisation de la vie communautaire, en favorisant la participation citoyenne, le d\u00e9veloppement d&rsquo;activit\u00e9s locales vari\u00e9es et le renforcement du lien social. Un cr\u00e9do\u00a0: \u00ab\u00a0Ensemble, agissons et vivons mieux notre territoire\u00a0!\u00a0\u00bb<\/p>\n\n\n\n<h2 class=\"wp-block-heading\">Une anecdote sympathique \u00e0 raconter ?<\/h2>\n\n\n\n<p>Plus que sympathique, elle est rigolote\u2026 Du moins, avec du recul on en rigole beaucoup\u00a0! Flash-back en 2011, l\u2019association met en place depuis quelques ann\u00e9es d\u00e9j\u00e0, une action qui s\u2019intitulait \u00ab\u00a0Rencontres femmes\u00a0\u00bb. Le but de cette action \u00e9tait de permettre \u00e0 des femmes sans emploi ou isol\u00e9es de pouvoir rencontrer d\u2019autres femmes lors de temps d\u2019animation encadr\u00e9s par un\/une animatrice. Un jour, malaise\u2026 l\u2019association est contact\u00e9e par un monsieur fermement d\u00e9cid\u00e9 \u00e0 trouver la femme de sa vie\u00a0!<\/p>\n\n\n\n<p><\/p>\n\n\n\n<p>Contactez Delphine BOUAMRANE, directrice :<br>05.55.82.80.47<br><a href=\"&#109;&#x61;&#105;&#x6c;t&#x6f;:&#105;&#x6e;&#102;&#x6f;&#46;&#x73;e&#x72;v&#105;&#x63;&#101;&#x73;&#64;&#x63;a&#x76;&#x6c;&#97;&#x67;&#105;&#x72;&#46;&#x66;r\" target=\"_blank\" rel=\"noreferrer noopener\">&#x69;&#x6e;&#x66;&#111;&#46;se&#x72;&#x76;&#x69;&#99;&#101;s&#64;&#x63;&#x61;&#x76;&#108;&#97;gi&#x72;&#x2e;&#x66;&#114;<\/a><br>nouvelle adresse : 12 rue Saint-Jacques \/ 23700 AUZANCES<\/p>\n\n\n\n<p>Pour en savoir plus, visitez <a href=\"https:\/\/cavlagir.com\/\" target=\"_blank\" rel=\"noreferrer noopener\">leur site web<\/a> ou <a href=\"https:\/\/fr-fr.facebook.com\/cavlagir\/\" target=\"_blank\" rel=\"noreferrer noopener\">leur page Facebook.<\/a><\/p>\n","protected":false},"excerpt":{"rendered":"<p>Association historique de l&rsquo;est Creusois, AGIR dynamise le territoire et r\u00e9ponds au besoin des habitants depuis 1995. Afin d&rsquo;en savoir plus sur leurs parcours tumultueux et riche, nous leurs avons pos\u00e9 quelques questions. Pourriez-vous nous faire un petit historique de l&rsquo;association ? L\u2019association a \u00e9t\u00e9 cr\u00e9\u00e9e en septembre 1995. Elle est \u00e0 l\u2019\u00e9poque l\u2019\u00e9manation de&#8230; <a class=\"excerpt-read-more button\" href=\"https:\/\/aliso.fr\/reseau\/agir-a-auzances\/\" title=\"ReadAGIR \u00e0 Auzances\">En savoir plus &raquo;<\/a><\/p>\n","protected":false},"author":3,"featured_media":1894,"comment_status":"closed","ping_status":"open","sticky":false,"template":"","format":"standard","meta":{"footnotes":""},"categories":[3],"tags":[],"class_list":["post-1893","post","type-post","status-publish","format-standard","has-post-thumbnail","hentry","category-actualite"],"yoast_head":"<!-- This site is optimized with the Yoast SEO plugin v27.4 - https:\/\/yoast.com\/product\/yoast-seo-wordpress\/ -->\n<title>AGIR \u00e0 Auzances - Aliso R\u00e9seau<\/title>\n<meta name=\"robots\" content=\"index, follow, max-snippet:-1, max-image-preview:large, max-video-preview:-1\" \/>\n<link rel=\"canonical\" href=\"https:\/\/aliso.fr\/reseau\/agir-a-auzances\/\" \/>\n<meta property=\"og:locale\" content=\"fr_FR\" \/>\n<meta property=\"og:type\" content=\"article\" \/>\n<meta property=\"og:title\" content=\"AGIR \u00e0 Auzances - Aliso R\u00e9seau\" \/>\n<meta property=\"og:description\" content=\"Association historique de l&rsquo;est Creusois, AGIR dynamise le territoire et r\u00e9ponds au besoin des habitants depuis 1995. Afin d&rsquo;en savoir plus sur leurs parcours tumultueux et riche, nous leurs avons pos\u00e9 quelques questions. Pourriez-vous nous faire un petit historique de l&rsquo;association ? L\u2019association a \u00e9t\u00e9 cr\u00e9\u00e9e en septembre 1995. Elle est \u00e0 l\u2019\u00e9poque l\u2019\u00e9manation de... En savoir plus &raquo;\" \/>\n<meta property=\"og:url\" content=\"https:\/\/aliso.fr\/reseau\/agir-a-auzances\/\" \/>\n<meta property=\"og:site_name\" content=\"Aliso R\u00e9seau\" \/>\n<meta property=\"article:published_time\" content=\"2023-08-10T14:33:51+00:00\" \/>\n<meta property=\"article:modified_time\" content=\"2023-10-10T08:47:02+00:00\" \/>\n<meta property=\"og:image\" content=\"https:\/\/aliso.fr\/reseau\/wp-content\/uploads\/sites\/4\/2023\/08\/cropped-logo-agir-couleur.jpg\" \/>\n\t<meta property=\"og:image:width\" content=\"301\" \/>\n\t<meta property=\"og:image:height\" content=\"300\" \/>\n\t<meta property=\"og:image:type\" content=\"image\/jpeg\" \/>\n<meta name=\"author\" content=\"laure\" \/>\n<meta name=\"twitter:card\" content=\"summary_large_image\" \/>\n<script type=\"application\/ld+json\" class=\"yoast-schema-graph\">{\"@context\":\"https:\\\/\\\/schema.org\",\"@graph\":[{\"@type\":\"Article\",\"@id\":\"https:\\\/\\\/aliso.fr\\\/reseau\\\/agir-a-auzances\\\/#article\",\"isPartOf\":{\"@id\":\"https:\\\/\\\/aliso.fr\\\/reseau\\\/agir-a-auzances\\\/\"},\"author\":{\"name\":\"laure\",\"@id\":\"https:\\\/\\\/aliso.fr\\\/reseau\\\/#\\\/schema\\\/person\\\/056af145b9c52eee21a9f739489104a5\"},\"headline\":\"AGIR \u00e0 Auzances\",\"datePublished\":\"2023-08-10T14:33:51+00:00\",\"dateModified\":\"2023-10-10T08:47:02+00:00\",\"mainEntityOfPage\":{\"@id\":\"https:\\\/\\\/aliso.fr\\\/reseau\\\/agir-a-auzances\\\/\"},\"wordCount\":862,\"publisher\":{\"@id\":\"https:\\\/\\\/aliso.fr\\\/reseau\\\/#organization\"},\"image\":{\"@id\":\"https:\\\/\\\/aliso.fr\\\/reseau\\\/agir-a-auzances\\\/#primaryimage\"},\"thumbnailUrl\":\"https:\\\/\\\/aliso.fr\\\/reseau\\\/wp-content\\\/uploads\\\/sites\\\/4\\\/2023\\\/08\\\/cropped-logo-agir-couleur.jpg\",\"articleSection\":[\"Actualit\u00e9\"],\"inLanguage\":\"fr-FR\"},{\"@type\":\"WebPage\",\"@id\":\"https:\\\/\\\/aliso.fr\\\/reseau\\\/agir-a-auzances\\\/\",\"url\":\"https:\\\/\\\/aliso.fr\\\/reseau\\\/agir-a-auzances\\\/\",\"name\":\"AGIR \u00e0 Auzances - Aliso R\u00e9seau\",\"isPartOf\":{\"@id\":\"https:\\\/\\\/aliso.fr\\\/reseau\\\/#website\"},\"primaryImageOfPage\":{\"@id\":\"https:\\\/\\\/aliso.fr\\\/reseau\\\/agir-a-auzances\\\/#primaryimage\"},\"image\":{\"@id\":\"https:\\\/\\\/aliso.fr\\\/reseau\\\/agir-a-auzances\\\/#primaryimage\"},\"thumbnailUrl\":\"https:\\\/\\\/aliso.fr\\\/reseau\\\/wp-content\\\/uploads\\\/sites\\\/4\\\/2023\\\/08\\\/cropped-logo-agir-couleur.jpg\",\"datePublished\":\"2023-08-10T14:33:51+00:00\",\"dateModified\":\"2023-10-10T08:47:02+00:00\",\"breadcrumb\":{\"@id\":\"https:\\\/\\\/aliso.fr\\\/reseau\\\/agir-a-auzances\\\/#breadcrumb\"},\"inLanguage\":\"fr-FR\",\"potentialAction\":[{\"@type\":\"ReadAction\",\"target\":[\"https:\\\/\\\/aliso.fr\\\/reseau\\\/agir-a-auzances\\\/\"]}]},{\"@type\":\"ImageObject\",\"inLanguage\":\"fr-FR\",\"@id\":\"https:\\\/\\\/aliso.fr\\\/reseau\\\/agir-a-auzances\\\/#primaryimage\",\"url\":\"https:\\\/\\\/aliso.fr\\\/reseau\\\/wp-content\\\/uploads\\\/sites\\\/4\\\/2023\\\/08\\\/cropped-logo-agir-couleur.jpg\",\"contentUrl\":\"https:\\\/\\\/aliso.fr\\\/reseau\\\/wp-content\\\/uploads\\\/sites\\\/4\\\/2023\\\/08\\\/cropped-logo-agir-couleur.jpg\",\"width\":301,\"height\":300},{\"@type\":\"BreadcrumbList\",\"@id\":\"https:\\\/\\\/aliso.fr\\\/reseau\\\/agir-a-auzances\\\/#breadcrumb\",\"itemListElement\":[{\"@type\":\"ListItem\",\"position\":1,\"name\":\"Accueil\",\"item\":\"https:\\\/\\\/aliso.fr\\\/reseau\\\/\"},{\"@type\":\"ListItem\",\"position\":2,\"name\":\"Actualit\u00e9\",\"item\":\"https:\\\/\\\/aliso.fr\\\/reseau\\\/actualite\\\/\"},{\"@type\":\"ListItem\",\"position\":3,\"name\":\"AGIR \u00e0 Auzances\"}]},{\"@type\":\"WebSite\",\"@id\":\"https:\\\/\\\/aliso.fr\\\/reseau\\\/#website\",\"url\":\"https:\\\/\\\/aliso.fr\\\/reseau\\\/\",\"name\":\"Aliso R\u00e9seau\",\"description\":\"R\u00e9seau Creusois des acteurs du lien social\",\"publisher\":{\"@id\":\"https:\\\/\\\/aliso.fr\\\/reseau\\\/#organization\"},\"potentialAction\":[{\"@type\":\"SearchAction\",\"target\":{\"@type\":\"EntryPoint\",\"urlTemplate\":\"https:\\\/\\\/aliso.fr\\\/reseau\\\/?s={search_term_string}\"},\"query-input\":{\"@type\":\"PropertyValueSpecification\",\"valueRequired\":true,\"valueName\":\"search_term_string\"}}],\"inLanguage\":\"fr-FR\"},{\"@type\":\"Organization\",\"@id\":\"https:\\\/\\\/aliso.fr\\\/reseau\\\/#organization\",\"name\":\"Aliso R\u00e9seau\",\"url\":\"https:\\\/\\\/aliso.fr\\\/reseau\\\/\",\"logo\":{\"@type\":\"ImageObject\",\"inLanguage\":\"fr-FR\",\"@id\":\"https:\\\/\\\/aliso.fr\\\/reseau\\\/#\\\/schema\\\/logo\\\/image\\\/\",\"url\":\"https:\\\/\\\/aliso.fr\\\/reseau\\\/wp-content\\\/uploads\\\/sites\\\/4\\\/2022\\\/01\\\/Logo-ALISO-Reseau-2.png\",\"contentUrl\":\"https:\\\/\\\/aliso.fr\\\/reseau\\\/wp-content\\\/uploads\\\/sites\\\/4\\\/2022\\\/01\\\/Logo-ALISO-Reseau-2.png\",\"width\":900,\"height\":970,\"caption\":\"Aliso R\u00e9seau\"},\"image\":{\"@id\":\"https:\\\/\\\/aliso.fr\\\/reseau\\\/#\\\/schema\\\/logo\\\/image\\\/\"}},{\"@type\":\"Person\",\"@id\":\"https:\\\/\\\/aliso.fr\\\/reseau\\\/#\\\/schema\\\/person\\\/056af145b9c52eee21a9f739489104a5\",\"name\":\"laure\"}]}<\/script>\n<!-- \/ Yoast SEO plugin. -->","yoast_head_json":{"title":"AGIR \u00e0 Auzances - Aliso R\u00e9seau","robots":{"index":"index","follow":"follow","max-snippet":"max-snippet:-1","max-image-preview":"max-image-preview:large","max-video-preview":"max-video-preview:-1"},"canonical":"https:\/\/aliso.fr\/reseau\/agir-a-auzances\/","og_locale":"fr_FR","og_type":"article","og_title":"AGIR \u00e0 Auzances - Aliso R\u00e9seau","og_description":"Association historique de l&rsquo;est Creusois, AGIR dynamise le territoire et r\u00e9ponds au besoin des habitants depuis 1995. Afin d&rsquo;en savoir plus sur leurs parcours tumultueux et riche, nous leurs avons pos\u00e9 quelques questions. Pourriez-vous nous faire un petit historique de l&rsquo;association ? L\u2019association a \u00e9t\u00e9 cr\u00e9\u00e9e en septembre 1995. Elle est \u00e0 l\u2019\u00e9poque l\u2019\u00e9manation de... En savoir plus &raquo;","og_url":"https:\/\/aliso.fr\/reseau\/agir-a-auzances\/","og_site_name":"Aliso R\u00e9seau","article_published_time":"2023-08-10T14:33:51+00:00","article_modified_time":"2023-10-10T08:47:02+00:00","og_image":[{"width":301,"height":300,"url":"https:\/\/aliso.fr\/reseau\/wp-content\/uploads\/sites\/4\/2023\/08\/cropped-logo-agir-couleur.jpg","type":"image\/jpeg"}],"author":"laure","twitter_card":"summary_large_image","schema":{"@context":"https:\/\/schema.org","@graph":[{"@type":"Article","@id":"https:\/\/aliso.fr\/reseau\/agir-a-auzances\/#article","isPartOf":{"@id":"https:\/\/aliso.fr\/reseau\/agir-a-auzances\/"},"author":{"name":"laure","@id":"https:\/\/aliso.fr\/reseau\/#\/schema\/person\/056af145b9c52eee21a9f739489104a5"},"headline":"AGIR \u00e0 Auzances","datePublished":"2023-08-10T14:33:51+00:00","dateModified":"2023-10-10T08:47:02+00:00","mainEntityOfPage":{"@id":"https:\/\/aliso.fr\/reseau\/agir-a-auzances\/"},"wordCount":862,"publisher":{"@id":"https:\/\/aliso.fr\/reseau\/#organization"},"image":{"@id":"https:\/\/aliso.fr\/reseau\/agir-a-auzances\/#primaryimage"},"thumbnailUrl":"https:\/\/aliso.fr\/reseau\/wp-content\/uploads\/sites\/4\/2023\/08\/cropped-logo-agir-couleur.jpg","articleSection":["Actualit\u00e9"],"inLanguage":"fr-FR"},{"@type":"WebPage","@id":"https:\/\/aliso.fr\/reseau\/agir-a-auzances\/","url":"https:\/\/aliso.fr\/reseau\/agir-a-auzances\/","name":"AGIR \u00e0 Auzances - Aliso R\u00e9seau","isPartOf":{"@id":"https:\/\/aliso.fr\/reseau\/#website"},"primaryImageOfPage":{"@id":"https:\/\/aliso.fr\/reseau\/agir-a-auzances\/#primaryimage"},"image":{"@id":"https:\/\/aliso.fr\/reseau\/agir-a-auzances\/#primaryimage"},"thumbnailUrl":"https:\/\/aliso.fr\/reseau\/wp-content\/uploads\/sites\/4\/2023\/08\/cropped-logo-agir-couleur.jpg","datePublished":"2023-08-10T14:33:51+00:00","dateModified":"2023-10-10T08:47:02+00:00","breadcrumb":{"@id":"https:\/\/aliso.fr\/reseau\/agir-a-auzances\/#breadcrumb"},"inLanguage":"fr-FR","potentialAction":[{"@type":"ReadAction","target":["https:\/\/aliso.fr\/reseau\/agir-a-auzances\/"]}]},{"@type":"ImageObject","inLanguage":"fr-FR","@id":"https:\/\/aliso.fr\/reseau\/agir-a-auzances\/#primaryimage","url":"https:\/\/aliso.fr\/reseau\/wp-content\/uploads\/sites\/4\/2023\/08\/cropped-logo-agir-couleur.jpg","contentUrl":"https:\/\/aliso.fr\/reseau\/wp-content\/uploads\/sites\/4\/2023\/08\/cropped-logo-agir-couleur.jpg","width":301,"height":300},{"@type":"BreadcrumbList","@id":"https:\/\/aliso.fr\/reseau\/agir-a-auzances\/#breadcrumb","itemListElement":[{"@type":"ListItem","position":1,"name":"Accueil","item":"https:\/\/aliso.fr\/reseau\/"},{"@type":"ListItem","position":2,"name":"Actualit\u00e9","item":"https:\/\/aliso.fr\/reseau\/actualite\/"},{"@type":"ListItem","position":3,"name":"AGIR \u00e0 Auzances"}]},{"@type":"WebSite","@id":"https:\/\/aliso.fr\/reseau\/#website","url":"https:\/\/aliso.fr\/reseau\/","name":"Aliso R\u00e9seau","description":"R\u00e9seau Creusois des acteurs du lien social","publisher":{"@id":"https:\/\/aliso.fr\/reseau\/#organization"},"potentialAction":[{"@type":"SearchAction","target":{"@type":"EntryPoint","urlTemplate":"https:\/\/aliso.fr\/reseau\/?s={search_term_string}"},"query-input":{"@type":"PropertyValueSpecification","valueRequired":true,"valueName":"search_term_string"}}],"inLanguage":"fr-FR"},{"@type":"Organization","@id":"https:\/\/aliso.fr\/reseau\/#organization","name":"Aliso R\u00e9seau","url":"https:\/\/aliso.fr\/reseau\/","logo":{"@type":"ImageObject","inLanguage":"fr-FR","@id":"https:\/\/aliso.fr\/reseau\/#\/schema\/logo\/image\/","url":"https:\/\/aliso.fr\/reseau\/wp-content\/uploads\/sites\/4\/2022\/01\/Logo-ALISO-Reseau-2.png","contentUrl":"https:\/\/aliso.fr\/reseau\/wp-content\/uploads\/sites\/4\/2022\/01\/Logo-ALISO-Reseau-2.png","width":900,"height":970,"caption":"Aliso R\u00e9seau"},"image":{"@id":"https:\/\/aliso.fr\/reseau\/#\/schema\/logo\/image\/"}},{"@type":"Person","@id":"https:\/\/aliso.fr\/reseau\/#\/schema\/person\/056af145b9c52eee21a9f739489104a5","name":"laure"}]}},"_links":{"self":[{"href":"https:\/\/aliso.fr\/reseau\/wp-json\/wp\/v2\/posts\/1893","targetHints":{"allow":["GET"]}}],"collection":[{"href":"https:\/\/aliso.fr\/reseau\/wp-json\/wp\/v2\/posts"}],"about":[{"href":"https:\/\/aliso.fr\/reseau\/wp-json\/wp\/v2\/types\/post"}],"author":[{"embeddable":true,"href":"https:\/\/aliso.fr\/reseau\/wp-json\/wp\/v2\/users\/3"}],"replies":[{"embeddable":true,"href":"https:\/\/aliso.fr\/reseau\/wp-json\/wp\/v2\/comments?post=1893"}],"version-history":[{"count":1,"href":"https:\/\/aliso.fr\/reseau\/wp-json\/wp\/v2\/posts\/1893\/revisions"}],"predecessor-version":[{"id":1895,"href":"https:\/\/aliso.fr\/reseau\/wp-json\/wp\/v2\/posts\/1893\/revisions\/1895"}],"wp:featuredmedia":[{"embeddable":true,"href":"https:\/\/aliso.fr\/reseau\/wp-json\/wp\/v2\/media\/1894"}],"wp:attachment":[{"href":"https:\/\/aliso.fr\/reseau\/wp-json\/wp\/v2\/media?parent=1893"}],"wp:term":[{"taxonomy":"category","embeddable":true,"href":"https:\/\/aliso.fr\/reseau\/wp-json\/wp\/v2\/categories?post=1893"},{"taxonomy":"post_tag","embeddable":true,"href":"https:\/\/aliso.fr\/reseau\/wp-json\/wp\/v2\/tags?post=1893"}],"curies":[{"name":"wp","href":"https:\/\/api.w.org\/{rel}","templated":true}]}}