{"id":1915,"date":"2023-11-01T12:12:00","date_gmt":"2023-11-01T11:12:00","guid":{"rendered":"https:\/\/aliso.fr\/reseau\/?p=1915"},"modified":"2023-11-02T15:20:37","modified_gmt":"2023-11-02T14:20:37","slug":"journee-ados-26-octobre-2023","status":"publish","type":"post","link":"https:\/\/aliso.fr\/reseau\/journee-ados-26-octobre-2023\/","title":{"rendered":"JOURNEE ADOS &#8211; C&rsquo;\u00e9tait le 26 octobre 2023"},"content":{"rendered":"\n<p><a href=\"https:\/\/www.lamontagne.fr\/souterraine-23300\/loisirs\/la-creuse-party-des-ados_14397800\/\">La Montagne en parle.<\/a><\/p>\n\n\n\n<p>Cette ann\u00e9e les structures jeunesse du r\u00e9seau ALISO proposaient une journ\u00e9e sportive et culturelle aux adolescents de Creuse. Au programme : d\u00e9couverte de La Souterraine le jeudi 26 octobre 2023 sur des activit\u00e9s qui permettent la rencontre et l&rsquo;\u00e9change. Microfolie devait accueillir autour de l&rsquo;art et du sport et une soir\u00e9e d\u00e9tente \u00e9tait pr\u00e9vue \u00e0 la piscine.<br>Au rendez-vous de l&rsquo;aventure : Agora, CST de l&rsquo;Udaf, MJC, la Palette, Vilaj, Creuse Toujours, Cl\u00e9 De Contacts.<\/p>\n","protected":false},"excerpt":{"rendered":"<p>La Montagne en parle. Cette ann\u00e9e les structures jeunesse du r\u00e9seau ALISO proposaient une journ\u00e9e sportive et culturelle aux adolescents de Creuse. Au programme : d\u00e9couverte de La Souterraine le jeudi 26 octobre 2023 sur des activit\u00e9s qui permettent la rencontre et l&rsquo;\u00e9change. Microfolie devait accueillir autour de l&rsquo;art et du sport et une soir\u00e9e&#8230; <a class=\"excerpt-read-more button\" href=\"https:\/\/aliso.fr\/reseau\/journee-ados-26-octobre-2023\/\" title=\"ReadJOURNEE ADOS &#8211; C&rsquo;\u00e9tait le 26 octobre 2023\">En savoir plus &raquo;<\/a><\/p>\n","protected":false},"author":3,"featured_media":83,"comment_status":"closed","ping_status":"open","sticky":false,"template":"","format":"standard","meta":{"footnotes":""},"categories":[3,7],"tags":[],"class_list":["post-1915","post","type-post","status-publish","format-standard","has-post-thumbnail","hentry","category-actualite","category-nos-actions"],"yoast_head":"<!-- This site is optimized with the Yoast SEO plugin v27.4 - https:\/\/yoast.com\/product\/yoast-seo-wordpress\/ -->\n<title>JOURNEE ADOS - C&#039;\u00e9tait le 26 octobre 2023 - Aliso R\u00e9seau<\/title>\n<meta name=\"robots\" content=\"index, follow, max-snippet:-1, max-image-preview:large, max-video-preview:-1\" \/>\n<link rel=\"canonical\" href=\"https:\/\/aliso.fr\/reseau\/journee-ados-26-octobre-2023\/\" \/>\n<meta property=\"og:locale\" content=\"fr_FR\" \/>\n<meta property=\"og:type\" content=\"article\" \/>\n<meta property=\"og:title\" content=\"JOURNEE ADOS - C&#039;\u00e9tait le 26 octobre 2023 - Aliso R\u00e9seau\" \/>\n<meta property=\"og:description\" content=\"La Montagne en parle. Cette ann\u00e9e les structures jeunesse du r\u00e9seau ALISO proposaient une journ\u00e9e sportive et culturelle aux adolescents de Creuse. Au programme : d\u00e9couverte de La Souterraine le jeudi 26 octobre 2023 sur des activit\u00e9s qui permettent la rencontre et l&rsquo;\u00e9change. Microfolie devait accueillir autour de l&rsquo;art et du sport et une soir\u00e9e... En savoir plus &raquo;\" \/>\n<meta property=\"og:url\" content=\"https:\/\/aliso.fr\/reseau\/journee-ados-26-octobre-2023\/\" \/>\n<meta property=\"og:site_name\" content=\"Aliso R\u00e9seau\" \/>\n<meta property=\"article:published_time\" content=\"2023-11-01T11:12:00+00:00\" \/>\n<meta property=\"article:modified_time\" content=\"2023-11-02T14:20:37+00:00\" \/>\n<meta property=\"og:image\" content=\"https:\/\/aliso.fr\/reseau\/wp-content\/uploads\/sites\/4\/2021\/11\/DSCN0035min-scaled.jpg\" \/>\n\t<meta property=\"og:image:width\" content=\"2560\" \/>\n\t<meta property=\"og:image:height\" content=\"1920\" \/>\n\t<meta property=\"og:image:type\" content=\"image\/jpeg\" \/>\n<meta name=\"author\" content=\"laure\" \/>\n<meta name=\"twitter:card\" content=\"summary_large_image\" \/>\n<script type=\"application\/ld+json\" class=\"yoast-schema-graph\">{\"@context\":\"https:\\\/\\\/schema.org\",\"@graph\":[{\"@type\":\"Article\",\"@id\":\"https:\\\/\\\/aliso.fr\\\/reseau\\\/journee-ados-26-octobre-2023\\\/#article\",\"isPartOf\":{\"@id\":\"https:\\\/\\\/aliso.fr\\\/reseau\\\/journee-ados-26-octobre-2023\\\/\"},\"author\":{\"name\":\"laure\",\"@id\":\"https:\\\/\\\/aliso.fr\\\/reseau\\\/#\\\/schema\\\/person\\\/056af145b9c52eee21a9f739489104a5\"},\"headline\":\"JOURNEE ADOS &#8211; C&rsquo;\u00e9tait le 26 octobre 2023\",\"datePublished\":\"2023-11-01T11:12:00+00:00\",\"dateModified\":\"2023-11-02T14:20:37+00:00\",\"mainEntityOfPage\":{\"@id\":\"https:\\\/\\\/aliso.fr\\\/reseau\\\/journee-ados-26-octobre-2023\\\/\"},\"wordCount\":93,\"publisher\":{\"@id\":\"https:\\\/\\\/aliso.fr\\\/reseau\\\/#organization\"},\"image\":{\"@id\":\"https:\\\/\\\/aliso.fr\\\/reseau\\\/journee-ados-26-octobre-2023\\\/#primaryimage\"},\"thumbnailUrl\":\"https:\\\/\\\/aliso.fr\\\/reseau\\\/wp-content\\\/uploads\\\/sites\\\/4\\\/2021\\\/11\\\/DSCN0035min-scaled.jpg\",\"articleSection\":[\"Actualit\u00e9\",\"Nos actions\"],\"inLanguage\":\"fr-FR\"},{\"@type\":\"WebPage\",\"@id\":\"https:\\\/\\\/aliso.fr\\\/reseau\\\/journee-ados-26-octobre-2023\\\/\",\"url\":\"https:\\\/\\\/aliso.fr\\\/reseau\\\/journee-ados-26-octobre-2023\\\/\",\"name\":\"JOURNEE ADOS - C'\u00e9tait le 26 octobre 2023 - Aliso R\u00e9seau\",\"isPartOf\":{\"@id\":\"https:\\\/\\\/aliso.fr\\\/reseau\\\/#website\"},\"primaryImageOfPage\":{\"@id\":\"https:\\\/\\\/aliso.fr\\\/reseau\\\/journee-ados-26-octobre-2023\\\/#primaryimage\"},\"image\":{\"@id\":\"https:\\\/\\\/aliso.fr\\\/reseau\\\/journee-ados-26-octobre-2023\\\/#primaryimage\"},\"thumbnailUrl\":\"https:\\\/\\\/aliso.fr\\\/reseau\\\/wp-content\\\/uploads\\\/sites\\\/4\\\/2021\\\/11\\\/DSCN0035min-scaled.jpg\",\"datePublished\":\"2023-11-01T11:12:00+00:00\",\"dateModified\":\"2023-11-02T14:20:37+00:00\",\"breadcrumb\":{\"@id\":\"https:\\\/\\\/aliso.fr\\\/reseau\\\/journee-ados-26-octobre-2023\\\/#breadcrumb\"},\"inLanguage\":\"fr-FR\",\"potentialAction\":[{\"@type\":\"ReadAction\",\"target\":[\"https:\\\/\\\/aliso.fr\\\/reseau\\\/journee-ados-26-octobre-2023\\\/\"]}]},{\"@type\":\"ImageObject\",\"inLanguage\":\"fr-FR\",\"@id\":\"https:\\\/\\\/aliso.fr\\\/reseau\\\/journee-ados-26-octobre-2023\\\/#primaryimage\",\"url\":\"https:\\\/\\\/aliso.fr\\\/reseau\\\/wp-content\\\/uploads\\\/sites\\\/4\\\/2021\\\/11\\\/DSCN0035min-scaled.jpg\",\"contentUrl\":\"https:\\\/\\\/aliso.fr\\\/reseau\\\/wp-content\\\/uploads\\\/sites\\\/4\\\/2021\\\/11\\\/DSCN0035min-scaled.jpg\",\"width\":2560,\"height\":1920,\"caption\":\"groupe des jeunes creusois de 11 \u00e0 17 ans\"},{\"@type\":\"BreadcrumbList\",\"@id\":\"https:\\\/\\\/aliso.fr\\\/reseau\\\/journee-ados-26-octobre-2023\\\/#breadcrumb\",\"itemListElement\":[{\"@type\":\"ListItem\",\"position\":1,\"name\":\"Accueil\",\"item\":\"https:\\\/\\\/aliso.fr\\\/reseau\\\/\"},{\"@type\":\"ListItem\",\"position\":2,\"name\":\"Actualit\u00e9\",\"item\":\"https:\\\/\\\/aliso.fr\\\/reseau\\\/actualite\\\/\"},{\"@type\":\"ListItem\",\"position\":3,\"name\":\"JOURNEE ADOS &#8211; C&#8217;\u00e9tait le 26 octobre 2023\"}]},{\"@type\":\"WebSite\",\"@id\":\"https:\\\/\\\/aliso.fr\\\/reseau\\\/#website\",\"url\":\"https:\\\/\\\/aliso.fr\\\/reseau\\\/\",\"name\":\"Aliso R\u00e9seau\",\"description\":\"R\u00e9seau Creusois des acteurs du lien social\",\"publisher\":{\"@id\":\"https:\\\/\\\/aliso.fr\\\/reseau\\\/#organization\"},\"potentialAction\":[{\"@type\":\"SearchAction\",\"target\":{\"@type\":\"EntryPoint\",\"urlTemplate\":\"https:\\\/\\\/aliso.fr\\\/reseau\\\/?s={search_term_string}\"},\"query-input\":{\"@type\":\"PropertyValueSpecification\",\"valueRequired\":true,\"valueName\":\"search_term_string\"}}],\"inLanguage\":\"fr-FR\"},{\"@type\":\"Organization\",\"@id\":\"https:\\\/\\\/aliso.fr\\\/reseau\\\/#organization\",\"name\":\"Aliso R\u00e9seau\",\"url\":\"https:\\\/\\\/aliso.fr\\\/reseau\\\/\",\"logo\":{\"@type\":\"ImageObject\",\"inLanguage\":\"fr-FR\",\"@id\":\"https:\\\/\\\/aliso.fr\\\/reseau\\\/#\\\/schema\\\/logo\\\/image\\\/\",\"url\":\"https:\\\/\\\/aliso.fr\\\/reseau\\\/wp-content\\\/uploads\\\/sites\\\/4\\\/2022\\\/01\\\/Logo-ALISO-Reseau-2.png\",\"contentUrl\":\"https:\\\/\\\/aliso.fr\\\/reseau\\\/wp-content\\\/uploads\\\/sites\\\/4\\\/2022\\\/01\\\/Logo-ALISO-Reseau-2.png\",\"width\":900,\"height\":970,\"caption\":\"Aliso R\u00e9seau\"},\"image\":{\"@id\":\"https:\\\/\\\/aliso.fr\\\/reseau\\\/#\\\/schema\\\/logo\\\/image\\\/\"}},{\"@type\":\"Person\",\"@id\":\"https:\\\/\\\/aliso.fr\\\/reseau\\\/#\\\/schema\\\/person\\\/056af145b9c52eee21a9f739489104a5\",\"name\":\"laure\"}]}<\/script>\n<!-- \/ Yoast SEO plugin. -->","yoast_head_json":{"title":"JOURNEE ADOS - C'\u00e9tait le 26 octobre 2023 - Aliso R\u00e9seau","robots":{"index":"index","follow":"follow","max-snippet":"max-snippet:-1","max-image-preview":"max-image-preview:large","max-video-preview":"max-video-preview:-1"},"canonical":"https:\/\/aliso.fr\/reseau\/journee-ados-26-octobre-2023\/","og_locale":"fr_FR","og_type":"article","og_title":"JOURNEE ADOS - C'\u00e9tait le 26 octobre 2023 - Aliso R\u00e9seau","og_description":"La Montagne en parle. Cette ann\u00e9e les structures jeunesse du r\u00e9seau ALISO proposaient une journ\u00e9e sportive et culturelle aux adolescents de Creuse. Au programme : d\u00e9couverte de La Souterraine le jeudi 26 octobre 2023 sur des activit\u00e9s qui permettent la rencontre et l&rsquo;\u00e9change. Microfolie devait accueillir autour de l&rsquo;art et du sport et une soir\u00e9e... En savoir plus &raquo;","og_url":"https:\/\/aliso.fr\/reseau\/journee-ados-26-octobre-2023\/","og_site_name":"Aliso R\u00e9seau","article_published_time":"2023-11-01T11:12:00+00:00","article_modified_time":"2023-11-02T14:20:37+00:00","og_image":[{"width":2560,"height":1920,"url":"https:\/\/aliso.fr\/reseau\/wp-content\/uploads\/sites\/4\/2021\/11\/DSCN0035min-scaled.jpg","type":"image\/jpeg"}],"author":"laure","twitter_card":"summary_large_image","schema":{"@context":"https:\/\/schema.org","@graph":[{"@type":"Article","@id":"https:\/\/aliso.fr\/reseau\/journee-ados-26-octobre-2023\/#article","isPartOf":{"@id":"https:\/\/aliso.fr\/reseau\/journee-ados-26-octobre-2023\/"},"author":{"name":"laure","@id":"https:\/\/aliso.fr\/reseau\/#\/schema\/person\/056af145b9c52eee21a9f739489104a5"},"headline":"JOURNEE ADOS &#8211; C&rsquo;\u00e9tait le 26 octobre 2023","datePublished":"2023-11-01T11:12:00+00:00","dateModified":"2023-11-02T14:20:37+00:00","mainEntityOfPage":{"@id":"https:\/\/aliso.fr\/reseau\/journee-ados-26-octobre-2023\/"},"wordCount":93,"publisher":{"@id":"https:\/\/aliso.fr\/reseau\/#organization"},"image":{"@id":"https:\/\/aliso.fr\/reseau\/journee-ados-26-octobre-2023\/#primaryimage"},"thumbnailUrl":"https:\/\/aliso.fr\/reseau\/wp-content\/uploads\/sites\/4\/2021\/11\/DSCN0035min-scaled.jpg","articleSection":["Actualit\u00e9","Nos actions"],"inLanguage":"fr-FR"},{"@type":"WebPage","@id":"https:\/\/aliso.fr\/reseau\/journee-ados-26-octobre-2023\/","url":"https:\/\/aliso.fr\/reseau\/journee-ados-26-octobre-2023\/","name":"JOURNEE ADOS - C'\u00e9tait le 26 octobre 2023 - Aliso R\u00e9seau","isPartOf":{"@id":"https:\/\/aliso.fr\/reseau\/#website"},"primaryImageOfPage":{"@id":"https:\/\/aliso.fr\/reseau\/journee-ados-26-octobre-2023\/#primaryimage"},"image":{"@id":"https:\/\/aliso.fr\/reseau\/journee-ados-26-octobre-2023\/#primaryimage"},"thumbnailUrl":"https:\/\/aliso.fr\/reseau\/wp-content\/uploads\/sites\/4\/2021\/11\/DSCN0035min-scaled.jpg","datePublished":"2023-11-01T11:12:00+00:00","dateModified":"2023-11-02T14:20:37+00:00","breadcrumb":{"@id":"https:\/\/aliso.fr\/reseau\/journee-ados-26-octobre-2023\/#breadcrumb"},"inLanguage":"fr-FR","potentialAction":[{"@type":"ReadAction","target":["https:\/\/aliso.fr\/reseau\/journee-ados-26-octobre-2023\/"]}]},{"@type":"ImageObject","inLanguage":"fr-FR","@id":"https:\/\/aliso.fr\/reseau\/journee-ados-26-octobre-2023\/#primaryimage","url":"https:\/\/aliso.fr\/reseau\/wp-content\/uploads\/sites\/4\/2021\/11\/DSCN0035min-scaled.jpg","contentUrl":"https:\/\/aliso.fr\/reseau\/wp-content\/uploads\/sites\/4\/2021\/11\/DSCN0035min-scaled.jpg","width":2560,"height":1920,"caption":"groupe des jeunes creusois de 11 \u00e0 17 ans"},{"@type":"BreadcrumbList","@id":"https:\/\/aliso.fr\/reseau\/journee-ados-26-octobre-2023\/#breadcrumb","itemListElement":[{"@type":"ListItem","position":1,"name":"Accueil","item":"https:\/\/aliso.fr\/reseau\/"},{"@type":"ListItem","position":2,"name":"Actualit\u00e9","item":"https:\/\/aliso.fr\/reseau\/actualite\/"},{"@type":"ListItem","position":3,"name":"JOURNEE ADOS &#8211; C&#8217;\u00e9tait le 26 octobre 2023"}]},{"@type":"WebSite","@id":"https:\/\/aliso.fr\/reseau\/#website","url":"https:\/\/aliso.fr\/reseau\/","name":"Aliso R\u00e9seau","description":"R\u00e9seau Creusois des acteurs du lien social","publisher":{"@id":"https:\/\/aliso.fr\/reseau\/#organization"},"potentialAction":[{"@type":"SearchAction","target":{"@type":"EntryPoint","urlTemplate":"https:\/\/aliso.fr\/reseau\/?s={search_term_string}"},"query-input":{"@type":"PropertyValueSpecification","valueRequired":true,"valueName":"search_term_string"}}],"inLanguage":"fr-FR"},{"@type":"Organization","@id":"https:\/\/aliso.fr\/reseau\/#organization","name":"Aliso R\u00e9seau","url":"https:\/\/aliso.fr\/reseau\/","logo":{"@type":"ImageObject","inLanguage":"fr-FR","@id":"https:\/\/aliso.fr\/reseau\/#\/schema\/logo\/image\/","url":"https:\/\/aliso.fr\/reseau\/wp-content\/uploads\/sites\/4\/2022\/01\/Logo-ALISO-Reseau-2.png","contentUrl":"https:\/\/aliso.fr\/reseau\/wp-content\/uploads\/sites\/4\/2022\/01\/Logo-ALISO-Reseau-2.png","width":900,"height":970,"caption":"Aliso R\u00e9seau"},"image":{"@id":"https:\/\/aliso.fr\/reseau\/#\/schema\/logo\/image\/"}},{"@type":"Person","@id":"https:\/\/aliso.fr\/reseau\/#\/schema\/person\/056af145b9c52eee21a9f739489104a5","name":"laure"}]}},"_links":{"self":[{"href":"https:\/\/aliso.fr\/reseau\/wp-json\/wp\/v2\/posts\/1915","targetHints":{"allow":["GET"]}}],"collection":[{"href":"https:\/\/aliso.fr\/reseau\/wp-json\/wp\/v2\/posts"}],"about":[{"href":"https:\/\/aliso.fr\/reseau\/wp-json\/wp\/v2\/types\/post"}],"author":[{"embeddable":true,"href":"https:\/\/aliso.fr\/reseau\/wp-json\/wp\/v2\/users\/3"}],"replies":[{"embeddable":true,"href":"https:\/\/aliso.fr\/reseau\/wp-json\/wp\/v2\/comments?post=1915"}],"version-history":[{"count":2,"href":"https:\/\/aliso.fr\/reseau\/wp-json\/wp\/v2\/posts\/1915\/revisions"}],"predecessor-version":[{"id":1999,"href":"https:\/\/aliso.fr\/reseau\/wp-json\/wp\/v2\/posts\/1915\/revisions\/1999"}],"wp:featuredmedia":[{"embeddable":true,"href":"https:\/\/aliso.fr\/reseau\/wp-json\/wp\/v2\/media\/83"}],"wp:attachment":[{"href":"https:\/\/aliso.fr\/reseau\/wp-json\/wp\/v2\/media?parent=1915"}],"wp:term":[{"taxonomy":"category","embeddable":true,"href":"https:\/\/aliso.fr\/reseau\/wp-json\/wp\/v2\/categories?post=1915"},{"taxonomy":"post_tag","embeddable":true,"href":"https:\/\/aliso.fr\/reseau\/wp-json\/wp\/v2\/tags?post=1915"}],"curies":[{"name":"wp","href":"https:\/\/api.w.org\/{rel}","templated":true}]}}