{"id":1919,"date":"2023-10-04T13:18:52","date_gmt":"2023-10-04T11:18:52","guid":{"rendered":"https:\/\/aliso.fr\/reseau\/?p=1919"},"modified":"2023-10-25T12:06:34","modified_gmt":"2023-10-25T10:06:34","slug":"journee-de-lanimation-de-la-vie-sociale-2023","status":"publish","type":"post","link":"https:\/\/aliso.fr\/reseau\/journee-de-lanimation-de-la-vie-sociale-2023\/","title":{"rendered":"JOURNEE DE L&rsquo;ANIMATION DE LA VIE SOCIALE 2023"},"content":{"rendered":"\n<p>Depuis d\u00e9cembre 2022, un groupe de travail se r\u00e9unit et grandit autour de la pr\u00e9paration de la journ\u00e9e de l&rsquo;animation de la vie sociale 2023. Ce rassemblement est un moment convivial, invitant \u00e0 la rencontre autour de th\u00e9matiques communes \u00e0 l&rsquo;ensemble des acteurs de notre territoire qui agissent pour l&rsquo;animation de la vie sociale, soutenus par la CAF. <br>ALISO s&rsquo;att\u00e8le \u00e0 rendre compte des dynamiques du r\u00e9seau et faire le lien pour que la journ\u00e9e vienne servir des r\u00e9flexions et des travaux en cours, notamment dans les Espaces de Vie Sociale et les Centres Sociaux. <br>Cette ann\u00e9e, nous profitons de l&rsquo;\u00e9mergence du groupe Accueil au sein d&rsquo;Aliso et de la transformation du groupe des r\u00e9f\u00e9rentes familles en r\u00e9seau parentalit\u00e9 pour s&rsquo;appuyer sur leur \u00e9nergie et leurs questionnements. Les autres groupes du r\u00e9seau ALISO, comme les pilotes ou les animateurs, pourraient \u00e9galement rejoindre la pr\u00e9paration de la journ\u00e9e. Il semble que le sujet tourne autour du lien avec les publics, sous le prisme des diff\u00e9rentes formes que celui-ci peut prendre : l&rsquo;occasion d&rsquo;aborder les diff\u00e9rentes formes d&rsquo;accueil, les \u00e9volutions soci\u00e9tales dans notre lien \u00e0 l&rsquo;autre, notre rapport au service ou au faire-avec et ensemble, et certainement bien d&rsquo;autres points qui r\u00e9gissent et animent nos quotidiens de professionnels et b\u00e9n\u00e9voles du lien \u00e0 l&rsquo;autre, sans quoi nous ne serions pas acteurs du lien social.<\/p>\n\n\n\n<p>La prochaine r\u00e9union de pr\u00e9paration se tient le 17 octobre 2023 en matin\u00e9e, la suivante le 21 novembre, et la journ\u00e9e le 7 d\u00e9cembre prochain. <\/p>\n\n\n\n<p>Retrouvez les travaux \u00e0 ce propos par <a href=\"https:\/\/nuage.aliso.fr\/index.php\/s\/3nJfzMzxGWdBo3E\">ici.<\/a><\/p>\n","protected":false},"excerpt":{"rendered":"<p>Depuis d\u00e9cembre 2022, un groupe de travail se r\u00e9unit et grandit autour de la pr\u00e9paration de la journ\u00e9e de l&rsquo;animation de la vie sociale 2023. Ce rassemblement est un moment convivial, invitant \u00e0 la rencontre autour de th\u00e9matiques communes \u00e0 l&rsquo;ensemble des acteurs de notre territoire qui agissent pour l&rsquo;animation de la vie sociale, soutenus&#8230; <a class=\"excerpt-read-more button\" href=\"https:\/\/aliso.fr\/reseau\/journee-de-lanimation-de-la-vie-sociale-2023\/\" title=\"ReadJOURNEE DE L&rsquo;ANIMATION DE LA VIE SOCIALE 2023\">En savoir plus &raquo;<\/a><\/p>\n","protected":false},"author":3,"featured_media":1920,"comment_status":"closed","ping_status":"open","sticky":false,"template":"","format":"standard","meta":{"footnotes":""},"categories":[3,7],"tags":[],"class_list":["post-1919","post","type-post","status-publish","format-standard","has-post-thumbnail","hentry","category-actualite","category-nos-actions"],"yoast_head":"<!-- This site is optimized with the Yoast SEO plugin v27.4 - https:\/\/yoast.com\/product\/yoast-seo-wordpress\/ -->\n<title>JOURNEE DE L&#039;ANIMATION DE LA VIE SOCIALE 2023 - Aliso R\u00e9seau<\/title>\n<meta name=\"robots\" content=\"index, follow, max-snippet:-1, max-image-preview:large, max-video-preview:-1\" \/>\n<link rel=\"canonical\" href=\"https:\/\/aliso.fr\/reseau\/journee-de-lanimation-de-la-vie-sociale-2023\/\" \/>\n<meta property=\"og:locale\" content=\"fr_FR\" \/>\n<meta property=\"og:type\" content=\"article\" \/>\n<meta property=\"og:title\" content=\"JOURNEE DE L&#039;ANIMATION DE LA VIE SOCIALE 2023 - Aliso R\u00e9seau\" \/>\n<meta property=\"og:description\" content=\"Depuis d\u00e9cembre 2022, un groupe de travail se r\u00e9unit et grandit autour de la pr\u00e9paration de la journ\u00e9e de l&rsquo;animation de la vie sociale 2023. Ce rassemblement est un moment convivial, invitant \u00e0 la rencontre autour de th\u00e9matiques communes \u00e0 l&rsquo;ensemble des acteurs de notre territoire qui agissent pour l&rsquo;animation de la vie sociale, soutenus... En savoir plus &raquo;\" \/>\n<meta property=\"og:url\" content=\"https:\/\/aliso.fr\/reseau\/journee-de-lanimation-de-la-vie-sociale-2023\/\" \/>\n<meta property=\"og:site_name\" content=\"Aliso R\u00e9seau\" \/>\n<meta property=\"article:published_time\" content=\"2023-10-04T11:18:52+00:00\" \/>\n<meta property=\"article:modified_time\" content=\"2023-10-25T10:06:34+00:00\" \/>\n<meta property=\"og:image\" content=\"https:\/\/aliso.fr\/reseau\/wp-content\/uploads\/sites\/4\/2023\/10\/people-2557396_1280.jpg\" \/>\n\t<meta property=\"og:image:width\" content=\"1280\" \/>\n\t<meta property=\"og:image:height\" content=\"853\" \/>\n\t<meta property=\"og:image:type\" content=\"image\/jpeg\" \/>\n<meta name=\"author\" content=\"laure\" \/>\n<meta name=\"twitter:card\" content=\"summary_large_image\" \/>\n<script type=\"application\/ld+json\" class=\"yoast-schema-graph\">{\"@context\":\"https:\\\/\\\/schema.org\",\"@graph\":[{\"@type\":\"Article\",\"@id\":\"https:\\\/\\\/aliso.fr\\\/reseau\\\/journee-de-lanimation-de-la-vie-sociale-2023\\\/#article\",\"isPartOf\":{\"@id\":\"https:\\\/\\\/aliso.fr\\\/reseau\\\/journee-de-lanimation-de-la-vie-sociale-2023\\\/\"},\"author\":{\"name\":\"laure\",\"@id\":\"https:\\\/\\\/aliso.fr\\\/reseau\\\/#\\\/schema\\\/person\\\/056af145b9c52eee21a9f739489104a5\"},\"headline\":\"JOURNEE DE L&rsquo;ANIMATION DE LA VIE SOCIALE 2023\",\"datePublished\":\"2023-10-04T11:18:52+00:00\",\"dateModified\":\"2023-10-25T10:06:34+00:00\",\"mainEntityOfPage\":{\"@id\":\"https:\\\/\\\/aliso.fr\\\/reseau\\\/journee-de-lanimation-de-la-vie-sociale-2023\\\/\"},\"wordCount\":290,\"publisher\":{\"@id\":\"https:\\\/\\\/aliso.fr\\\/reseau\\\/#organization\"},\"image\":{\"@id\":\"https:\\\/\\\/aliso.fr\\\/reseau\\\/journee-de-lanimation-de-la-vie-sociale-2023\\\/#primaryimage\"},\"thumbnailUrl\":\"https:\\\/\\\/aliso.fr\\\/reseau\\\/wp-content\\\/uploads\\\/sites\\\/4\\\/2023\\\/10\\\/people-2557396_1280.jpg\",\"articleSection\":[\"Actualit\u00e9\",\"Nos actions\"],\"inLanguage\":\"fr-FR\"},{\"@type\":\"WebPage\",\"@id\":\"https:\\\/\\\/aliso.fr\\\/reseau\\\/journee-de-lanimation-de-la-vie-sociale-2023\\\/\",\"url\":\"https:\\\/\\\/aliso.fr\\\/reseau\\\/journee-de-lanimation-de-la-vie-sociale-2023\\\/\",\"name\":\"JOURNEE DE L'ANIMATION DE LA VIE SOCIALE 2023 - Aliso R\u00e9seau\",\"isPartOf\":{\"@id\":\"https:\\\/\\\/aliso.fr\\\/reseau\\\/#website\"},\"primaryImageOfPage\":{\"@id\":\"https:\\\/\\\/aliso.fr\\\/reseau\\\/journee-de-lanimation-de-la-vie-sociale-2023\\\/#primaryimage\"},\"image\":{\"@id\":\"https:\\\/\\\/aliso.fr\\\/reseau\\\/journee-de-lanimation-de-la-vie-sociale-2023\\\/#primaryimage\"},\"thumbnailUrl\":\"https:\\\/\\\/aliso.fr\\\/reseau\\\/wp-content\\\/uploads\\\/sites\\\/4\\\/2023\\\/10\\\/people-2557396_1280.jpg\",\"datePublished\":\"2023-10-04T11:18:52+00:00\",\"dateModified\":\"2023-10-25T10:06:34+00:00\",\"breadcrumb\":{\"@id\":\"https:\\\/\\\/aliso.fr\\\/reseau\\\/journee-de-lanimation-de-la-vie-sociale-2023\\\/#breadcrumb\"},\"inLanguage\":\"fr-FR\",\"potentialAction\":[{\"@type\":\"ReadAction\",\"target\":[\"https:\\\/\\\/aliso.fr\\\/reseau\\\/journee-de-lanimation-de-la-vie-sociale-2023\\\/\"]}]},{\"@type\":\"ImageObject\",\"inLanguage\":\"fr-FR\",\"@id\":\"https:\\\/\\\/aliso.fr\\\/reseau\\\/journee-de-lanimation-de-la-vie-sociale-2023\\\/#primaryimage\",\"url\":\"https:\\\/\\\/aliso.fr\\\/reseau\\\/wp-content\\\/uploads\\\/sites\\\/4\\\/2023\\\/10\\\/people-2557396_1280.jpg\",\"contentUrl\":\"https:\\\/\\\/aliso.fr\\\/reseau\\\/wp-content\\\/uploads\\\/sites\\\/4\\\/2023\\\/10\\\/people-2557396_1280.jpg\",\"width\":1280,\"height\":853},{\"@type\":\"BreadcrumbList\",\"@id\":\"https:\\\/\\\/aliso.fr\\\/reseau\\\/journee-de-lanimation-de-la-vie-sociale-2023\\\/#breadcrumb\",\"itemListElement\":[{\"@type\":\"ListItem\",\"position\":1,\"name\":\"Accueil\",\"item\":\"https:\\\/\\\/aliso.fr\\\/reseau\\\/\"},{\"@type\":\"ListItem\",\"position\":2,\"name\":\"Actualit\u00e9\",\"item\":\"https:\\\/\\\/aliso.fr\\\/reseau\\\/actualite\\\/\"},{\"@type\":\"ListItem\",\"position\":3,\"name\":\"JOURNEE DE L&#8217;ANIMATION DE LA VIE SOCIALE 2023\"}]},{\"@type\":\"WebSite\",\"@id\":\"https:\\\/\\\/aliso.fr\\\/reseau\\\/#website\",\"url\":\"https:\\\/\\\/aliso.fr\\\/reseau\\\/\",\"name\":\"Aliso R\u00e9seau\",\"description\":\"R\u00e9seau Creusois des acteurs du lien social\",\"publisher\":{\"@id\":\"https:\\\/\\\/aliso.fr\\\/reseau\\\/#organization\"},\"potentialAction\":[{\"@type\":\"SearchAction\",\"target\":{\"@type\":\"EntryPoint\",\"urlTemplate\":\"https:\\\/\\\/aliso.fr\\\/reseau\\\/?s={search_term_string}\"},\"query-input\":{\"@type\":\"PropertyValueSpecification\",\"valueRequired\":true,\"valueName\":\"search_term_string\"}}],\"inLanguage\":\"fr-FR\"},{\"@type\":\"Organization\",\"@id\":\"https:\\\/\\\/aliso.fr\\\/reseau\\\/#organization\",\"name\":\"Aliso R\u00e9seau\",\"url\":\"https:\\\/\\\/aliso.fr\\\/reseau\\\/\",\"logo\":{\"@type\":\"ImageObject\",\"inLanguage\":\"fr-FR\",\"@id\":\"https:\\\/\\\/aliso.fr\\\/reseau\\\/#\\\/schema\\\/logo\\\/image\\\/\",\"url\":\"https:\\\/\\\/aliso.fr\\\/reseau\\\/wp-content\\\/uploads\\\/sites\\\/4\\\/2022\\\/01\\\/Logo-ALISO-Reseau-2.png\",\"contentUrl\":\"https:\\\/\\\/aliso.fr\\\/reseau\\\/wp-content\\\/uploads\\\/sites\\\/4\\\/2022\\\/01\\\/Logo-ALISO-Reseau-2.png\",\"width\":900,\"height\":970,\"caption\":\"Aliso R\u00e9seau\"},\"image\":{\"@id\":\"https:\\\/\\\/aliso.fr\\\/reseau\\\/#\\\/schema\\\/logo\\\/image\\\/\"}},{\"@type\":\"Person\",\"@id\":\"https:\\\/\\\/aliso.fr\\\/reseau\\\/#\\\/schema\\\/person\\\/056af145b9c52eee21a9f739489104a5\",\"name\":\"laure\"}]}<\/script>\n<!-- \/ Yoast SEO plugin. -->","yoast_head_json":{"title":"JOURNEE DE L'ANIMATION DE LA VIE SOCIALE 2023 - Aliso R\u00e9seau","robots":{"index":"index","follow":"follow","max-snippet":"max-snippet:-1","max-image-preview":"max-image-preview:large","max-video-preview":"max-video-preview:-1"},"canonical":"https:\/\/aliso.fr\/reseau\/journee-de-lanimation-de-la-vie-sociale-2023\/","og_locale":"fr_FR","og_type":"article","og_title":"JOURNEE DE L'ANIMATION DE LA VIE SOCIALE 2023 - Aliso R\u00e9seau","og_description":"Depuis d\u00e9cembre 2022, un groupe de travail se r\u00e9unit et grandit autour de la pr\u00e9paration de la journ\u00e9e de l&rsquo;animation de la vie sociale 2023. Ce rassemblement est un moment convivial, invitant \u00e0 la rencontre autour de th\u00e9matiques communes \u00e0 l&rsquo;ensemble des acteurs de notre territoire qui agissent pour l&rsquo;animation de la vie sociale, soutenus... En savoir plus &raquo;","og_url":"https:\/\/aliso.fr\/reseau\/journee-de-lanimation-de-la-vie-sociale-2023\/","og_site_name":"Aliso R\u00e9seau","article_published_time":"2023-10-04T11:18:52+00:00","article_modified_time":"2023-10-25T10:06:34+00:00","og_image":[{"width":1280,"height":853,"url":"https:\/\/aliso.fr\/reseau\/wp-content\/uploads\/sites\/4\/2023\/10\/people-2557396_1280.jpg","type":"image\/jpeg"}],"author":"laure","twitter_card":"summary_large_image","schema":{"@context":"https:\/\/schema.org","@graph":[{"@type":"Article","@id":"https:\/\/aliso.fr\/reseau\/journee-de-lanimation-de-la-vie-sociale-2023\/#article","isPartOf":{"@id":"https:\/\/aliso.fr\/reseau\/journee-de-lanimation-de-la-vie-sociale-2023\/"},"author":{"name":"laure","@id":"https:\/\/aliso.fr\/reseau\/#\/schema\/person\/056af145b9c52eee21a9f739489104a5"},"headline":"JOURNEE DE L&rsquo;ANIMATION DE LA VIE SOCIALE 2023","datePublished":"2023-10-04T11:18:52+00:00","dateModified":"2023-10-25T10:06:34+00:00","mainEntityOfPage":{"@id":"https:\/\/aliso.fr\/reseau\/journee-de-lanimation-de-la-vie-sociale-2023\/"},"wordCount":290,"publisher":{"@id":"https:\/\/aliso.fr\/reseau\/#organization"},"image":{"@id":"https:\/\/aliso.fr\/reseau\/journee-de-lanimation-de-la-vie-sociale-2023\/#primaryimage"},"thumbnailUrl":"https:\/\/aliso.fr\/reseau\/wp-content\/uploads\/sites\/4\/2023\/10\/people-2557396_1280.jpg","articleSection":["Actualit\u00e9","Nos actions"],"inLanguage":"fr-FR"},{"@type":"WebPage","@id":"https:\/\/aliso.fr\/reseau\/journee-de-lanimation-de-la-vie-sociale-2023\/","url":"https:\/\/aliso.fr\/reseau\/journee-de-lanimation-de-la-vie-sociale-2023\/","name":"JOURNEE DE L'ANIMATION DE LA VIE SOCIALE 2023 - Aliso R\u00e9seau","isPartOf":{"@id":"https:\/\/aliso.fr\/reseau\/#website"},"primaryImageOfPage":{"@id":"https:\/\/aliso.fr\/reseau\/journee-de-lanimation-de-la-vie-sociale-2023\/#primaryimage"},"image":{"@id":"https:\/\/aliso.fr\/reseau\/journee-de-lanimation-de-la-vie-sociale-2023\/#primaryimage"},"thumbnailUrl":"https:\/\/aliso.fr\/reseau\/wp-content\/uploads\/sites\/4\/2023\/10\/people-2557396_1280.jpg","datePublished":"2023-10-04T11:18:52+00:00","dateModified":"2023-10-25T10:06:34+00:00","breadcrumb":{"@id":"https:\/\/aliso.fr\/reseau\/journee-de-lanimation-de-la-vie-sociale-2023\/#breadcrumb"},"inLanguage":"fr-FR","potentialAction":[{"@type":"ReadAction","target":["https:\/\/aliso.fr\/reseau\/journee-de-lanimation-de-la-vie-sociale-2023\/"]}]},{"@type":"ImageObject","inLanguage":"fr-FR","@id":"https:\/\/aliso.fr\/reseau\/journee-de-lanimation-de-la-vie-sociale-2023\/#primaryimage","url":"https:\/\/aliso.fr\/reseau\/wp-content\/uploads\/sites\/4\/2023\/10\/people-2557396_1280.jpg","contentUrl":"https:\/\/aliso.fr\/reseau\/wp-content\/uploads\/sites\/4\/2023\/10\/people-2557396_1280.jpg","width":1280,"height":853},{"@type":"BreadcrumbList","@id":"https:\/\/aliso.fr\/reseau\/journee-de-lanimation-de-la-vie-sociale-2023\/#breadcrumb","itemListElement":[{"@type":"ListItem","position":1,"name":"Accueil","item":"https:\/\/aliso.fr\/reseau\/"},{"@type":"ListItem","position":2,"name":"Actualit\u00e9","item":"https:\/\/aliso.fr\/reseau\/actualite\/"},{"@type":"ListItem","position":3,"name":"JOURNEE DE L&#8217;ANIMATION DE LA VIE SOCIALE 2023"}]},{"@type":"WebSite","@id":"https:\/\/aliso.fr\/reseau\/#website","url":"https:\/\/aliso.fr\/reseau\/","name":"Aliso R\u00e9seau","description":"R\u00e9seau Creusois des acteurs du lien social","publisher":{"@id":"https:\/\/aliso.fr\/reseau\/#organization"},"potentialAction":[{"@type":"SearchAction","target":{"@type":"EntryPoint","urlTemplate":"https:\/\/aliso.fr\/reseau\/?s={search_term_string}"},"query-input":{"@type":"PropertyValueSpecification","valueRequired":true,"valueName":"search_term_string"}}],"inLanguage":"fr-FR"},{"@type":"Organization","@id":"https:\/\/aliso.fr\/reseau\/#organization","name":"Aliso R\u00e9seau","url":"https:\/\/aliso.fr\/reseau\/","logo":{"@type":"ImageObject","inLanguage":"fr-FR","@id":"https:\/\/aliso.fr\/reseau\/#\/schema\/logo\/image\/","url":"https:\/\/aliso.fr\/reseau\/wp-content\/uploads\/sites\/4\/2022\/01\/Logo-ALISO-Reseau-2.png","contentUrl":"https:\/\/aliso.fr\/reseau\/wp-content\/uploads\/sites\/4\/2022\/01\/Logo-ALISO-Reseau-2.png","width":900,"height":970,"caption":"Aliso R\u00e9seau"},"image":{"@id":"https:\/\/aliso.fr\/reseau\/#\/schema\/logo\/image\/"}},{"@type":"Person","@id":"https:\/\/aliso.fr\/reseau\/#\/schema\/person\/056af145b9c52eee21a9f739489104a5","name":"laure"}]}},"_links":{"self":[{"href":"https:\/\/aliso.fr\/reseau\/wp-json\/wp\/v2\/posts\/1919","targetHints":{"allow":["GET"]}}],"collection":[{"href":"https:\/\/aliso.fr\/reseau\/wp-json\/wp\/v2\/posts"}],"about":[{"href":"https:\/\/aliso.fr\/reseau\/wp-json\/wp\/v2\/types\/post"}],"author":[{"embeddable":true,"href":"https:\/\/aliso.fr\/reseau\/wp-json\/wp\/v2\/users\/3"}],"replies":[{"embeddable":true,"href":"https:\/\/aliso.fr\/reseau\/wp-json\/wp\/v2\/comments?post=1919"}],"version-history":[{"count":3,"href":"https:\/\/aliso.fr\/reseau\/wp-json\/wp\/v2\/posts\/1919\/revisions"}],"predecessor-version":[{"id":1994,"href":"https:\/\/aliso.fr\/reseau\/wp-json\/wp\/v2\/posts\/1919\/revisions\/1994"}],"wp:featuredmedia":[{"embeddable":true,"href":"https:\/\/aliso.fr\/reseau\/wp-json\/wp\/v2\/media\/1920"}],"wp:attachment":[{"href":"https:\/\/aliso.fr\/reseau\/wp-json\/wp\/v2\/media?parent=1919"}],"wp:term":[{"taxonomy":"category","embeddable":true,"href":"https:\/\/aliso.fr\/reseau\/wp-json\/wp\/v2\/categories?post=1919"},{"taxonomy":"post_tag","embeddable":true,"href":"https:\/\/aliso.fr\/reseau\/wp-json\/wp\/v2\/tags?post=1919"}],"curies":[{"name":"wp","href":"https:\/\/api.w.org\/{rel}","templated":true}]}}