{"id":2103,"date":"2023-12-12T15:46:41","date_gmt":"2023-12-12T14:46:41","guid":{"rendered":"https:\/\/aliso.fr\/reseau\/?p=2103"},"modified":"2023-12-12T15:46:42","modified_gmt":"2023-12-12T14:46:42","slug":"un-oeil-dans-le-retro-et-en-avant","status":"publish","type":"post","link":"https:\/\/aliso.fr\/reseau\/un-oeil-dans-le-retro-et-en-avant\/","title":{"rendered":"UN OEIL DANS LE RETRO ET&#8230; EN AVANT"},"content":{"rendered":"\n<h2 class=\"wp-block-heading\">Retour sur la journ\u00e9e AVS de d\u00e9cembre 2021 :<\/h2>\n\n\n\n<h2 class=\"wp-block-heading\">\u201cComment mesurer les effets de nos projets sur le territoire ?\u201d\u00a0<\/h2>\n\n\n\n<p>D\u00e9cembre 2021, rappelez-vous&#8230; Vous participiez \u00e0 la journ\u00e9e d\u00e9partementale de l&rsquo;animation de la vie sociale (AVS) organis\u00e9e par la CAF et ALISO \u00e0 Jarnages. L&rsquo;annonce de la th\u00e9matique en amont et son traitement le jour j, avaient g\u00e9n\u00e9r\u00e9 diff\u00e9rentes r\u00e9actions et du d\u00e9bat. Cela m\u00e9ritait qu&rsquo;on puisse revenir dessus avec plus de recul. Claire CHEZEAUBERNARD, \u00e9tudiante en Master 2 ESS au CNAM, nous a offert son regard, sa curiosit\u00e9 et du temps pour aller au-del\u00e0 de notre exp\u00e9rience de cette journ\u00e9e.<\/p>\n\n\n\n<p>Elle a r\u00e9alis\u00e9 un travail autour de la notion de l\u2019\u00e9valuation de l\u2019impact social, courant 2023 dans le cadre d&rsquo;un enseignement dirig\u00e9 par Jean-Louis Laville, \u00e9conomiste et sociologue.<\/p>\n\n\n\n<p class=\"has-text-align-center\"><em>Petit rappel visuel de l&rsquo;\u00e9v\u00e8nement en question ci-dessous &#8230;<\/em><\/p>\n\n\n\n<figure class=\"wp-block-gallery has-nested-images columns-default is-cropped wp-block-gallery-1 is-layout-flex wp-block-gallery-is-layout-flex\">\n<figure class=\"wp-block-image size-large\"><img loading=\"lazy\" decoding=\"async\" width=\"446\" height=\"330\" data-id=\"2105\" src=\"https:\/\/aliso.fr\/reseau\/wp-content\/uploads\/sites\/4\/2023\/12\/converted_converted_converted_2023_snKR2fs1-446x330.jpg\" alt=\"\" class=\"wp-image-2105\" srcset=\"https:\/\/aliso.fr\/reseau\/wp-content\/uploads\/sites\/4\/2023\/12\/converted_converted_converted_2023_snKR2fs1-446x330.jpg 446w, https:\/\/aliso.fr\/reseau\/wp-content\/uploads\/sites\/4\/2023\/12\/converted_converted_converted_2023_snKR2fs1-257x190.jpg 257w, https:\/\/aliso.fr\/reseau\/wp-content\/uploads\/sites\/4\/2023\/12\/converted_converted_converted_2023_snKR2fs1-768x568.jpg 768w, https:\/\/aliso.fr\/reseau\/wp-content\/uploads\/sites\/4\/2023\/12\/converted_converted_converted_2023_snKR2fs1-1536x1137.jpg 1536w, https:\/\/aliso.fr\/reseau\/wp-content\/uploads\/sites\/4\/2023\/12\/converted_converted_converted_2023_snKR2fs1-2048x1516.jpg 2048w, https:\/\/aliso.fr\/reseau\/wp-content\/uploads\/sites\/4\/2023\/12\/converted_converted_converted_2023_snKR2fs1-1320x977.jpg 1320w\" sizes=\"auto, (max-width: 446px) 100vw, 446px\" \/><\/figure>\n\n\n\n<figure class=\"wp-block-image size-large\"><img loading=\"lazy\" decoding=\"async\" width=\"1024\" height=\"721\" data-id=\"117\" src=\"https:\/\/aliso.fr\/reseau\/wp-content\/uploads\/sites\/4\/2021\/10\/invitation_avs_10-12-21-1024x721.jpg\" alt=\"\" class=\"wp-image-117\" srcset=\"https:\/\/aliso.fr\/reseau\/wp-content\/uploads\/sites\/4\/2021\/10\/invitation_avs_10-12-21-1024x721.jpg 1024w, https:\/\/aliso.fr\/reseau\/wp-content\/uploads\/sites\/4\/2021\/10\/invitation_avs_10-12-21-300x211.jpg 300w, https:\/\/aliso.fr\/reseau\/wp-content\/uploads\/sites\/4\/2021\/10\/invitation_avs_10-12-21-768x541.jpg 768w, https:\/\/aliso.fr\/reseau\/wp-content\/uploads\/sites\/4\/2021\/10\/invitation_avs_10-12-21.jpg 1446w\" sizes=\"auto, (max-width: 1024px) 100vw, 1024px\" \/><\/figure>\n\n\n\n<figure class=\"wp-block-image size-large\"><img loading=\"lazy\" decoding=\"async\" width=\"440\" height=\"330\" data-id=\"2104\" src=\"https:\/\/aliso.fr\/reseau\/wp-content\/uploads\/sites\/4\/2023\/12\/converted_20231212_152829-440x330.jpg\" alt=\"\" class=\"wp-image-2104\" srcset=\"https:\/\/aliso.fr\/reseau\/wp-content\/uploads\/sites\/4\/2023\/12\/converted_20231212_152829-440x330.jpg 440w, https:\/\/aliso.fr\/reseau\/wp-content\/uploads\/sites\/4\/2023\/12\/converted_20231212_152829-253x190.jpg 253w, https:\/\/aliso.fr\/reseau\/wp-content\/uploads\/sites\/4\/2023\/12\/converted_20231212_152829-768x576.jpg 768w, https:\/\/aliso.fr\/reseau\/wp-content\/uploads\/sites\/4\/2023\/12\/converted_20231212_152829-1536x1152.jpg 1536w, https:\/\/aliso.fr\/reseau\/wp-content\/uploads\/sites\/4\/2023\/12\/converted_20231212_152829-2048x1536.jpg 2048w, https:\/\/aliso.fr\/reseau\/wp-content\/uploads\/sites\/4\/2023\/12\/converted_20231212_152829-1320x990.jpg 1320w\" sizes=\"auto, (max-width: 440px) 100vw, 440px\" \/><\/figure>\n<\/figure>\n\n\n\n<p>En attendant de r\u00e9ussir \u00e0 vous poser pour lire ce travail, voici de quoi vous donner un peu de mati\u00e8re : <\/p>\n\n\n\n<p><strong><em>Pourquoi ce sujet\u00a0de travail ?<\/em><\/strong><\/p>\n\n\n\n<p>A l\u2019occasion d\u2019une restitution fin 2022 d\u2019un autre travail r\u00e9alis\u00e9 sous l\u2019\u00e9gide du Pr Laville (l\u2019analyse institutionnelle d\u2019ALISO), avait \u00e9t\u00e9 \u00e9voqu\u00e9e lors d\u2019un d\u00e9bat anim\u00e9, la journ\u00e9e AVS de d\u00e9cembre 2021. Pour m\u00e9moire, le th\u00e8me de cette journ\u00e9e \u00e9tait&nbsp;: \u201cComment mesurer les effets de nos projets sur le territoire ?\u201d, autrement dit l\u2019\u00e9valuation de l\u2019utilit\u00e9 sociale ou de l\u2019impact social&nbsp;: sujet r\u00e9v\u00e9lant de vifs d\u00e9saccords chez certains acteurs de l\u2019AVS.<\/p>\n\n\n\n<p><strong><em>En quoi le travail a-t-il consist\u00e9&nbsp;?<\/em><\/strong><\/p>\n\n\n\n<p>En 2023 donc, soit plus d\u2019un an apr\u00e8s la Journ\u00e9e AVS de d\u00e9cembre 2021, il s\u2019est agi de recueillir les t\u00e9moignages de plusieurs participants, de comprendre les points de vue respectifs, de voir dans quelle mesure ils \u00e9taient &#8211; ou pas &#8211; r\u00e9conciliables, et enfin de les mettre en perspective avec l\u2019enseignement au CNAM sur \u201cL\u2019\u00e9valuation dans le domaine social\u201d et avec la litt\u00e9rature sur ce sujet.<\/p>\n\n\n\n<p><strong><em>Quels ont \u00e9t\u00e9 les r\u00e9sultats&nbsp;?<\/em><\/strong><\/p>\n\n\n\n<p>Deux points d\u2019accord&nbsp;ont \u00e9t\u00e9 identifi\u00e9s : l\u2019int\u00e9r\u00eat d\u2019\u00e9valuer des actions ou des projets&nbsp;; et la nature et la qualit\u00e9 des relations entre la CAF 23 et les structures d\u2019AVS.<\/p>\n\n\n\n<p>Un des points de d\u00e9saccord serait li\u00e9 \u00e0 une \u201crepr\u00e9sentation&nbsp;dominante\u201d, par les structures AVS, de leurs rapports sociaux avec certains financeurs. A ce sujet, il faut bien distinguer&nbsp;: d\u2019un c\u00f4t\u00e9, une \u00e9valuation co-construite par financeurs et financ\u00e9s dans un but d\u2019am\u00e9lioration des actions respectives&nbsp;; de l\u2019autre, et c\u2019est toujours mal v\u00e9cu, une \u00e9valuation descendante con\u00e7ue par des personnes ou des \u00e9chelons qui ne connaissent pas le terrain ou avec des politiques fluctuantes, possibles pr\u00e9textes \u00e0 des r\u00e9ductions de financements.<\/p>\n\n\n\n<p>Par ailleurs, l\u2019AVS constitue un objet sp\u00e9cifique&nbsp;difficile \u00e0 cerner, comme l\u2019indique la chercheuse C\u00e9cile Ensellem : <em>\u2018\u2019Les structures de l\u2019AVS ont pour mission d\u2019accueillir et d\u2019accompagner, sans distinction aucune et sans obligation, les habitants d\u2019un territoire donn\u00e9. Elles d\u00e9ploient pour ce faire une large palette d\u2019activit\u00e9s et de projets allant du loisir \u00e0 la participation au d\u00e9bat, en passant par l\u2019acc\u00e8s aux droits. Il n\u2019est pas question d\u2019\u00eatre un centre d\u2019activit\u00e9s ou de loisirs, les acteurs aiment \u00e0 le r\u00e9affirmer, mais d\u2019aller plus loin et vers autre chose<\/em>.&nbsp;<em>[\u2026]<\/em> <em>Les effets que nous avons relev\u00e9s sont plus souvent observ\u00e9s qu\u2019objectiv\u00e9s, plus ressentis qu\u2019\u00e9valu\u00e9s en raison de la difficult\u00e9 rencontr\u00e9e par les acteurs engag\u00e9s dans des initiatives d\u2019\u00e9valuation \u00e0 construire les outils ad hoc, et du temps que cela n\u00e9cessite\u2019\u2019.<\/em><\/p>\n\n\n\n<p><a><\/a><a><strong><em>Perspectives en Creuse&nbsp;: pour qui, par qui, avec qui&nbsp;?<\/em><\/strong><\/a><strong><em>&nbsp;&nbsp;&nbsp;<\/em><\/strong><\/p>\n\n\n\n<p>Les r\u00e9serves, les craintes et les difficult\u00e9s, ne signifient pas qu\u2019une d\u00e9marche d\u2019\u00e9valuation destin\u00e9e \u00e0 des partenaires ext\u00e9rieurs soit impossible.<\/p>\n\n\n\n<p>Les conditions ont \u00e9t\u00e9 pass\u00e9es en revue, elles incluent notamment&nbsp;: le dialogue, une \u00e9valuation qui parte des acteurs, la clarification au d\u00e9part des attendus et de leur dimension temporelle avec les financeurs. Pour ce qui est des collectivit\u00e9s territoriales, la d\u00e9marche doit se faire avec les bons outils et les bons espaces, autrement dit sous des formats de valorisation et de rencontre adapt\u00e9s.<\/p>\n\n\n\n<p>Pour en savoir plus\u00a0: <a href=\"https:\/\/nuage.aliso.fr\/index.php\/s\/FLMXexbCFiFtHcK\">lien vers document complet (37 pages)<\/a><\/p>\n","protected":false},"excerpt":{"rendered":"<p>Retour sur la journ\u00e9e AVS de d\u00e9cembre 2021 : \u201cComment mesurer les effets de nos projets sur le territoire ?\u201d\u00a0 D\u00e9cembre 2021, rappelez-vous&#8230; Vous participiez \u00e0 la journ\u00e9e d\u00e9partementale de l&rsquo;animation de la vie sociale (AVS) organis\u00e9e par la CAF et ALISO \u00e0 Jarnages. L&rsquo;annonce de la th\u00e9matique en amont et son traitement le jour&#8230; <a class=\"excerpt-read-more button\" href=\"https:\/\/aliso.fr\/reseau\/un-oeil-dans-le-retro-et-en-avant\/\" title=\"ReadUN OEIL DANS LE RETRO ET&#8230; EN AVANT\">En savoir plus &raquo;<\/a><\/p>\n","protected":false},"author":3,"featured_media":117,"comment_status":"closed","ping_status":"open","sticky":false,"template":"","format":"standard","meta":{"footnotes":""},"categories":[3,7],"tags":[],"class_list":["post-2103","post","type-post","status-publish","format-standard","has-post-thumbnail","hentry","category-actualite","category-nos-actions"],"yoast_head":"<!-- This site is optimized with the Yoast SEO plugin v27.4 - https:\/\/yoast.com\/product\/yoast-seo-wordpress\/ -->\n<title>UN OEIL DANS LE RETRO ET... EN AVANT - Aliso R\u00e9seau<\/title>\n<meta name=\"robots\" content=\"index, follow, max-snippet:-1, max-image-preview:large, max-video-preview:-1\" \/>\n<link rel=\"canonical\" href=\"https:\/\/aliso.fr\/reseau\/un-oeil-dans-le-retro-et-en-avant\/\" \/>\n<meta property=\"og:locale\" content=\"fr_FR\" \/>\n<meta property=\"og:type\" content=\"article\" \/>\n<meta property=\"og:title\" content=\"UN OEIL DANS LE RETRO ET... EN AVANT - Aliso R\u00e9seau\" \/>\n<meta property=\"og:description\" content=\"Retour sur la journ\u00e9e AVS de d\u00e9cembre 2021 : \u201cComment mesurer les effets de nos projets sur le territoire ?\u201d\u00a0 D\u00e9cembre 2021, rappelez-vous&#8230; Vous participiez \u00e0 la journ\u00e9e d\u00e9partementale de l&rsquo;animation de la vie sociale (AVS) organis\u00e9e par la CAF et ALISO \u00e0 Jarnages. L&rsquo;annonce de la th\u00e9matique en amont et son traitement le jour... En savoir plus &raquo;\" \/>\n<meta property=\"og:url\" content=\"https:\/\/aliso.fr\/reseau\/un-oeil-dans-le-retro-et-en-avant\/\" \/>\n<meta property=\"og:site_name\" content=\"Aliso R\u00e9seau\" \/>\n<meta property=\"article:published_time\" content=\"2023-12-12T14:46:41+00:00\" \/>\n<meta property=\"article:modified_time\" content=\"2023-12-12T14:46:42+00:00\" \/>\n<meta property=\"og:image\" content=\"https:\/\/aliso.fr\/reseau\/wp-content\/uploads\/sites\/4\/2021\/10\/invitation_avs_10-12-21.jpg\" \/>\n\t<meta property=\"og:image:width\" content=\"1446\" \/>\n\t<meta property=\"og:image:height\" content=\"1018\" \/>\n\t<meta property=\"og:image:type\" content=\"image\/jpeg\" \/>\n<meta name=\"author\" content=\"laure\" \/>\n<meta name=\"twitter:card\" content=\"summary_large_image\" \/>\n<script type=\"application\/ld+json\" class=\"yoast-schema-graph\">{\"@context\":\"https:\\\/\\\/schema.org\",\"@graph\":[{\"@type\":\"Article\",\"@id\":\"https:\\\/\\\/aliso.fr\\\/reseau\\\/un-oeil-dans-le-retro-et-en-avant\\\/#article\",\"isPartOf\":{\"@id\":\"https:\\\/\\\/aliso.fr\\\/reseau\\\/un-oeil-dans-le-retro-et-en-avant\\\/\"},\"author\":{\"name\":\"laure\",\"@id\":\"https:\\\/\\\/aliso.fr\\\/reseau\\\/#\\\/schema\\\/person\\\/056af145b9c52eee21a9f739489104a5\"},\"headline\":\"UN OEIL DANS LE RETRO ET&#8230; EN AVANT\",\"datePublished\":\"2023-12-12T14:46:41+00:00\",\"dateModified\":\"2023-12-12T14:46:42+00:00\",\"mainEntityOfPage\":{\"@id\":\"https:\\\/\\\/aliso.fr\\\/reseau\\\/un-oeil-dans-le-retro-et-en-avant\\\/\"},\"wordCount\":772,\"publisher\":{\"@id\":\"https:\\\/\\\/aliso.fr\\\/reseau\\\/#organization\"},\"image\":{\"@id\":\"https:\\\/\\\/aliso.fr\\\/reseau\\\/un-oeil-dans-le-retro-et-en-avant\\\/#primaryimage\"},\"thumbnailUrl\":\"https:\\\/\\\/aliso.fr\\\/reseau\\\/wp-content\\\/uploads\\\/sites\\\/4\\\/2021\\\/10\\\/invitation_avs_10-12-21.jpg\",\"articleSection\":[\"Actualit\u00e9\",\"Nos actions\"],\"inLanguage\":\"fr-FR\"},{\"@type\":\"WebPage\",\"@id\":\"https:\\\/\\\/aliso.fr\\\/reseau\\\/un-oeil-dans-le-retro-et-en-avant\\\/\",\"url\":\"https:\\\/\\\/aliso.fr\\\/reseau\\\/un-oeil-dans-le-retro-et-en-avant\\\/\",\"name\":\"UN OEIL DANS LE RETRO ET... EN AVANT - Aliso R\u00e9seau\",\"isPartOf\":{\"@id\":\"https:\\\/\\\/aliso.fr\\\/reseau\\\/#website\"},\"primaryImageOfPage\":{\"@id\":\"https:\\\/\\\/aliso.fr\\\/reseau\\\/un-oeil-dans-le-retro-et-en-avant\\\/#primaryimage\"},\"image\":{\"@id\":\"https:\\\/\\\/aliso.fr\\\/reseau\\\/un-oeil-dans-le-retro-et-en-avant\\\/#primaryimage\"},\"thumbnailUrl\":\"https:\\\/\\\/aliso.fr\\\/reseau\\\/wp-content\\\/uploads\\\/sites\\\/4\\\/2021\\\/10\\\/invitation_avs_10-12-21.jpg\",\"datePublished\":\"2023-12-12T14:46:41+00:00\",\"dateModified\":\"2023-12-12T14:46:42+00:00\",\"breadcrumb\":{\"@id\":\"https:\\\/\\\/aliso.fr\\\/reseau\\\/un-oeil-dans-le-retro-et-en-avant\\\/#breadcrumb\"},\"inLanguage\":\"fr-FR\",\"potentialAction\":[{\"@type\":\"ReadAction\",\"target\":[\"https:\\\/\\\/aliso.fr\\\/reseau\\\/un-oeil-dans-le-retro-et-en-avant\\\/\"]}]},{\"@type\":\"ImageObject\",\"inLanguage\":\"fr-FR\",\"@id\":\"https:\\\/\\\/aliso.fr\\\/reseau\\\/un-oeil-dans-le-retro-et-en-avant\\\/#primaryimage\",\"url\":\"https:\\\/\\\/aliso.fr\\\/reseau\\\/wp-content\\\/uploads\\\/sites\\\/4\\\/2021\\\/10\\\/invitation_avs_10-12-21.jpg\",\"contentUrl\":\"https:\\\/\\\/aliso.fr\\\/reseau\\\/wp-content\\\/uploads\\\/sites\\\/4\\\/2021\\\/10\\\/invitation_avs_10-12-21.jpg\",\"width\":1446,\"height\":1018},{\"@type\":\"BreadcrumbList\",\"@id\":\"https:\\\/\\\/aliso.fr\\\/reseau\\\/un-oeil-dans-le-retro-et-en-avant\\\/#breadcrumb\",\"itemListElement\":[{\"@type\":\"ListItem\",\"position\":1,\"name\":\"Accueil\",\"item\":\"https:\\\/\\\/aliso.fr\\\/reseau\\\/\"},{\"@type\":\"ListItem\",\"position\":2,\"name\":\"Actualit\u00e9\",\"item\":\"https:\\\/\\\/aliso.fr\\\/reseau\\\/actualite\\\/\"},{\"@type\":\"ListItem\",\"position\":3,\"name\":\"UN OEIL DANS LE RETRO ET&#8230; EN AVANT\"}]},{\"@type\":\"WebSite\",\"@id\":\"https:\\\/\\\/aliso.fr\\\/reseau\\\/#website\",\"url\":\"https:\\\/\\\/aliso.fr\\\/reseau\\\/\",\"name\":\"Aliso R\u00e9seau\",\"description\":\"R\u00e9seau Creusois des acteurs du lien social\",\"publisher\":{\"@id\":\"https:\\\/\\\/aliso.fr\\\/reseau\\\/#organization\"},\"potentialAction\":[{\"@type\":\"SearchAction\",\"target\":{\"@type\":\"EntryPoint\",\"urlTemplate\":\"https:\\\/\\\/aliso.fr\\\/reseau\\\/?s={search_term_string}\"},\"query-input\":{\"@type\":\"PropertyValueSpecification\",\"valueRequired\":true,\"valueName\":\"search_term_string\"}}],\"inLanguage\":\"fr-FR\"},{\"@type\":\"Organization\",\"@id\":\"https:\\\/\\\/aliso.fr\\\/reseau\\\/#organization\",\"name\":\"Aliso R\u00e9seau\",\"url\":\"https:\\\/\\\/aliso.fr\\\/reseau\\\/\",\"logo\":{\"@type\":\"ImageObject\",\"inLanguage\":\"fr-FR\",\"@id\":\"https:\\\/\\\/aliso.fr\\\/reseau\\\/#\\\/schema\\\/logo\\\/image\\\/\",\"url\":\"https:\\\/\\\/aliso.fr\\\/reseau\\\/wp-content\\\/uploads\\\/sites\\\/4\\\/2022\\\/01\\\/Logo-ALISO-Reseau-2.png\",\"contentUrl\":\"https:\\\/\\\/aliso.fr\\\/reseau\\\/wp-content\\\/uploads\\\/sites\\\/4\\\/2022\\\/01\\\/Logo-ALISO-Reseau-2.png\",\"width\":900,\"height\":970,\"caption\":\"Aliso R\u00e9seau\"},\"image\":{\"@id\":\"https:\\\/\\\/aliso.fr\\\/reseau\\\/#\\\/schema\\\/logo\\\/image\\\/\"}},{\"@type\":\"Person\",\"@id\":\"https:\\\/\\\/aliso.fr\\\/reseau\\\/#\\\/schema\\\/person\\\/056af145b9c52eee21a9f739489104a5\",\"name\":\"laure\"}]}<\/script>\n<!-- \/ Yoast SEO plugin. -->","yoast_head_json":{"title":"UN OEIL DANS LE RETRO ET... EN AVANT - Aliso R\u00e9seau","robots":{"index":"index","follow":"follow","max-snippet":"max-snippet:-1","max-image-preview":"max-image-preview:large","max-video-preview":"max-video-preview:-1"},"canonical":"https:\/\/aliso.fr\/reseau\/un-oeil-dans-le-retro-et-en-avant\/","og_locale":"fr_FR","og_type":"article","og_title":"UN OEIL DANS LE RETRO ET... EN AVANT - Aliso R\u00e9seau","og_description":"Retour sur la journ\u00e9e AVS de d\u00e9cembre 2021 : \u201cComment mesurer les effets de nos projets sur le territoire ?\u201d\u00a0 D\u00e9cembre 2021, rappelez-vous&#8230; Vous participiez \u00e0 la journ\u00e9e d\u00e9partementale de l&rsquo;animation de la vie sociale (AVS) organis\u00e9e par la CAF et ALISO \u00e0 Jarnages. L&rsquo;annonce de la th\u00e9matique en amont et son traitement le jour... En savoir plus &raquo;","og_url":"https:\/\/aliso.fr\/reseau\/un-oeil-dans-le-retro-et-en-avant\/","og_site_name":"Aliso R\u00e9seau","article_published_time":"2023-12-12T14:46:41+00:00","article_modified_time":"2023-12-12T14:46:42+00:00","og_image":[{"width":1446,"height":1018,"url":"https:\/\/aliso.fr\/reseau\/wp-content\/uploads\/sites\/4\/2021\/10\/invitation_avs_10-12-21.jpg","type":"image\/jpeg"}],"author":"laure","twitter_card":"summary_large_image","schema":{"@context":"https:\/\/schema.org","@graph":[{"@type":"Article","@id":"https:\/\/aliso.fr\/reseau\/un-oeil-dans-le-retro-et-en-avant\/#article","isPartOf":{"@id":"https:\/\/aliso.fr\/reseau\/un-oeil-dans-le-retro-et-en-avant\/"},"author":{"name":"laure","@id":"https:\/\/aliso.fr\/reseau\/#\/schema\/person\/056af145b9c52eee21a9f739489104a5"},"headline":"UN OEIL DANS LE RETRO ET&#8230; EN AVANT","datePublished":"2023-12-12T14:46:41+00:00","dateModified":"2023-12-12T14:46:42+00:00","mainEntityOfPage":{"@id":"https:\/\/aliso.fr\/reseau\/un-oeil-dans-le-retro-et-en-avant\/"},"wordCount":772,"publisher":{"@id":"https:\/\/aliso.fr\/reseau\/#organization"},"image":{"@id":"https:\/\/aliso.fr\/reseau\/un-oeil-dans-le-retro-et-en-avant\/#primaryimage"},"thumbnailUrl":"https:\/\/aliso.fr\/reseau\/wp-content\/uploads\/sites\/4\/2021\/10\/invitation_avs_10-12-21.jpg","articleSection":["Actualit\u00e9","Nos actions"],"inLanguage":"fr-FR"},{"@type":"WebPage","@id":"https:\/\/aliso.fr\/reseau\/un-oeil-dans-le-retro-et-en-avant\/","url":"https:\/\/aliso.fr\/reseau\/un-oeil-dans-le-retro-et-en-avant\/","name":"UN OEIL DANS LE RETRO ET... EN AVANT - Aliso R\u00e9seau","isPartOf":{"@id":"https:\/\/aliso.fr\/reseau\/#website"},"primaryImageOfPage":{"@id":"https:\/\/aliso.fr\/reseau\/un-oeil-dans-le-retro-et-en-avant\/#primaryimage"},"image":{"@id":"https:\/\/aliso.fr\/reseau\/un-oeil-dans-le-retro-et-en-avant\/#primaryimage"},"thumbnailUrl":"https:\/\/aliso.fr\/reseau\/wp-content\/uploads\/sites\/4\/2021\/10\/invitation_avs_10-12-21.jpg","datePublished":"2023-12-12T14:46:41+00:00","dateModified":"2023-12-12T14:46:42+00:00","breadcrumb":{"@id":"https:\/\/aliso.fr\/reseau\/un-oeil-dans-le-retro-et-en-avant\/#breadcrumb"},"inLanguage":"fr-FR","potentialAction":[{"@type":"ReadAction","target":["https:\/\/aliso.fr\/reseau\/un-oeil-dans-le-retro-et-en-avant\/"]}]},{"@type":"ImageObject","inLanguage":"fr-FR","@id":"https:\/\/aliso.fr\/reseau\/un-oeil-dans-le-retro-et-en-avant\/#primaryimage","url":"https:\/\/aliso.fr\/reseau\/wp-content\/uploads\/sites\/4\/2021\/10\/invitation_avs_10-12-21.jpg","contentUrl":"https:\/\/aliso.fr\/reseau\/wp-content\/uploads\/sites\/4\/2021\/10\/invitation_avs_10-12-21.jpg","width":1446,"height":1018},{"@type":"BreadcrumbList","@id":"https:\/\/aliso.fr\/reseau\/un-oeil-dans-le-retro-et-en-avant\/#breadcrumb","itemListElement":[{"@type":"ListItem","position":1,"name":"Accueil","item":"https:\/\/aliso.fr\/reseau\/"},{"@type":"ListItem","position":2,"name":"Actualit\u00e9","item":"https:\/\/aliso.fr\/reseau\/actualite\/"},{"@type":"ListItem","position":3,"name":"UN OEIL DANS LE RETRO ET&#8230; EN AVANT"}]},{"@type":"WebSite","@id":"https:\/\/aliso.fr\/reseau\/#website","url":"https:\/\/aliso.fr\/reseau\/","name":"Aliso R\u00e9seau","description":"R\u00e9seau Creusois des acteurs du lien social","publisher":{"@id":"https:\/\/aliso.fr\/reseau\/#organization"},"potentialAction":[{"@type":"SearchAction","target":{"@type":"EntryPoint","urlTemplate":"https:\/\/aliso.fr\/reseau\/?s={search_term_string}"},"query-input":{"@type":"PropertyValueSpecification","valueRequired":true,"valueName":"search_term_string"}}],"inLanguage":"fr-FR"},{"@type":"Organization","@id":"https:\/\/aliso.fr\/reseau\/#organization","name":"Aliso R\u00e9seau","url":"https:\/\/aliso.fr\/reseau\/","logo":{"@type":"ImageObject","inLanguage":"fr-FR","@id":"https:\/\/aliso.fr\/reseau\/#\/schema\/logo\/image\/","url":"https:\/\/aliso.fr\/reseau\/wp-content\/uploads\/sites\/4\/2022\/01\/Logo-ALISO-Reseau-2.png","contentUrl":"https:\/\/aliso.fr\/reseau\/wp-content\/uploads\/sites\/4\/2022\/01\/Logo-ALISO-Reseau-2.png","width":900,"height":970,"caption":"Aliso R\u00e9seau"},"image":{"@id":"https:\/\/aliso.fr\/reseau\/#\/schema\/logo\/image\/"}},{"@type":"Person","@id":"https:\/\/aliso.fr\/reseau\/#\/schema\/person\/056af145b9c52eee21a9f739489104a5","name":"laure"}]}},"_links":{"self":[{"href":"https:\/\/aliso.fr\/reseau\/wp-json\/wp\/v2\/posts\/2103","targetHints":{"allow":["GET"]}}],"collection":[{"href":"https:\/\/aliso.fr\/reseau\/wp-json\/wp\/v2\/posts"}],"about":[{"href":"https:\/\/aliso.fr\/reseau\/wp-json\/wp\/v2\/types\/post"}],"author":[{"embeddable":true,"href":"https:\/\/aliso.fr\/reseau\/wp-json\/wp\/v2\/users\/3"}],"replies":[{"embeddable":true,"href":"https:\/\/aliso.fr\/reseau\/wp-json\/wp\/v2\/comments?post=2103"}],"version-history":[{"count":1,"href":"https:\/\/aliso.fr\/reseau\/wp-json\/wp\/v2\/posts\/2103\/revisions"}],"predecessor-version":[{"id":2106,"href":"https:\/\/aliso.fr\/reseau\/wp-json\/wp\/v2\/posts\/2103\/revisions\/2106"}],"wp:featuredmedia":[{"embeddable":true,"href":"https:\/\/aliso.fr\/reseau\/wp-json\/wp\/v2\/media\/117"}],"wp:attachment":[{"href":"https:\/\/aliso.fr\/reseau\/wp-json\/wp\/v2\/media?parent=2103"}],"wp:term":[{"taxonomy":"category","embeddable":true,"href":"https:\/\/aliso.fr\/reseau\/wp-json\/wp\/v2\/categories?post=2103"},{"taxonomy":"post_tag","embeddable":true,"href":"https:\/\/aliso.fr\/reseau\/wp-json\/wp\/v2\/tags?post=2103"}],"curies":[{"name":"wp","href":"https:\/\/api.w.org\/{rel}","templated":true}]}}