{"id":2124,"date":"2023-12-13T12:00:34","date_gmt":"2023-12-13T11:00:34","guid":{"rendered":"https:\/\/aliso.fr\/reseau\/?p=2124"},"modified":"2023-12-14T16:45:20","modified_gmt":"2023-12-14T15:45:20","slug":"groupe-pilotes-de-structures","status":"publish","type":"post","link":"https:\/\/aliso.fr\/reseau\/groupe-pilotes-de-structures\/","title":{"rendered":"GROUPE PILOTES DE STRUCTURES"},"content":{"rendered":"\n<p>Comme vous le savez peut-\u00eatre d\u00e9j\u00e0, un groupe s&rsquo;est r\u00e9uni le 9 novembre 2023, autour d&rsquo;un point commun : toutes les personnes participant \u00e0 ce temps \u00e9taient pilotes de structures, c&rsquo;est-\u00e0-dire coordinateur, coordinatrice, directeur, directrice, parfois avec une \u00e9quipe de salari\u00e9e \u00e0 g\u00e9rer, parfois quelques b\u00e9n\u00e9voles, ou m\u00eame pas. C&rsquo;est un espace d&rsquo;\u00e9change, de r\u00e9flexion, de pair \u00e0 pair et d&rsquo;inspiration pour construire la mise en place d&rsquo;une formation ou d&rsquo;une autre action de r\u00e9seau qui puisse rayonner sur le territoire.<\/p>\n\n\n\n<p>Ce moment a permis de mettre des visages sur des noms, de d\u00e9terminer une cadre et une m\u00e9thodologie de travail et des axes de travail sont ressortis en priorit\u00e9.<\/p>\n\n\n<div class=\"wp-block-image\">\n<figure class=\"aligncenter size-full\"><img decoding=\"async\" src=\"https:\/\/aliso.fr\/reseau\/wp-content\/uploads\/sites\/4\/\/2023\/10\/Capture-decran-2023-10-24-121159.png\" alt=\"\" class=\"wp-image-1990\" \/><\/figure>\n<\/div>\n\n\n<p><em>Les salari\u00e9s d\u2019ALISO porteront une attention particuli\u00e8re sur le point suivant&nbsp;pour \u00e9viter de multiplier les espaces :<\/em><\/p>\n\n\n\n<ul class=\"wp-block-list\">\n<li><em>Faire le lien entre ce qui existe d\u00e9j\u00e0 dans ALISO et le grou<\/em>pe pilotes.<\/li>\n\n\n\n<li><em>Travailler sur des choses qui ne sont pas ou ne peuvent pas \u00eatre abord\u00e9 par le biais du Programme de Formation, de DLA Collectif ou d\u2019autres groupes d\u00e9j\u00e0 existants.<\/em><\/li>\n<\/ul>\n\n\n\n<p><strong>REGLES DU GROUPE&nbsp;:<\/strong><br>A reprendre lors de la prochaine s\u00e9ance pour d\u00e9velopper.<br>&#8211; Confidentialit\u00e9 de cet espace interne au groupe<br>&#8211; Bienveillance<br>&#8211; Ne pas r\u00e9agir syst\u00e9matiquement aux mails collectifs n\u2019est pas gage d\u2019indiff\u00e9rence mais pr\u00e9serve de sur-communication<br>&#8211; Rappel&nbsp;: en tant qu\u2019adh\u00e9rent, chacun est aussi administrateur, et aussi responsable de la logistique (partage sur la prise de note, l\u2019animation, etc.)<br>&#8211; Cet espace n\u2019est pas fait pour reproduire des espaces d\u00e9j\u00e0 existants dans le r\u00e9seau.<br>Il peut \u00eatre un point de d\u00e9part pour une formation, pour la mise en place d\u2019un DLA collectif ou toute autre initiative.<br>&#8211; Il n\u2019y a pas de petit ou grand pilote. Toute personne qui se retrouve \u00e0 piloter une structure a sa place dans le groupe, quelque soit la taille de sa structure et le nombre de salari\u00e9s.<\/p>\n\n\n\n<p><strong>CADRE DES RDV DU GROUPE<\/strong>&nbsp;: <strong>Le jeudi<\/strong> est le jour \u00e0 privil\u00e9gier pour les rdv.<br>Une demi-journ\u00e9e de travail collectif semble suffisante par rencontre (3 heures).<br>Mise \u00e0 disposition d\u2019une salle l\u2019apr\u00e8s-midi pour ceux qui souhaitent poursuivre sur une d\u00e9marche de pair \u00e0 pair. Fr\u00e9quence&nbsp;: 4 fois dans l\u2019ann\u00e9e (1 fois par trimestre)<\/p>\n\n\n\n<p><strong>METHODOLOGIE DE TRAVAIL&nbsp;<\/strong>:<\/p>\n\n\n\n<ul class=\"wp-block-list\">\n<li>A aborder en groupe lors de cette premi\u00e8re rencontre.<\/li>\n\n\n\n<li>Tour de table pour conna\u00eetre les attentes et motivations \u00e0 participer \u00e0 ce groupe. Chacun exprime la m\u00e9thodologie et\/ou les th\u00e9matiques qu\u2019il souhaite traiter avec le groupe.<\/li>\n\n\n\n<li>Profiter de ce groupe pour mettre en commun&nbsp;: chacun am\u00e8ne ce qu\u2019il a quand il a quelque chose \u00e0 proposer. On se r\u00e9unit autour d\u2019une th\u00e9matique et chacun am\u00e8ne ce qu\u2019il a et on voit comment et quoi peut-on s\u2019approprier.<br>Importance du pair \u00e0 pair et du collectif.<\/li>\n\n\n\n<li>Volont\u00e9 de laisser une trace \u00e0 l\u2019issu des diff\u00e9rents travaux r\u00e9alis\u00e9s ensemble pour le groupe, pour le r\u00e9seau et pourquoi pas au-del\u00e0.<\/li>\n\n\n\n<li>Aborder un th\u00e8me apr\u00e8s l\u2019autre, au fil des rencontres, \u00e0 raison, \u00e0 priori de 3h\/th\u00e8me.<\/li>\n\n\n\n<li>Avoir 3h de travail\/apport le matin et favoriser le pair \u00e0 pair l\u2019apr\u00e8s-midi.<\/li>\n\n\n\n<li>Fonctionner en s\u2019appuyant sur un sch\u00e9ma triptyque&nbsp;:<br>&#8211; La mont\u00e9e en comp\u00e9tences (formation),<br>&#8211; Le partage des comp\u00e9tences d\u00e9j\u00e0 existantes (pair \u00e0 pair),<br>&#8211; L\u2019ouverture sur des th\u00e9matiques\/pr\u00e9occupations communes (travail collectif par demi-journ\u00e9es)<\/li>\n<\/ul>\n\n\n\n<p><strong>THEMATIQUES A PRIORISER :<\/strong> <\/p>\n\n\n\n<ul class=\"wp-block-list\">\n<li>Gestion financi\u00e8re<\/li>\n<\/ul>\n\n\n\n<ul class=\"wp-block-list\">\n<li>Gestion RH &#8211; M\u00e9thodologie RH \u2013 Partage d\u2019outils mais aussi de situation v\u00e9cue, de difficult\u00e9s\u2026<\/li>\n<\/ul>\n\n\n\n<ul class=\"wp-block-list\">\n<li>Posture et R\u00f4le du pilote de structure par rapport \u00e0 son CA, son \u00e9quipe, ses partenaires<\/li>\n<\/ul>\n\n\n\n<ul class=\"wp-block-list\">\n<li>R\u00e9seau, Relation avec les \u00e9lus du territoire, Environnement et dimension politique<br>&#8211; Faire reconna\u00eetre nos associations<br>&#8211; Valoriser nos actions et leur impact sur le territoire pour n\u00e9gocier aupr\u00e8s des partenaires et \u00e9lus (en tant que pilote de structure)<br>&#8211; S\u2019emparer de notre r\u00e9seau pour d\u00e9fendre un discours et un pouvoir d\u2019action<br>&#8211; Apprendre \u00e0 \u00eatre strat\u00e9gique<\/li>\n<\/ul>\n\n\n\n<p><strong>FORMATION&nbsp;<\/strong>: <br>3 jours de formation sont d\u00e9j\u00e0 pr\u00e9vus pour le groupe des pilotes sur le programme 2024-2025<\/p>\n\n\n\n<p>Douze pilotes \u00e9taient au rendez-vous et ont d\u00e9cid\u00e9 de se retrouver 3 \u00e0 4 fois par an pour aborder une th\u00e9matique apr\u00e8s l&rsquo;autre sur des matin\u00e9es de 3h cadr\u00e9es, avec la possibilit\u00e9 de poursuivre les \u00e9changes en apr\u00e8s-midi pour ceux qui le peuvent.<br><br><strong>Le prochain rendez-vous aura lieu le 11 janvier 2024 \u00e0 l&rsquo;UDAF, \u00e0 Gu\u00e9ret \u00e0 partir de 9h30.<\/strong><br>Si vous souhaitez participer, informez en Laure.<br><strong>La th\u00e9matique retenue est : le budget pr\u00e9visionnel.<\/strong><br>Les pilotes sont invit\u00e9s \u00e0 venir avec tous les documents ou supports qui pourront nourrir ce temps qui sera pr\u00e9par\u00e9 par Florent, Savinien et Laure le 19\/12\/2023.<br><\/p>\n","protected":false},"excerpt":{"rendered":"<p>Comme vous le savez peut-\u00eatre d\u00e9j\u00e0, un groupe s&rsquo;est r\u00e9uni le 9 novembre 2023, autour d&rsquo;un point commun : toutes les personnes participant \u00e0 ce temps \u00e9taient pilotes de structures, c&rsquo;est-\u00e0-dire coordinateur, coordinatrice, directeur, directrice, parfois avec une \u00e9quipe de salari\u00e9e \u00e0 g\u00e9rer, parfois quelques b\u00e9n\u00e9voles, ou m\u00eame pas. C&rsquo;est un espace d&rsquo;\u00e9change, de r\u00e9flexion,&#8230; <a class=\"excerpt-read-more button\" href=\"https:\/\/aliso.fr\/reseau\/groupe-pilotes-de-structures\/\" title=\"ReadGROUPE PILOTES DE STRUCTURES\">En savoir plus &raquo;<\/a><\/p>\n","protected":false},"author":3,"featured_media":1988,"comment_status":"closed","ping_status":"open","sticky":false,"template":"","format":"standard","meta":{"footnotes":""},"categories":[3,7],"tags":[],"class_list":["post-2124","post","type-post","status-publish","format-standard","has-post-thumbnail","hentry","category-actualite","category-nos-actions"],"yoast_head":"<!-- This site is optimized with the Yoast SEO plugin v27.5 - https:\/\/yoast.com\/product\/yoast-seo-wordpress\/ -->\n<title>GROUPE PILOTES DE STRUCTURES - Aliso R\u00e9seau<\/title>\n<meta name=\"robots\" content=\"index, follow, max-snippet:-1, max-image-preview:large, max-video-preview:-1\" \/>\n<link rel=\"canonical\" href=\"https:\/\/aliso.fr\/reseau\/groupe-pilotes-de-structures\/\" \/>\n<meta property=\"og:locale\" content=\"fr_FR\" \/>\n<meta property=\"og:type\" content=\"article\" \/>\n<meta property=\"og:title\" content=\"GROUPE PILOTES DE STRUCTURES - Aliso R\u00e9seau\" \/>\n<meta property=\"og:description\" content=\"Comme vous le savez peut-\u00eatre d\u00e9j\u00e0, un groupe s&rsquo;est r\u00e9uni le 9 novembre 2023, autour d&rsquo;un point commun : toutes les personnes participant \u00e0 ce temps \u00e9taient pilotes de structures, c&rsquo;est-\u00e0-dire coordinateur, coordinatrice, directeur, directrice, parfois avec une \u00e9quipe de salari\u00e9e \u00e0 g\u00e9rer, parfois quelques b\u00e9n\u00e9voles, ou m\u00eame pas. C&rsquo;est un espace d&rsquo;\u00e9change, de r\u00e9flexion,... En savoir plus &raquo;\" \/>\n<meta property=\"og:url\" content=\"https:\/\/aliso.fr\/reseau\/groupe-pilotes-de-structures\/\" \/>\n<meta property=\"og:site_name\" content=\"Aliso R\u00e9seau\" \/>\n<meta property=\"article:published_time\" content=\"2023-12-13T11:00:34+00:00\" \/>\n<meta property=\"article:modified_time\" content=\"2023-12-14T15:45:20+00:00\" \/>\n<meta property=\"og:image\" content=\"https:\/\/aliso.fr\/reseau\/wp-content\/uploads\/sites\/4\/\/2023\/10\/Capture-decran-2023-10-24-121159.png\" \/>\n\t<meta property=\"og:image:width\" content=\"1\" \/>\n\t<meta property=\"og:image:height\" content=\"1\" \/>\n\t<meta property=\"og:image:type\" content=\"image\/png\" \/>\n<meta name=\"author\" content=\"laure\" \/>\n<meta name=\"twitter:card\" content=\"summary_large_image\" \/>\n<script type=\"application\/ld+json\" class=\"yoast-schema-graph\">{\"@context\":\"https:\\\/\\\/schema.org\",\"@graph\":[{\"@type\":\"Article\",\"@id\":\"https:\\\/\\\/aliso.fr\\\/reseau\\\/groupe-pilotes-de-structures\\\/#article\",\"isPartOf\":{\"@id\":\"https:\\\/\\\/aliso.fr\\\/reseau\\\/groupe-pilotes-de-structures\\\/\"},\"author\":{\"name\":\"laure\",\"@id\":\"https:\\\/\\\/aliso.fr\\\/reseau\\\/#\\\/schema\\\/person\\\/056af145b9c52eee21a9f739489104a5\"},\"headline\":\"GROUPE PILOTES DE STRUCTURES\",\"datePublished\":\"2023-12-13T11:00:34+00:00\",\"dateModified\":\"2023-12-14T15:45:20+00:00\",\"mainEntityOfPage\":{\"@id\":\"https:\\\/\\\/aliso.fr\\\/reseau\\\/groupe-pilotes-de-structures\\\/\"},\"wordCount\":832,\"publisher\":{\"@id\":\"https:\\\/\\\/aliso.fr\\\/reseau\\\/#organization\"},\"image\":{\"@id\":\"https:\\\/\\\/aliso.fr\\\/reseau\\\/groupe-pilotes-de-structures\\\/#primaryimage\"},\"thumbnailUrl\":\"https:\\\/\\\/aliso.fr\\\/reseau\\\/wp-content\\\/uploads\\\/sites\\\/4\\\/\\\/2023\\\/10\\\/Capture-decran-2023-10-24-121159.png\",\"articleSection\":[\"Actualit\u00e9\",\"Nos actions\"],\"inLanguage\":\"fr-FR\"},{\"@type\":\"WebPage\",\"@id\":\"https:\\\/\\\/aliso.fr\\\/reseau\\\/groupe-pilotes-de-structures\\\/\",\"url\":\"https:\\\/\\\/aliso.fr\\\/reseau\\\/groupe-pilotes-de-structures\\\/\",\"name\":\"GROUPE PILOTES DE STRUCTURES - Aliso R\u00e9seau\",\"isPartOf\":{\"@id\":\"https:\\\/\\\/aliso.fr\\\/reseau\\\/#website\"},\"primaryImageOfPage\":{\"@id\":\"https:\\\/\\\/aliso.fr\\\/reseau\\\/groupe-pilotes-de-structures\\\/#primaryimage\"},\"image\":{\"@id\":\"https:\\\/\\\/aliso.fr\\\/reseau\\\/groupe-pilotes-de-structures\\\/#primaryimage\"},\"thumbnailUrl\":\"https:\\\/\\\/aliso.fr\\\/reseau\\\/wp-content\\\/uploads\\\/sites\\\/4\\\/\\\/2023\\\/10\\\/Capture-decran-2023-10-24-121159.png\",\"datePublished\":\"2023-12-13T11:00:34+00:00\",\"dateModified\":\"2023-12-14T15:45:20+00:00\",\"breadcrumb\":{\"@id\":\"https:\\\/\\\/aliso.fr\\\/reseau\\\/groupe-pilotes-de-structures\\\/#breadcrumb\"},\"inLanguage\":\"fr-FR\",\"potentialAction\":[{\"@type\":\"ReadAction\",\"target\":[\"https:\\\/\\\/aliso.fr\\\/reseau\\\/groupe-pilotes-de-structures\\\/\"]}]},{\"@type\":\"ImageObject\",\"inLanguage\":\"fr-FR\",\"@id\":\"https:\\\/\\\/aliso.fr\\\/reseau\\\/groupe-pilotes-de-structures\\\/#primaryimage\",\"url\":\"https:\\\/\\\/aliso.fr\\\/reseau\\\/wp-content\\\/uploads\\\/sites\\\/4\\\/\\\/2023\\\/10\\\/Capture-decran-2023-10-24-121159.png\",\"contentUrl\":\"https:\\\/\\\/aliso.fr\\\/reseau\\\/wp-content\\\/uploads\\\/sites\\\/4\\\/\\\/2023\\\/10\\\/Capture-decran-2023-10-24-121159.png\"},{\"@type\":\"BreadcrumbList\",\"@id\":\"https:\\\/\\\/aliso.fr\\\/reseau\\\/groupe-pilotes-de-structures\\\/#breadcrumb\",\"itemListElement\":[{\"@type\":\"ListItem\",\"position\":1,\"name\":\"Accueil\",\"item\":\"https:\\\/\\\/aliso.fr\\\/reseau\\\/\"},{\"@type\":\"ListItem\",\"position\":2,\"name\":\"Actualit\u00e9\",\"item\":\"https:\\\/\\\/aliso.fr\\\/reseau\\\/actualite\\\/\"},{\"@type\":\"ListItem\",\"position\":3,\"name\":\"GROUPE PILOTES DE STRUCTURES\"}]},{\"@type\":\"WebSite\",\"@id\":\"https:\\\/\\\/aliso.fr\\\/reseau\\\/#website\",\"url\":\"https:\\\/\\\/aliso.fr\\\/reseau\\\/\",\"name\":\"Aliso R\u00e9seau\",\"description\":\"R\u00e9seau Creusois des acteurs du lien social\",\"publisher\":{\"@id\":\"https:\\\/\\\/aliso.fr\\\/reseau\\\/#organization\"},\"potentialAction\":[{\"@type\":\"SearchAction\",\"target\":{\"@type\":\"EntryPoint\",\"urlTemplate\":\"https:\\\/\\\/aliso.fr\\\/reseau\\\/?s={search_term_string}\"},\"query-input\":{\"@type\":\"PropertyValueSpecification\",\"valueRequired\":true,\"valueName\":\"search_term_string\"}}],\"inLanguage\":\"fr-FR\"},{\"@type\":\"Organization\",\"@id\":\"https:\\\/\\\/aliso.fr\\\/reseau\\\/#organization\",\"name\":\"Aliso R\u00e9seau\",\"url\":\"https:\\\/\\\/aliso.fr\\\/reseau\\\/\",\"logo\":{\"@type\":\"ImageObject\",\"inLanguage\":\"fr-FR\",\"@id\":\"https:\\\/\\\/aliso.fr\\\/reseau\\\/#\\\/schema\\\/logo\\\/image\\\/\",\"url\":\"https:\\\/\\\/aliso.fr\\\/reseau\\\/wp-content\\\/uploads\\\/sites\\\/4\\\/2022\\\/01\\\/Logo-ALISO-Reseau-2.png\",\"contentUrl\":\"https:\\\/\\\/aliso.fr\\\/reseau\\\/wp-content\\\/uploads\\\/sites\\\/4\\\/2022\\\/01\\\/Logo-ALISO-Reseau-2.png\",\"width\":900,\"height\":970,\"caption\":\"Aliso R\u00e9seau\"},\"image\":{\"@id\":\"https:\\\/\\\/aliso.fr\\\/reseau\\\/#\\\/schema\\\/logo\\\/image\\\/\"}},{\"@type\":\"Person\",\"@id\":\"https:\\\/\\\/aliso.fr\\\/reseau\\\/#\\\/schema\\\/person\\\/056af145b9c52eee21a9f739489104a5\",\"name\":\"laure\"}]}<\/script>\n<!-- \/ Yoast SEO plugin. -->","yoast_head_json":{"title":"GROUPE PILOTES DE STRUCTURES - Aliso R\u00e9seau","robots":{"index":"index","follow":"follow","max-snippet":"max-snippet:-1","max-image-preview":"max-image-preview:large","max-video-preview":"max-video-preview:-1"},"canonical":"https:\/\/aliso.fr\/reseau\/groupe-pilotes-de-structures\/","og_locale":"fr_FR","og_type":"article","og_title":"GROUPE PILOTES DE STRUCTURES - Aliso R\u00e9seau","og_description":"Comme vous le savez peut-\u00eatre d\u00e9j\u00e0, un groupe s&rsquo;est r\u00e9uni le 9 novembre 2023, autour d&rsquo;un point commun : toutes les personnes participant \u00e0 ce temps \u00e9taient pilotes de structures, c&rsquo;est-\u00e0-dire coordinateur, coordinatrice, directeur, directrice, parfois avec une \u00e9quipe de salari\u00e9e \u00e0 g\u00e9rer, parfois quelques b\u00e9n\u00e9voles, ou m\u00eame pas. C&rsquo;est un espace d&rsquo;\u00e9change, de r\u00e9flexion,... En savoir plus &raquo;","og_url":"https:\/\/aliso.fr\/reseau\/groupe-pilotes-de-structures\/","og_site_name":"Aliso R\u00e9seau","article_published_time":"2023-12-13T11:00:34+00:00","article_modified_time":"2023-12-14T15:45:20+00:00","og_image":[{"url":"https:\/\/aliso.fr\/reseau\/wp-content\/uploads\/sites\/4\/\/2023\/10\/Capture-decran-2023-10-24-121159.png","width":1,"height":1,"type":"image\/png"}],"author":"laure","twitter_card":"summary_large_image","schema":{"@context":"https:\/\/schema.org","@graph":[{"@type":"Article","@id":"https:\/\/aliso.fr\/reseau\/groupe-pilotes-de-structures\/#article","isPartOf":{"@id":"https:\/\/aliso.fr\/reseau\/groupe-pilotes-de-structures\/"},"author":{"name":"laure","@id":"https:\/\/aliso.fr\/reseau\/#\/schema\/person\/056af145b9c52eee21a9f739489104a5"},"headline":"GROUPE PILOTES DE STRUCTURES","datePublished":"2023-12-13T11:00:34+00:00","dateModified":"2023-12-14T15:45:20+00:00","mainEntityOfPage":{"@id":"https:\/\/aliso.fr\/reseau\/groupe-pilotes-de-structures\/"},"wordCount":832,"publisher":{"@id":"https:\/\/aliso.fr\/reseau\/#organization"},"image":{"@id":"https:\/\/aliso.fr\/reseau\/groupe-pilotes-de-structures\/#primaryimage"},"thumbnailUrl":"https:\/\/aliso.fr\/reseau\/wp-content\/uploads\/sites\/4\/\/2023\/10\/Capture-decran-2023-10-24-121159.png","articleSection":["Actualit\u00e9","Nos actions"],"inLanguage":"fr-FR"},{"@type":"WebPage","@id":"https:\/\/aliso.fr\/reseau\/groupe-pilotes-de-structures\/","url":"https:\/\/aliso.fr\/reseau\/groupe-pilotes-de-structures\/","name":"GROUPE PILOTES DE STRUCTURES - Aliso R\u00e9seau","isPartOf":{"@id":"https:\/\/aliso.fr\/reseau\/#website"},"primaryImageOfPage":{"@id":"https:\/\/aliso.fr\/reseau\/groupe-pilotes-de-structures\/#primaryimage"},"image":{"@id":"https:\/\/aliso.fr\/reseau\/groupe-pilotes-de-structures\/#primaryimage"},"thumbnailUrl":"https:\/\/aliso.fr\/reseau\/wp-content\/uploads\/sites\/4\/\/2023\/10\/Capture-decran-2023-10-24-121159.png","datePublished":"2023-12-13T11:00:34+00:00","dateModified":"2023-12-14T15:45:20+00:00","breadcrumb":{"@id":"https:\/\/aliso.fr\/reseau\/groupe-pilotes-de-structures\/#breadcrumb"},"inLanguage":"fr-FR","potentialAction":[{"@type":"ReadAction","target":["https:\/\/aliso.fr\/reseau\/groupe-pilotes-de-structures\/"]}]},{"@type":"ImageObject","inLanguage":"fr-FR","@id":"https:\/\/aliso.fr\/reseau\/groupe-pilotes-de-structures\/#primaryimage","url":"https:\/\/aliso.fr\/reseau\/wp-content\/uploads\/sites\/4\/\/2023\/10\/Capture-decran-2023-10-24-121159.png","contentUrl":"https:\/\/aliso.fr\/reseau\/wp-content\/uploads\/sites\/4\/\/2023\/10\/Capture-decran-2023-10-24-121159.png"},{"@type":"BreadcrumbList","@id":"https:\/\/aliso.fr\/reseau\/groupe-pilotes-de-structures\/#breadcrumb","itemListElement":[{"@type":"ListItem","position":1,"name":"Accueil","item":"https:\/\/aliso.fr\/reseau\/"},{"@type":"ListItem","position":2,"name":"Actualit\u00e9","item":"https:\/\/aliso.fr\/reseau\/actualite\/"},{"@type":"ListItem","position":3,"name":"GROUPE PILOTES DE STRUCTURES"}]},{"@type":"WebSite","@id":"https:\/\/aliso.fr\/reseau\/#website","url":"https:\/\/aliso.fr\/reseau\/","name":"Aliso R\u00e9seau","description":"R\u00e9seau Creusois des acteurs du lien social","publisher":{"@id":"https:\/\/aliso.fr\/reseau\/#organization"},"potentialAction":[{"@type":"SearchAction","target":{"@type":"EntryPoint","urlTemplate":"https:\/\/aliso.fr\/reseau\/?s={search_term_string}"},"query-input":{"@type":"PropertyValueSpecification","valueRequired":true,"valueName":"search_term_string"}}],"inLanguage":"fr-FR"},{"@type":"Organization","@id":"https:\/\/aliso.fr\/reseau\/#organization","name":"Aliso R\u00e9seau","url":"https:\/\/aliso.fr\/reseau\/","logo":{"@type":"ImageObject","inLanguage":"fr-FR","@id":"https:\/\/aliso.fr\/reseau\/#\/schema\/logo\/image\/","url":"https:\/\/aliso.fr\/reseau\/wp-content\/uploads\/sites\/4\/2022\/01\/Logo-ALISO-Reseau-2.png","contentUrl":"https:\/\/aliso.fr\/reseau\/wp-content\/uploads\/sites\/4\/2022\/01\/Logo-ALISO-Reseau-2.png","width":900,"height":970,"caption":"Aliso R\u00e9seau"},"image":{"@id":"https:\/\/aliso.fr\/reseau\/#\/schema\/logo\/image\/"}},{"@type":"Person","@id":"https:\/\/aliso.fr\/reseau\/#\/schema\/person\/056af145b9c52eee21a9f739489104a5","name":"laure"}]}},"_links":{"self":[{"href":"https:\/\/aliso.fr\/reseau\/wp-json\/wp\/v2\/posts\/2124","targetHints":{"allow":["GET"]}}],"collection":[{"href":"https:\/\/aliso.fr\/reseau\/wp-json\/wp\/v2\/posts"}],"about":[{"href":"https:\/\/aliso.fr\/reseau\/wp-json\/wp\/v2\/types\/post"}],"author":[{"embeddable":true,"href":"https:\/\/aliso.fr\/reseau\/wp-json\/wp\/v2\/users\/3"}],"replies":[{"embeddable":true,"href":"https:\/\/aliso.fr\/reseau\/wp-json\/wp\/v2\/comments?post=2124"}],"version-history":[{"count":2,"href":"https:\/\/aliso.fr\/reseau\/wp-json\/wp\/v2\/posts\/2124\/revisions"}],"predecessor-version":[{"id":2149,"href":"https:\/\/aliso.fr\/reseau\/wp-json\/wp\/v2\/posts\/2124\/revisions\/2149"}],"wp:featuredmedia":[{"embeddable":true,"href":"https:\/\/aliso.fr\/reseau\/wp-json\/wp\/v2\/media\/1988"}],"wp:attachment":[{"href":"https:\/\/aliso.fr\/reseau\/wp-json\/wp\/v2\/media?parent=2124"}],"wp:term":[{"taxonomy":"category","embeddable":true,"href":"https:\/\/aliso.fr\/reseau\/wp-json\/wp\/v2\/categories?post=2124"},{"taxonomy":"post_tag","embeddable":true,"href":"https:\/\/aliso.fr\/reseau\/wp-json\/wp\/v2\/tags?post=2124"}],"curies":[{"name":"wp","href":"https:\/\/api.w.org\/{rel}","templated":true}]}}