{"id":2183,"date":"2024-01-16T10:04:51","date_gmt":"2024-01-16T09:04:51","guid":{"rendered":"https:\/\/aliso.fr\/reseau\/?p=2183"},"modified":"2024-01-17T18:00:08","modified_gmt":"2024-01-17T17:00:08","slug":"laccueil-une-situation-des-locaux-des-dispositifs-aller-vers-et-le-fruit-dune-histoire","status":"publish","type":"post","link":"https:\/\/aliso.fr\/reseau\/laccueil-une-situation-des-locaux-des-dispositifs-aller-vers-et-le-fruit-dune-histoire\/","title":{"rendered":"L&rsquo;ACCUEIL : UNE SITUATION, DES LOCAUX, DES DISPOSITIFS, \u00ab\u00a0ALLER VERS\u00a0\u00bb ET LE FRUIT D&rsquo;UNE HISTOIRE."},"content":{"rendered":"\n<p>Suite \u00e0 la journ\u00e9e d\u00e9partementale de l\u2019animation de la vie sociale, co-organis\u00e9e par Aliso et la CAF le 7 d\u00e9cembre 2023, on a voulu laisser une trace pour valoriser vos t\u00e9moignages. Voici celui de Delphine, directrice du CAVL AGIR au moment du t\u00e9moignage.<\/p>\n\n\n\n<figure class=\"wp-block-image size-large is-resized\"><img loading=\"lazy\" decoding=\"async\" width=\"494\" height=\"330\" src=\"https:\/\/aliso.fr\/reseau\/wp-content\/uploads\/sites\/4\/2024\/01\/agir-494x330.jpg\" alt=\"\" class=\"wp-image-2184\" style=\"width:558px;height:auto\" srcset=\"https:\/\/aliso.fr\/reseau\/wp-content\/uploads\/sites\/4\/2024\/01\/agir-494x330.jpg 494w, https:\/\/aliso.fr\/reseau\/wp-content\/uploads\/sites\/4\/2024\/01\/agir-285x190.jpg 285w, https:\/\/aliso.fr\/reseau\/wp-content\/uploads\/sites\/4\/2024\/01\/agir-391x260.jpg 391w, https:\/\/aliso.fr\/reseau\/wp-content\/uploads\/sites\/4\/2024\/01\/agir.jpg 575w\" sizes=\"auto, (max-width: 494px) 100vw, 494px\" \/><\/figure>\n\n\n\n<figure class=\"wp-block-embed is-type-wp-embed is-provider-peertube wp-block-embed-peertube\"><div class=\"wp-block-embed__wrapper\">\n<iframe loading=\"lazy\" class=\"wp-embedded-content\" sandbox=\"allow-scripts\" security=\"restricted\" title=\"agir sans son\" width=\"560\" height=\"315\" src=\"https:\/\/peertube.iriseden.eu\/videos\/embed\/1edd8b73-26d7-42b5-909e-3fc4b068fb13#?secret=gdOTA0GQyk\" data-secret=\"gdOTA0GQyk\" frameborder=\"0\"><\/iframe>\n<\/div><\/figure>\n\n\n\n<p>Association agr\u00e9\u00e9e centre social depuis le 1<sup>er<\/sup> janvier 1996.<\/p>\n\n\n\n<p>Si\u00e8ge social \u00e0 Auzances depuis 2018, formule itin\u00e9rante sur le p\u00e9rim\u00e8tre de l\u2019interco Marche et Combraille en Aquitaine depuis 2022 avec le Bus des Services.<\/p>\n\n\n\n<p>Plusieurs labels&nbsp;: IJ, Guid\u2019asso, FS \u2013 Agr\u00e9ment JEP et agr\u00e9ment acad\u00e9mique du Rectorat.<\/p>\n\n\n\n<p>Le centre social AGIR n\u2019a jamais r\u00e9ellement \u00ab&nbsp;jouer&nbsp;\u00bb sa fonction d\u2019accueil telle qu\u2019elle est d\u00e9crite, attendue dans le r\u00e9f\u00e9rentiel CAF des centres sociaux, \u00e0 savoir consid\u00e9rer l\u2019accueil comme une \u00ab&nbsp;action \u00e0 part enti\u00e8re&nbsp;\u00bb. L\u2019association ayant toujours eu des locaux qui ne se pr\u00eataient pas \u00e0 l\u2019accueil de public tant sur le plan de l\u2019accueil individuel que collectif.<\/p>\n\n\n\n<p>A sa cr\u00e9ation, l\u2019association avait d\u2019ailleurs cet objet singulier \u00ab&nbsp;d\u2019aller vers&nbsp;\u00bb, elle s\u2019appelait alors \u00ab&nbsp;groupe itin\u00e9rant d\u2019action sociale et culturelle&nbsp;\u00bb consciente de probl\u00e9matiques majeures&nbsp;: la faible densit\u00e9 de population&nbsp;: grand territoire, habitat dispers\u00e9 et les difficult\u00e9s de mobilit\u00e9 des habitants.<\/p>\n\n\n\n<p>Ce n\u2019est pas la fonction \u00ab&nbsp;accueil&nbsp;\u00bb stricto sensu qui s\u2019est d\u00e9plac\u00e9e mais plut\u00f4t la fonction \u00ab&nbsp;animation&nbsp;\u00bb. L\u2019association a propos\u00e9 des actions diverses et vari\u00e9es selon les manques rep\u00e9r\u00e9s&nbsp;: la malle ludique, les rencontres interg\u00e9n\u00e9rationnelles, avec un public pr\u00e9alablement rep\u00e9r\u00e9 et des besoins identifi\u00e9s. Les permanences d\u2019accueil PIJ \u00e0 l\u2019\u00e9poque propos\u00e9 dans 3 communes avaient peu de succ\u00e8s.<\/p>\n\n\n\n<p>Au fil des ans, l\u2019association a vu son p\u00e9rim\u00e8tre d\u2019intervention g\u00e9ographique changer au rythme du d\u00e9sengagement financier de certaines communaut\u00e9s de communes ou autre collectivit\u00e9, et du red\u00e9coupage administratif impos\u00e9 par la loi Notr\u00e9. L\u2019association a d\u00fb d\u00e9m\u00e9nager 3 fois avant d\u2019\u00e9tablir son si\u00e8ge social en plein c\u0153ur du bourg d\u2019Auzances \u00e0 l\u2019\u00e9t\u00e9 2022. A chaque fois, les locaux mis \u00e0 disposition ne se pr\u00eataient pas \u00e0 cette fonction accueil (excentr\u00e9s et peu visibles, trop petits, peu attractifs\u2026), et \u00e9taient des locaux davantage administratifs.<\/p>\n\n\n\n<p>C\u2019est ainsi que l\u2019id\u00e9e de l\u2019itin\u00e9rance a germ\u00e9. Nous \u00e9tions \u00e0 peu pr\u00e8s persuad\u00e9s que nous n\u2019aurions probablement jamais de locaux adapt\u00e9s, les diff\u00e9rents dispositifs d\u2019accompagnement des publics que nous portions \u00e9taient trop peu sollicit\u00e9s pour les financeurs et donc en danger, tout comme notre fonction m\u00eame d\u2019animation de la vie sociale n\u2019avait pas de sens, sans le public en face&#8230;<\/p>\n\n\n\n<p>L\u2019id\u00e9e de l\u2019achat d\u2019un bus, floqu\u00e9 d\u2019une belle identit\u00e9 visuelle, avec un circuit d\u00e9fini, \u00e9tait de pouvoir \u00eatre visible et de mani\u00e8re r\u00e9guli\u00e8re pour les habitants, avec l\u2019ensemble de nos services et pouvoir ainsi cr\u00e9er du lien et de d\u00e9velopper des actions collectives, faire b\u00e9n\u00e9ficier au plus grand nombre de nos diff\u00e9rents services en allant de nouveau vers, comme aux origines, mais de mani\u00e8re plus soutenue et avec une r\u00e9gularit\u00e9.<\/p>\n\n\n\n<p>La mise en circulation du BDS s\u2019est faite le 12 octobre 2021. Alors qu\u2019habituellement nous accueillions \u00e0 l\u2019ann\u00e9e une centaine de personnes dans nos locaux, en 39 journ\u00e9es de circulation, l\u2019itin\u00e9rance a permis d\u2019accompagner 173 demandes d\u2019habitants.<\/p>\n\n\n\n<p>Contre toute attente, en toute fin d\u2019ann\u00e9e 2022, la commune d\u2019Auzances a \u00e9mis la possibilit\u00e9 de mettre \u00e0 disposition les locaux de la tr\u00e9sorerie, dont la fermeture \u00e9tait pr\u00e9vue pour le premier trimestre 2022, et de lui confier la gestion et l\u2019animation de sa future France Services qui serait accueillie dans ces m\u00eames locaux.<\/p>\n\n\n\n<p>Ce local poss\u00e8de une place strat\u00e9gique&nbsp;: en plein c\u0153ur du bourg il b\u00e9n\u00e9ficie d\u2019une excellente visibilit\u00e9, poss\u00e8de un grand parking et se situe \u00e0 proximit\u00e9 de nombreux commerces.<\/p>\n\n\n\n<p>Nous avons pu nous y installer au cours de l\u2019\u00e9t\u00e9 2022 et accept\u00e9 la mission de gestion et d\u2019animation de la FS d\u2019Auzances.<\/p>\n\n\n\n<p>Nous avons pu rapidement observer un impact tr\u00e8s important sur le nombre de personnes accueillies, une fr\u00e9quentation accrue qui objectivement ne s\u2019explique pas par le seul d\u00e9m\u00e9nagement au centre du bourg mais par le portage d\u2019un nouveau service&nbsp;: France Services, largement relay\u00e9 par la mairie aupr\u00e8s de ses administr\u00e9s.<\/p>\n\n\n\n<p>Clairement, nous avons pens\u00e9 que France Services \u00e9tait une opportunit\u00e9 de faire venir les habitants vers le centre social et pouvoir ainsi leur proposer un accompagnement global, en leur proposant de d\u00e9couvrir d\u2019autres services et de b\u00e2tir avec eux de nouveaux projets.<\/p>\n\n\n\n<p>Les habitants franchissent la plupart du temps la porte avec un besoin clairement identifi\u00e9&nbsp;: une inscription \u00e0 un ALSH, la participation \u00e0 une activit\u00e9 ados, un accompagnement IJ ou guid\u2019asso, une aide dans une d\u00e9marche administrative qui ne rel\u00e8ve pas n\u00e9cessairement de France Services, m\u00eame s\u2019ils ont, \u00e0 dire vrai, le sentiment de venir en FS et non la conscience de pousser la porte d\u2019un centre social\u2026 Et d\u2019ailleurs, si leur demande est en dehors du champ de FS, on ne leur explique pas que c\u2019est sur notre mission d\u2019accueil centre social que nous les accompagnons. L\u2019usager n\u2019a que faire de savoir via quel dispositif, mission est accompagn\u00e9e sa demande.<\/p>\n\n\n\n<p>L\u00e0 o\u00f9 le fait de porter diff\u00e9rents labels, dispositifs\u2026 devient int\u00e9ressant, et pour le coup satisfaisant, c\u2019est quand par la porte d\u2019entr\u00e9e FS ou par une autre porte, nous parvenons \u00e0 identifier un ou d\u2019autres besoins et \u00e0 les orienter en interne vers d\u2019autres services.<\/p>\n\n\n\n<p>Exemples&nbsp;:<\/p>\n\n\n\n<p>Comme expliqu\u00e9, les habitants franchissent la porte de l\u2019association avec une demande, un besoin pr\u00e9cis, on est dans une d\u00e9marche en g\u00e9n\u00e9ral plut\u00f4t individuelle, voire individualiste. Nous avons davantage \u00e0 faire \u00e0 un public en qu\u00eate de r\u00e9ponse \u00e0 un besoin individuel plut\u00f4t qu\u2019\u00e0 un public d\u00e9sireux de cr\u00e9er, de r\u00e9fl\u00e9chir, de penser des solutions pour le mieux vivre, voire le mieux vivre ensemble sur le territoire en collectif.<\/p>\n\n\n\n<p>Les locaux ne se pr\u00eatent pas \u00e0 cet accueil du collectif. Et sa mise en mouvement et difficile de notre c\u00f4t\u00e9 car il nous manque la RH pour impulser et animer le collectif, pour mettre sur la table les sujets, les manques, tous ces besoins individuels dont le rep\u00e9rage est rendu possible par cette fonction accueil\u2026et qui pourraient voir na\u00eetre des solutions par ces m\u00eames individus regroup\u00e9s, qui r\u00e9fl\u00e9chiraient collectivement.<\/p>\n","protected":false},"excerpt":{"rendered":"<p>Suite \u00e0 la journ\u00e9e d\u00e9partementale de l\u2019animation de la vie sociale, co-organis\u00e9e par Aliso et la CAF le 7 d\u00e9cembre 2023, on a voulu laisser une trace pour valoriser vos t\u00e9moignages. Voici celui de Delphine, directrice du CAVL AGIR au moment du t\u00e9moignage. Association agr\u00e9\u00e9e centre social depuis le 1er janvier 1996. Si\u00e8ge social \u00e0&#8230; <a class=\"excerpt-read-more button\" href=\"https:\/\/aliso.fr\/reseau\/laccueil-une-situation-des-locaux-des-dispositifs-aller-vers-et-le-fruit-dune-histoire\/\" title=\"ReadL&rsquo;ACCUEIL : UNE SITUATION, DES LOCAUX, DES DISPOSITIFS, \u00ab\u00a0ALLER VERS\u00a0\u00bb ET LE FRUIT D&rsquo;UNE HISTOIRE.\">En savoir plus &raquo;<\/a><\/p>\n","protected":false},"author":3,"featured_media":2185,"comment_status":"closed","ping_status":"open","sticky":false,"template":"","format":"standard","meta":{"footnotes":""},"categories":[3],"tags":[],"class_list":["post-2183","post","type-post","status-publish","format-standard","has-post-thumbnail","hentry","category-actualite"],"yoast_head":"<!-- This site is optimized with the Yoast SEO plugin v27.4 - https:\/\/yoast.com\/product\/yoast-seo-wordpress\/ -->\n<title>L&#039;ACCUEIL : UNE SITUATION, DES LOCAUX, DES DISPOSITIFS, &quot;ALLER VERS&quot; ET LE FRUIT D&#039;UNE HISTOIRE. - Aliso R\u00e9seau<\/title>\n<meta name=\"robots\" content=\"index, follow, max-snippet:-1, max-image-preview:large, max-video-preview:-1\" \/>\n<link rel=\"canonical\" href=\"https:\/\/aliso.fr\/reseau\/laccueil-une-situation-des-locaux-des-dispositifs-aller-vers-et-le-fruit-dune-histoire\/\" \/>\n<meta property=\"og:locale\" content=\"fr_FR\" \/>\n<meta property=\"og:type\" content=\"article\" \/>\n<meta property=\"og:title\" content=\"L&#039;ACCUEIL : UNE SITUATION, DES LOCAUX, DES DISPOSITIFS, &quot;ALLER VERS&quot; ET LE FRUIT D&#039;UNE HISTOIRE. - Aliso R\u00e9seau\" \/>\n<meta property=\"og:description\" content=\"Suite \u00e0 la journ\u00e9e d\u00e9partementale de l\u2019animation de la vie sociale, co-organis\u00e9e par Aliso et la CAF le 7 d\u00e9cembre 2023, on a voulu laisser une trace pour valoriser vos t\u00e9moignages. Voici celui de Delphine, directrice du CAVL AGIR au moment du t\u00e9moignage. Association agr\u00e9\u00e9e centre social depuis le 1er janvier 1996. Si\u00e8ge social \u00e0... En savoir plus &raquo;\" \/>\n<meta property=\"og:url\" content=\"https:\/\/aliso.fr\/reseau\/laccueil-une-situation-des-locaux-des-dispositifs-aller-vers-et-le-fruit-dune-histoire\/\" \/>\n<meta property=\"og:site_name\" content=\"Aliso R\u00e9seau\" \/>\n<meta property=\"article:published_time\" content=\"2024-01-16T09:04:51+00:00\" \/>\n<meta property=\"article:modified_time\" content=\"2024-01-17T17:00:08+00:00\" \/>\n<meta property=\"og:image\" content=\"https:\/\/aliso.fr\/reseau\/wp-content\/uploads\/sites\/4\/2024\/01\/agir-1.jpg\" \/>\n\t<meta property=\"og:image:width\" content=\"575\" \/>\n\t<meta property=\"og:image:height\" content=\"384\" \/>\n\t<meta property=\"og:image:type\" content=\"image\/jpeg\" \/>\n<meta name=\"author\" content=\"laure\" \/>\n<meta name=\"twitter:card\" content=\"summary_large_image\" \/>\n<script type=\"application\/ld+json\" class=\"yoast-schema-graph\">{\"@context\":\"https:\\\/\\\/schema.org\",\"@graph\":[{\"@type\":\"Article\",\"@id\":\"https:\\\/\\\/aliso.fr\\\/reseau\\\/laccueil-une-situation-des-locaux-des-dispositifs-aller-vers-et-le-fruit-dune-histoire\\\/#article\",\"isPartOf\":{\"@id\":\"https:\\\/\\\/aliso.fr\\\/reseau\\\/laccueil-une-situation-des-locaux-des-dispositifs-aller-vers-et-le-fruit-dune-histoire\\\/\"},\"author\":{\"name\":\"laure\",\"@id\":\"https:\\\/\\\/aliso.fr\\\/reseau\\\/#\\\/schema\\\/person\\\/056af145b9c52eee21a9f739489104a5\"},\"headline\":\"L&rsquo;ACCUEIL : UNE SITUATION, DES LOCAUX, DES DISPOSITIFS, \u00ab\u00a0ALLER VERS\u00a0\u00bb ET LE FRUIT D&rsquo;UNE HISTOIRE.\",\"datePublished\":\"2024-01-16T09:04:51+00:00\",\"dateModified\":\"2024-01-17T17:00:08+00:00\",\"mainEntityOfPage\":{\"@id\":\"https:\\\/\\\/aliso.fr\\\/reseau\\\/laccueil-une-situation-des-locaux-des-dispositifs-aller-vers-et-le-fruit-dune-histoire\\\/\"},\"wordCount\":1179,\"publisher\":{\"@id\":\"https:\\\/\\\/aliso.fr\\\/reseau\\\/#organization\"},\"image\":{\"@id\":\"https:\\\/\\\/aliso.fr\\\/reseau\\\/laccueil-une-situation-des-locaux-des-dispositifs-aller-vers-et-le-fruit-dune-histoire\\\/#primaryimage\"},\"thumbnailUrl\":\"https:\\\/\\\/aliso.fr\\\/reseau\\\/wp-content\\\/uploads\\\/sites\\\/4\\\/2024\\\/01\\\/agir-1.jpg\",\"articleSection\":[\"Actualit\u00e9\"],\"inLanguage\":\"fr-FR\"},{\"@type\":\"WebPage\",\"@id\":\"https:\\\/\\\/aliso.fr\\\/reseau\\\/laccueil-une-situation-des-locaux-des-dispositifs-aller-vers-et-le-fruit-dune-histoire\\\/\",\"url\":\"https:\\\/\\\/aliso.fr\\\/reseau\\\/laccueil-une-situation-des-locaux-des-dispositifs-aller-vers-et-le-fruit-dune-histoire\\\/\",\"name\":\"L'ACCUEIL : UNE SITUATION, DES LOCAUX, DES DISPOSITIFS, \\\"ALLER VERS\\\" ET LE FRUIT D'UNE HISTOIRE. - Aliso R\u00e9seau\",\"isPartOf\":{\"@id\":\"https:\\\/\\\/aliso.fr\\\/reseau\\\/#website\"},\"primaryImageOfPage\":{\"@id\":\"https:\\\/\\\/aliso.fr\\\/reseau\\\/laccueil-une-situation-des-locaux-des-dispositifs-aller-vers-et-le-fruit-dune-histoire\\\/#primaryimage\"},\"image\":{\"@id\":\"https:\\\/\\\/aliso.fr\\\/reseau\\\/laccueil-une-situation-des-locaux-des-dispositifs-aller-vers-et-le-fruit-dune-histoire\\\/#primaryimage\"},\"thumbnailUrl\":\"https:\\\/\\\/aliso.fr\\\/reseau\\\/wp-content\\\/uploads\\\/sites\\\/4\\\/2024\\\/01\\\/agir-1.jpg\",\"datePublished\":\"2024-01-16T09:04:51+00:00\",\"dateModified\":\"2024-01-17T17:00:08+00:00\",\"breadcrumb\":{\"@id\":\"https:\\\/\\\/aliso.fr\\\/reseau\\\/laccueil-une-situation-des-locaux-des-dispositifs-aller-vers-et-le-fruit-dune-histoire\\\/#breadcrumb\"},\"inLanguage\":\"fr-FR\",\"potentialAction\":[{\"@type\":\"ReadAction\",\"target\":[\"https:\\\/\\\/aliso.fr\\\/reseau\\\/laccueil-une-situation-des-locaux-des-dispositifs-aller-vers-et-le-fruit-dune-histoire\\\/\"]}]},{\"@type\":\"ImageObject\",\"inLanguage\":\"fr-FR\",\"@id\":\"https:\\\/\\\/aliso.fr\\\/reseau\\\/laccueil-une-situation-des-locaux-des-dispositifs-aller-vers-et-le-fruit-dune-histoire\\\/#primaryimage\",\"url\":\"https:\\\/\\\/aliso.fr\\\/reseau\\\/wp-content\\\/uploads\\\/sites\\\/4\\\/2024\\\/01\\\/agir-1.jpg\",\"contentUrl\":\"https:\\\/\\\/aliso.fr\\\/reseau\\\/wp-content\\\/uploads\\\/sites\\\/4\\\/2024\\\/01\\\/agir-1.jpg\",\"width\":575,\"height\":384},{\"@type\":\"BreadcrumbList\",\"@id\":\"https:\\\/\\\/aliso.fr\\\/reseau\\\/laccueil-une-situation-des-locaux-des-dispositifs-aller-vers-et-le-fruit-dune-histoire\\\/#breadcrumb\",\"itemListElement\":[{\"@type\":\"ListItem\",\"position\":1,\"name\":\"Accueil\",\"item\":\"https:\\\/\\\/aliso.fr\\\/reseau\\\/\"},{\"@type\":\"ListItem\",\"position\":2,\"name\":\"Actualit\u00e9\",\"item\":\"https:\\\/\\\/aliso.fr\\\/reseau\\\/actualite\\\/\"},{\"@type\":\"ListItem\",\"position\":3,\"name\":\"L&#8217;ACCUEIL : UNE SITUATION, DES LOCAUX, DES DISPOSITIFS, &#8220;ALLER VERS&#8221; ET LE FRUIT D&#8217;UNE HISTOIRE.\"}]},{\"@type\":\"WebSite\",\"@id\":\"https:\\\/\\\/aliso.fr\\\/reseau\\\/#website\",\"url\":\"https:\\\/\\\/aliso.fr\\\/reseau\\\/\",\"name\":\"Aliso R\u00e9seau\",\"description\":\"R\u00e9seau Creusois des acteurs du lien social\",\"publisher\":{\"@id\":\"https:\\\/\\\/aliso.fr\\\/reseau\\\/#organization\"},\"potentialAction\":[{\"@type\":\"SearchAction\",\"target\":{\"@type\":\"EntryPoint\",\"urlTemplate\":\"https:\\\/\\\/aliso.fr\\\/reseau\\\/?s={search_term_string}\"},\"query-input\":{\"@type\":\"PropertyValueSpecification\",\"valueRequired\":true,\"valueName\":\"search_term_string\"}}],\"inLanguage\":\"fr-FR\"},{\"@type\":\"Organization\",\"@id\":\"https:\\\/\\\/aliso.fr\\\/reseau\\\/#organization\",\"name\":\"Aliso R\u00e9seau\",\"url\":\"https:\\\/\\\/aliso.fr\\\/reseau\\\/\",\"logo\":{\"@type\":\"ImageObject\",\"inLanguage\":\"fr-FR\",\"@id\":\"https:\\\/\\\/aliso.fr\\\/reseau\\\/#\\\/schema\\\/logo\\\/image\\\/\",\"url\":\"https:\\\/\\\/aliso.fr\\\/reseau\\\/wp-content\\\/uploads\\\/sites\\\/4\\\/2022\\\/01\\\/Logo-ALISO-Reseau-2.png\",\"contentUrl\":\"https:\\\/\\\/aliso.fr\\\/reseau\\\/wp-content\\\/uploads\\\/sites\\\/4\\\/2022\\\/01\\\/Logo-ALISO-Reseau-2.png\",\"width\":900,\"height\":970,\"caption\":\"Aliso R\u00e9seau\"},\"image\":{\"@id\":\"https:\\\/\\\/aliso.fr\\\/reseau\\\/#\\\/schema\\\/logo\\\/image\\\/\"}},{\"@type\":\"Person\",\"@id\":\"https:\\\/\\\/aliso.fr\\\/reseau\\\/#\\\/schema\\\/person\\\/056af145b9c52eee21a9f739489104a5\",\"name\":\"laure\"}]}<\/script>\n<!-- \/ Yoast SEO plugin. -->","yoast_head_json":{"title":"L'ACCUEIL : UNE SITUATION, DES LOCAUX, DES DISPOSITIFS, \"ALLER VERS\" ET LE FRUIT D'UNE HISTOIRE. - Aliso R\u00e9seau","robots":{"index":"index","follow":"follow","max-snippet":"max-snippet:-1","max-image-preview":"max-image-preview:large","max-video-preview":"max-video-preview:-1"},"canonical":"https:\/\/aliso.fr\/reseau\/laccueil-une-situation-des-locaux-des-dispositifs-aller-vers-et-le-fruit-dune-histoire\/","og_locale":"fr_FR","og_type":"article","og_title":"L'ACCUEIL : UNE SITUATION, DES LOCAUX, DES DISPOSITIFS, \"ALLER VERS\" ET LE FRUIT D'UNE HISTOIRE. - Aliso R\u00e9seau","og_description":"Suite \u00e0 la journ\u00e9e d\u00e9partementale de l\u2019animation de la vie sociale, co-organis\u00e9e par Aliso et la CAF le 7 d\u00e9cembre 2023, on a voulu laisser une trace pour valoriser vos t\u00e9moignages. Voici celui de Delphine, directrice du CAVL AGIR au moment du t\u00e9moignage. Association agr\u00e9\u00e9e centre social depuis le 1er janvier 1996. Si\u00e8ge social \u00e0... En savoir plus &raquo;","og_url":"https:\/\/aliso.fr\/reseau\/laccueil-une-situation-des-locaux-des-dispositifs-aller-vers-et-le-fruit-dune-histoire\/","og_site_name":"Aliso R\u00e9seau","article_published_time":"2024-01-16T09:04:51+00:00","article_modified_time":"2024-01-17T17:00:08+00:00","og_image":[{"width":575,"height":384,"url":"https:\/\/aliso.fr\/reseau\/wp-content\/uploads\/sites\/4\/2024\/01\/agir-1.jpg","type":"image\/jpeg"}],"author":"laure","twitter_card":"summary_large_image","schema":{"@context":"https:\/\/schema.org","@graph":[{"@type":"Article","@id":"https:\/\/aliso.fr\/reseau\/laccueil-une-situation-des-locaux-des-dispositifs-aller-vers-et-le-fruit-dune-histoire\/#article","isPartOf":{"@id":"https:\/\/aliso.fr\/reseau\/laccueil-une-situation-des-locaux-des-dispositifs-aller-vers-et-le-fruit-dune-histoire\/"},"author":{"name":"laure","@id":"https:\/\/aliso.fr\/reseau\/#\/schema\/person\/056af145b9c52eee21a9f739489104a5"},"headline":"L&rsquo;ACCUEIL : UNE SITUATION, DES LOCAUX, DES DISPOSITIFS, \u00ab\u00a0ALLER VERS\u00a0\u00bb ET LE FRUIT D&rsquo;UNE HISTOIRE.","datePublished":"2024-01-16T09:04:51+00:00","dateModified":"2024-01-17T17:00:08+00:00","mainEntityOfPage":{"@id":"https:\/\/aliso.fr\/reseau\/laccueil-une-situation-des-locaux-des-dispositifs-aller-vers-et-le-fruit-dune-histoire\/"},"wordCount":1179,"publisher":{"@id":"https:\/\/aliso.fr\/reseau\/#organization"},"image":{"@id":"https:\/\/aliso.fr\/reseau\/laccueil-une-situation-des-locaux-des-dispositifs-aller-vers-et-le-fruit-dune-histoire\/#primaryimage"},"thumbnailUrl":"https:\/\/aliso.fr\/reseau\/wp-content\/uploads\/sites\/4\/2024\/01\/agir-1.jpg","articleSection":["Actualit\u00e9"],"inLanguage":"fr-FR"},{"@type":"WebPage","@id":"https:\/\/aliso.fr\/reseau\/laccueil-une-situation-des-locaux-des-dispositifs-aller-vers-et-le-fruit-dune-histoire\/","url":"https:\/\/aliso.fr\/reseau\/laccueil-une-situation-des-locaux-des-dispositifs-aller-vers-et-le-fruit-dune-histoire\/","name":"L'ACCUEIL : UNE SITUATION, DES LOCAUX, DES DISPOSITIFS, \"ALLER VERS\" ET LE FRUIT D'UNE HISTOIRE. - Aliso R\u00e9seau","isPartOf":{"@id":"https:\/\/aliso.fr\/reseau\/#website"},"primaryImageOfPage":{"@id":"https:\/\/aliso.fr\/reseau\/laccueil-une-situation-des-locaux-des-dispositifs-aller-vers-et-le-fruit-dune-histoire\/#primaryimage"},"image":{"@id":"https:\/\/aliso.fr\/reseau\/laccueil-une-situation-des-locaux-des-dispositifs-aller-vers-et-le-fruit-dune-histoire\/#primaryimage"},"thumbnailUrl":"https:\/\/aliso.fr\/reseau\/wp-content\/uploads\/sites\/4\/2024\/01\/agir-1.jpg","datePublished":"2024-01-16T09:04:51+00:00","dateModified":"2024-01-17T17:00:08+00:00","breadcrumb":{"@id":"https:\/\/aliso.fr\/reseau\/laccueil-une-situation-des-locaux-des-dispositifs-aller-vers-et-le-fruit-dune-histoire\/#breadcrumb"},"inLanguage":"fr-FR","potentialAction":[{"@type":"ReadAction","target":["https:\/\/aliso.fr\/reseau\/laccueil-une-situation-des-locaux-des-dispositifs-aller-vers-et-le-fruit-dune-histoire\/"]}]},{"@type":"ImageObject","inLanguage":"fr-FR","@id":"https:\/\/aliso.fr\/reseau\/laccueil-une-situation-des-locaux-des-dispositifs-aller-vers-et-le-fruit-dune-histoire\/#primaryimage","url":"https:\/\/aliso.fr\/reseau\/wp-content\/uploads\/sites\/4\/2024\/01\/agir-1.jpg","contentUrl":"https:\/\/aliso.fr\/reseau\/wp-content\/uploads\/sites\/4\/2024\/01\/agir-1.jpg","width":575,"height":384},{"@type":"BreadcrumbList","@id":"https:\/\/aliso.fr\/reseau\/laccueil-une-situation-des-locaux-des-dispositifs-aller-vers-et-le-fruit-dune-histoire\/#breadcrumb","itemListElement":[{"@type":"ListItem","position":1,"name":"Accueil","item":"https:\/\/aliso.fr\/reseau\/"},{"@type":"ListItem","position":2,"name":"Actualit\u00e9","item":"https:\/\/aliso.fr\/reseau\/actualite\/"},{"@type":"ListItem","position":3,"name":"L&#8217;ACCUEIL : UNE SITUATION, DES LOCAUX, DES DISPOSITIFS, &#8220;ALLER VERS&#8221; ET LE FRUIT D&#8217;UNE HISTOIRE."}]},{"@type":"WebSite","@id":"https:\/\/aliso.fr\/reseau\/#website","url":"https:\/\/aliso.fr\/reseau\/","name":"Aliso R\u00e9seau","description":"R\u00e9seau Creusois des acteurs du lien social","publisher":{"@id":"https:\/\/aliso.fr\/reseau\/#organization"},"potentialAction":[{"@type":"SearchAction","target":{"@type":"EntryPoint","urlTemplate":"https:\/\/aliso.fr\/reseau\/?s={search_term_string}"},"query-input":{"@type":"PropertyValueSpecification","valueRequired":true,"valueName":"search_term_string"}}],"inLanguage":"fr-FR"},{"@type":"Organization","@id":"https:\/\/aliso.fr\/reseau\/#organization","name":"Aliso R\u00e9seau","url":"https:\/\/aliso.fr\/reseau\/","logo":{"@type":"ImageObject","inLanguage":"fr-FR","@id":"https:\/\/aliso.fr\/reseau\/#\/schema\/logo\/image\/","url":"https:\/\/aliso.fr\/reseau\/wp-content\/uploads\/sites\/4\/2022\/01\/Logo-ALISO-Reseau-2.png","contentUrl":"https:\/\/aliso.fr\/reseau\/wp-content\/uploads\/sites\/4\/2022\/01\/Logo-ALISO-Reseau-2.png","width":900,"height":970,"caption":"Aliso R\u00e9seau"},"image":{"@id":"https:\/\/aliso.fr\/reseau\/#\/schema\/logo\/image\/"}},{"@type":"Person","@id":"https:\/\/aliso.fr\/reseau\/#\/schema\/person\/056af145b9c52eee21a9f739489104a5","name":"laure"}]}},"_links":{"self":[{"href":"https:\/\/aliso.fr\/reseau\/wp-json\/wp\/v2\/posts\/2183","targetHints":{"allow":["GET"]}}],"collection":[{"href":"https:\/\/aliso.fr\/reseau\/wp-json\/wp\/v2\/posts"}],"about":[{"href":"https:\/\/aliso.fr\/reseau\/wp-json\/wp\/v2\/types\/post"}],"author":[{"embeddable":true,"href":"https:\/\/aliso.fr\/reseau\/wp-json\/wp\/v2\/users\/3"}],"replies":[{"embeddable":true,"href":"https:\/\/aliso.fr\/reseau\/wp-json\/wp\/v2\/comments?post=2183"}],"version-history":[{"count":4,"href":"https:\/\/aliso.fr\/reseau\/wp-json\/wp\/v2\/posts\/2183\/revisions"}],"predecessor-version":[{"id":2215,"href":"https:\/\/aliso.fr\/reseau\/wp-json\/wp\/v2\/posts\/2183\/revisions\/2215"}],"wp:featuredmedia":[{"embeddable":true,"href":"https:\/\/aliso.fr\/reseau\/wp-json\/wp\/v2\/media\/2185"}],"wp:attachment":[{"href":"https:\/\/aliso.fr\/reseau\/wp-json\/wp\/v2\/media?parent=2183"}],"wp:term":[{"taxonomy":"category","embeddable":true,"href":"https:\/\/aliso.fr\/reseau\/wp-json\/wp\/v2\/categories?post=2183"},{"taxonomy":"post_tag","embeddable":true,"href":"https:\/\/aliso.fr\/reseau\/wp-json\/wp\/v2\/tags?post=2183"}],"curies":[{"name":"wp","href":"https:\/\/api.w.org\/{rel}","templated":true}]}}