{"id":2205,"date":"2024-01-17T10:23:08","date_gmt":"2024-01-17T09:23:08","guid":{"rendered":"https:\/\/aliso.fr\/reseau\/?p=2205"},"modified":"2024-01-17T17:18:48","modified_gmt":"2024-01-17T16:18:48","slug":"rdv-du-groupe-accueil-5-fevrier-2024","status":"publish","type":"post","link":"https:\/\/aliso.fr\/reseau\/rdv-du-groupe-accueil-5-fevrier-2024\/","title":{"rendered":"RDV DU GROUPE ACCUEIL &#8211; 5 f\u00e9vrier 2024"},"content":{"rendered":"<div class=\"wp-block-image\">\n<figure class=\"aligncenter size-large\"><img loading=\"lazy\" decoding=\"async\" width=\"330\" height=\"330\" src=\"https:\/\/aliso.fr\/reseau\/wp-content\/uploads\/sites\/4\/2024\/01\/maison-330x330.png\" alt=\"\" class=\"wp-image-2206\" srcset=\"https:\/\/aliso.fr\/reseau\/wp-content\/uploads\/sites\/4\/2024\/01\/maison-330x330.png 330w, https:\/\/aliso.fr\/reseau\/wp-content\/uploads\/sites\/4\/2024\/01\/maison-190x190.png 190w, https:\/\/aliso.fr\/reseau\/wp-content\/uploads\/sites\/4\/2024\/01\/maison-150x150.png 150w, https:\/\/aliso.fr\/reseau\/wp-content\/uploads\/sites\/4\/2024\/01\/maison-300x300.png 300w, https:\/\/aliso.fr\/reseau\/wp-content\/uploads\/sites\/4\/2024\/01\/maison-125x125.png 125w, https:\/\/aliso.fr\/reseau\/wp-content\/uploads\/sites\/4\/2024\/01\/maison.png 512w\" sizes=\"auto, (max-width: 330px) 100vw, 330px\" \/><\/figure>\n<\/div>\n\n\n<p>Lundi 5 f\u00e9vrier 2024, de 9h30 \u00e0 12h30, retrouvons-nous \u00e0 Pontarion, \u00e0 la Boutique des Id\u00e9es, pour un moment de partage autour de la fonction Accueil.<br>Il nous reste encore quelques jours pour affiner le programme mais on a d\u00e9j\u00e0 relev\u00e9 des th\u00e9matiques qui pourraient alimenter ce temps : <br>&#8211; l&rsquo;accueil et le corps<br>&#8211; l&rsquo;accueil et l&rsquo;espace (d\u00e9j\u00e0 abord\u00e9)<br>&#8211; l&rsquo;accueil et le regard inconditionnel \/ l&rsquo;accueil, la gestion des \u00e9motions et les limites<br>&#8211; la juste distance ou la juste proximit\u00e9 <br>&#8211; l&rsquo;accueil comme temps formalis\u00e9, planifi\u00e9<br>&#8211; projet de construction d&rsquo;une formation de 3 jours autour de l&rsquo;accueil<br>&#8211; comment placer l&rsquo;accueil au c\u0153ur du projet de sa structure ? par quelles \u00e9tapes ? <br>&#8211; comment d\u00e9finir une politique, un plan d&rsquo;accueil ou un protocole d&rsquo;accueil ? <br>&#8211; point d&rsquo;\u00e9tape sur les \u00e9changes entre structures<br>&#8211; accueillir, porter des valeurs, et repr\u00e9senter une structure, un service, un dispositif : trouver l&rsquo;\u00e9quilibre pour le vivre au mieux, ce qu&rsquo;on peut dire\/pas dire.<br><br>Vous vous joignez \u00e0 nous ? <br>Pour cela, il vous suffit de vous sentir concern\u00e9 par le sujet et de contacter <a href=\"https:\/\/aliso.fr\/contactez-aliso\/\" target=\"_blank\" rel=\"noreferrer noopener\">Laure<\/a>.<br><\/p>\n","protected":false},"excerpt":{"rendered":"<p>Lundi 5 f\u00e9vrier 2024, de 9h30 \u00e0 12h30, retrouvons-nous \u00e0 Pontarion, \u00e0 la Boutique des Id\u00e9es, pour un moment de partage autour de la fonction Accueil.Il nous reste encore quelques jours pour affiner le programme mais on a d\u00e9j\u00e0 relev\u00e9 des th\u00e9matiques qui pourraient alimenter ce temps : &#8211; l&rsquo;accueil et le corps&#8211; l&rsquo;accueil et&#8230; <a class=\"excerpt-read-more button\" href=\"https:\/\/aliso.fr\/reseau\/rdv-du-groupe-accueil-5-fevrier-2024\/\" title=\"ReadRDV DU GROUPE ACCUEIL &#8211; 5 f\u00e9vrier 2024\">En savoir plus &raquo;<\/a><\/p>\n","protected":false},"author":3,"featured_media":2206,"comment_status":"closed","ping_status":"open","sticky":false,"template":"","format":"standard","meta":{"footnotes":""},"categories":[3,7],"tags":[],"class_list":["post-2205","post","type-post","status-publish","format-standard","has-post-thumbnail","hentry","category-actualite","category-nos-actions"],"yoast_head":"<!-- This site is optimized with the Yoast SEO plugin v27.4 - https:\/\/yoast.com\/product\/yoast-seo-wordpress\/ -->\n<title>RDV DU GROUPE ACCUEIL - 5 f\u00e9vrier 2024 - Aliso R\u00e9seau<\/title>\n<meta name=\"robots\" content=\"index, follow, max-snippet:-1, max-image-preview:large, max-video-preview:-1\" \/>\n<link rel=\"canonical\" href=\"https:\/\/aliso.fr\/reseau\/rdv-du-groupe-accueil-5-fevrier-2024\/\" \/>\n<meta property=\"og:locale\" content=\"fr_FR\" \/>\n<meta property=\"og:type\" content=\"article\" \/>\n<meta property=\"og:title\" content=\"RDV DU GROUPE ACCUEIL - 5 f\u00e9vrier 2024 - Aliso R\u00e9seau\" \/>\n<meta property=\"og:description\" content=\"Lundi 5 f\u00e9vrier 2024, de 9h30 \u00e0 12h30, retrouvons-nous \u00e0 Pontarion, \u00e0 la Boutique des Id\u00e9es, pour un moment de partage autour de la fonction Accueil.Il nous reste encore quelques jours pour affiner le programme mais on a d\u00e9j\u00e0 relev\u00e9 des th\u00e9matiques qui pourraient alimenter ce temps : &#8211; l&rsquo;accueil et le corps&#8211; l&rsquo;accueil et... En savoir plus &raquo;\" \/>\n<meta property=\"og:url\" content=\"https:\/\/aliso.fr\/reseau\/rdv-du-groupe-accueil-5-fevrier-2024\/\" \/>\n<meta property=\"og:site_name\" content=\"Aliso R\u00e9seau\" \/>\n<meta property=\"article:published_time\" content=\"2024-01-17T09:23:08+00:00\" \/>\n<meta property=\"article:modified_time\" content=\"2024-01-17T16:18:48+00:00\" \/>\n<meta property=\"og:image\" content=\"https:\/\/aliso.fr\/reseau\/wp-content\/uploads\/sites\/4\/2024\/01\/maison.png\" \/>\n\t<meta property=\"og:image:width\" content=\"512\" \/>\n\t<meta property=\"og:image:height\" content=\"512\" \/>\n\t<meta property=\"og:image:type\" content=\"image\/png\" \/>\n<meta name=\"author\" content=\"laure\" \/>\n<meta name=\"twitter:card\" content=\"summary_large_image\" \/>\n<script type=\"application\/ld+json\" class=\"yoast-schema-graph\">{\"@context\":\"https:\\\/\\\/schema.org\",\"@graph\":[{\"@type\":\"Article\",\"@id\":\"https:\\\/\\\/aliso.fr\\\/reseau\\\/rdv-du-groupe-accueil-5-fevrier-2024\\\/#article\",\"isPartOf\":{\"@id\":\"https:\\\/\\\/aliso.fr\\\/reseau\\\/rdv-du-groupe-accueil-5-fevrier-2024\\\/\"},\"author\":{\"name\":\"laure\",\"@id\":\"https:\\\/\\\/aliso.fr\\\/reseau\\\/#\\\/schema\\\/person\\\/056af145b9c52eee21a9f739489104a5\"},\"headline\":\"RDV DU GROUPE ACCUEIL &#8211; 5 f\u00e9vrier 2024\",\"datePublished\":\"2024-01-17T09:23:08+00:00\",\"dateModified\":\"2024-01-17T16:18:48+00:00\",\"mainEntityOfPage\":{\"@id\":\"https:\\\/\\\/aliso.fr\\\/reseau\\\/rdv-du-groupe-accueil-5-fevrier-2024\\\/\"},\"wordCount\":198,\"publisher\":{\"@id\":\"https:\\\/\\\/aliso.fr\\\/reseau\\\/#organization\"},\"image\":{\"@id\":\"https:\\\/\\\/aliso.fr\\\/reseau\\\/rdv-du-groupe-accueil-5-fevrier-2024\\\/#primaryimage\"},\"thumbnailUrl\":\"https:\\\/\\\/aliso.fr\\\/reseau\\\/wp-content\\\/uploads\\\/sites\\\/4\\\/2024\\\/01\\\/maison.png\",\"articleSection\":[\"Actualit\u00e9\",\"Nos actions\"],\"inLanguage\":\"fr-FR\"},{\"@type\":\"WebPage\",\"@id\":\"https:\\\/\\\/aliso.fr\\\/reseau\\\/rdv-du-groupe-accueil-5-fevrier-2024\\\/\",\"url\":\"https:\\\/\\\/aliso.fr\\\/reseau\\\/rdv-du-groupe-accueil-5-fevrier-2024\\\/\",\"name\":\"RDV DU GROUPE ACCUEIL - 5 f\u00e9vrier 2024 - Aliso R\u00e9seau\",\"isPartOf\":{\"@id\":\"https:\\\/\\\/aliso.fr\\\/reseau\\\/#website\"},\"primaryImageOfPage\":{\"@id\":\"https:\\\/\\\/aliso.fr\\\/reseau\\\/rdv-du-groupe-accueil-5-fevrier-2024\\\/#primaryimage\"},\"image\":{\"@id\":\"https:\\\/\\\/aliso.fr\\\/reseau\\\/rdv-du-groupe-accueil-5-fevrier-2024\\\/#primaryimage\"},\"thumbnailUrl\":\"https:\\\/\\\/aliso.fr\\\/reseau\\\/wp-content\\\/uploads\\\/sites\\\/4\\\/2024\\\/01\\\/maison.png\",\"datePublished\":\"2024-01-17T09:23:08+00:00\",\"dateModified\":\"2024-01-17T16:18:48+00:00\",\"breadcrumb\":{\"@id\":\"https:\\\/\\\/aliso.fr\\\/reseau\\\/rdv-du-groupe-accueil-5-fevrier-2024\\\/#breadcrumb\"},\"inLanguage\":\"fr-FR\",\"potentialAction\":[{\"@type\":\"ReadAction\",\"target\":[\"https:\\\/\\\/aliso.fr\\\/reseau\\\/rdv-du-groupe-accueil-5-fevrier-2024\\\/\"]}]},{\"@type\":\"ImageObject\",\"inLanguage\":\"fr-FR\",\"@id\":\"https:\\\/\\\/aliso.fr\\\/reseau\\\/rdv-du-groupe-accueil-5-fevrier-2024\\\/#primaryimage\",\"url\":\"https:\\\/\\\/aliso.fr\\\/reseau\\\/wp-content\\\/uploads\\\/sites\\\/4\\\/2024\\\/01\\\/maison.png\",\"contentUrl\":\"https:\\\/\\\/aliso.fr\\\/reseau\\\/wp-content\\\/uploads\\\/sites\\\/4\\\/2024\\\/01\\\/maison.png\",\"width\":512,\"height\":512},{\"@type\":\"BreadcrumbList\",\"@id\":\"https:\\\/\\\/aliso.fr\\\/reseau\\\/rdv-du-groupe-accueil-5-fevrier-2024\\\/#breadcrumb\",\"itemListElement\":[{\"@type\":\"ListItem\",\"position\":1,\"name\":\"Accueil\",\"item\":\"https:\\\/\\\/aliso.fr\\\/reseau\\\/\"},{\"@type\":\"ListItem\",\"position\":2,\"name\":\"Actualit\u00e9\",\"item\":\"https:\\\/\\\/aliso.fr\\\/reseau\\\/actualite\\\/\"},{\"@type\":\"ListItem\",\"position\":3,\"name\":\"RDV DU GROUPE ACCUEIL &#8211; 5 f\u00e9vrier 2024\"}]},{\"@type\":\"WebSite\",\"@id\":\"https:\\\/\\\/aliso.fr\\\/reseau\\\/#website\",\"url\":\"https:\\\/\\\/aliso.fr\\\/reseau\\\/\",\"name\":\"Aliso R\u00e9seau\",\"description\":\"R\u00e9seau Creusois des acteurs du lien social\",\"publisher\":{\"@id\":\"https:\\\/\\\/aliso.fr\\\/reseau\\\/#organization\"},\"potentialAction\":[{\"@type\":\"SearchAction\",\"target\":{\"@type\":\"EntryPoint\",\"urlTemplate\":\"https:\\\/\\\/aliso.fr\\\/reseau\\\/?s={search_term_string}\"},\"query-input\":{\"@type\":\"PropertyValueSpecification\",\"valueRequired\":true,\"valueName\":\"search_term_string\"}}],\"inLanguage\":\"fr-FR\"},{\"@type\":\"Organization\",\"@id\":\"https:\\\/\\\/aliso.fr\\\/reseau\\\/#organization\",\"name\":\"Aliso R\u00e9seau\",\"url\":\"https:\\\/\\\/aliso.fr\\\/reseau\\\/\",\"logo\":{\"@type\":\"ImageObject\",\"inLanguage\":\"fr-FR\",\"@id\":\"https:\\\/\\\/aliso.fr\\\/reseau\\\/#\\\/schema\\\/logo\\\/image\\\/\",\"url\":\"https:\\\/\\\/aliso.fr\\\/reseau\\\/wp-content\\\/uploads\\\/sites\\\/4\\\/2022\\\/01\\\/Logo-ALISO-Reseau-2.png\",\"contentUrl\":\"https:\\\/\\\/aliso.fr\\\/reseau\\\/wp-content\\\/uploads\\\/sites\\\/4\\\/2022\\\/01\\\/Logo-ALISO-Reseau-2.png\",\"width\":900,\"height\":970,\"caption\":\"Aliso R\u00e9seau\"},\"image\":{\"@id\":\"https:\\\/\\\/aliso.fr\\\/reseau\\\/#\\\/schema\\\/logo\\\/image\\\/\"}},{\"@type\":\"Person\",\"@id\":\"https:\\\/\\\/aliso.fr\\\/reseau\\\/#\\\/schema\\\/person\\\/056af145b9c52eee21a9f739489104a5\",\"name\":\"laure\"}]}<\/script>\n<!-- \/ Yoast SEO plugin. -->","yoast_head_json":{"title":"RDV DU GROUPE ACCUEIL - 5 f\u00e9vrier 2024 - Aliso R\u00e9seau","robots":{"index":"index","follow":"follow","max-snippet":"max-snippet:-1","max-image-preview":"max-image-preview:large","max-video-preview":"max-video-preview:-1"},"canonical":"https:\/\/aliso.fr\/reseau\/rdv-du-groupe-accueil-5-fevrier-2024\/","og_locale":"fr_FR","og_type":"article","og_title":"RDV DU GROUPE ACCUEIL - 5 f\u00e9vrier 2024 - Aliso R\u00e9seau","og_description":"Lundi 5 f\u00e9vrier 2024, de 9h30 \u00e0 12h30, retrouvons-nous \u00e0 Pontarion, \u00e0 la Boutique des Id\u00e9es, pour un moment de partage autour de la fonction Accueil.Il nous reste encore quelques jours pour affiner le programme mais on a d\u00e9j\u00e0 relev\u00e9 des th\u00e9matiques qui pourraient alimenter ce temps : &#8211; l&rsquo;accueil et le corps&#8211; l&rsquo;accueil et... En savoir plus &raquo;","og_url":"https:\/\/aliso.fr\/reseau\/rdv-du-groupe-accueil-5-fevrier-2024\/","og_site_name":"Aliso R\u00e9seau","article_published_time":"2024-01-17T09:23:08+00:00","article_modified_time":"2024-01-17T16:18:48+00:00","og_image":[{"width":512,"height":512,"url":"https:\/\/aliso.fr\/reseau\/wp-content\/uploads\/sites\/4\/2024\/01\/maison.png","type":"image\/png"}],"author":"laure","twitter_card":"summary_large_image","schema":{"@context":"https:\/\/schema.org","@graph":[{"@type":"Article","@id":"https:\/\/aliso.fr\/reseau\/rdv-du-groupe-accueil-5-fevrier-2024\/#article","isPartOf":{"@id":"https:\/\/aliso.fr\/reseau\/rdv-du-groupe-accueil-5-fevrier-2024\/"},"author":{"name":"laure","@id":"https:\/\/aliso.fr\/reseau\/#\/schema\/person\/056af145b9c52eee21a9f739489104a5"},"headline":"RDV DU GROUPE ACCUEIL &#8211; 5 f\u00e9vrier 2024","datePublished":"2024-01-17T09:23:08+00:00","dateModified":"2024-01-17T16:18:48+00:00","mainEntityOfPage":{"@id":"https:\/\/aliso.fr\/reseau\/rdv-du-groupe-accueil-5-fevrier-2024\/"},"wordCount":198,"publisher":{"@id":"https:\/\/aliso.fr\/reseau\/#organization"},"image":{"@id":"https:\/\/aliso.fr\/reseau\/rdv-du-groupe-accueil-5-fevrier-2024\/#primaryimage"},"thumbnailUrl":"https:\/\/aliso.fr\/reseau\/wp-content\/uploads\/sites\/4\/2024\/01\/maison.png","articleSection":["Actualit\u00e9","Nos actions"],"inLanguage":"fr-FR"},{"@type":"WebPage","@id":"https:\/\/aliso.fr\/reseau\/rdv-du-groupe-accueil-5-fevrier-2024\/","url":"https:\/\/aliso.fr\/reseau\/rdv-du-groupe-accueil-5-fevrier-2024\/","name":"RDV DU GROUPE ACCUEIL - 5 f\u00e9vrier 2024 - Aliso R\u00e9seau","isPartOf":{"@id":"https:\/\/aliso.fr\/reseau\/#website"},"primaryImageOfPage":{"@id":"https:\/\/aliso.fr\/reseau\/rdv-du-groupe-accueil-5-fevrier-2024\/#primaryimage"},"image":{"@id":"https:\/\/aliso.fr\/reseau\/rdv-du-groupe-accueil-5-fevrier-2024\/#primaryimage"},"thumbnailUrl":"https:\/\/aliso.fr\/reseau\/wp-content\/uploads\/sites\/4\/2024\/01\/maison.png","datePublished":"2024-01-17T09:23:08+00:00","dateModified":"2024-01-17T16:18:48+00:00","breadcrumb":{"@id":"https:\/\/aliso.fr\/reseau\/rdv-du-groupe-accueil-5-fevrier-2024\/#breadcrumb"},"inLanguage":"fr-FR","potentialAction":[{"@type":"ReadAction","target":["https:\/\/aliso.fr\/reseau\/rdv-du-groupe-accueil-5-fevrier-2024\/"]}]},{"@type":"ImageObject","inLanguage":"fr-FR","@id":"https:\/\/aliso.fr\/reseau\/rdv-du-groupe-accueil-5-fevrier-2024\/#primaryimage","url":"https:\/\/aliso.fr\/reseau\/wp-content\/uploads\/sites\/4\/2024\/01\/maison.png","contentUrl":"https:\/\/aliso.fr\/reseau\/wp-content\/uploads\/sites\/4\/2024\/01\/maison.png","width":512,"height":512},{"@type":"BreadcrumbList","@id":"https:\/\/aliso.fr\/reseau\/rdv-du-groupe-accueil-5-fevrier-2024\/#breadcrumb","itemListElement":[{"@type":"ListItem","position":1,"name":"Accueil","item":"https:\/\/aliso.fr\/reseau\/"},{"@type":"ListItem","position":2,"name":"Actualit\u00e9","item":"https:\/\/aliso.fr\/reseau\/actualite\/"},{"@type":"ListItem","position":3,"name":"RDV DU GROUPE ACCUEIL &#8211; 5 f\u00e9vrier 2024"}]},{"@type":"WebSite","@id":"https:\/\/aliso.fr\/reseau\/#website","url":"https:\/\/aliso.fr\/reseau\/","name":"Aliso R\u00e9seau","description":"R\u00e9seau Creusois des acteurs du lien social","publisher":{"@id":"https:\/\/aliso.fr\/reseau\/#organization"},"potentialAction":[{"@type":"SearchAction","target":{"@type":"EntryPoint","urlTemplate":"https:\/\/aliso.fr\/reseau\/?s={search_term_string}"},"query-input":{"@type":"PropertyValueSpecification","valueRequired":true,"valueName":"search_term_string"}}],"inLanguage":"fr-FR"},{"@type":"Organization","@id":"https:\/\/aliso.fr\/reseau\/#organization","name":"Aliso R\u00e9seau","url":"https:\/\/aliso.fr\/reseau\/","logo":{"@type":"ImageObject","inLanguage":"fr-FR","@id":"https:\/\/aliso.fr\/reseau\/#\/schema\/logo\/image\/","url":"https:\/\/aliso.fr\/reseau\/wp-content\/uploads\/sites\/4\/2022\/01\/Logo-ALISO-Reseau-2.png","contentUrl":"https:\/\/aliso.fr\/reseau\/wp-content\/uploads\/sites\/4\/2022\/01\/Logo-ALISO-Reseau-2.png","width":900,"height":970,"caption":"Aliso R\u00e9seau"},"image":{"@id":"https:\/\/aliso.fr\/reseau\/#\/schema\/logo\/image\/"}},{"@type":"Person","@id":"https:\/\/aliso.fr\/reseau\/#\/schema\/person\/056af145b9c52eee21a9f739489104a5","name":"laure"}]}},"_links":{"self":[{"href":"https:\/\/aliso.fr\/reseau\/wp-json\/wp\/v2\/posts\/2205","targetHints":{"allow":["GET"]}}],"collection":[{"href":"https:\/\/aliso.fr\/reseau\/wp-json\/wp\/v2\/posts"}],"about":[{"href":"https:\/\/aliso.fr\/reseau\/wp-json\/wp\/v2\/types\/post"}],"author":[{"embeddable":true,"href":"https:\/\/aliso.fr\/reseau\/wp-json\/wp\/v2\/users\/3"}],"replies":[{"embeddable":true,"href":"https:\/\/aliso.fr\/reseau\/wp-json\/wp\/v2\/comments?post=2205"}],"version-history":[{"count":3,"href":"https:\/\/aliso.fr\/reseau\/wp-json\/wp\/v2\/posts\/2205\/revisions"}],"predecessor-version":[{"id":2211,"href":"https:\/\/aliso.fr\/reseau\/wp-json\/wp\/v2\/posts\/2205\/revisions\/2211"}],"wp:featuredmedia":[{"embeddable":true,"href":"https:\/\/aliso.fr\/reseau\/wp-json\/wp\/v2\/media\/2206"}],"wp:attachment":[{"href":"https:\/\/aliso.fr\/reseau\/wp-json\/wp\/v2\/media?parent=2205"}],"wp:term":[{"taxonomy":"category","embeddable":true,"href":"https:\/\/aliso.fr\/reseau\/wp-json\/wp\/v2\/categories?post=2205"},{"taxonomy":"post_tag","embeddable":true,"href":"https:\/\/aliso.fr\/reseau\/wp-json\/wp\/v2\/tags?post=2205"}],"curies":[{"name":"wp","href":"https:\/\/api.w.org\/{rel}","templated":true}]}}