{"id":2271,"date":"2024-02-20T14:41:37","date_gmt":"2024-02-20T13:41:37","guid":{"rendered":"https:\/\/aliso.fr\/reseau\/?p=2271"},"modified":"2024-02-21T15:40:25","modified_gmt":"2024-02-21T14:40:25","slug":"coup-de-pouce-aux-evs-centres-sociaux","status":"publish","type":"post","link":"https:\/\/aliso.fr\/reseau\/coup-de-pouce-aux-evs-centres-sociaux\/","title":{"rendered":"COUP DE POUCE                                                  AUX EVS &amp; CENTRES SOCIAUX ?&#8230;"},"content":{"rendered":"\n<p>Au risque de radoter, mais pour le plaisir de semer des graines de solidarit\u00e9, on vous partage des pr\u00e9cieuses informations \u00e0 discuter.<\/p>\n\n\n\n<p>On le dit souvent, la CAF de la Creuse est un partenaire pr\u00e9cieux pour notre r\u00e9seau ALISO.<br>Dans cette d\u00e9marche de travail partenarial, Agn\u00e8s Roche, charg\u00e9e de Conseil et de D\u00e9veloppement, R\u00e9f\u00e9rente Etablissement d&rsquo;Accueil du Jeune Enfant EAJE, et Animation de la Vie Sociale AVS, a pris le soin de nous partager une actualit\u00e9 encourageante pour les structures de l&rsquo;Animation de la Vie Sociale.<\/p>\n\n\n\n<p><mark style=\"background-color:#ffffff\" class=\"has-inline-color has-vivid-cyan-blue-color\">Le 31 janvier dernier, un appel \u00e0 mobilisation nationale a \u00e9t\u00e9 lanc\u00e9e pour faire entendre la voix des structures de l&rsquo;animation de la vie sociale. Ce mouvement, initi\u00e9 par la f\u00e9d\u00e9ration des centres sociaux, a permis de lancer des concertations au niveau national avec les principaux partenaires de l&rsquo;AVS. Que sais-tu de cet appel \u00e0 mobilisation ?<\/mark><\/p>\n\n\n\n<p>Tout d&rsquo;abord, il faut savoir qu&rsquo;un partenariat historique existe entre la CNAF et la F\u00e9d\u00e9ration des centres sociaux, ce qui a permis \u00e0 la CNAF d&rsquo;\u00eatre d\u00e9j\u00e0 sensibilis\u00e9e aux probl\u00e9matiques des structures AVS. D\u00e8s le mois de d\u00e9cembre, la CNAF a alert\u00e9 le r\u00e9seau des CAF sur le mouvement lanc\u00e9 par la F\u00e9d\u00e9ration Nationale des centres sociaux intitul\u00e9 \u00ab\u00a0Coh\u00e9sion sociale : pour des moyens \u00e0 la hauteur des enjeux\u00a0\u00bb. L&rsquo;enjeu de cette mobilisation est de sensibiliser \u00e0 la situation \u00e9conomique pr\u00e9caire des centres sociaux en insistant sur la co-responsabilit\u00e9 de tous les acteurs (Etat, CNAF, CNAV, intercommunalit\u00e9s, municipalit\u00e9s, d\u00e9partements&#8230;).<\/p>\n\n\n\n<p>Prochainement, un \u00ab\u00a0Rendez-vous national de la coh\u00e9sion sociale\u00a0\u00bb est pr\u00e9vu le 7 mars avec les partenaires nationaux.<\/p>\n\n\n\n<p><mark style=\"background-color:#ffffff\" class=\"has-inline-color has-vivid-cyan-blue-color\">Que peux-tu nous dire de la position de la CNAF \u00e0\u00a0la veille\u00a0de ces discussions ?<\/mark><\/p>\n\n\n\n<p>La CNAF appr\u00e9hende cette rencontre en appelant les autres financeurs \u00e0 revoir leurs financements comme elle a pu le faire en 2024. Elle va rappeler \u00e0 cette occasion l&rsquo;engagement de la branche famille \u00e0 soutenir le d\u00e9veloppement de l&rsquo;AVS (d\u00e9ploiement de 630 structures sur le territoire national sur 5 ans) pour contribuer au d\u00e9veloppement des politiques territoriales, et \u00e0 la refonte de la circulaire de 2012 pour contribuer \u00e0 la s\u00e9curisation financi\u00e8re des structures.<\/p>\n\n\n\n<p>Concr\u00e8tement, que cela implique-t-il pour les structures du r\u00e9seau ALISO qui ont un agr\u00e9ment AVS ?<\/p>\n\n\n\n<p>Nous n&rsquo;avons pas encore de modalit\u00e9s concr\u00e8tes \u00e0 partager avec le r\u00e9seau d\u00e9partemental. Les mesures prises pourront \u00eatre de 2 ordres :&nbsp;<\/p>\n\n\n\n<p>\u2002\u2002\u2002\u2002\u2002\u2002- une r\u00e9ponse plus structurelle avec la refonte de la circulaire AVS de 2012 qui nous est annonc\u00e9e dans le but de contribuer \u00e0 la s\u00e9curit\u00e9 financi\u00e8re des structures de l&rsquo;AVS.<\/p>\n\n\n\n<p>\u2002\u2002\u2002\u2002\u2002\u2002- &nbsp;une r\u00e9ponse plus cibl\u00e9e sur les structures en difficult\u00e9. A ce sujet, la CNAF r\u00e9alise un recensement des structures en difficult\u00e9 avec menace de fermeture.<\/p>\n\n\n\n<p><mark style=\"background-color:#ffffff\" class=\"has-inline-color has-vivid-cyan-blue-color\">Au-del\u00e0 de la dimension financi\u00e8re, comment la CAF peut soutenir les structures ?<\/mark><\/p>\n\n\n\n<p>Tout d&rsquo;abord nous sensibilisons les collectivit\u00e9s \u00e0 l&rsquo;impact des projets d\u00e9velopp\u00e9s sur les territoires. Les indicateurs sociaux et d\u00e9mographiques de notre d\u00e9partement doivent nous alerter sur la n\u00e9cessit\u00e9 de proposer des conditions favorables \u00e0 \u00ab\u00a0l&rsquo;habitabilit\u00e9 du territoire\u00a0\u00bb et nous sommes convaincus que les EVS et centres sociaux y contribuent.<\/p>\n\n\n\n<p>Pour proposer une r\u00e9ponse locale \u00e0 cette situation, nous avons besoin d&rsquo;une certaine visibilit\u00e9 des probl\u00e9matiques qui se posent : nous avons d\u00e9nombr\u00e9 peu de structures menac\u00e9es par une fermeture, mais nous identifions bien des services qui ne seront plus rendus en raison des difficult\u00e9s financi\u00e8res et de l&rsquo;impact sur les postes. Les probl\u00e9matiques diff\u00e8rent aussi selon les secteurs d&rsquo;activit\u00e9 et il serait important de les analyser.<\/p>\n\n\n\n<p>Il s&rsquo;agit donc d&rsquo;identifier les leviers sur lesquels agir et pour cela la CAF est ouverte \u00e0 une r\u00e9flexion avec Aliso et ses partenaires.<\/p>\n\n\n\n<p><mark style=\"background-color:#ffffff\" class=\"has-inline-color has-vivid-cyan-blue-color\">Si tu avais une baguette ou des mots magiques pour convaincre d&rsquo;autres partenaires de soutenir financi\u00e8rement les structures du r\u00e9seau ALISO, \u00e7a donnerait quoi ?\u00a0<\/mark><\/p>\n\n\n\n<p>L&rsquo;engagement financier aupr\u00e8s des associations n&rsquo;est pas une d\u00e9pense mais un investissement&#8230;<\/p>\n","protected":false},"excerpt":{"rendered":"<p>Au risque de radoter, mais pour le plaisir de semer des graines de solidarit\u00e9, on vous partage des pr\u00e9cieuses informations \u00e0 discuter. On le dit souvent, la CAF de la Creuse est un partenaire pr\u00e9cieux pour notre r\u00e9seau ALISO.Dans cette d\u00e9marche de travail partenarial, Agn\u00e8s Roche, charg\u00e9e de Conseil et de D\u00e9veloppement, R\u00e9f\u00e9rente Etablissement d&rsquo;Accueil&#8230; <a class=\"excerpt-read-more button\" href=\"https:\/\/aliso.fr\/reseau\/coup-de-pouce-aux-evs-centres-sociaux\/\" title=\"ReadCOUP DE POUCE                                                  AUX EVS &amp; CENTRES SOCIAUX ?&#8230;\">En savoir plus &raquo;<\/a><\/p>\n","protected":false},"author":3,"featured_media":2272,"comment_status":"closed","ping_status":"open","sticky":false,"template":"","format":"standard","meta":{"footnotes":""},"categories":[3],"tags":[],"class_list":["post-2271","post","type-post","status-publish","format-standard","has-post-thumbnail","hentry","category-actualite"],"yoast_head":"<!-- This site is optimized with the Yoast SEO plugin v27.5 - https:\/\/yoast.com\/product\/yoast-seo-wordpress\/ -->\n<title>COUP DE POUCE                         AUX EVS &amp; CENTRES SOCIAUX ?... - Aliso R\u00e9seau<\/title>\n<meta name=\"robots\" content=\"index, follow, max-snippet:-1, max-image-preview:large, max-video-preview:-1\" \/>\n<link rel=\"canonical\" href=\"https:\/\/aliso.fr\/reseau\/coup-de-pouce-aux-evs-centres-sociaux\/\" \/>\n<meta property=\"og:locale\" content=\"fr_FR\" \/>\n<meta property=\"og:type\" content=\"article\" \/>\n<meta property=\"og:title\" content=\"COUP DE POUCE                         AUX EVS &amp; CENTRES SOCIAUX ?... - Aliso R\u00e9seau\" \/>\n<meta property=\"og:description\" content=\"Au risque de radoter, mais pour le plaisir de semer des graines de solidarit\u00e9, on vous partage des pr\u00e9cieuses informations \u00e0 discuter. On le dit souvent, la CAF de la Creuse est un partenaire pr\u00e9cieux pour notre r\u00e9seau ALISO.Dans cette d\u00e9marche de travail partenarial, Agn\u00e8s Roche, charg\u00e9e de Conseil et de D\u00e9veloppement, R\u00e9f\u00e9rente Etablissement d&rsquo;Accueil... En savoir plus &raquo;\" \/>\n<meta property=\"og:url\" content=\"https:\/\/aliso.fr\/reseau\/coup-de-pouce-aux-evs-centres-sociaux\/\" \/>\n<meta property=\"og:site_name\" content=\"Aliso R\u00e9seau\" \/>\n<meta property=\"article:published_time\" content=\"2024-02-20T13:41:37+00:00\" \/>\n<meta property=\"article:modified_time\" content=\"2024-02-21T14:40:25+00:00\" \/>\n<meta property=\"og:image\" content=\"https:\/\/aliso.fr\/reseau\/wp-content\/uploads\/sites\/4\/2024\/02\/caf-creuse.png\" \/>\n\t<meta property=\"og:image:width\" content=\"264\" \/>\n\t<meta property=\"og:image:height\" content=\"191\" \/>\n\t<meta property=\"og:image:type\" content=\"image\/png\" \/>\n<meta name=\"author\" content=\"laure\" \/>\n<meta name=\"twitter:card\" content=\"summary_large_image\" \/>\n<script type=\"application\/ld+json\" class=\"yoast-schema-graph\">{\"@context\":\"https:\\\/\\\/schema.org\",\"@graph\":[{\"@type\":\"Article\",\"@id\":\"https:\\\/\\\/aliso.fr\\\/reseau\\\/coup-de-pouce-aux-evs-centres-sociaux\\\/#article\",\"isPartOf\":{\"@id\":\"https:\\\/\\\/aliso.fr\\\/reseau\\\/coup-de-pouce-aux-evs-centres-sociaux\\\/\"},\"author\":{\"name\":\"laure\",\"@id\":\"https:\\\/\\\/aliso.fr\\\/reseau\\\/#\\\/schema\\\/person\\\/056af145b9c52eee21a9f739489104a5\"},\"headline\":\"COUP DE POUCE AUX EVS &amp; CENTRES SOCIAUX ?&#8230;\",\"datePublished\":\"2024-02-20T13:41:37+00:00\",\"dateModified\":\"2024-02-21T14:40:25+00:00\",\"mainEntityOfPage\":{\"@id\":\"https:\\\/\\\/aliso.fr\\\/reseau\\\/coup-de-pouce-aux-evs-centres-sociaux\\\/\"},\"wordCount\":703,\"publisher\":{\"@id\":\"https:\\\/\\\/aliso.fr\\\/reseau\\\/#organization\"},\"image\":{\"@id\":\"https:\\\/\\\/aliso.fr\\\/reseau\\\/coup-de-pouce-aux-evs-centres-sociaux\\\/#primaryimage\"},\"thumbnailUrl\":\"https:\\\/\\\/aliso.fr\\\/reseau\\\/wp-content\\\/uploads\\\/sites\\\/4\\\/2024\\\/02\\\/caf-creuse.png\",\"articleSection\":[\"Actualit\u00e9\"],\"inLanguage\":\"fr-FR\"},{\"@type\":\"WebPage\",\"@id\":\"https:\\\/\\\/aliso.fr\\\/reseau\\\/coup-de-pouce-aux-evs-centres-sociaux\\\/\",\"url\":\"https:\\\/\\\/aliso.fr\\\/reseau\\\/coup-de-pouce-aux-evs-centres-sociaux\\\/\",\"name\":\"COUP DE POUCE AUX EVS &amp; CENTRES SOCIAUX ?... - Aliso R\u00e9seau\",\"isPartOf\":{\"@id\":\"https:\\\/\\\/aliso.fr\\\/reseau\\\/#website\"},\"primaryImageOfPage\":{\"@id\":\"https:\\\/\\\/aliso.fr\\\/reseau\\\/coup-de-pouce-aux-evs-centres-sociaux\\\/#primaryimage\"},\"image\":{\"@id\":\"https:\\\/\\\/aliso.fr\\\/reseau\\\/coup-de-pouce-aux-evs-centres-sociaux\\\/#primaryimage\"},\"thumbnailUrl\":\"https:\\\/\\\/aliso.fr\\\/reseau\\\/wp-content\\\/uploads\\\/sites\\\/4\\\/2024\\\/02\\\/caf-creuse.png\",\"datePublished\":\"2024-02-20T13:41:37+00:00\",\"dateModified\":\"2024-02-21T14:40:25+00:00\",\"breadcrumb\":{\"@id\":\"https:\\\/\\\/aliso.fr\\\/reseau\\\/coup-de-pouce-aux-evs-centres-sociaux\\\/#breadcrumb\"},\"inLanguage\":\"fr-FR\",\"potentialAction\":[{\"@type\":\"ReadAction\",\"target\":[\"https:\\\/\\\/aliso.fr\\\/reseau\\\/coup-de-pouce-aux-evs-centres-sociaux\\\/\"]}]},{\"@type\":\"ImageObject\",\"inLanguage\":\"fr-FR\",\"@id\":\"https:\\\/\\\/aliso.fr\\\/reseau\\\/coup-de-pouce-aux-evs-centres-sociaux\\\/#primaryimage\",\"url\":\"https:\\\/\\\/aliso.fr\\\/reseau\\\/wp-content\\\/uploads\\\/sites\\\/4\\\/2024\\\/02\\\/caf-creuse.png\",\"contentUrl\":\"https:\\\/\\\/aliso.fr\\\/reseau\\\/wp-content\\\/uploads\\\/sites\\\/4\\\/2024\\\/02\\\/caf-creuse.png\",\"width\":264,\"height\":191},{\"@type\":\"BreadcrumbList\",\"@id\":\"https:\\\/\\\/aliso.fr\\\/reseau\\\/coup-de-pouce-aux-evs-centres-sociaux\\\/#breadcrumb\",\"itemListElement\":[{\"@type\":\"ListItem\",\"position\":1,\"name\":\"Accueil\",\"item\":\"https:\\\/\\\/aliso.fr\\\/reseau\\\/\"},{\"@type\":\"ListItem\",\"position\":2,\"name\":\"Actualit\u00e9\",\"item\":\"https:\\\/\\\/aliso.fr\\\/reseau\\\/actualite\\\/\"},{\"@type\":\"ListItem\",\"position\":3,\"name\":\"COUP DE POUCE AUX EVS &amp; CENTRES SOCIAUX ?&#8230;\"}]},{\"@type\":\"WebSite\",\"@id\":\"https:\\\/\\\/aliso.fr\\\/reseau\\\/#website\",\"url\":\"https:\\\/\\\/aliso.fr\\\/reseau\\\/\",\"name\":\"Aliso R\u00e9seau\",\"description\":\"R\u00e9seau Creusois des acteurs du lien social\",\"publisher\":{\"@id\":\"https:\\\/\\\/aliso.fr\\\/reseau\\\/#organization\"},\"potentialAction\":[{\"@type\":\"SearchAction\",\"target\":{\"@type\":\"EntryPoint\",\"urlTemplate\":\"https:\\\/\\\/aliso.fr\\\/reseau\\\/?s={search_term_string}\"},\"query-input\":{\"@type\":\"PropertyValueSpecification\",\"valueRequired\":true,\"valueName\":\"search_term_string\"}}],\"inLanguage\":\"fr-FR\"},{\"@type\":\"Organization\",\"@id\":\"https:\\\/\\\/aliso.fr\\\/reseau\\\/#organization\",\"name\":\"Aliso R\u00e9seau\",\"url\":\"https:\\\/\\\/aliso.fr\\\/reseau\\\/\",\"logo\":{\"@type\":\"ImageObject\",\"inLanguage\":\"fr-FR\",\"@id\":\"https:\\\/\\\/aliso.fr\\\/reseau\\\/#\\\/schema\\\/logo\\\/image\\\/\",\"url\":\"https:\\\/\\\/aliso.fr\\\/reseau\\\/wp-content\\\/uploads\\\/sites\\\/4\\\/2022\\\/01\\\/Logo-ALISO-Reseau-2.png\",\"contentUrl\":\"https:\\\/\\\/aliso.fr\\\/reseau\\\/wp-content\\\/uploads\\\/sites\\\/4\\\/2022\\\/01\\\/Logo-ALISO-Reseau-2.png\",\"width\":900,\"height\":970,\"caption\":\"Aliso R\u00e9seau\"},\"image\":{\"@id\":\"https:\\\/\\\/aliso.fr\\\/reseau\\\/#\\\/schema\\\/logo\\\/image\\\/\"}},{\"@type\":\"Person\",\"@id\":\"https:\\\/\\\/aliso.fr\\\/reseau\\\/#\\\/schema\\\/person\\\/056af145b9c52eee21a9f739489104a5\",\"name\":\"laure\"}]}<\/script>\n<!-- \/ Yoast SEO plugin. -->","yoast_head_json":{"title":"COUP DE POUCE                         AUX EVS &amp; CENTRES SOCIAUX ?... - Aliso R\u00e9seau","robots":{"index":"index","follow":"follow","max-snippet":"max-snippet:-1","max-image-preview":"max-image-preview:large","max-video-preview":"max-video-preview:-1"},"canonical":"https:\/\/aliso.fr\/reseau\/coup-de-pouce-aux-evs-centres-sociaux\/","og_locale":"fr_FR","og_type":"article","og_title":"COUP DE POUCE                         AUX EVS &amp; CENTRES SOCIAUX ?... - Aliso R\u00e9seau","og_description":"Au risque de radoter, mais pour le plaisir de semer des graines de solidarit\u00e9, on vous partage des pr\u00e9cieuses informations \u00e0 discuter. On le dit souvent, la CAF de la Creuse est un partenaire pr\u00e9cieux pour notre r\u00e9seau ALISO.Dans cette d\u00e9marche de travail partenarial, Agn\u00e8s Roche, charg\u00e9e de Conseil et de D\u00e9veloppement, R\u00e9f\u00e9rente Etablissement d&rsquo;Accueil... En savoir plus &raquo;","og_url":"https:\/\/aliso.fr\/reseau\/coup-de-pouce-aux-evs-centres-sociaux\/","og_site_name":"Aliso R\u00e9seau","article_published_time":"2024-02-20T13:41:37+00:00","article_modified_time":"2024-02-21T14:40:25+00:00","og_image":[{"width":264,"height":191,"url":"https:\/\/aliso.fr\/reseau\/wp-content\/uploads\/sites\/4\/2024\/02\/caf-creuse.png","type":"image\/png"}],"author":"laure","twitter_card":"summary_large_image","schema":{"@context":"https:\/\/schema.org","@graph":[{"@type":"Article","@id":"https:\/\/aliso.fr\/reseau\/coup-de-pouce-aux-evs-centres-sociaux\/#article","isPartOf":{"@id":"https:\/\/aliso.fr\/reseau\/coup-de-pouce-aux-evs-centres-sociaux\/"},"author":{"name":"laure","@id":"https:\/\/aliso.fr\/reseau\/#\/schema\/person\/056af145b9c52eee21a9f739489104a5"},"headline":"COUP DE POUCE AUX EVS &amp; CENTRES SOCIAUX ?&#8230;","datePublished":"2024-02-20T13:41:37+00:00","dateModified":"2024-02-21T14:40:25+00:00","mainEntityOfPage":{"@id":"https:\/\/aliso.fr\/reseau\/coup-de-pouce-aux-evs-centres-sociaux\/"},"wordCount":703,"publisher":{"@id":"https:\/\/aliso.fr\/reseau\/#organization"},"image":{"@id":"https:\/\/aliso.fr\/reseau\/coup-de-pouce-aux-evs-centres-sociaux\/#primaryimage"},"thumbnailUrl":"https:\/\/aliso.fr\/reseau\/wp-content\/uploads\/sites\/4\/2024\/02\/caf-creuse.png","articleSection":["Actualit\u00e9"],"inLanguage":"fr-FR"},{"@type":"WebPage","@id":"https:\/\/aliso.fr\/reseau\/coup-de-pouce-aux-evs-centres-sociaux\/","url":"https:\/\/aliso.fr\/reseau\/coup-de-pouce-aux-evs-centres-sociaux\/","name":"COUP DE POUCE AUX EVS &amp; CENTRES SOCIAUX ?... - Aliso R\u00e9seau","isPartOf":{"@id":"https:\/\/aliso.fr\/reseau\/#website"},"primaryImageOfPage":{"@id":"https:\/\/aliso.fr\/reseau\/coup-de-pouce-aux-evs-centres-sociaux\/#primaryimage"},"image":{"@id":"https:\/\/aliso.fr\/reseau\/coup-de-pouce-aux-evs-centres-sociaux\/#primaryimage"},"thumbnailUrl":"https:\/\/aliso.fr\/reseau\/wp-content\/uploads\/sites\/4\/2024\/02\/caf-creuse.png","datePublished":"2024-02-20T13:41:37+00:00","dateModified":"2024-02-21T14:40:25+00:00","breadcrumb":{"@id":"https:\/\/aliso.fr\/reseau\/coup-de-pouce-aux-evs-centres-sociaux\/#breadcrumb"},"inLanguage":"fr-FR","potentialAction":[{"@type":"ReadAction","target":["https:\/\/aliso.fr\/reseau\/coup-de-pouce-aux-evs-centres-sociaux\/"]}]},{"@type":"ImageObject","inLanguage":"fr-FR","@id":"https:\/\/aliso.fr\/reseau\/coup-de-pouce-aux-evs-centres-sociaux\/#primaryimage","url":"https:\/\/aliso.fr\/reseau\/wp-content\/uploads\/sites\/4\/2024\/02\/caf-creuse.png","contentUrl":"https:\/\/aliso.fr\/reseau\/wp-content\/uploads\/sites\/4\/2024\/02\/caf-creuse.png","width":264,"height":191},{"@type":"BreadcrumbList","@id":"https:\/\/aliso.fr\/reseau\/coup-de-pouce-aux-evs-centres-sociaux\/#breadcrumb","itemListElement":[{"@type":"ListItem","position":1,"name":"Accueil","item":"https:\/\/aliso.fr\/reseau\/"},{"@type":"ListItem","position":2,"name":"Actualit\u00e9","item":"https:\/\/aliso.fr\/reseau\/actualite\/"},{"@type":"ListItem","position":3,"name":"COUP DE POUCE AUX EVS &amp; CENTRES SOCIAUX ?&#8230;"}]},{"@type":"WebSite","@id":"https:\/\/aliso.fr\/reseau\/#website","url":"https:\/\/aliso.fr\/reseau\/","name":"Aliso R\u00e9seau","description":"R\u00e9seau Creusois des acteurs du lien social","publisher":{"@id":"https:\/\/aliso.fr\/reseau\/#organization"},"potentialAction":[{"@type":"SearchAction","target":{"@type":"EntryPoint","urlTemplate":"https:\/\/aliso.fr\/reseau\/?s={search_term_string}"},"query-input":{"@type":"PropertyValueSpecification","valueRequired":true,"valueName":"search_term_string"}}],"inLanguage":"fr-FR"},{"@type":"Organization","@id":"https:\/\/aliso.fr\/reseau\/#organization","name":"Aliso R\u00e9seau","url":"https:\/\/aliso.fr\/reseau\/","logo":{"@type":"ImageObject","inLanguage":"fr-FR","@id":"https:\/\/aliso.fr\/reseau\/#\/schema\/logo\/image\/","url":"https:\/\/aliso.fr\/reseau\/wp-content\/uploads\/sites\/4\/2022\/01\/Logo-ALISO-Reseau-2.png","contentUrl":"https:\/\/aliso.fr\/reseau\/wp-content\/uploads\/sites\/4\/2022\/01\/Logo-ALISO-Reseau-2.png","width":900,"height":970,"caption":"Aliso R\u00e9seau"},"image":{"@id":"https:\/\/aliso.fr\/reseau\/#\/schema\/logo\/image\/"}},{"@type":"Person","@id":"https:\/\/aliso.fr\/reseau\/#\/schema\/person\/056af145b9c52eee21a9f739489104a5","name":"laure"}]}},"_links":{"self":[{"href":"https:\/\/aliso.fr\/reseau\/wp-json\/wp\/v2\/posts\/2271","targetHints":{"allow":["GET"]}}],"collection":[{"href":"https:\/\/aliso.fr\/reseau\/wp-json\/wp\/v2\/posts"}],"about":[{"href":"https:\/\/aliso.fr\/reseau\/wp-json\/wp\/v2\/types\/post"}],"author":[{"embeddable":true,"href":"https:\/\/aliso.fr\/reseau\/wp-json\/wp\/v2\/users\/3"}],"replies":[{"embeddable":true,"href":"https:\/\/aliso.fr\/reseau\/wp-json\/wp\/v2\/comments?post=2271"}],"version-history":[{"count":2,"href":"https:\/\/aliso.fr\/reseau\/wp-json\/wp\/v2\/posts\/2271\/revisions"}],"predecessor-version":[{"id":2289,"href":"https:\/\/aliso.fr\/reseau\/wp-json\/wp\/v2\/posts\/2271\/revisions\/2289"}],"wp:featuredmedia":[{"embeddable":true,"href":"https:\/\/aliso.fr\/reseau\/wp-json\/wp\/v2\/media\/2272"}],"wp:attachment":[{"href":"https:\/\/aliso.fr\/reseau\/wp-json\/wp\/v2\/media?parent=2271"}],"wp:term":[{"taxonomy":"category","embeddable":true,"href":"https:\/\/aliso.fr\/reseau\/wp-json\/wp\/v2\/categories?post=2271"},{"taxonomy":"post_tag","embeddable":true,"href":"https:\/\/aliso.fr\/reseau\/wp-json\/wp\/v2\/tags?post=2271"}],"curies":[{"name":"wp","href":"https:\/\/api.w.org\/{rel}","templated":true}]}}