{"id":2382,"date":"2024-06-06T14:45:08","date_gmt":"2024-06-06T12:45:08","guid":{"rendered":"https:\/\/aliso.fr\/reseau\/?p=2382"},"modified":"2024-06-06T15:03:19","modified_gmt":"2024-06-06T13:03:19","slug":"aliso-la-saisine-du-hcva","status":"publish","type":"post","link":"https:\/\/aliso.fr\/reseau\/aliso-la-saisine-du-hcva\/","title":{"rendered":"ALISO &amp; la saisine du HCVA"},"content":{"rendered":"\n<p>Comme vous le savez, ALISO \u00e9change et partage depuis plusieurs mois avec diff\u00e9rent.es acteurices du milieu associatif partout en France sur la question des libert\u00e9s associatives. Dans ce cadre-l\u00e0, il a \u00e9t\u00e9 d\u00e9cid\u00e9 d\u2019op\u00e9rer une saisine du Haut Conseil \u00e0 la Vie Associative (HCVA) pour interpeller sur ce sujet-l\u00e0 en posant deux questions\u00a0via une lettre r\u00e9dig\u00e9e \u00e0 plusieurs mains. <br><br><em>Si vous avez besoin d&rsquo;une mise \u00e0 jour avant de poursuivre votre lecture, pour savoir ce qu&rsquo;est le HCVA, c&rsquo;est ici : <a href=\"https:\/\/associations.gouv.fr\/le-haut-conseil-a-la-vie-associative.html\" target=\"_blank\" rel=\"noreferrer noopener\">https:\/\/associations.gouv.fr\/le-haut-conseil-a-la-vie-associative.html<\/a><\/em><\/p>\n\n\n\n<p>Un temps d&rsquo;\u00e9change est pr\u00e9vu pour expliquer la d\u00e9marche, la proc\u00e9dure et r\u00e9pondre \u00e0 vos questions le :<br><strong>vendredi 7 juin \u00e0 14h en visio.<\/strong><br>&gt;&gt;&gt;<a href=\"https:\/\/bbb.paquerette.eu\/b\/oli-ysf-ruf-ur5\">https:\/\/bbb.paquerette.eu\/b\/oli-ysf-ruf-ur5<\/a><\/p>\n\n\n\n<p>Les questions sont les suivantes&nbsp;:<\/p>\n\n\n\n<p><strong>&#8211; Comment garantir un usage r\u00e9gul\u00e9, clair et cantonn\u00e9 strictement \u00e0 l\u2019objet de la loi, du Contrat d&rsquo;engagement r\u00e9publicain par les services d\u00e9concentr\u00e9s de l&rsquo;\u00c9tat et les collectivit\u00e9s en g\u00e9n\u00e9ral&nbsp;? Comment \u00e9viter qu\u2019un amalgame soit op\u00e9r\u00e9, faisant du CER un outil manipul\u00e9 \u00e0 d\u2019autres fins ?<\/strong><\/p>\n\n\n\n<p><strong>&#8211; Comment s&rsquo;assurer de la transparence et l&rsquo;honn\u00eatet\u00e9 des r\u00e9ponses de l\u2019\u00c9tat et des collectivit\u00e9s en g\u00e9n\u00e9ral, lorsque, m\u00eame sans r\u00e9f\u00e9rence au Contrat d&rsquo;engagement r\u00e9publicain, des mesures contre certaines associations sont prises de mani\u00e8re obscure&nbsp;?<\/strong><\/p>\n\n\n\n<p>Mais au-del\u00e0 de la simple lettre et de sa signature, cette saisine permet de <strong>partager et d\u2019\u00e9changer sur cette th\u00e9matique collectivement dans notre r\u00e9seau, avec des r\u00e9seaux d\u00e9partementaux, r\u00e9gionaux et nationaux, mais \u00e9galement de mani\u00e8re \u00ab&nbsp;individuelle&nbsp;\u00bb au sein de votre propre structure entre administrateur.ices, salari\u00e9.es, b\u00e9n\u00e9voles.<\/strong><\/p>\n\n\n\n<p>Aujourd\u2019hui, nous recevons des signatures d\u2019associations de partout en France et qui ne sont pas forc\u00e9ment vis\u00e9es par des actes r\u00e9pr\u00e9hensibles. Aujourd\u2019hui, nous en sommes \u00e0 une cinquantaine de signatures. Les signatures sont anonymes et la liste des associations qui soutiennent l\u2019action sera transmise par voie unique au HCVA. Sauf en affirmant son soutien, personne ne pourra savoir qui a sign\u00e9.<\/p>\n\n\n\n<p>Lors du dernier CA, les adh\u00e9rent.es d\u2019ALISO ont d\u00e9cid\u00e9 de signer cette lettre au nom d\u2019ALISO. Une partie du r\u00e9seau la signe en compl\u00e9ment avec sa propre structure.<\/p>\n\n\n\n<p><strong>Au-del\u00e0 de cela, pourquoi ALISO s\u2019est positionn\u00e9 pour r\u00e9colter les signatures des assos relevant de l\u2019\u00e9ducation populaire et de l\u2019animation socio-culturelle&nbsp;?<\/strong><\/p>\n\n\n\n<ul class=\"wp-block-list\">\n<li>Car, que \u00e7a soit par ALISO R\u00e9seau ou ALISO Initiatives, nous sommes un observateur privil\u00e9gi\u00e9 du milieu associatif et de ce qu\u2019il s\u2019y passe. Nous pouvons constater et transmettre des situations, des faits et actes \u00e9manant du terrain.<\/li>\n\n\n\n<li>Parce qu\u2019ALISO, en tant que r\u00e9seau, repr\u00e9sente environ 450 salari\u00e9.es permanents et un millier d\u2019administrateur.ices ou de b\u00e9n\u00e9voles participant \u00e0 la gouvernance de leurs assos et que beaucoup parmi vous sont inqui\u00e8t.es de la situation. ALISO est un moyen de porter votre parole et la force du r\u00e9seau gr\u00e2ce \u00e0 une voix commune tout en \u00e9tant vigilant de ce qu\u2019il se passe aupr\u00e8s de vous, adh\u00e9rents.<\/li>\n\n\n\n<li>Parce qu\u2019ALISO est un acteur ayant des espaces privil\u00e9gi\u00e9s d\u2019\u00e9changes et de partages avec nos partenaires institutionnels et, gr\u00e2ce \u00e0 cela, nous pouvons discuter de ce sujet avec eux sans se sentir dans une position de danger.<\/li>\n\n\n\n<li>Parce que, par le biais d\u2019ALISO, nous pouvons apporter des ressources collectives et \u00eatre solidaire tous ensemble en cas de besoin.<\/li>\n\n\n\n<li>Enfin, nous constatons que la principale raison qui fait que les associations ne signent pas la lettre (mais pour la majorit\u00e9 soutiennent la lettre) est la peur. La peur de perdre des financements ou d\u2019obtenir des soutiens institutionnels. Or nous pensons et affirmons que la peur ne doit pas orienter nos actions. Il est important donc d\u2019\u00e9changer librement sur ce sujet. ALISO permet cet \u00e9change et \u00ab&nbsp;s\u00e9curise&nbsp;\u00bb nos adh\u00e9rent.es dans ce d\u00e9bat.<\/li>\n<\/ul>\n\n\n\n<p>&#8211;&gt; Si vous voulez signer la saisine, c\u2019est tr\u00e8s simple, il faut nous transmettre le nom de l\u2019asso, le si\u00e8ge social, son objet statutaire (informations indispensables) et si vous avez un agr\u00e9ment JEP ainsi que votre num\u00e9ro RNA ou siret (pas obligatoire).<\/p>\n\n\n\n<p>La lettre est disponible \u00e9galement sur simple demande. &nbsp;<\/p>\n\n\n\n<p>Nous vous tiendrons au courant de la suite rapidement.<br><br><\/p>\n\n\n\n<p><\/p>\n","protected":false},"excerpt":{"rendered":"<p>Comme vous le savez, ALISO \u00e9change et partage depuis plusieurs mois avec diff\u00e9rent.es acteurices du milieu associatif partout en France sur la question des libert\u00e9s associatives. Dans ce cadre-l\u00e0, il a \u00e9t\u00e9 d\u00e9cid\u00e9 d\u2019op\u00e9rer une saisine du Haut Conseil \u00e0 la Vie Associative (HCVA) pour interpeller sur ce sujet-l\u00e0 en posant deux questions\u00a0via une lettre&#8230; <a class=\"excerpt-read-more button\" href=\"https:\/\/aliso.fr\/reseau\/aliso-la-saisine-du-hcva\/\" title=\"ReadALISO &amp; la saisine du HCVA\">En savoir plus &raquo;<\/a><\/p>\n","protected":false},"author":3,"featured_media":2384,"comment_status":"closed","ping_status":"open","sticky":false,"template":"","format":"standard","meta":{"footnotes":""},"categories":[3,7],"tags":[],"class_list":["post-2382","post","type-post","status-publish","format-standard","has-post-thumbnail","hentry","category-actualite","category-nos-actions"],"yoast_head":"<!-- This site is optimized with the Yoast SEO plugin v27.5 - https:\/\/yoast.com\/product\/yoast-seo-wordpress\/ -->\n<title>ALISO &amp; la saisine du HCVA - Aliso R\u00e9seau<\/title>\n<meta name=\"robots\" content=\"index, follow, max-snippet:-1, max-image-preview:large, max-video-preview:-1\" \/>\n<link rel=\"canonical\" href=\"https:\/\/aliso.fr\/reseau\/aliso-la-saisine-du-hcva\/\" \/>\n<meta property=\"og:locale\" content=\"fr_FR\" \/>\n<meta property=\"og:type\" content=\"article\" \/>\n<meta property=\"og:title\" content=\"ALISO &amp; la saisine du HCVA - Aliso R\u00e9seau\" \/>\n<meta property=\"og:description\" content=\"Comme vous le savez, ALISO \u00e9change et partage depuis plusieurs mois avec diff\u00e9rent.es acteurices du milieu associatif partout en France sur la question des libert\u00e9s associatives. Dans ce cadre-l\u00e0, il a \u00e9t\u00e9 d\u00e9cid\u00e9 d\u2019op\u00e9rer une saisine du Haut Conseil \u00e0 la Vie Associative (HCVA) pour interpeller sur ce sujet-l\u00e0 en posant deux questions\u00a0via une lettre... En savoir plus &raquo;\" \/>\n<meta property=\"og:url\" content=\"https:\/\/aliso.fr\/reseau\/aliso-la-saisine-du-hcva\/\" \/>\n<meta property=\"og:site_name\" content=\"Aliso R\u00e9seau\" \/>\n<meta property=\"article:published_time\" content=\"2024-06-06T12:45:08+00:00\" \/>\n<meta property=\"article:modified_time\" content=\"2024-06-06T13:03:19+00:00\" \/>\n<meta property=\"og:image\" content=\"https:\/\/aliso.fr\/reseau\/wp-content\/uploads\/sites\/4\/2024\/06\/etat.png\" \/>\n\t<meta property=\"og:image:width\" content=\"293\" \/>\n\t<meta property=\"og:image:height\" content=\"172\" \/>\n\t<meta property=\"og:image:type\" content=\"image\/png\" \/>\n<meta name=\"author\" content=\"laure\" \/>\n<meta name=\"twitter:card\" content=\"summary_large_image\" \/>\n<script type=\"application\/ld+json\" class=\"yoast-schema-graph\">{\"@context\":\"https:\\\/\\\/schema.org\",\"@graph\":[{\"@type\":\"Article\",\"@id\":\"https:\\\/\\\/aliso.fr\\\/reseau\\\/aliso-la-saisine-du-hcva\\\/#article\",\"isPartOf\":{\"@id\":\"https:\\\/\\\/aliso.fr\\\/reseau\\\/aliso-la-saisine-du-hcva\\\/\"},\"author\":{\"name\":\"laure\",\"@id\":\"https:\\\/\\\/aliso.fr\\\/reseau\\\/#\\\/schema\\\/person\\\/056af145b9c52eee21a9f739489104a5\"},\"headline\":\"ALISO &amp; la saisine du HCVA\",\"datePublished\":\"2024-06-06T12:45:08+00:00\",\"dateModified\":\"2024-06-06T13:03:19+00:00\",\"mainEntityOfPage\":{\"@id\":\"https:\\\/\\\/aliso.fr\\\/reseau\\\/aliso-la-saisine-du-hcva\\\/\"},\"wordCount\":767,\"publisher\":{\"@id\":\"https:\\\/\\\/aliso.fr\\\/reseau\\\/#organization\"},\"image\":{\"@id\":\"https:\\\/\\\/aliso.fr\\\/reseau\\\/aliso-la-saisine-du-hcva\\\/#primaryimage\"},\"thumbnailUrl\":\"https:\\\/\\\/aliso.fr\\\/reseau\\\/wp-content\\\/uploads\\\/sites\\\/4\\\/2024\\\/06\\\/etat.png\",\"articleSection\":[\"Actualit\u00e9\",\"Nos actions\"],\"inLanguage\":\"fr-FR\"},{\"@type\":\"WebPage\",\"@id\":\"https:\\\/\\\/aliso.fr\\\/reseau\\\/aliso-la-saisine-du-hcva\\\/\",\"url\":\"https:\\\/\\\/aliso.fr\\\/reseau\\\/aliso-la-saisine-du-hcva\\\/\",\"name\":\"ALISO &amp; la saisine du HCVA - Aliso R\u00e9seau\",\"isPartOf\":{\"@id\":\"https:\\\/\\\/aliso.fr\\\/reseau\\\/#website\"},\"primaryImageOfPage\":{\"@id\":\"https:\\\/\\\/aliso.fr\\\/reseau\\\/aliso-la-saisine-du-hcva\\\/#primaryimage\"},\"image\":{\"@id\":\"https:\\\/\\\/aliso.fr\\\/reseau\\\/aliso-la-saisine-du-hcva\\\/#primaryimage\"},\"thumbnailUrl\":\"https:\\\/\\\/aliso.fr\\\/reseau\\\/wp-content\\\/uploads\\\/sites\\\/4\\\/2024\\\/06\\\/etat.png\",\"datePublished\":\"2024-06-06T12:45:08+00:00\",\"dateModified\":\"2024-06-06T13:03:19+00:00\",\"breadcrumb\":{\"@id\":\"https:\\\/\\\/aliso.fr\\\/reseau\\\/aliso-la-saisine-du-hcva\\\/#breadcrumb\"},\"inLanguage\":\"fr-FR\",\"potentialAction\":[{\"@type\":\"ReadAction\",\"target\":[\"https:\\\/\\\/aliso.fr\\\/reseau\\\/aliso-la-saisine-du-hcva\\\/\"]}]},{\"@type\":\"ImageObject\",\"inLanguage\":\"fr-FR\",\"@id\":\"https:\\\/\\\/aliso.fr\\\/reseau\\\/aliso-la-saisine-du-hcva\\\/#primaryimage\",\"url\":\"https:\\\/\\\/aliso.fr\\\/reseau\\\/wp-content\\\/uploads\\\/sites\\\/4\\\/2024\\\/06\\\/etat.png\",\"contentUrl\":\"https:\\\/\\\/aliso.fr\\\/reseau\\\/wp-content\\\/uploads\\\/sites\\\/4\\\/2024\\\/06\\\/etat.png\",\"width\":293,\"height\":172},{\"@type\":\"BreadcrumbList\",\"@id\":\"https:\\\/\\\/aliso.fr\\\/reseau\\\/aliso-la-saisine-du-hcva\\\/#breadcrumb\",\"itemListElement\":[{\"@type\":\"ListItem\",\"position\":1,\"name\":\"Accueil\",\"item\":\"https:\\\/\\\/aliso.fr\\\/reseau\\\/\"},{\"@type\":\"ListItem\",\"position\":2,\"name\":\"Actualit\u00e9\",\"item\":\"https:\\\/\\\/aliso.fr\\\/reseau\\\/actualite\\\/\"},{\"@type\":\"ListItem\",\"position\":3,\"name\":\"ALISO &amp; la saisine du HCVA\"}]},{\"@type\":\"WebSite\",\"@id\":\"https:\\\/\\\/aliso.fr\\\/reseau\\\/#website\",\"url\":\"https:\\\/\\\/aliso.fr\\\/reseau\\\/\",\"name\":\"Aliso R\u00e9seau\",\"description\":\"R\u00e9seau Creusois des acteurs du lien social\",\"publisher\":{\"@id\":\"https:\\\/\\\/aliso.fr\\\/reseau\\\/#organization\"},\"potentialAction\":[{\"@type\":\"SearchAction\",\"target\":{\"@type\":\"EntryPoint\",\"urlTemplate\":\"https:\\\/\\\/aliso.fr\\\/reseau\\\/?s={search_term_string}\"},\"query-input\":{\"@type\":\"PropertyValueSpecification\",\"valueRequired\":true,\"valueName\":\"search_term_string\"}}],\"inLanguage\":\"fr-FR\"},{\"@type\":\"Organization\",\"@id\":\"https:\\\/\\\/aliso.fr\\\/reseau\\\/#organization\",\"name\":\"Aliso R\u00e9seau\",\"url\":\"https:\\\/\\\/aliso.fr\\\/reseau\\\/\",\"logo\":{\"@type\":\"ImageObject\",\"inLanguage\":\"fr-FR\",\"@id\":\"https:\\\/\\\/aliso.fr\\\/reseau\\\/#\\\/schema\\\/logo\\\/image\\\/\",\"url\":\"https:\\\/\\\/aliso.fr\\\/reseau\\\/wp-content\\\/uploads\\\/sites\\\/4\\\/2022\\\/01\\\/Logo-ALISO-Reseau-2.png\",\"contentUrl\":\"https:\\\/\\\/aliso.fr\\\/reseau\\\/wp-content\\\/uploads\\\/sites\\\/4\\\/2022\\\/01\\\/Logo-ALISO-Reseau-2.png\",\"width\":900,\"height\":970,\"caption\":\"Aliso R\u00e9seau\"},\"image\":{\"@id\":\"https:\\\/\\\/aliso.fr\\\/reseau\\\/#\\\/schema\\\/logo\\\/image\\\/\"}},{\"@type\":\"Person\",\"@id\":\"https:\\\/\\\/aliso.fr\\\/reseau\\\/#\\\/schema\\\/person\\\/056af145b9c52eee21a9f739489104a5\",\"name\":\"laure\"}]}<\/script>\n<!-- \/ Yoast SEO plugin. -->","yoast_head_json":{"title":"ALISO &amp; la saisine du HCVA - Aliso R\u00e9seau","robots":{"index":"index","follow":"follow","max-snippet":"max-snippet:-1","max-image-preview":"max-image-preview:large","max-video-preview":"max-video-preview:-1"},"canonical":"https:\/\/aliso.fr\/reseau\/aliso-la-saisine-du-hcva\/","og_locale":"fr_FR","og_type":"article","og_title":"ALISO &amp; la saisine du HCVA - Aliso R\u00e9seau","og_description":"Comme vous le savez, ALISO \u00e9change et partage depuis plusieurs mois avec diff\u00e9rent.es acteurices du milieu associatif partout en France sur la question des libert\u00e9s associatives. Dans ce cadre-l\u00e0, il a \u00e9t\u00e9 d\u00e9cid\u00e9 d\u2019op\u00e9rer une saisine du Haut Conseil \u00e0 la Vie Associative (HCVA) pour interpeller sur ce sujet-l\u00e0 en posant deux questions\u00a0via une lettre... En savoir plus &raquo;","og_url":"https:\/\/aliso.fr\/reseau\/aliso-la-saisine-du-hcva\/","og_site_name":"Aliso R\u00e9seau","article_published_time":"2024-06-06T12:45:08+00:00","article_modified_time":"2024-06-06T13:03:19+00:00","og_image":[{"width":293,"height":172,"url":"https:\/\/aliso.fr\/reseau\/wp-content\/uploads\/sites\/4\/2024\/06\/etat.png","type":"image\/png"}],"author":"laure","twitter_card":"summary_large_image","schema":{"@context":"https:\/\/schema.org","@graph":[{"@type":"Article","@id":"https:\/\/aliso.fr\/reseau\/aliso-la-saisine-du-hcva\/#article","isPartOf":{"@id":"https:\/\/aliso.fr\/reseau\/aliso-la-saisine-du-hcva\/"},"author":{"name":"laure","@id":"https:\/\/aliso.fr\/reseau\/#\/schema\/person\/056af145b9c52eee21a9f739489104a5"},"headline":"ALISO &amp; la saisine du HCVA","datePublished":"2024-06-06T12:45:08+00:00","dateModified":"2024-06-06T13:03:19+00:00","mainEntityOfPage":{"@id":"https:\/\/aliso.fr\/reseau\/aliso-la-saisine-du-hcva\/"},"wordCount":767,"publisher":{"@id":"https:\/\/aliso.fr\/reseau\/#organization"},"image":{"@id":"https:\/\/aliso.fr\/reseau\/aliso-la-saisine-du-hcva\/#primaryimage"},"thumbnailUrl":"https:\/\/aliso.fr\/reseau\/wp-content\/uploads\/sites\/4\/2024\/06\/etat.png","articleSection":["Actualit\u00e9","Nos actions"],"inLanguage":"fr-FR"},{"@type":"WebPage","@id":"https:\/\/aliso.fr\/reseau\/aliso-la-saisine-du-hcva\/","url":"https:\/\/aliso.fr\/reseau\/aliso-la-saisine-du-hcva\/","name":"ALISO &amp; la saisine du HCVA - Aliso R\u00e9seau","isPartOf":{"@id":"https:\/\/aliso.fr\/reseau\/#website"},"primaryImageOfPage":{"@id":"https:\/\/aliso.fr\/reseau\/aliso-la-saisine-du-hcva\/#primaryimage"},"image":{"@id":"https:\/\/aliso.fr\/reseau\/aliso-la-saisine-du-hcva\/#primaryimage"},"thumbnailUrl":"https:\/\/aliso.fr\/reseau\/wp-content\/uploads\/sites\/4\/2024\/06\/etat.png","datePublished":"2024-06-06T12:45:08+00:00","dateModified":"2024-06-06T13:03:19+00:00","breadcrumb":{"@id":"https:\/\/aliso.fr\/reseau\/aliso-la-saisine-du-hcva\/#breadcrumb"},"inLanguage":"fr-FR","potentialAction":[{"@type":"ReadAction","target":["https:\/\/aliso.fr\/reseau\/aliso-la-saisine-du-hcva\/"]}]},{"@type":"ImageObject","inLanguage":"fr-FR","@id":"https:\/\/aliso.fr\/reseau\/aliso-la-saisine-du-hcva\/#primaryimage","url":"https:\/\/aliso.fr\/reseau\/wp-content\/uploads\/sites\/4\/2024\/06\/etat.png","contentUrl":"https:\/\/aliso.fr\/reseau\/wp-content\/uploads\/sites\/4\/2024\/06\/etat.png","width":293,"height":172},{"@type":"BreadcrumbList","@id":"https:\/\/aliso.fr\/reseau\/aliso-la-saisine-du-hcva\/#breadcrumb","itemListElement":[{"@type":"ListItem","position":1,"name":"Accueil","item":"https:\/\/aliso.fr\/reseau\/"},{"@type":"ListItem","position":2,"name":"Actualit\u00e9","item":"https:\/\/aliso.fr\/reseau\/actualite\/"},{"@type":"ListItem","position":3,"name":"ALISO &amp; la saisine du HCVA"}]},{"@type":"WebSite","@id":"https:\/\/aliso.fr\/reseau\/#website","url":"https:\/\/aliso.fr\/reseau\/","name":"Aliso R\u00e9seau","description":"R\u00e9seau Creusois des acteurs du lien social","publisher":{"@id":"https:\/\/aliso.fr\/reseau\/#organization"},"potentialAction":[{"@type":"SearchAction","target":{"@type":"EntryPoint","urlTemplate":"https:\/\/aliso.fr\/reseau\/?s={search_term_string}"},"query-input":{"@type":"PropertyValueSpecification","valueRequired":true,"valueName":"search_term_string"}}],"inLanguage":"fr-FR"},{"@type":"Organization","@id":"https:\/\/aliso.fr\/reseau\/#organization","name":"Aliso R\u00e9seau","url":"https:\/\/aliso.fr\/reseau\/","logo":{"@type":"ImageObject","inLanguage":"fr-FR","@id":"https:\/\/aliso.fr\/reseau\/#\/schema\/logo\/image\/","url":"https:\/\/aliso.fr\/reseau\/wp-content\/uploads\/sites\/4\/2022\/01\/Logo-ALISO-Reseau-2.png","contentUrl":"https:\/\/aliso.fr\/reseau\/wp-content\/uploads\/sites\/4\/2022\/01\/Logo-ALISO-Reseau-2.png","width":900,"height":970,"caption":"Aliso R\u00e9seau"},"image":{"@id":"https:\/\/aliso.fr\/reseau\/#\/schema\/logo\/image\/"}},{"@type":"Person","@id":"https:\/\/aliso.fr\/reseau\/#\/schema\/person\/056af145b9c52eee21a9f739489104a5","name":"laure"}]}},"_links":{"self":[{"href":"https:\/\/aliso.fr\/reseau\/wp-json\/wp\/v2\/posts\/2382","targetHints":{"allow":["GET"]}}],"collection":[{"href":"https:\/\/aliso.fr\/reseau\/wp-json\/wp\/v2\/posts"}],"about":[{"href":"https:\/\/aliso.fr\/reseau\/wp-json\/wp\/v2\/types\/post"}],"author":[{"embeddable":true,"href":"https:\/\/aliso.fr\/reseau\/wp-json\/wp\/v2\/users\/3"}],"replies":[{"embeddable":true,"href":"https:\/\/aliso.fr\/reseau\/wp-json\/wp\/v2\/comments?post=2382"}],"version-history":[{"count":4,"href":"https:\/\/aliso.fr\/reseau\/wp-json\/wp\/v2\/posts\/2382\/revisions"}],"predecessor-version":[{"id":2394,"href":"https:\/\/aliso.fr\/reseau\/wp-json\/wp\/v2\/posts\/2382\/revisions\/2394"}],"wp:featuredmedia":[{"embeddable":true,"href":"https:\/\/aliso.fr\/reseau\/wp-json\/wp\/v2\/media\/2384"}],"wp:attachment":[{"href":"https:\/\/aliso.fr\/reseau\/wp-json\/wp\/v2\/media?parent=2382"}],"wp:term":[{"taxonomy":"category","embeddable":true,"href":"https:\/\/aliso.fr\/reseau\/wp-json\/wp\/v2\/categories?post=2382"},{"taxonomy":"post_tag","embeddable":true,"href":"https:\/\/aliso.fr\/reseau\/wp-json\/wp\/v2\/tags?post=2382"}],"curies":[{"name":"wp","href":"https:\/\/api.w.org\/{rel}","templated":true}]}}