{"id":2410,"date":"2024-06-27T14:25:13","date_gmt":"2024-06-27T12:25:13","guid":{"rendered":"https:\/\/aliso.fr\/reseau\/?p=2410"},"modified":"2024-06-27T17:03:22","modified_gmt":"2024-06-27T15:03:22","slug":"preparation-des-semaines-de-la-parentalite-en-creuse-2024","status":"publish","type":"post","link":"https:\/\/aliso.fr\/reseau\/preparation-des-semaines-de-la-parentalite-en-creuse-2024\/","title":{"rendered":"Pr\u00e9paration des Semaines de la Parentalit\u00e9 en Creuse 2024"},"content":{"rendered":"\n<div class=\"wp-block-media-text is-stacked-on-mobile is-vertically-aligned-center\"><figure class=\"wp-block-media-text__media\"><img loading=\"lazy\" decoding=\"async\" width=\"440\" height=\"330\" src=\"https:\/\/aliso.fr\/reseau\/wp-content\/uploads\/sites\/4\/2024\/06\/photo27062024parentalite-440x330.jpg\" alt=\"\" class=\"wp-image-2415 size-full\" srcset=\"https:\/\/aliso.fr\/reseau\/wp-content\/uploads\/sites\/4\/2024\/06\/photo27062024parentalite-440x330.jpg 440w, https:\/\/aliso.fr\/reseau\/wp-content\/uploads\/sites\/4\/2024\/06\/photo27062024parentalite-253x190.jpg 253w, https:\/\/aliso.fr\/reseau\/wp-content\/uploads\/sites\/4\/2024\/06\/photo27062024parentalite-768x576.jpg 768w, https:\/\/aliso.fr\/reseau\/wp-content\/uploads\/sites\/4\/2024\/06\/photo27062024parentalite-1536x1152.jpg 1536w, https:\/\/aliso.fr\/reseau\/wp-content\/uploads\/sites\/4\/2024\/06\/photo27062024parentalite-2048x1536.jpg 2048w, https:\/\/aliso.fr\/reseau\/wp-content\/uploads\/sites\/4\/2024\/06\/photo27062024parentalite-1320x990.jpg 1320w\" sizes=\"auto, (max-width: 440px) 100vw, 440px\" \/><\/figure><div class=\"wp-block-media-text__content\">\n<p>Du Vendredi 15 Novembre au Samedi 30 Novembre 2024<\/p>\n\n\n\n<div class=\"wp-block-group is-vertical is-layout-flex wp-container-core-group-is-layout-8cf370e7 wp-block-group-is-layout-flex\">\n<p>Petit rappel des enjeux des semaines de la parentalit\u00e9 :<\/p>\n\n\n\n<p>\u2022 Mettre en lumi\u00e8re des actions de soutien \u00e0 la parentalit\u00e9 en proximit\u00e9 par une programmation<\/p>\n\n\n\n<p>d\u00e9partementale coh\u00e9rente ;<\/p>\n\n\n\n<p>\u2022 Identifier les structures et les personnes ressources pouvant accompagner et orienter les<\/p>\n\n\n\n<p>familles ;<\/p>\n\n\n\n<p>\u2022 Valoriser le soutien \u00e0 la parentalit\u00e9<\/p>\n\n\n\n<p>Le groupe de travail des r\u00e9f\u00e9rentes familles de la Creuse s&rsquo;est d\u00e9j\u00e0 r\u00e9uni 3 fois pour vous proposer un programme tr\u00e8s riche&nbsp;!<\/p>\n\n\n\n<p>Des spectacles, des ateliers, des animations, des discussions\u2026Il y en aura pour tous, pour tous les go\u00fbts, pour tous les \u00e2ges, sur l&rsquo;ensemble du territoire&nbsp;! <\/p>\n\n\n\n<p><\/p>\n\n\n\n<p><\/p>\n<\/div>\n<\/div><\/div>\n","protected":false},"excerpt":{"rendered":"","protected":false},"author":6,"featured_media":2415,"comment_status":"closed","ping_status":"open","sticky":false,"template":"","format":"standard","meta":{"footnotes":""},"categories":[3,7],"tags":[],"class_list":["post-2410","post","type-post","status-publish","format-standard","has-post-thumbnail","hentry","category-actualite","category-nos-actions"],"yoast_head":"<!-- This site is optimized with the Yoast SEO plugin v27.4 - https:\/\/yoast.com\/product\/yoast-seo-wordpress\/ -->\n<title>Pr\u00e9paration des Semaines de la Parentalit\u00e9 en Creuse 2024 - Aliso R\u00e9seau<\/title>\n<meta name=\"robots\" content=\"index, follow, max-snippet:-1, max-image-preview:large, max-video-preview:-1\" \/>\n<link rel=\"canonical\" href=\"https:\/\/aliso.fr\/reseau\/preparation-des-semaines-de-la-parentalite-en-creuse-2024\/\" \/>\n<meta property=\"og:locale\" content=\"fr_FR\" \/>\n<meta property=\"og:type\" content=\"article\" \/>\n<meta property=\"og:title\" content=\"Pr\u00e9paration des Semaines de la Parentalit\u00e9 en Creuse 2024 - Aliso R\u00e9seau\" \/>\n<meta property=\"og:url\" content=\"https:\/\/aliso.fr\/reseau\/preparation-des-semaines-de-la-parentalite-en-creuse-2024\/\" \/>\n<meta property=\"og:site_name\" content=\"Aliso R\u00e9seau\" \/>\n<meta property=\"article:published_time\" content=\"2024-06-27T12:25:13+00:00\" \/>\n<meta property=\"article:modified_time\" content=\"2024-06-27T15:03:22+00:00\" \/>\n<meta property=\"og:image\" content=\"https:\/\/aliso.fr\/reseau\/wp-content\/uploads\/sites\/4\/2024\/06\/photo27062024parentalite-scaled.jpg\" \/>\n\t<meta property=\"og:image:width\" content=\"2560\" \/>\n\t<meta property=\"og:image:height\" content=\"1920\" \/>\n\t<meta property=\"og:image:type\" content=\"image\/jpeg\" \/>\n<meta name=\"author\" content=\"fabienne\" \/>\n<meta name=\"twitter:card\" content=\"summary_large_image\" \/>\n<script type=\"application\/ld+json\" class=\"yoast-schema-graph\">{\"@context\":\"https:\\\/\\\/schema.org\",\"@graph\":[{\"@type\":\"Article\",\"@id\":\"https:\\\/\\\/aliso.fr\\\/reseau\\\/preparation-des-semaines-de-la-parentalite-en-creuse-2024\\\/#article\",\"isPartOf\":{\"@id\":\"https:\\\/\\\/aliso.fr\\\/reseau\\\/preparation-des-semaines-de-la-parentalite-en-creuse-2024\\\/\"},\"author\":{\"name\":\"fabienne\",\"@id\":\"https:\\\/\\\/aliso.fr\\\/reseau\\\/#\\\/schema\\\/person\\\/3c62dd969259025b56573a95a81756b6\"},\"headline\":\"Pr\u00e9paration des Semaines de la Parentalit\u00e9 en Creuse 2024\",\"datePublished\":\"2024-06-27T12:25:13+00:00\",\"dateModified\":\"2024-06-27T15:03:22+00:00\",\"mainEntityOfPage\":{\"@id\":\"https:\\\/\\\/aliso.fr\\\/reseau\\\/preparation-des-semaines-de-la-parentalite-en-creuse-2024\\\/\"},\"wordCount\":118,\"publisher\":{\"@id\":\"https:\\\/\\\/aliso.fr\\\/reseau\\\/#organization\"},\"image\":{\"@id\":\"https:\\\/\\\/aliso.fr\\\/reseau\\\/preparation-des-semaines-de-la-parentalite-en-creuse-2024\\\/#primaryimage\"},\"thumbnailUrl\":\"https:\\\/\\\/aliso.fr\\\/reseau\\\/wp-content\\\/uploads\\\/sites\\\/4\\\/2024\\\/06\\\/photo27062024parentalite-scaled.jpg\",\"articleSection\":[\"Actualit\u00e9\",\"Nos actions\"],\"inLanguage\":\"fr-FR\"},{\"@type\":\"WebPage\",\"@id\":\"https:\\\/\\\/aliso.fr\\\/reseau\\\/preparation-des-semaines-de-la-parentalite-en-creuse-2024\\\/\",\"url\":\"https:\\\/\\\/aliso.fr\\\/reseau\\\/preparation-des-semaines-de-la-parentalite-en-creuse-2024\\\/\",\"name\":\"Pr\u00e9paration des Semaines de la Parentalit\u00e9 en Creuse 2024 - Aliso R\u00e9seau\",\"isPartOf\":{\"@id\":\"https:\\\/\\\/aliso.fr\\\/reseau\\\/#website\"},\"primaryImageOfPage\":{\"@id\":\"https:\\\/\\\/aliso.fr\\\/reseau\\\/preparation-des-semaines-de-la-parentalite-en-creuse-2024\\\/#primaryimage\"},\"image\":{\"@id\":\"https:\\\/\\\/aliso.fr\\\/reseau\\\/preparation-des-semaines-de-la-parentalite-en-creuse-2024\\\/#primaryimage\"},\"thumbnailUrl\":\"https:\\\/\\\/aliso.fr\\\/reseau\\\/wp-content\\\/uploads\\\/sites\\\/4\\\/2024\\\/06\\\/photo27062024parentalite-scaled.jpg\",\"datePublished\":\"2024-06-27T12:25:13+00:00\",\"dateModified\":\"2024-06-27T15:03:22+00:00\",\"breadcrumb\":{\"@id\":\"https:\\\/\\\/aliso.fr\\\/reseau\\\/preparation-des-semaines-de-la-parentalite-en-creuse-2024\\\/#breadcrumb\"},\"inLanguage\":\"fr-FR\",\"potentialAction\":[{\"@type\":\"ReadAction\",\"target\":[\"https:\\\/\\\/aliso.fr\\\/reseau\\\/preparation-des-semaines-de-la-parentalite-en-creuse-2024\\\/\"]}]},{\"@type\":\"ImageObject\",\"inLanguage\":\"fr-FR\",\"@id\":\"https:\\\/\\\/aliso.fr\\\/reseau\\\/preparation-des-semaines-de-la-parentalite-en-creuse-2024\\\/#primaryimage\",\"url\":\"https:\\\/\\\/aliso.fr\\\/reseau\\\/wp-content\\\/uploads\\\/sites\\\/4\\\/2024\\\/06\\\/photo27062024parentalite-scaled.jpg\",\"contentUrl\":\"https:\\\/\\\/aliso.fr\\\/reseau\\\/wp-content\\\/uploads\\\/sites\\\/4\\\/2024\\\/06\\\/photo27062024parentalite-scaled.jpg\",\"width\":2560,\"height\":1920},{\"@type\":\"BreadcrumbList\",\"@id\":\"https:\\\/\\\/aliso.fr\\\/reseau\\\/preparation-des-semaines-de-la-parentalite-en-creuse-2024\\\/#breadcrumb\",\"itemListElement\":[{\"@type\":\"ListItem\",\"position\":1,\"name\":\"Accueil\",\"item\":\"https:\\\/\\\/aliso.fr\\\/reseau\\\/\"},{\"@type\":\"ListItem\",\"position\":2,\"name\":\"Actualit\u00e9\",\"item\":\"https:\\\/\\\/aliso.fr\\\/reseau\\\/actualite\\\/\"},{\"@type\":\"ListItem\",\"position\":3,\"name\":\"Pr\u00e9paration des Semaines de la Parentalit\u00e9 en Creuse 2024\"}]},{\"@type\":\"WebSite\",\"@id\":\"https:\\\/\\\/aliso.fr\\\/reseau\\\/#website\",\"url\":\"https:\\\/\\\/aliso.fr\\\/reseau\\\/\",\"name\":\"Aliso R\u00e9seau\",\"description\":\"R\u00e9seau Creusois des acteurs du lien social\",\"publisher\":{\"@id\":\"https:\\\/\\\/aliso.fr\\\/reseau\\\/#organization\"},\"potentialAction\":[{\"@type\":\"SearchAction\",\"target\":{\"@type\":\"EntryPoint\",\"urlTemplate\":\"https:\\\/\\\/aliso.fr\\\/reseau\\\/?s={search_term_string}\"},\"query-input\":{\"@type\":\"PropertyValueSpecification\",\"valueRequired\":true,\"valueName\":\"search_term_string\"}}],\"inLanguage\":\"fr-FR\"},{\"@type\":\"Organization\",\"@id\":\"https:\\\/\\\/aliso.fr\\\/reseau\\\/#organization\",\"name\":\"Aliso R\u00e9seau\",\"url\":\"https:\\\/\\\/aliso.fr\\\/reseau\\\/\",\"logo\":{\"@type\":\"ImageObject\",\"inLanguage\":\"fr-FR\",\"@id\":\"https:\\\/\\\/aliso.fr\\\/reseau\\\/#\\\/schema\\\/logo\\\/image\\\/\",\"url\":\"https:\\\/\\\/aliso.fr\\\/reseau\\\/wp-content\\\/uploads\\\/sites\\\/4\\\/2022\\\/01\\\/Logo-ALISO-Reseau-2.png\",\"contentUrl\":\"https:\\\/\\\/aliso.fr\\\/reseau\\\/wp-content\\\/uploads\\\/sites\\\/4\\\/2022\\\/01\\\/Logo-ALISO-Reseau-2.png\",\"width\":900,\"height\":970,\"caption\":\"Aliso R\u00e9seau\"},\"image\":{\"@id\":\"https:\\\/\\\/aliso.fr\\\/reseau\\\/#\\\/schema\\\/logo\\\/image\\\/\"}},{\"@type\":\"Person\",\"@id\":\"https:\\\/\\\/aliso.fr\\\/reseau\\\/#\\\/schema\\\/person\\\/3c62dd969259025b56573a95a81756b6\",\"name\":\"fabienne\"}]}<\/script>\n<!-- \/ Yoast SEO plugin. -->","yoast_head_json":{"title":"Pr\u00e9paration des Semaines de la Parentalit\u00e9 en Creuse 2024 - Aliso R\u00e9seau","robots":{"index":"index","follow":"follow","max-snippet":"max-snippet:-1","max-image-preview":"max-image-preview:large","max-video-preview":"max-video-preview:-1"},"canonical":"https:\/\/aliso.fr\/reseau\/preparation-des-semaines-de-la-parentalite-en-creuse-2024\/","og_locale":"fr_FR","og_type":"article","og_title":"Pr\u00e9paration des Semaines de la Parentalit\u00e9 en Creuse 2024 - Aliso R\u00e9seau","og_url":"https:\/\/aliso.fr\/reseau\/preparation-des-semaines-de-la-parentalite-en-creuse-2024\/","og_site_name":"Aliso R\u00e9seau","article_published_time":"2024-06-27T12:25:13+00:00","article_modified_time":"2024-06-27T15:03:22+00:00","og_image":[{"width":2560,"height":1920,"url":"https:\/\/aliso.fr\/reseau\/wp-content\/uploads\/sites\/4\/2024\/06\/photo27062024parentalite-scaled.jpg","type":"image\/jpeg"}],"author":"fabienne","twitter_card":"summary_large_image","schema":{"@context":"https:\/\/schema.org","@graph":[{"@type":"Article","@id":"https:\/\/aliso.fr\/reseau\/preparation-des-semaines-de-la-parentalite-en-creuse-2024\/#article","isPartOf":{"@id":"https:\/\/aliso.fr\/reseau\/preparation-des-semaines-de-la-parentalite-en-creuse-2024\/"},"author":{"name":"fabienne","@id":"https:\/\/aliso.fr\/reseau\/#\/schema\/person\/3c62dd969259025b56573a95a81756b6"},"headline":"Pr\u00e9paration des Semaines de la Parentalit\u00e9 en Creuse 2024","datePublished":"2024-06-27T12:25:13+00:00","dateModified":"2024-06-27T15:03:22+00:00","mainEntityOfPage":{"@id":"https:\/\/aliso.fr\/reseau\/preparation-des-semaines-de-la-parentalite-en-creuse-2024\/"},"wordCount":118,"publisher":{"@id":"https:\/\/aliso.fr\/reseau\/#organization"},"image":{"@id":"https:\/\/aliso.fr\/reseau\/preparation-des-semaines-de-la-parentalite-en-creuse-2024\/#primaryimage"},"thumbnailUrl":"https:\/\/aliso.fr\/reseau\/wp-content\/uploads\/sites\/4\/2024\/06\/photo27062024parentalite-scaled.jpg","articleSection":["Actualit\u00e9","Nos actions"],"inLanguage":"fr-FR"},{"@type":"WebPage","@id":"https:\/\/aliso.fr\/reseau\/preparation-des-semaines-de-la-parentalite-en-creuse-2024\/","url":"https:\/\/aliso.fr\/reseau\/preparation-des-semaines-de-la-parentalite-en-creuse-2024\/","name":"Pr\u00e9paration des Semaines de la Parentalit\u00e9 en Creuse 2024 - Aliso R\u00e9seau","isPartOf":{"@id":"https:\/\/aliso.fr\/reseau\/#website"},"primaryImageOfPage":{"@id":"https:\/\/aliso.fr\/reseau\/preparation-des-semaines-de-la-parentalite-en-creuse-2024\/#primaryimage"},"image":{"@id":"https:\/\/aliso.fr\/reseau\/preparation-des-semaines-de-la-parentalite-en-creuse-2024\/#primaryimage"},"thumbnailUrl":"https:\/\/aliso.fr\/reseau\/wp-content\/uploads\/sites\/4\/2024\/06\/photo27062024parentalite-scaled.jpg","datePublished":"2024-06-27T12:25:13+00:00","dateModified":"2024-06-27T15:03:22+00:00","breadcrumb":{"@id":"https:\/\/aliso.fr\/reseau\/preparation-des-semaines-de-la-parentalite-en-creuse-2024\/#breadcrumb"},"inLanguage":"fr-FR","potentialAction":[{"@type":"ReadAction","target":["https:\/\/aliso.fr\/reseau\/preparation-des-semaines-de-la-parentalite-en-creuse-2024\/"]}]},{"@type":"ImageObject","inLanguage":"fr-FR","@id":"https:\/\/aliso.fr\/reseau\/preparation-des-semaines-de-la-parentalite-en-creuse-2024\/#primaryimage","url":"https:\/\/aliso.fr\/reseau\/wp-content\/uploads\/sites\/4\/2024\/06\/photo27062024parentalite-scaled.jpg","contentUrl":"https:\/\/aliso.fr\/reseau\/wp-content\/uploads\/sites\/4\/2024\/06\/photo27062024parentalite-scaled.jpg","width":2560,"height":1920},{"@type":"BreadcrumbList","@id":"https:\/\/aliso.fr\/reseau\/preparation-des-semaines-de-la-parentalite-en-creuse-2024\/#breadcrumb","itemListElement":[{"@type":"ListItem","position":1,"name":"Accueil","item":"https:\/\/aliso.fr\/reseau\/"},{"@type":"ListItem","position":2,"name":"Actualit\u00e9","item":"https:\/\/aliso.fr\/reseau\/actualite\/"},{"@type":"ListItem","position":3,"name":"Pr\u00e9paration des Semaines de la Parentalit\u00e9 en Creuse 2024"}]},{"@type":"WebSite","@id":"https:\/\/aliso.fr\/reseau\/#website","url":"https:\/\/aliso.fr\/reseau\/","name":"Aliso R\u00e9seau","description":"R\u00e9seau Creusois des acteurs du lien social","publisher":{"@id":"https:\/\/aliso.fr\/reseau\/#organization"},"potentialAction":[{"@type":"SearchAction","target":{"@type":"EntryPoint","urlTemplate":"https:\/\/aliso.fr\/reseau\/?s={search_term_string}"},"query-input":{"@type":"PropertyValueSpecification","valueRequired":true,"valueName":"search_term_string"}}],"inLanguage":"fr-FR"},{"@type":"Organization","@id":"https:\/\/aliso.fr\/reseau\/#organization","name":"Aliso R\u00e9seau","url":"https:\/\/aliso.fr\/reseau\/","logo":{"@type":"ImageObject","inLanguage":"fr-FR","@id":"https:\/\/aliso.fr\/reseau\/#\/schema\/logo\/image\/","url":"https:\/\/aliso.fr\/reseau\/wp-content\/uploads\/sites\/4\/2022\/01\/Logo-ALISO-Reseau-2.png","contentUrl":"https:\/\/aliso.fr\/reseau\/wp-content\/uploads\/sites\/4\/2022\/01\/Logo-ALISO-Reseau-2.png","width":900,"height":970,"caption":"Aliso R\u00e9seau"},"image":{"@id":"https:\/\/aliso.fr\/reseau\/#\/schema\/logo\/image\/"}},{"@type":"Person","@id":"https:\/\/aliso.fr\/reseau\/#\/schema\/person\/3c62dd969259025b56573a95a81756b6","name":"fabienne"}]}},"_links":{"self":[{"href":"https:\/\/aliso.fr\/reseau\/wp-json\/wp\/v2\/posts\/2410","targetHints":{"allow":["GET"]}}],"collection":[{"href":"https:\/\/aliso.fr\/reseau\/wp-json\/wp\/v2\/posts"}],"about":[{"href":"https:\/\/aliso.fr\/reseau\/wp-json\/wp\/v2\/types\/post"}],"author":[{"embeddable":true,"href":"https:\/\/aliso.fr\/reseau\/wp-json\/wp\/v2\/users\/6"}],"replies":[{"embeddable":true,"href":"https:\/\/aliso.fr\/reseau\/wp-json\/wp\/v2\/comments?post=2410"}],"version-history":[{"count":5,"href":"https:\/\/aliso.fr\/reseau\/wp-json\/wp\/v2\/posts\/2410\/revisions"}],"predecessor-version":[{"id":2421,"href":"https:\/\/aliso.fr\/reseau\/wp-json\/wp\/v2\/posts\/2410\/revisions\/2421"}],"wp:featuredmedia":[{"embeddable":true,"href":"https:\/\/aliso.fr\/reseau\/wp-json\/wp\/v2\/media\/2415"}],"wp:attachment":[{"href":"https:\/\/aliso.fr\/reseau\/wp-json\/wp\/v2\/media?parent=2410"}],"wp:term":[{"taxonomy":"category","embeddable":true,"href":"https:\/\/aliso.fr\/reseau\/wp-json\/wp\/v2\/categories?post=2410"},{"taxonomy":"post_tag","embeddable":true,"href":"https:\/\/aliso.fr\/reseau\/wp-json\/wp\/v2\/tags?post=2410"}],"curies":[{"name":"wp","href":"https:\/\/api.w.org\/{rel}","templated":true}]}}