{"id":2423,"date":"2024-07-02T12:41:22","date_gmt":"2024-07-02T10:41:22","guid":{"rendered":"https:\/\/aliso.fr\/reseau\/?p=2423"},"modified":"2024-07-02T12:41:25","modified_gmt":"2024-07-02T10:41:25","slug":"sagesse-espoir-convictions","status":"publish","type":"post","link":"https:\/\/aliso.fr\/reseau\/sagesse-espoir-convictions\/","title":{"rendered":"Sagesse, Espoir &amp; Convictions"},"content":{"rendered":"\n<p>Mardi 2 juillet 2024.<br>Je pr\u00e9pare cette lettre de juillet pour le r\u00e9seau, je choisis de commencer par un \u00e9chauffement pour, \u00e9go\u00efstement, me faire du bien, pour me rappeler que nos m\u00e9tiers ont encore et toujours plus de sens quand tout semble partir \u00e0 volo, et vous partager quelques r\u00e9f\u00e9rences personnelles, qui ont accompagn\u00e9es mon parcours, et que je vous invite \u00e0 fouiller ou refouiller&#8230;<br><br>Fernand DELIGNY, dans <em>Graine de Crapule<\/em>, \u00e9crivait : <\/p>\n\n\n\n<p>\u00a0\u00bb Si tu joues au policier, ils joueront aux bandits. Si tu joues au bond Dieu, ils joueront aux diables.<br>Si tu joues au ge\u00f4lier, ils joueront aux prisonniers.<br>Si tu es toi-m\u00eame, ils seront bien emb\u00eat\u00e9s.\u00a0\u00bb<br>Petit livre de chevet qui se lit dans le d\u00e9sordre avec beaucoup de l\u00e9g\u00e8ret\u00e9&#8230;<\/p>\n\n\n\n<p>Charles GARDOU, dans <em>Une soci\u00e9t\u00e9 inclusive, parlons-en !<\/em> <em>Il n&rsquo;y a pas de vie minuscule<\/em>., \u00e9crivait : <\/p>\n\n\n\n<p>\u00ab\u00a0Il ne suffit pas de vivre sur un m\u00eame territoire pour appartenir \u00e0 sa communaut\u00e9, encore faut-il pouvoir en partager le patrimoine \u00e9ducatif, professionnel, culturel, artistique, communicationnel. Des \u00e9trangers, des populations isol\u00e9es ou nomades, des minorit\u00e9s linguistiques ou culturelles, et des membres de bien d\u2019autres groupes d\u00e9favoris\u00e9s ou marginalis\u00e9s ne b\u00e9n\u00e9ficient pas pleinement de ce droit.\u00a0\u00bb<br>Je vous invite \u00e0 lire cet ouvrage du d\u00e9but \u00e0 la fin. Il se lit tr\u00e8s bien, il est tr\u00e8s court et est loin d&rsquo;\u00eatre r\u00e9serv\u00e9 aux professionnels du handicap, vraiment. <\/p>\n\n\n\n<p>Emile DURKHEIM, Pierre BOURDIEU, Gis\u00e8le DE FAILLY, Carl ROGERS, &#8230;.et bien d&rsquo;autres&#8230;.<br>Je vous invite \u00e0 partager des citations et r\u00e9f\u00e9rences qui puissent donner du sens \u00e0 vos actions, vos quotidiens et vous inspirer pour rayonner au mieux au sein du collectif, cette semaine au moins, via ali&#115;&#111;&#109;&#x65;&#x6d;&#x62;&#x72;&#x65;&#x73;&#64;fr&#97;&#109;&#97;&#108;&#x69;&#x73;&#x74;&#x65;&#x73;&#x2e;org. <\/p>\n\n\n\n<p>Moteurs et facilitateurs de rencontres, nous avons une place privil\u00e9gi\u00e9e pour emp\u00eacher les repr\u00e9sentations et les pr\u00e9jug\u00e9s de s&rsquo;ancrer dans les mentalit\u00e9s. On a dans les mains le pouvoir de cr\u00e9er du mouvement, de la discussion, de confronter les univers, par notre engagement, notre conviction et notre foi en la rencontre des un.e.s aux autres.<br>Servons-nous en tant que possible. <br><br>Bonne entr\u00e9e dans l&rsquo;\u00e9t\u00e9 \u00e0 vous ! <\/p>\n\n\n\n<p>Laure <\/p>\n\n\n\n<p><\/p>\n","protected":false},"excerpt":{"rendered":"<p>Mardi 2 juillet 2024.Je pr\u00e9pare cette lettre de juillet pour le r\u00e9seau, je choisis de commencer par un \u00e9chauffement pour, \u00e9go\u00efstement, me faire du bien, pour me rappeler que nos m\u00e9tiers ont encore et toujours plus de sens quand tout semble partir \u00e0 volo, et vous partager quelques r\u00e9f\u00e9rences personnelles, qui ont accompagn\u00e9es mon parcours,&#8230; <a class=\"excerpt-read-more button\" href=\"https:\/\/aliso.fr\/reseau\/sagesse-espoir-convictions\/\" title=\"ReadSagesse, Espoir &amp; Convictions\">En savoir plus &raquo;<\/a><\/p>\n","protected":false},"author":3,"featured_media":2424,"comment_status":"closed","ping_status":"open","sticky":false,"template":"","format":"standard","meta":{"footnotes":""},"categories":[3],"tags":[],"class_list":["post-2423","post","type-post","status-publish","format-standard","has-post-thumbnail","hentry","category-actualite"],"yoast_head":"<!-- This site is optimized with the Yoast SEO plugin v27.4 - https:\/\/yoast.com\/product\/yoast-seo-wordpress\/ -->\n<title>Sagesse, Espoir &amp; Convictions - Aliso R\u00e9seau<\/title>\n<meta name=\"robots\" content=\"index, follow, max-snippet:-1, max-image-preview:large, max-video-preview:-1\" \/>\n<link rel=\"canonical\" href=\"https:\/\/aliso.fr\/reseau\/sagesse-espoir-convictions\/\" \/>\n<meta property=\"og:locale\" content=\"fr_FR\" \/>\n<meta property=\"og:type\" content=\"article\" \/>\n<meta property=\"og:title\" content=\"Sagesse, Espoir &amp; Convictions - Aliso R\u00e9seau\" \/>\n<meta property=\"og:description\" content=\"Mardi 2 juillet 2024.Je pr\u00e9pare cette lettre de juillet pour le r\u00e9seau, je choisis de commencer par un \u00e9chauffement pour, \u00e9go\u00efstement, me faire du bien, pour me rappeler que nos m\u00e9tiers ont encore et toujours plus de sens quand tout semble partir \u00e0 volo, et vous partager quelques r\u00e9f\u00e9rences personnelles, qui ont accompagn\u00e9es mon parcours,... En savoir plus &raquo;\" \/>\n<meta property=\"og:url\" content=\"https:\/\/aliso.fr\/reseau\/sagesse-espoir-convictions\/\" \/>\n<meta property=\"og:site_name\" content=\"Aliso R\u00e9seau\" \/>\n<meta property=\"article:published_time\" content=\"2024-07-02T10:41:22+00:00\" \/>\n<meta property=\"article:modified_time\" content=\"2024-07-02T10:41:25+00:00\" \/>\n<meta property=\"og:image\" content=\"https:\/\/aliso.fr\/reseau\/wp-content\/uploads\/sites\/4\/2024\/07\/align-fingers-71282_1280.jpg\" \/>\n\t<meta property=\"og:image:width\" content=\"1280\" \/>\n\t<meta property=\"og:image:height\" content=\"803\" \/>\n\t<meta property=\"og:image:type\" content=\"image\/jpeg\" \/>\n<meta name=\"author\" content=\"laure\" \/>\n<meta name=\"twitter:card\" content=\"summary_large_image\" \/>\n<script type=\"application\/ld+json\" class=\"yoast-schema-graph\">{\"@context\":\"https:\\\/\\\/schema.org\",\"@graph\":[{\"@type\":\"Article\",\"@id\":\"https:\\\/\\\/aliso.fr\\\/reseau\\\/sagesse-espoir-convictions\\\/#article\",\"isPartOf\":{\"@id\":\"https:\\\/\\\/aliso.fr\\\/reseau\\\/sagesse-espoir-convictions\\\/\"},\"author\":{\"name\":\"laure\",\"@id\":\"https:\\\/\\\/aliso.fr\\\/reseau\\\/#\\\/schema\\\/person\\\/056af145b9c52eee21a9f739489104a5\"},\"headline\":\"Sagesse, Espoir &amp; Convictions\",\"datePublished\":\"2024-07-02T10:41:22+00:00\",\"dateModified\":\"2024-07-02T10:41:25+00:00\",\"mainEntityOfPage\":{\"@id\":\"https:\\\/\\\/aliso.fr\\\/reseau\\\/sagesse-espoir-convictions\\\/\"},\"wordCount\":382,\"publisher\":{\"@id\":\"https:\\\/\\\/aliso.fr\\\/reseau\\\/#organization\"},\"image\":{\"@id\":\"https:\\\/\\\/aliso.fr\\\/reseau\\\/sagesse-espoir-convictions\\\/#primaryimage\"},\"thumbnailUrl\":\"https:\\\/\\\/aliso.fr\\\/reseau\\\/wp-content\\\/uploads\\\/sites\\\/4\\\/2024\\\/07\\\/align-fingers-71282_1280.jpg\",\"articleSection\":[\"Actualit\u00e9\"],\"inLanguage\":\"fr-FR\"},{\"@type\":\"WebPage\",\"@id\":\"https:\\\/\\\/aliso.fr\\\/reseau\\\/sagesse-espoir-convictions\\\/\",\"url\":\"https:\\\/\\\/aliso.fr\\\/reseau\\\/sagesse-espoir-convictions\\\/\",\"name\":\"Sagesse, Espoir &amp; Convictions - Aliso R\u00e9seau\",\"isPartOf\":{\"@id\":\"https:\\\/\\\/aliso.fr\\\/reseau\\\/#website\"},\"primaryImageOfPage\":{\"@id\":\"https:\\\/\\\/aliso.fr\\\/reseau\\\/sagesse-espoir-convictions\\\/#primaryimage\"},\"image\":{\"@id\":\"https:\\\/\\\/aliso.fr\\\/reseau\\\/sagesse-espoir-convictions\\\/#primaryimage\"},\"thumbnailUrl\":\"https:\\\/\\\/aliso.fr\\\/reseau\\\/wp-content\\\/uploads\\\/sites\\\/4\\\/2024\\\/07\\\/align-fingers-71282_1280.jpg\",\"datePublished\":\"2024-07-02T10:41:22+00:00\",\"dateModified\":\"2024-07-02T10:41:25+00:00\",\"breadcrumb\":{\"@id\":\"https:\\\/\\\/aliso.fr\\\/reseau\\\/sagesse-espoir-convictions\\\/#breadcrumb\"},\"inLanguage\":\"fr-FR\",\"potentialAction\":[{\"@type\":\"ReadAction\",\"target\":[\"https:\\\/\\\/aliso.fr\\\/reseau\\\/sagesse-espoir-convictions\\\/\"]}]},{\"@type\":\"ImageObject\",\"inLanguage\":\"fr-FR\",\"@id\":\"https:\\\/\\\/aliso.fr\\\/reseau\\\/sagesse-espoir-convictions\\\/#primaryimage\",\"url\":\"https:\\\/\\\/aliso.fr\\\/reseau\\\/wp-content\\\/uploads\\\/sites\\\/4\\\/2024\\\/07\\\/align-fingers-71282_1280.jpg\",\"contentUrl\":\"https:\\\/\\\/aliso.fr\\\/reseau\\\/wp-content\\\/uploads\\\/sites\\\/4\\\/2024\\\/07\\\/align-fingers-71282_1280.jpg\",\"width\":1280,\"height\":803},{\"@type\":\"BreadcrumbList\",\"@id\":\"https:\\\/\\\/aliso.fr\\\/reseau\\\/sagesse-espoir-convictions\\\/#breadcrumb\",\"itemListElement\":[{\"@type\":\"ListItem\",\"position\":1,\"name\":\"Accueil\",\"item\":\"https:\\\/\\\/aliso.fr\\\/reseau\\\/\"},{\"@type\":\"ListItem\",\"position\":2,\"name\":\"Actualit\u00e9\",\"item\":\"https:\\\/\\\/aliso.fr\\\/reseau\\\/actualite\\\/\"},{\"@type\":\"ListItem\",\"position\":3,\"name\":\"Sagesse, Espoir &amp; Convictions\"}]},{\"@type\":\"WebSite\",\"@id\":\"https:\\\/\\\/aliso.fr\\\/reseau\\\/#website\",\"url\":\"https:\\\/\\\/aliso.fr\\\/reseau\\\/\",\"name\":\"Aliso R\u00e9seau\",\"description\":\"R\u00e9seau Creusois des acteurs du lien social\",\"publisher\":{\"@id\":\"https:\\\/\\\/aliso.fr\\\/reseau\\\/#organization\"},\"potentialAction\":[{\"@type\":\"SearchAction\",\"target\":{\"@type\":\"EntryPoint\",\"urlTemplate\":\"https:\\\/\\\/aliso.fr\\\/reseau\\\/?s={search_term_string}\"},\"query-input\":{\"@type\":\"PropertyValueSpecification\",\"valueRequired\":true,\"valueName\":\"search_term_string\"}}],\"inLanguage\":\"fr-FR\"},{\"@type\":\"Organization\",\"@id\":\"https:\\\/\\\/aliso.fr\\\/reseau\\\/#organization\",\"name\":\"Aliso R\u00e9seau\",\"url\":\"https:\\\/\\\/aliso.fr\\\/reseau\\\/\",\"logo\":{\"@type\":\"ImageObject\",\"inLanguage\":\"fr-FR\",\"@id\":\"https:\\\/\\\/aliso.fr\\\/reseau\\\/#\\\/schema\\\/logo\\\/image\\\/\",\"url\":\"https:\\\/\\\/aliso.fr\\\/reseau\\\/wp-content\\\/uploads\\\/sites\\\/4\\\/2022\\\/01\\\/Logo-ALISO-Reseau-2.png\",\"contentUrl\":\"https:\\\/\\\/aliso.fr\\\/reseau\\\/wp-content\\\/uploads\\\/sites\\\/4\\\/2022\\\/01\\\/Logo-ALISO-Reseau-2.png\",\"width\":900,\"height\":970,\"caption\":\"Aliso R\u00e9seau\"},\"image\":{\"@id\":\"https:\\\/\\\/aliso.fr\\\/reseau\\\/#\\\/schema\\\/logo\\\/image\\\/\"}},{\"@type\":\"Person\",\"@id\":\"https:\\\/\\\/aliso.fr\\\/reseau\\\/#\\\/schema\\\/person\\\/056af145b9c52eee21a9f739489104a5\",\"name\":\"laure\"}]}<\/script>\n<!-- \/ Yoast SEO plugin. -->","yoast_head_json":{"title":"Sagesse, Espoir &amp; Convictions - Aliso R\u00e9seau","robots":{"index":"index","follow":"follow","max-snippet":"max-snippet:-1","max-image-preview":"max-image-preview:large","max-video-preview":"max-video-preview:-1"},"canonical":"https:\/\/aliso.fr\/reseau\/sagesse-espoir-convictions\/","og_locale":"fr_FR","og_type":"article","og_title":"Sagesse, Espoir &amp; Convictions - Aliso R\u00e9seau","og_description":"Mardi 2 juillet 2024.Je pr\u00e9pare cette lettre de juillet pour le r\u00e9seau, je choisis de commencer par un \u00e9chauffement pour, \u00e9go\u00efstement, me faire du bien, pour me rappeler que nos m\u00e9tiers ont encore et toujours plus de sens quand tout semble partir \u00e0 volo, et vous partager quelques r\u00e9f\u00e9rences personnelles, qui ont accompagn\u00e9es mon parcours,... En savoir plus &raquo;","og_url":"https:\/\/aliso.fr\/reseau\/sagesse-espoir-convictions\/","og_site_name":"Aliso R\u00e9seau","article_published_time":"2024-07-02T10:41:22+00:00","article_modified_time":"2024-07-02T10:41:25+00:00","og_image":[{"width":1280,"height":803,"url":"https:\/\/aliso.fr\/reseau\/wp-content\/uploads\/sites\/4\/2024\/07\/align-fingers-71282_1280.jpg","type":"image\/jpeg"}],"author":"laure","twitter_card":"summary_large_image","schema":{"@context":"https:\/\/schema.org","@graph":[{"@type":"Article","@id":"https:\/\/aliso.fr\/reseau\/sagesse-espoir-convictions\/#article","isPartOf":{"@id":"https:\/\/aliso.fr\/reseau\/sagesse-espoir-convictions\/"},"author":{"name":"laure","@id":"https:\/\/aliso.fr\/reseau\/#\/schema\/person\/056af145b9c52eee21a9f739489104a5"},"headline":"Sagesse, Espoir &amp; Convictions","datePublished":"2024-07-02T10:41:22+00:00","dateModified":"2024-07-02T10:41:25+00:00","mainEntityOfPage":{"@id":"https:\/\/aliso.fr\/reseau\/sagesse-espoir-convictions\/"},"wordCount":382,"publisher":{"@id":"https:\/\/aliso.fr\/reseau\/#organization"},"image":{"@id":"https:\/\/aliso.fr\/reseau\/sagesse-espoir-convictions\/#primaryimage"},"thumbnailUrl":"https:\/\/aliso.fr\/reseau\/wp-content\/uploads\/sites\/4\/2024\/07\/align-fingers-71282_1280.jpg","articleSection":["Actualit\u00e9"],"inLanguage":"fr-FR"},{"@type":"WebPage","@id":"https:\/\/aliso.fr\/reseau\/sagesse-espoir-convictions\/","url":"https:\/\/aliso.fr\/reseau\/sagesse-espoir-convictions\/","name":"Sagesse, Espoir &amp; Convictions - Aliso R\u00e9seau","isPartOf":{"@id":"https:\/\/aliso.fr\/reseau\/#website"},"primaryImageOfPage":{"@id":"https:\/\/aliso.fr\/reseau\/sagesse-espoir-convictions\/#primaryimage"},"image":{"@id":"https:\/\/aliso.fr\/reseau\/sagesse-espoir-convictions\/#primaryimage"},"thumbnailUrl":"https:\/\/aliso.fr\/reseau\/wp-content\/uploads\/sites\/4\/2024\/07\/align-fingers-71282_1280.jpg","datePublished":"2024-07-02T10:41:22+00:00","dateModified":"2024-07-02T10:41:25+00:00","breadcrumb":{"@id":"https:\/\/aliso.fr\/reseau\/sagesse-espoir-convictions\/#breadcrumb"},"inLanguage":"fr-FR","potentialAction":[{"@type":"ReadAction","target":["https:\/\/aliso.fr\/reseau\/sagesse-espoir-convictions\/"]}]},{"@type":"ImageObject","inLanguage":"fr-FR","@id":"https:\/\/aliso.fr\/reseau\/sagesse-espoir-convictions\/#primaryimage","url":"https:\/\/aliso.fr\/reseau\/wp-content\/uploads\/sites\/4\/2024\/07\/align-fingers-71282_1280.jpg","contentUrl":"https:\/\/aliso.fr\/reseau\/wp-content\/uploads\/sites\/4\/2024\/07\/align-fingers-71282_1280.jpg","width":1280,"height":803},{"@type":"BreadcrumbList","@id":"https:\/\/aliso.fr\/reseau\/sagesse-espoir-convictions\/#breadcrumb","itemListElement":[{"@type":"ListItem","position":1,"name":"Accueil","item":"https:\/\/aliso.fr\/reseau\/"},{"@type":"ListItem","position":2,"name":"Actualit\u00e9","item":"https:\/\/aliso.fr\/reseau\/actualite\/"},{"@type":"ListItem","position":3,"name":"Sagesse, Espoir &amp; Convictions"}]},{"@type":"WebSite","@id":"https:\/\/aliso.fr\/reseau\/#website","url":"https:\/\/aliso.fr\/reseau\/","name":"Aliso R\u00e9seau","description":"R\u00e9seau Creusois des acteurs du lien social","publisher":{"@id":"https:\/\/aliso.fr\/reseau\/#organization"},"potentialAction":[{"@type":"SearchAction","target":{"@type":"EntryPoint","urlTemplate":"https:\/\/aliso.fr\/reseau\/?s={search_term_string}"},"query-input":{"@type":"PropertyValueSpecification","valueRequired":true,"valueName":"search_term_string"}}],"inLanguage":"fr-FR"},{"@type":"Organization","@id":"https:\/\/aliso.fr\/reseau\/#organization","name":"Aliso R\u00e9seau","url":"https:\/\/aliso.fr\/reseau\/","logo":{"@type":"ImageObject","inLanguage":"fr-FR","@id":"https:\/\/aliso.fr\/reseau\/#\/schema\/logo\/image\/","url":"https:\/\/aliso.fr\/reseau\/wp-content\/uploads\/sites\/4\/2022\/01\/Logo-ALISO-Reseau-2.png","contentUrl":"https:\/\/aliso.fr\/reseau\/wp-content\/uploads\/sites\/4\/2022\/01\/Logo-ALISO-Reseau-2.png","width":900,"height":970,"caption":"Aliso R\u00e9seau"},"image":{"@id":"https:\/\/aliso.fr\/reseau\/#\/schema\/logo\/image\/"}},{"@type":"Person","@id":"https:\/\/aliso.fr\/reseau\/#\/schema\/person\/056af145b9c52eee21a9f739489104a5","name":"laure"}]}},"_links":{"self":[{"href":"https:\/\/aliso.fr\/reseau\/wp-json\/wp\/v2\/posts\/2423","targetHints":{"allow":["GET"]}}],"collection":[{"href":"https:\/\/aliso.fr\/reseau\/wp-json\/wp\/v2\/posts"}],"about":[{"href":"https:\/\/aliso.fr\/reseau\/wp-json\/wp\/v2\/types\/post"}],"author":[{"embeddable":true,"href":"https:\/\/aliso.fr\/reseau\/wp-json\/wp\/v2\/users\/3"}],"replies":[{"embeddable":true,"href":"https:\/\/aliso.fr\/reseau\/wp-json\/wp\/v2\/comments?post=2423"}],"version-history":[{"count":1,"href":"https:\/\/aliso.fr\/reseau\/wp-json\/wp\/v2\/posts\/2423\/revisions"}],"predecessor-version":[{"id":2425,"href":"https:\/\/aliso.fr\/reseau\/wp-json\/wp\/v2\/posts\/2423\/revisions\/2425"}],"wp:featuredmedia":[{"embeddable":true,"href":"https:\/\/aliso.fr\/reseau\/wp-json\/wp\/v2\/media\/2424"}],"wp:attachment":[{"href":"https:\/\/aliso.fr\/reseau\/wp-json\/wp\/v2\/media?parent=2423"}],"wp:term":[{"taxonomy":"category","embeddable":true,"href":"https:\/\/aliso.fr\/reseau\/wp-json\/wp\/v2\/categories?post=2423"},{"taxonomy":"post_tag","embeddable":true,"href":"https:\/\/aliso.fr\/reseau\/wp-json\/wp\/v2\/tags?post=2423"}],"curies":[{"name":"wp","href":"https:\/\/api.w.org\/{rel}","templated":true}]}}