{"id":2474,"date":"2024-09-05T10:29:43","date_gmt":"2024-09-05T08:29:43","guid":{"rendered":"https:\/\/aliso.fr\/reseau\/?p=2474"},"modified":"2024-09-05T10:31:08","modified_gmt":"2024-09-05T08:31:08","slug":"alisopop-4-prepa-en-route-jeudi-17-10-24","status":"publish","type":"post","link":"https:\/\/aliso.fr\/reseau\/alisopop-4-prepa-en-route-jeudi-17-10-24\/","title":{"rendered":"ALISO&rsquo;POP #4 &#8211; pr\u00e9pa en route Jeudi 17\/10\/24"},"content":{"rendered":"\n<p>A vos agendas !<br>En 2025, <strong>Aliso&rsquo;pop nous r\u00e9unira le Vendredi 20 juin<\/strong>.<br>Reste \u00e0 d\u00e9cider o\u00f9 et autour de quoi. <strong>On en parle jeudi 17 octobre, 10h, \u00e0 Gu\u00e9ret, \u00e0 Aliso.<\/strong><br>Les invit\u00e9.e.s sont toujours l&rsquo;ensemble du r\u00e9seau : salari\u00e9es &amp; b\u00e9n\u00e9voles. Notez le d\u00e8s maintenant !<\/p>\n\n\n\n<p>Aliso&rsquo;pop c&rsquo;est votre rendez-vous : l&rsquo;occasion de mettre des visages sur des noms, de remettre des noms sur des visages, et des visages sur des voix, de laisser de c\u00f4t\u00e9 son t\u00e9l\u00e9phone, son ordinateur et son public, pour prendre du recul, se rapprocher de ses coll\u00e8gues, sortir de sa structure, et s&rsquo;offrir un moment de travail pas comme les autres, qui nourrira votre quotidien et vos perspectives professionnelles.<\/p>\n\n\n\n<p>Participer \u00e0 sa pr\u00e9paration, c&rsquo;est se lib\u00e9rer 3 \u00e0 5 demi-journ\u00e9es dans l&rsquo;ann\u00e9e et l&rsquo;occasion de travailler avec d&rsquo;autres structures creusoises sur un projet sympa et stimulant.<br><\/p>\n\n\n\n<p class=\"has-text-align-center\"><strong><mark style=\"background-color:#ffffff\" class=\"has-inline-color has-luminous-vivid-orange-color\">Je vous invite \u00e0 faire partie de l&rsquo;aventure d\u00e8s cet automne :<br>1\u00e8re r\u00e9union de pr\u00e9paration d&rsquo;Aliso&rsquo;pop \u2013 Jeudi 17 octobre \u00e0 10h \u00e0 Aliso, au 2 rue traversi\u00e8re \u00e0 Gu\u00e9ret.<\/mark><\/strong><br><br>Si vous souhaitez participer \u00e0 cette r\u00e9union : cliquez<a href=\"https:\/\/nuage.aliso.fr\/index.php\/apps\/polls\/s\/AMSuRQIw\"> juste ici<\/a>, \u00e7a prend 2 secondes !<br><\/p>\n","protected":false},"excerpt":{"rendered":"<p>A vos agendas !En 2025, Aliso&rsquo;pop nous r\u00e9unira le Vendredi 20 juin.Reste \u00e0 d\u00e9cider o\u00f9 et autour de quoi. On en parle jeudi 17 octobre, 10h, \u00e0 Gu\u00e9ret, \u00e0 Aliso.Les invit\u00e9.e.s sont toujours l&rsquo;ensemble du r\u00e9seau : salari\u00e9es &amp; b\u00e9n\u00e9voles. Notez le d\u00e8s maintenant ! Aliso&rsquo;pop c&rsquo;est votre rendez-vous : l&rsquo;occasion de mettre des visages&#8230; <a class=\"excerpt-read-more button\" href=\"https:\/\/aliso.fr\/reseau\/alisopop-4-prepa-en-route-jeudi-17-10-24\/\" title=\"ReadALISO&rsquo;POP #4 &#8211; pr\u00e9pa en route Jeudi 17\/10\/24\">En savoir plus &raquo;<\/a><\/p>\n","protected":false},"author":3,"featured_media":2108,"comment_status":"closed","ping_status":"open","sticky":false,"template":"","format":"standard","meta":{"footnotes":"[]"},"categories":[3,7],"tags":[],"class_list":["post-2474","post","type-post","status-publish","format-standard","has-post-thumbnail","hentry","category-actualite","category-nos-actions"],"yoast_head":"<!-- This site is optimized with the Yoast SEO plugin v27.4 - https:\/\/yoast.com\/product\/yoast-seo-wordpress\/ -->\n<title>ALISO&#039;POP #4 - pr\u00e9pa en route Jeudi 17\/10\/24 - Aliso R\u00e9seau<\/title>\n<meta name=\"robots\" content=\"index, follow, max-snippet:-1, max-image-preview:large, max-video-preview:-1\" \/>\n<link rel=\"canonical\" href=\"https:\/\/aliso.fr\/reseau\/alisopop-4-prepa-en-route-jeudi-17-10-24\/\" \/>\n<meta property=\"og:locale\" content=\"fr_FR\" \/>\n<meta property=\"og:type\" content=\"article\" \/>\n<meta property=\"og:title\" content=\"ALISO&#039;POP #4 - pr\u00e9pa en route Jeudi 17\/10\/24 - Aliso R\u00e9seau\" \/>\n<meta property=\"og:description\" content=\"A vos agendas !En 2025, Aliso&rsquo;pop nous r\u00e9unira le Vendredi 20 juin.Reste \u00e0 d\u00e9cider o\u00f9 et autour de quoi. On en parle jeudi 17 octobre, 10h, \u00e0 Gu\u00e9ret, \u00e0 Aliso.Les invit\u00e9.e.s sont toujours l&rsquo;ensemble du r\u00e9seau : salari\u00e9es &amp; b\u00e9n\u00e9voles. Notez le d\u00e8s maintenant ! Aliso&rsquo;pop c&rsquo;est votre rendez-vous : l&rsquo;occasion de mettre des visages... En savoir plus &raquo;\" \/>\n<meta property=\"og:url\" content=\"https:\/\/aliso.fr\/reseau\/alisopop-4-prepa-en-route-jeudi-17-10-24\/\" \/>\n<meta property=\"og:site_name\" content=\"Aliso R\u00e9seau\" \/>\n<meta property=\"article:published_time\" content=\"2024-09-05T08:29:43+00:00\" \/>\n<meta property=\"article:modified_time\" content=\"2024-09-05T08:31:08+00:00\" \/>\n<meta property=\"og:image\" content=\"https:\/\/aliso.fr\/reseau\/wp-content\/uploads\/sites\/4\/2023\/12\/Design-sans-titre-e1702395382229.jpg\" \/>\n\t<meta property=\"og:image:width\" content=\"1414\" \/>\n\t<meta property=\"og:image:height\" content=\"516\" \/>\n\t<meta property=\"og:image:type\" content=\"image\/jpeg\" \/>\n<meta name=\"author\" content=\"laure\" \/>\n<meta name=\"twitter:card\" content=\"summary_large_image\" \/>\n<script type=\"application\/ld+json\" class=\"yoast-schema-graph\">{\"@context\":\"https:\\\/\\\/schema.org\",\"@graph\":[{\"@type\":\"Article\",\"@id\":\"https:\\\/\\\/aliso.fr\\\/reseau\\\/alisopop-4-prepa-en-route-jeudi-17-10-24\\\/#article\",\"isPartOf\":{\"@id\":\"https:\\\/\\\/aliso.fr\\\/reseau\\\/alisopop-4-prepa-en-route-jeudi-17-10-24\\\/\"},\"author\":{\"name\":\"laure\",\"@id\":\"https:\\\/\\\/aliso.fr\\\/reseau\\\/#\\\/schema\\\/person\\\/056af145b9c52eee21a9f739489104a5\"},\"headline\":\"ALISO&rsquo;POP #4 &#8211; pr\u00e9pa en route Jeudi 17\\\/10\\\/24\",\"datePublished\":\"2024-09-05T08:29:43+00:00\",\"dateModified\":\"2024-09-05T08:31:08+00:00\",\"mainEntityOfPage\":{\"@id\":\"https:\\\/\\\/aliso.fr\\\/reseau\\\/alisopop-4-prepa-en-route-jeudi-17-10-24\\\/\"},\"wordCount\":209,\"publisher\":{\"@id\":\"https:\\\/\\\/aliso.fr\\\/reseau\\\/#organization\"},\"image\":{\"@id\":\"https:\\\/\\\/aliso.fr\\\/reseau\\\/alisopop-4-prepa-en-route-jeudi-17-10-24\\\/#primaryimage\"},\"thumbnailUrl\":\"https:\\\/\\\/aliso.fr\\\/reseau\\\/wp-content\\\/uploads\\\/sites\\\/4\\\/2023\\\/12\\\/Design-sans-titre-e1702395382229.jpg\",\"articleSection\":[\"Actualit\u00e9\",\"Nos actions\"],\"inLanguage\":\"fr-FR\"},{\"@type\":\"WebPage\",\"@id\":\"https:\\\/\\\/aliso.fr\\\/reseau\\\/alisopop-4-prepa-en-route-jeudi-17-10-24\\\/\",\"url\":\"https:\\\/\\\/aliso.fr\\\/reseau\\\/alisopop-4-prepa-en-route-jeudi-17-10-24\\\/\",\"name\":\"ALISO'POP #4 - pr\u00e9pa en route Jeudi 17\\\/10\\\/24 - Aliso R\u00e9seau\",\"isPartOf\":{\"@id\":\"https:\\\/\\\/aliso.fr\\\/reseau\\\/#website\"},\"primaryImageOfPage\":{\"@id\":\"https:\\\/\\\/aliso.fr\\\/reseau\\\/alisopop-4-prepa-en-route-jeudi-17-10-24\\\/#primaryimage\"},\"image\":{\"@id\":\"https:\\\/\\\/aliso.fr\\\/reseau\\\/alisopop-4-prepa-en-route-jeudi-17-10-24\\\/#primaryimage\"},\"thumbnailUrl\":\"https:\\\/\\\/aliso.fr\\\/reseau\\\/wp-content\\\/uploads\\\/sites\\\/4\\\/2023\\\/12\\\/Design-sans-titre-e1702395382229.jpg\",\"datePublished\":\"2024-09-05T08:29:43+00:00\",\"dateModified\":\"2024-09-05T08:31:08+00:00\",\"breadcrumb\":{\"@id\":\"https:\\\/\\\/aliso.fr\\\/reseau\\\/alisopop-4-prepa-en-route-jeudi-17-10-24\\\/#breadcrumb\"},\"inLanguage\":\"fr-FR\",\"potentialAction\":[{\"@type\":\"ReadAction\",\"target\":[\"https:\\\/\\\/aliso.fr\\\/reseau\\\/alisopop-4-prepa-en-route-jeudi-17-10-24\\\/\"]}]},{\"@type\":\"ImageObject\",\"inLanguage\":\"fr-FR\",\"@id\":\"https:\\\/\\\/aliso.fr\\\/reseau\\\/alisopop-4-prepa-en-route-jeudi-17-10-24\\\/#primaryimage\",\"url\":\"https:\\\/\\\/aliso.fr\\\/reseau\\\/wp-content\\\/uploads\\\/sites\\\/4\\\/2023\\\/12\\\/Design-sans-titre-e1702395382229.jpg\",\"contentUrl\":\"https:\\\/\\\/aliso.fr\\\/reseau\\\/wp-content\\\/uploads\\\/sites\\\/4\\\/2023\\\/12\\\/Design-sans-titre-e1702395382229.jpg\",\"width\":1414,\"height\":516,\"caption\":\"Design sans titre - 1\"},{\"@type\":\"BreadcrumbList\",\"@id\":\"https:\\\/\\\/aliso.fr\\\/reseau\\\/alisopop-4-prepa-en-route-jeudi-17-10-24\\\/#breadcrumb\",\"itemListElement\":[{\"@type\":\"ListItem\",\"position\":1,\"name\":\"Accueil\",\"item\":\"https:\\\/\\\/aliso.fr\\\/reseau\\\/\"},{\"@type\":\"ListItem\",\"position\":2,\"name\":\"Actualit\u00e9\",\"item\":\"https:\\\/\\\/aliso.fr\\\/reseau\\\/actualite\\\/\"},{\"@type\":\"ListItem\",\"position\":3,\"name\":\"ALISO&#8217;POP #4 &#8211; pr\u00e9pa en route Jeudi 17\\\/10\\\/24\"}]},{\"@type\":\"WebSite\",\"@id\":\"https:\\\/\\\/aliso.fr\\\/reseau\\\/#website\",\"url\":\"https:\\\/\\\/aliso.fr\\\/reseau\\\/\",\"name\":\"Aliso R\u00e9seau\",\"description\":\"R\u00e9seau Creusois des acteurs du lien social\",\"publisher\":{\"@id\":\"https:\\\/\\\/aliso.fr\\\/reseau\\\/#organization\"},\"potentialAction\":[{\"@type\":\"SearchAction\",\"target\":{\"@type\":\"EntryPoint\",\"urlTemplate\":\"https:\\\/\\\/aliso.fr\\\/reseau\\\/?s={search_term_string}\"},\"query-input\":{\"@type\":\"PropertyValueSpecification\",\"valueRequired\":true,\"valueName\":\"search_term_string\"}}],\"inLanguage\":\"fr-FR\"},{\"@type\":\"Organization\",\"@id\":\"https:\\\/\\\/aliso.fr\\\/reseau\\\/#organization\",\"name\":\"Aliso R\u00e9seau\",\"url\":\"https:\\\/\\\/aliso.fr\\\/reseau\\\/\",\"logo\":{\"@type\":\"ImageObject\",\"inLanguage\":\"fr-FR\",\"@id\":\"https:\\\/\\\/aliso.fr\\\/reseau\\\/#\\\/schema\\\/logo\\\/image\\\/\",\"url\":\"https:\\\/\\\/aliso.fr\\\/reseau\\\/wp-content\\\/uploads\\\/sites\\\/4\\\/2022\\\/01\\\/Logo-ALISO-Reseau-2.png\",\"contentUrl\":\"https:\\\/\\\/aliso.fr\\\/reseau\\\/wp-content\\\/uploads\\\/sites\\\/4\\\/2022\\\/01\\\/Logo-ALISO-Reseau-2.png\",\"width\":900,\"height\":970,\"caption\":\"Aliso R\u00e9seau\"},\"image\":{\"@id\":\"https:\\\/\\\/aliso.fr\\\/reseau\\\/#\\\/schema\\\/logo\\\/image\\\/\"}},{\"@type\":\"Person\",\"@id\":\"https:\\\/\\\/aliso.fr\\\/reseau\\\/#\\\/schema\\\/person\\\/056af145b9c52eee21a9f739489104a5\",\"name\":\"laure\"}]}<\/script>\n<!-- \/ Yoast SEO plugin. -->","yoast_head_json":{"title":"ALISO'POP #4 - pr\u00e9pa en route Jeudi 17\/10\/24 - Aliso R\u00e9seau","robots":{"index":"index","follow":"follow","max-snippet":"max-snippet:-1","max-image-preview":"max-image-preview:large","max-video-preview":"max-video-preview:-1"},"canonical":"https:\/\/aliso.fr\/reseau\/alisopop-4-prepa-en-route-jeudi-17-10-24\/","og_locale":"fr_FR","og_type":"article","og_title":"ALISO'POP #4 - pr\u00e9pa en route Jeudi 17\/10\/24 - Aliso R\u00e9seau","og_description":"A vos agendas !En 2025, Aliso&rsquo;pop nous r\u00e9unira le Vendredi 20 juin.Reste \u00e0 d\u00e9cider o\u00f9 et autour de quoi. On en parle jeudi 17 octobre, 10h, \u00e0 Gu\u00e9ret, \u00e0 Aliso.Les invit\u00e9.e.s sont toujours l&rsquo;ensemble du r\u00e9seau : salari\u00e9es &amp; b\u00e9n\u00e9voles. Notez le d\u00e8s maintenant ! Aliso&rsquo;pop c&rsquo;est votre rendez-vous : l&rsquo;occasion de mettre des visages... En savoir plus &raquo;","og_url":"https:\/\/aliso.fr\/reseau\/alisopop-4-prepa-en-route-jeudi-17-10-24\/","og_site_name":"Aliso R\u00e9seau","article_published_time":"2024-09-05T08:29:43+00:00","article_modified_time":"2024-09-05T08:31:08+00:00","og_image":[{"width":1414,"height":516,"url":"https:\/\/aliso.fr\/reseau\/wp-content\/uploads\/sites\/4\/2023\/12\/Design-sans-titre-e1702395382229.jpg","type":"image\/jpeg"}],"author":"laure","twitter_card":"summary_large_image","schema":{"@context":"https:\/\/schema.org","@graph":[{"@type":"Article","@id":"https:\/\/aliso.fr\/reseau\/alisopop-4-prepa-en-route-jeudi-17-10-24\/#article","isPartOf":{"@id":"https:\/\/aliso.fr\/reseau\/alisopop-4-prepa-en-route-jeudi-17-10-24\/"},"author":{"name":"laure","@id":"https:\/\/aliso.fr\/reseau\/#\/schema\/person\/056af145b9c52eee21a9f739489104a5"},"headline":"ALISO&rsquo;POP #4 &#8211; pr\u00e9pa en route Jeudi 17\/10\/24","datePublished":"2024-09-05T08:29:43+00:00","dateModified":"2024-09-05T08:31:08+00:00","mainEntityOfPage":{"@id":"https:\/\/aliso.fr\/reseau\/alisopop-4-prepa-en-route-jeudi-17-10-24\/"},"wordCount":209,"publisher":{"@id":"https:\/\/aliso.fr\/reseau\/#organization"},"image":{"@id":"https:\/\/aliso.fr\/reseau\/alisopop-4-prepa-en-route-jeudi-17-10-24\/#primaryimage"},"thumbnailUrl":"https:\/\/aliso.fr\/reseau\/wp-content\/uploads\/sites\/4\/2023\/12\/Design-sans-titre-e1702395382229.jpg","articleSection":["Actualit\u00e9","Nos actions"],"inLanguage":"fr-FR"},{"@type":"WebPage","@id":"https:\/\/aliso.fr\/reseau\/alisopop-4-prepa-en-route-jeudi-17-10-24\/","url":"https:\/\/aliso.fr\/reseau\/alisopop-4-prepa-en-route-jeudi-17-10-24\/","name":"ALISO'POP #4 - pr\u00e9pa en route Jeudi 17\/10\/24 - Aliso R\u00e9seau","isPartOf":{"@id":"https:\/\/aliso.fr\/reseau\/#website"},"primaryImageOfPage":{"@id":"https:\/\/aliso.fr\/reseau\/alisopop-4-prepa-en-route-jeudi-17-10-24\/#primaryimage"},"image":{"@id":"https:\/\/aliso.fr\/reseau\/alisopop-4-prepa-en-route-jeudi-17-10-24\/#primaryimage"},"thumbnailUrl":"https:\/\/aliso.fr\/reseau\/wp-content\/uploads\/sites\/4\/2023\/12\/Design-sans-titre-e1702395382229.jpg","datePublished":"2024-09-05T08:29:43+00:00","dateModified":"2024-09-05T08:31:08+00:00","breadcrumb":{"@id":"https:\/\/aliso.fr\/reseau\/alisopop-4-prepa-en-route-jeudi-17-10-24\/#breadcrumb"},"inLanguage":"fr-FR","potentialAction":[{"@type":"ReadAction","target":["https:\/\/aliso.fr\/reseau\/alisopop-4-prepa-en-route-jeudi-17-10-24\/"]}]},{"@type":"ImageObject","inLanguage":"fr-FR","@id":"https:\/\/aliso.fr\/reseau\/alisopop-4-prepa-en-route-jeudi-17-10-24\/#primaryimage","url":"https:\/\/aliso.fr\/reseau\/wp-content\/uploads\/sites\/4\/2023\/12\/Design-sans-titre-e1702395382229.jpg","contentUrl":"https:\/\/aliso.fr\/reseau\/wp-content\/uploads\/sites\/4\/2023\/12\/Design-sans-titre-e1702395382229.jpg","width":1414,"height":516,"caption":"Design sans titre - 1"},{"@type":"BreadcrumbList","@id":"https:\/\/aliso.fr\/reseau\/alisopop-4-prepa-en-route-jeudi-17-10-24\/#breadcrumb","itemListElement":[{"@type":"ListItem","position":1,"name":"Accueil","item":"https:\/\/aliso.fr\/reseau\/"},{"@type":"ListItem","position":2,"name":"Actualit\u00e9","item":"https:\/\/aliso.fr\/reseau\/actualite\/"},{"@type":"ListItem","position":3,"name":"ALISO&#8217;POP #4 &#8211; pr\u00e9pa en route Jeudi 17\/10\/24"}]},{"@type":"WebSite","@id":"https:\/\/aliso.fr\/reseau\/#website","url":"https:\/\/aliso.fr\/reseau\/","name":"Aliso R\u00e9seau","description":"R\u00e9seau Creusois des acteurs du lien social","publisher":{"@id":"https:\/\/aliso.fr\/reseau\/#organization"},"potentialAction":[{"@type":"SearchAction","target":{"@type":"EntryPoint","urlTemplate":"https:\/\/aliso.fr\/reseau\/?s={search_term_string}"},"query-input":{"@type":"PropertyValueSpecification","valueRequired":true,"valueName":"search_term_string"}}],"inLanguage":"fr-FR"},{"@type":"Organization","@id":"https:\/\/aliso.fr\/reseau\/#organization","name":"Aliso R\u00e9seau","url":"https:\/\/aliso.fr\/reseau\/","logo":{"@type":"ImageObject","inLanguage":"fr-FR","@id":"https:\/\/aliso.fr\/reseau\/#\/schema\/logo\/image\/","url":"https:\/\/aliso.fr\/reseau\/wp-content\/uploads\/sites\/4\/2022\/01\/Logo-ALISO-Reseau-2.png","contentUrl":"https:\/\/aliso.fr\/reseau\/wp-content\/uploads\/sites\/4\/2022\/01\/Logo-ALISO-Reseau-2.png","width":900,"height":970,"caption":"Aliso R\u00e9seau"},"image":{"@id":"https:\/\/aliso.fr\/reseau\/#\/schema\/logo\/image\/"}},{"@type":"Person","@id":"https:\/\/aliso.fr\/reseau\/#\/schema\/person\/056af145b9c52eee21a9f739489104a5","name":"laure"}]}},"_links":{"self":[{"href":"https:\/\/aliso.fr\/reseau\/wp-json\/wp\/v2\/posts\/2474","targetHints":{"allow":["GET"]}}],"collection":[{"href":"https:\/\/aliso.fr\/reseau\/wp-json\/wp\/v2\/posts"}],"about":[{"href":"https:\/\/aliso.fr\/reseau\/wp-json\/wp\/v2\/types\/post"}],"author":[{"embeddable":true,"href":"https:\/\/aliso.fr\/reseau\/wp-json\/wp\/v2\/users\/3"}],"replies":[{"embeddable":true,"href":"https:\/\/aliso.fr\/reseau\/wp-json\/wp\/v2\/comments?post=2474"}],"version-history":[{"count":1,"href":"https:\/\/aliso.fr\/reseau\/wp-json\/wp\/v2\/posts\/2474\/revisions"}],"predecessor-version":[{"id":2475,"href":"https:\/\/aliso.fr\/reseau\/wp-json\/wp\/v2\/posts\/2474\/revisions\/2475"}],"wp:featuredmedia":[{"embeddable":true,"href":"https:\/\/aliso.fr\/reseau\/wp-json\/wp\/v2\/media\/2108"}],"wp:attachment":[{"href":"https:\/\/aliso.fr\/reseau\/wp-json\/wp\/v2\/media?parent=2474"}],"wp:term":[{"taxonomy":"category","embeddable":true,"href":"https:\/\/aliso.fr\/reseau\/wp-json\/wp\/v2\/categories?post=2474"},{"taxonomy":"post_tag","embeddable":true,"href":"https:\/\/aliso.fr\/reseau\/wp-json\/wp\/v2\/tags?post=2474"}],"curies":[{"name":"wp","href":"https:\/\/api.w.org\/{rel}","templated":true}]}}