{"id":2476,"date":"2024-09-05T10:38:57","date_gmt":"2024-09-05T08:38:57","guid":{"rendered":"https:\/\/aliso.fr\/reseau\/?p=2476"},"modified":"2024-09-05T17:18:09","modified_gmt":"2024-09-05T15:18:09","slug":"mardi-12-novembre-temps-fort","status":"publish","type":"post","link":"https:\/\/aliso.fr\/reseau\/mardi-12-novembre-temps-fort\/","title":{"rendered":"MARDI 12 NOVEMBRE &#8211; Temps fort !"},"content":{"rendered":"\n<p>&#8230; burn-out, recrutement, turn over, formation, \u00e9volution, rapports entre b\u00e9n\u00e9voles et salari\u00e9s, qualit\u00e9 de vie et conditions de travail, enjeux locaux et nationaux, n\u00e9gociations de branche &#8230;<br>Quels sont nos rapports au travail ?<\/p>\n\n\n\n<p class=\"has-text-align-center\"><strong>Comment soigner l&rsquo;attractivit\u00e9 de nos m\u00e9tiers ?<\/strong><\/p>\n\n\n\n<p>Venez en parler ou simplement \u00e9couter, Mardi 12 novembre \u00e0 l&rsquo;Espace Tremplin Nature \u00e0 Gu\u00e9ret.<br>Une journ\u00e9e consacr\u00e9e \u00e0 ce sujet, tr\u00e8s attendue, organis\u00e9e par Aliso et Hexop\u00e9e avec la participation d&rsquo;Uniformation et du DLA Creuse.<\/p>\n\n\n\n<p>On compte sur votre pr\u00e9sence : <a href=\"https:\/\/docs.google.com\/forms\/d\/e\/1FAIpQLScev8_Ec7YaRhWLD7Hz_yBwjyU1SBuJUALg9M3Xk_O3rc1tsg\/viewform?pli=1\" target=\"_blank\" rel=\"noreferrer noopener\">inscrivez-vous ici<\/a>, notamment pour la r\u00e9servation de votre repas. Merci et \u00e0 bient\u00f4t !<br><br>Pour en savoir un peu plus : <a href=\"https:\/\/aliso.fr\/initiatives\/28-juin-2024-gueret-nos-associations-et-metiers-de-lanimation-et-du-lien-social-sont-ils-attractifs\/\" target=\"_blank\" rel=\"noreferrer noopener\">lisez ici l&rsquo;article d&rsquo;Aliso Initiatives qui pr\u00e9sente la journ\u00e9e. <\/a><\/p>\n\n\n\n<figure class=\"wp-block-image size-large is-resized\"><img loading=\"lazy\" decoding=\"async\" width=\"233\" height=\"330\" src=\"https:\/\/aliso.fr\/reseau\/wp-content\/uploads\/sites\/4\/2024\/09\/associations-comment-soigner-lattractivite-de-nos-metiers-1-2-233x330.png\" alt=\"\" class=\"wp-image-2479\" style=\"width:834px;height:auto\" srcset=\"https:\/\/aliso.fr\/reseau\/wp-content\/uploads\/sites\/4\/2024\/09\/associations-comment-soigner-lattractivite-de-nos-metiers-1-2-233x330.png 233w, https:\/\/aliso.fr\/reseau\/wp-content\/uploads\/sites\/4\/2024\/09\/associations-comment-soigner-lattractivite-de-nos-metiers-1-2-134x190.png 134w, https:\/\/aliso.fr\/reseau\/wp-content\/uploads\/sites\/4\/2024\/09\/associations-comment-soigner-lattractivite-de-nos-metiers-1-2-768x1086.png 768w, https:\/\/aliso.fr\/reseau\/wp-content\/uploads\/sites\/4\/2024\/09\/associations-comment-soigner-lattractivite-de-nos-metiers-1-2-1086x1536.png 1086w, https:\/\/aliso.fr\/reseau\/wp-content\/uploads\/sites\/4\/2024\/09\/associations-comment-soigner-lattractivite-de-nos-metiers-1-2-1448x2048.png 1448w, https:\/\/aliso.fr\/reseau\/wp-content\/uploads\/sites\/4\/2024\/09\/associations-comment-soigner-lattractivite-de-nos-metiers-1-2-1320x1867.png 1320w, https:\/\/aliso.fr\/reseau\/wp-content\/uploads\/sites\/4\/2024\/09\/associations-comment-soigner-lattractivite-de-nos-metiers-1-2.png 1587w\" sizes=\"auto, (max-width: 233px) 100vw, 233px\" \/><\/figure>\n","protected":false},"excerpt":{"rendered":"<p>&#8230; burn-out, recrutement, turn over, formation, \u00e9volution, rapports entre b\u00e9n\u00e9voles et salari\u00e9s, qualit\u00e9 de vie et conditions de travail, enjeux locaux et nationaux, n\u00e9gociations de branche &#8230;Quels sont nos rapports au travail ? Comment soigner l&rsquo;attractivit\u00e9 de nos m\u00e9tiers ? Venez en parler ou simplement \u00e9couter, Mardi 12 novembre \u00e0 l&rsquo;Espace Tremplin Nature \u00e0 Gu\u00e9ret.Une&#8230; <a class=\"excerpt-read-more button\" href=\"https:\/\/aliso.fr\/reseau\/mardi-12-novembre-temps-fort\/\" title=\"ReadMARDI 12 NOVEMBRE &#8211; Temps fort !\">En savoir plus &raquo;<\/a><\/p>\n","protected":false},"author":3,"featured_media":2478,"comment_status":"closed","ping_status":"open","sticky":false,"template":"","format":"standard","meta":{"footnotes":""},"categories":[3,7],"tags":[],"class_list":["post-2476","post","type-post","status-publish","format-standard","has-post-thumbnail","hentry","category-actualite","category-nos-actions"],"yoast_head":"<!-- This site is optimized with the Yoast SEO plugin v27.4 - https:\/\/yoast.com\/product\/yoast-seo-wordpress\/ -->\n<title>MARDI 12 NOVEMBRE - Temps fort ! - Aliso R\u00e9seau<\/title>\n<meta name=\"robots\" content=\"index, follow, max-snippet:-1, max-image-preview:large, max-video-preview:-1\" \/>\n<link rel=\"canonical\" href=\"https:\/\/aliso.fr\/reseau\/mardi-12-novembre-temps-fort\/\" \/>\n<meta property=\"og:locale\" content=\"fr_FR\" \/>\n<meta property=\"og:type\" content=\"article\" \/>\n<meta property=\"og:title\" content=\"MARDI 12 NOVEMBRE - Temps fort ! - Aliso R\u00e9seau\" \/>\n<meta property=\"og:description\" content=\"&#8230; burn-out, recrutement, turn over, formation, \u00e9volution, rapports entre b\u00e9n\u00e9voles et salari\u00e9s, qualit\u00e9 de vie et conditions de travail, enjeux locaux et nationaux, n\u00e9gociations de branche &#8230;Quels sont nos rapports au travail ? Comment soigner l&rsquo;attractivit\u00e9 de nos m\u00e9tiers ? Venez en parler ou simplement \u00e9couter, Mardi 12 novembre \u00e0 l&rsquo;Espace Tremplin Nature \u00e0 Gu\u00e9ret.Une... En savoir plus &raquo;\" \/>\n<meta property=\"og:url\" content=\"https:\/\/aliso.fr\/reseau\/mardi-12-novembre-temps-fort\/\" \/>\n<meta property=\"og:site_name\" content=\"Aliso R\u00e9seau\" \/>\n<meta property=\"article:published_time\" content=\"2024-09-05T08:38:57+00:00\" \/>\n<meta property=\"article:modified_time\" content=\"2024-09-05T15:18:09+00:00\" \/>\n<meta property=\"og:image\" content=\"https:\/\/aliso.fr\/reseau\/wp-content\/uploads\/sites\/4\/2024\/09\/associations-comment-soigner-lattractivite-de-nos-metiers-1-1.png\" \/>\n\t<meta property=\"og:image:width\" content=\"1587\" \/>\n\t<meta property=\"og:image:height\" content=\"2245\" \/>\n\t<meta property=\"og:image:type\" content=\"image\/png\" \/>\n<meta name=\"author\" content=\"laure\" \/>\n<meta name=\"twitter:card\" content=\"summary_large_image\" \/>\n<script type=\"application\/ld+json\" class=\"yoast-schema-graph\">{\"@context\":\"https:\\\/\\\/schema.org\",\"@graph\":[{\"@type\":\"Article\",\"@id\":\"https:\\\/\\\/aliso.fr\\\/reseau\\\/mardi-12-novembre-temps-fort\\\/#article\",\"isPartOf\":{\"@id\":\"https:\\\/\\\/aliso.fr\\\/reseau\\\/mardi-12-novembre-temps-fort\\\/\"},\"author\":{\"name\":\"laure\",\"@id\":\"https:\\\/\\\/aliso.fr\\\/reseau\\\/#\\\/schema\\\/person\\\/056af145b9c52eee21a9f739489104a5\"},\"headline\":\"MARDI 12 NOVEMBRE &#8211; Temps fort !\",\"datePublished\":\"2024-09-05T08:38:57+00:00\",\"dateModified\":\"2024-09-05T15:18:09+00:00\",\"mainEntityOfPage\":{\"@id\":\"https:\\\/\\\/aliso.fr\\\/reseau\\\/mardi-12-novembre-temps-fort\\\/\"},\"wordCount\":127,\"publisher\":{\"@id\":\"https:\\\/\\\/aliso.fr\\\/reseau\\\/#organization\"},\"image\":{\"@id\":\"https:\\\/\\\/aliso.fr\\\/reseau\\\/mardi-12-novembre-temps-fort\\\/#primaryimage\"},\"thumbnailUrl\":\"https:\\\/\\\/aliso.fr\\\/reseau\\\/wp-content\\\/uploads\\\/sites\\\/4\\\/2024\\\/09\\\/associations-comment-soigner-lattractivite-de-nos-metiers-1-1.png\",\"articleSection\":[\"Actualit\u00e9\",\"Nos actions\"],\"inLanguage\":\"fr-FR\"},{\"@type\":\"WebPage\",\"@id\":\"https:\\\/\\\/aliso.fr\\\/reseau\\\/mardi-12-novembre-temps-fort\\\/\",\"url\":\"https:\\\/\\\/aliso.fr\\\/reseau\\\/mardi-12-novembre-temps-fort\\\/\",\"name\":\"MARDI 12 NOVEMBRE - Temps fort ! - Aliso R\u00e9seau\",\"isPartOf\":{\"@id\":\"https:\\\/\\\/aliso.fr\\\/reseau\\\/#website\"},\"primaryImageOfPage\":{\"@id\":\"https:\\\/\\\/aliso.fr\\\/reseau\\\/mardi-12-novembre-temps-fort\\\/#primaryimage\"},\"image\":{\"@id\":\"https:\\\/\\\/aliso.fr\\\/reseau\\\/mardi-12-novembre-temps-fort\\\/#primaryimage\"},\"thumbnailUrl\":\"https:\\\/\\\/aliso.fr\\\/reseau\\\/wp-content\\\/uploads\\\/sites\\\/4\\\/2024\\\/09\\\/associations-comment-soigner-lattractivite-de-nos-metiers-1-1.png\",\"datePublished\":\"2024-09-05T08:38:57+00:00\",\"dateModified\":\"2024-09-05T15:18:09+00:00\",\"breadcrumb\":{\"@id\":\"https:\\\/\\\/aliso.fr\\\/reseau\\\/mardi-12-novembre-temps-fort\\\/#breadcrumb\"},\"inLanguage\":\"fr-FR\",\"potentialAction\":[{\"@type\":\"ReadAction\",\"target\":[\"https:\\\/\\\/aliso.fr\\\/reseau\\\/mardi-12-novembre-temps-fort\\\/\"]}]},{\"@type\":\"ImageObject\",\"inLanguage\":\"fr-FR\",\"@id\":\"https:\\\/\\\/aliso.fr\\\/reseau\\\/mardi-12-novembre-temps-fort\\\/#primaryimage\",\"url\":\"https:\\\/\\\/aliso.fr\\\/reseau\\\/wp-content\\\/uploads\\\/sites\\\/4\\\/2024\\\/09\\\/associations-comment-soigner-lattractivite-de-nos-metiers-1-1.png\",\"contentUrl\":\"https:\\\/\\\/aliso.fr\\\/reseau\\\/wp-content\\\/uploads\\\/sites\\\/4\\\/2024\\\/09\\\/associations-comment-soigner-lattractivite-de-nos-metiers-1-1.png\",\"width\":1587,\"height\":2245},{\"@type\":\"BreadcrumbList\",\"@id\":\"https:\\\/\\\/aliso.fr\\\/reseau\\\/mardi-12-novembre-temps-fort\\\/#breadcrumb\",\"itemListElement\":[{\"@type\":\"ListItem\",\"position\":1,\"name\":\"Accueil\",\"item\":\"https:\\\/\\\/aliso.fr\\\/reseau\\\/\"},{\"@type\":\"ListItem\",\"position\":2,\"name\":\"Actualit\u00e9\",\"item\":\"https:\\\/\\\/aliso.fr\\\/reseau\\\/actualite\\\/\"},{\"@type\":\"ListItem\",\"position\":3,\"name\":\"MARDI 12 NOVEMBRE &#8211; Temps fort !\"}]},{\"@type\":\"WebSite\",\"@id\":\"https:\\\/\\\/aliso.fr\\\/reseau\\\/#website\",\"url\":\"https:\\\/\\\/aliso.fr\\\/reseau\\\/\",\"name\":\"Aliso R\u00e9seau\",\"description\":\"R\u00e9seau Creusois des acteurs du lien social\",\"publisher\":{\"@id\":\"https:\\\/\\\/aliso.fr\\\/reseau\\\/#organization\"},\"potentialAction\":[{\"@type\":\"SearchAction\",\"target\":{\"@type\":\"EntryPoint\",\"urlTemplate\":\"https:\\\/\\\/aliso.fr\\\/reseau\\\/?s={search_term_string}\"},\"query-input\":{\"@type\":\"PropertyValueSpecification\",\"valueRequired\":true,\"valueName\":\"search_term_string\"}}],\"inLanguage\":\"fr-FR\"},{\"@type\":\"Organization\",\"@id\":\"https:\\\/\\\/aliso.fr\\\/reseau\\\/#organization\",\"name\":\"Aliso R\u00e9seau\",\"url\":\"https:\\\/\\\/aliso.fr\\\/reseau\\\/\",\"logo\":{\"@type\":\"ImageObject\",\"inLanguage\":\"fr-FR\",\"@id\":\"https:\\\/\\\/aliso.fr\\\/reseau\\\/#\\\/schema\\\/logo\\\/image\\\/\",\"url\":\"https:\\\/\\\/aliso.fr\\\/reseau\\\/wp-content\\\/uploads\\\/sites\\\/4\\\/2022\\\/01\\\/Logo-ALISO-Reseau-2.png\",\"contentUrl\":\"https:\\\/\\\/aliso.fr\\\/reseau\\\/wp-content\\\/uploads\\\/sites\\\/4\\\/2022\\\/01\\\/Logo-ALISO-Reseau-2.png\",\"width\":900,\"height\":970,\"caption\":\"Aliso R\u00e9seau\"},\"image\":{\"@id\":\"https:\\\/\\\/aliso.fr\\\/reseau\\\/#\\\/schema\\\/logo\\\/image\\\/\"}},{\"@type\":\"Person\",\"@id\":\"https:\\\/\\\/aliso.fr\\\/reseau\\\/#\\\/schema\\\/person\\\/056af145b9c52eee21a9f739489104a5\",\"name\":\"laure\"}]}<\/script>\n<!-- \/ Yoast SEO plugin. -->","yoast_head_json":{"title":"MARDI 12 NOVEMBRE - Temps fort ! - Aliso R\u00e9seau","robots":{"index":"index","follow":"follow","max-snippet":"max-snippet:-1","max-image-preview":"max-image-preview:large","max-video-preview":"max-video-preview:-1"},"canonical":"https:\/\/aliso.fr\/reseau\/mardi-12-novembre-temps-fort\/","og_locale":"fr_FR","og_type":"article","og_title":"MARDI 12 NOVEMBRE - Temps fort ! - Aliso R\u00e9seau","og_description":"&#8230; burn-out, recrutement, turn over, formation, \u00e9volution, rapports entre b\u00e9n\u00e9voles et salari\u00e9s, qualit\u00e9 de vie et conditions de travail, enjeux locaux et nationaux, n\u00e9gociations de branche &#8230;Quels sont nos rapports au travail ? Comment soigner l&rsquo;attractivit\u00e9 de nos m\u00e9tiers ? Venez en parler ou simplement \u00e9couter, Mardi 12 novembre \u00e0 l&rsquo;Espace Tremplin Nature \u00e0 Gu\u00e9ret.Une... En savoir plus &raquo;","og_url":"https:\/\/aliso.fr\/reseau\/mardi-12-novembre-temps-fort\/","og_site_name":"Aliso R\u00e9seau","article_published_time":"2024-09-05T08:38:57+00:00","article_modified_time":"2024-09-05T15:18:09+00:00","og_image":[{"width":1587,"height":2245,"url":"https:\/\/aliso.fr\/reseau\/wp-content\/uploads\/sites\/4\/2024\/09\/associations-comment-soigner-lattractivite-de-nos-metiers-1-1.png","type":"image\/png"}],"author":"laure","twitter_card":"summary_large_image","schema":{"@context":"https:\/\/schema.org","@graph":[{"@type":"Article","@id":"https:\/\/aliso.fr\/reseau\/mardi-12-novembre-temps-fort\/#article","isPartOf":{"@id":"https:\/\/aliso.fr\/reseau\/mardi-12-novembre-temps-fort\/"},"author":{"name":"laure","@id":"https:\/\/aliso.fr\/reseau\/#\/schema\/person\/056af145b9c52eee21a9f739489104a5"},"headline":"MARDI 12 NOVEMBRE &#8211; Temps fort !","datePublished":"2024-09-05T08:38:57+00:00","dateModified":"2024-09-05T15:18:09+00:00","mainEntityOfPage":{"@id":"https:\/\/aliso.fr\/reseau\/mardi-12-novembre-temps-fort\/"},"wordCount":127,"publisher":{"@id":"https:\/\/aliso.fr\/reseau\/#organization"},"image":{"@id":"https:\/\/aliso.fr\/reseau\/mardi-12-novembre-temps-fort\/#primaryimage"},"thumbnailUrl":"https:\/\/aliso.fr\/reseau\/wp-content\/uploads\/sites\/4\/2024\/09\/associations-comment-soigner-lattractivite-de-nos-metiers-1-1.png","articleSection":["Actualit\u00e9","Nos actions"],"inLanguage":"fr-FR"},{"@type":"WebPage","@id":"https:\/\/aliso.fr\/reseau\/mardi-12-novembre-temps-fort\/","url":"https:\/\/aliso.fr\/reseau\/mardi-12-novembre-temps-fort\/","name":"MARDI 12 NOVEMBRE - Temps fort ! - Aliso R\u00e9seau","isPartOf":{"@id":"https:\/\/aliso.fr\/reseau\/#website"},"primaryImageOfPage":{"@id":"https:\/\/aliso.fr\/reseau\/mardi-12-novembre-temps-fort\/#primaryimage"},"image":{"@id":"https:\/\/aliso.fr\/reseau\/mardi-12-novembre-temps-fort\/#primaryimage"},"thumbnailUrl":"https:\/\/aliso.fr\/reseau\/wp-content\/uploads\/sites\/4\/2024\/09\/associations-comment-soigner-lattractivite-de-nos-metiers-1-1.png","datePublished":"2024-09-05T08:38:57+00:00","dateModified":"2024-09-05T15:18:09+00:00","breadcrumb":{"@id":"https:\/\/aliso.fr\/reseau\/mardi-12-novembre-temps-fort\/#breadcrumb"},"inLanguage":"fr-FR","potentialAction":[{"@type":"ReadAction","target":["https:\/\/aliso.fr\/reseau\/mardi-12-novembre-temps-fort\/"]}]},{"@type":"ImageObject","inLanguage":"fr-FR","@id":"https:\/\/aliso.fr\/reseau\/mardi-12-novembre-temps-fort\/#primaryimage","url":"https:\/\/aliso.fr\/reseau\/wp-content\/uploads\/sites\/4\/2024\/09\/associations-comment-soigner-lattractivite-de-nos-metiers-1-1.png","contentUrl":"https:\/\/aliso.fr\/reseau\/wp-content\/uploads\/sites\/4\/2024\/09\/associations-comment-soigner-lattractivite-de-nos-metiers-1-1.png","width":1587,"height":2245},{"@type":"BreadcrumbList","@id":"https:\/\/aliso.fr\/reseau\/mardi-12-novembre-temps-fort\/#breadcrumb","itemListElement":[{"@type":"ListItem","position":1,"name":"Accueil","item":"https:\/\/aliso.fr\/reseau\/"},{"@type":"ListItem","position":2,"name":"Actualit\u00e9","item":"https:\/\/aliso.fr\/reseau\/actualite\/"},{"@type":"ListItem","position":3,"name":"MARDI 12 NOVEMBRE &#8211; Temps fort !"}]},{"@type":"WebSite","@id":"https:\/\/aliso.fr\/reseau\/#website","url":"https:\/\/aliso.fr\/reseau\/","name":"Aliso R\u00e9seau","description":"R\u00e9seau Creusois des acteurs du lien social","publisher":{"@id":"https:\/\/aliso.fr\/reseau\/#organization"},"potentialAction":[{"@type":"SearchAction","target":{"@type":"EntryPoint","urlTemplate":"https:\/\/aliso.fr\/reseau\/?s={search_term_string}"},"query-input":{"@type":"PropertyValueSpecification","valueRequired":true,"valueName":"search_term_string"}}],"inLanguage":"fr-FR"},{"@type":"Organization","@id":"https:\/\/aliso.fr\/reseau\/#organization","name":"Aliso R\u00e9seau","url":"https:\/\/aliso.fr\/reseau\/","logo":{"@type":"ImageObject","inLanguage":"fr-FR","@id":"https:\/\/aliso.fr\/reseau\/#\/schema\/logo\/image\/","url":"https:\/\/aliso.fr\/reseau\/wp-content\/uploads\/sites\/4\/2022\/01\/Logo-ALISO-Reseau-2.png","contentUrl":"https:\/\/aliso.fr\/reseau\/wp-content\/uploads\/sites\/4\/2022\/01\/Logo-ALISO-Reseau-2.png","width":900,"height":970,"caption":"Aliso R\u00e9seau"},"image":{"@id":"https:\/\/aliso.fr\/reseau\/#\/schema\/logo\/image\/"}},{"@type":"Person","@id":"https:\/\/aliso.fr\/reseau\/#\/schema\/person\/056af145b9c52eee21a9f739489104a5","name":"laure"}]}},"_links":{"self":[{"href":"https:\/\/aliso.fr\/reseau\/wp-json\/wp\/v2\/posts\/2476","targetHints":{"allow":["GET"]}}],"collection":[{"href":"https:\/\/aliso.fr\/reseau\/wp-json\/wp\/v2\/posts"}],"about":[{"href":"https:\/\/aliso.fr\/reseau\/wp-json\/wp\/v2\/types\/post"}],"author":[{"embeddable":true,"href":"https:\/\/aliso.fr\/reseau\/wp-json\/wp\/v2\/users\/3"}],"replies":[{"embeddable":true,"href":"https:\/\/aliso.fr\/reseau\/wp-json\/wp\/v2\/comments?post=2476"}],"version-history":[{"count":2,"href":"https:\/\/aliso.fr\/reseau\/wp-json\/wp\/v2\/posts\/2476\/revisions"}],"predecessor-version":[{"id":2493,"href":"https:\/\/aliso.fr\/reseau\/wp-json\/wp\/v2\/posts\/2476\/revisions\/2493"}],"wp:featuredmedia":[{"embeddable":true,"href":"https:\/\/aliso.fr\/reseau\/wp-json\/wp\/v2\/media\/2478"}],"wp:attachment":[{"href":"https:\/\/aliso.fr\/reseau\/wp-json\/wp\/v2\/media?parent=2476"}],"wp:term":[{"taxonomy":"category","embeddable":true,"href":"https:\/\/aliso.fr\/reseau\/wp-json\/wp\/v2\/categories?post=2476"},{"taxonomy":"post_tag","embeddable":true,"href":"https:\/\/aliso.fr\/reseau\/wp-json\/wp\/v2\/tags?post=2476"}],"curies":[{"name":"wp","href":"https:\/\/api.w.org\/{rel}","templated":true}]}}