{"id":2628,"date":"2024-02-14T15:30:00","date_gmt":"2024-02-14T14:30:00","guid":{"rendered":"https:\/\/aliso.fr\/reseau\/?p=2628"},"modified":"2025-02-18T17:09:08","modified_gmt":"2025-02-18T16:09:08","slug":"un-observatoire-recherche-dans-aliso","status":"publish","type":"post","link":"https:\/\/aliso.fr\/reseau\/un-observatoire-recherche-dans-aliso\/","title":{"rendered":"UN OBSERVATOIRE-RECHERCHE DANS ALISO"},"content":{"rendered":"\n<p>Si vous avez d\u00e9j\u00e0 lu cet article avant la mi f\u00e9vrier 2025, et souhaitez une mise \u00e0 jour,<a href=\"https:\/\/nuage.aliso.fr\/index.php\/s\/ndPfbqGmrfCL7Cg\" target=\"_blank\" rel=\"noreferrer noopener\"> cliquez ici<\/a> pour creuser un peu le sujet.<\/p>\n\n\n\n<p>Si vous suivez un peu l&rsquo;actualit\u00e9 Aliso et que vous fr\u00e9quentez les espaces qui font r\u00e9seau, vous avez sans doute d\u00e9j\u00e0 eu l&rsquo;occasion de discuter \u00ab\u00a0Observatoire\u00a0\u00bb.<br>Aujourd&rsquo;hui, on vous partage une photographie de l&rsquo;\u00e9tat d&rsquo;avancement de la d\u00e9marche.<br><br>C&rsquo;est une action transverse aux 3 p\u00f4les d\u2019ALISO et \u00e0 notre Organisme de Formation. <br>Cette d\u00e9marche permet d\u2019alimenter et orienter toutes nos actions, missions et projets actuels ou futurs. <br>Elle n&rsquo;est pas fig\u00e9e et invite au mouvement perp\u00e9tuel, s&rsquo;inscrivant dans la lign\u00e9e du projet associatif d\u2019ALISO 2024 \u2013 2027.<br>On parle d&rsquo;observatoire-recherche car il est bien question d&rsquo;interroger, recueillir, mesurer et d&rsquo;entrer dans une gymnastique de recherche. En quelques mots :<\/p>\n\n\n\n<p><strong>3 verbes d\u2019actions<\/strong> : Comprendre \u2013 Analyser \u2013 Partager<br>&#8211; les effets des actions de nos membres et du r\u00e9seau sur le territoire et ses acteur.ice.s.<br>&#8211; les comp\u00e9tences du r\u00e9seau et les actions : l&rsquo;identification &amp; la valorisation de l\u2019existant<br>&#8211; l\u2019image du r\u00e9seau : cr\u00e9er une image positive qui sert en interne comme en externe).<br>&#8211; le militantisme associatif dans le r\u00e9seau : engagement \/ solidarit\u00e9 \/ coop\u00e9ration \/ investissement<br>&#8211; les dynamiques d\u2019actions \u00e9manant de notre r\u00e9seau et des adh\u00e9rent.es sur notre territoire, et de nos partenaires.<br><br><strong>3 prismes pour aborder les observations :<\/strong><br>o structures,<br>o personnes<br>o territoire.<\/p>\n\n\n\n<p><strong>2 enjeux principaux <\/strong>: <br>&#8211; La maitrise du questionnement : c\u2019est nous, nos adh\u00e9rent.es, notre r\u00e9seau qui allons choisir les questions \u00e0 se poser, ce qu\u2019on veut aller creuser et non un questionnement orient\u00e9 par des partenaires. On peut prendre en compte les remarques, besoins etc. mais nous sommes ma\u00eetres du choix du questionnement.<br>&#8211; La ma\u00eetrise des donn\u00e9es &amp; des indicateurs : nous d\u00e9cidons ce que nous partageons, l\u2019analyse et sa diffusion.<br><br>Le bureau du 26\/11\/2024 a permis de lever les doutes sur sa pertinence, notre capacit\u00e9 \u00e0 le mettre en \u0153uvre, son utilit\u00e9, et interroger la place de l&rsquo;investissement des acteur.ice.s du r\u00e9seau pour le faire vivre.<br>&#8211;&gt; Concernant les moyens de mise en \u0153uvre : <br>Un 0.5 ETP + groupe th\u00e9matique + temps de travail des membres du bureau + prochain CA autour de l\u2019observatoire + appropriation de l\u2019\u00e9quipe salariale.<br>&#8211;&gt; Concernant l&rsquo;importance de l&rsquo;implication des membres du r\u00e9seau :<br>C\u2019est une d\u00e9marche qui doit \u00eatre partag\u00e9e collectivement et dont plusieurs personnes, membres du bureau ou non, doivent s\u2019emparer. Cependant, on ne peut acter un minimum de participant aujourd\u2019hui pour valider ou non la d\u00e9marche. En fonction des espaces de r\u00e9flexion et de travail, il sera important de trouver des personnes r\u00e9f\u00e9rentes. Il en existe pour le moment dans le bureau et dans l&rsquo;\u00e9quipe salari\u00e9e mais cela pourrait \u00e9voluer.<br>&#8211;&gt; Concernant la m\u00e9thodologie \u00e0 adopter :<br>Le souhait du bureau est de construire une m\u00e9thodologie partag\u00e9e et participative. Pour que cela fonctionne, les structures doivent dores et d\u00e9j\u00e0 \u00ab jouer le jeu \u00bb. Cela passe pour commencer par la mise \u00e0 jour du tableau de donn\u00e9es concernant les structures par chaque association adh\u00e9rente.<a href=\"https:\/\/nuage.aliso.fr\/index.php\/apps\/forms\/s\/ZBeS3XGkBfkrcdJzgQ3FQdqB\" target=\"_blank\" rel=\"noreferrer noopener\"> <\/a><br><a href=\"https:\/\/nuage.aliso.fr\/index.php\/apps\/forms\/s\/ZBeS3XGkBfkrcdJzgQ3FQdqB\" target=\"_blank\" rel=\"noreferrer noopener\">Remplissez ce formulaire rapide en cliquant ici, merci ! <\/a><br>&#8211;&gt; Concernant la communication sur le sujet :<br>&#8211; Visio Flash sur le sujet<br>&#8211; Prochain CA en f\u00e9vrier avec un temps de pr\u00e9sentation et\/ou travail<br>&#8211; AG<br>&#8211; Newsletter<br>&#8211; ALISO&rsquo;POP<\/p>\n\n\n\n<p>Enfin, cet espace a \u00e9galement pour but de :<\/p>\n\n\n\n<ul class=\"wp-block-list\">\n<li>Nourrir le dialogue entre institutions \/ partenaires et nous<\/li>\n\n\n\n<li>\u00catre un v\u00e9ritable appui pour nos structures : l\u2019appropriation de la d\u00e9marche et de ce qui va en sortir sont de v\u00e9ritables ressources pour les adh\u00e9rents : ouvre les champs des possibles<\/li>\n\n\n\n<li>Permettre d\u2019agir : de construire ensemble ou dans sa structure des actions, projets etc. coh\u00e9rents avec notre territoire, les besoins, les dynamiques existantes<\/li>\n\n\n\n<li>Permettre de construire une strat\u00e9gie politique coh\u00e9rente d\u2019ALISO et des structures.<\/li>\n\n\n\n<li>Construire un discours commun politique et pouvoir se positionner collectivement sur des espaces et questions \u00ab politiques \u00bb<\/li>\n\n\n\n<li>Maintenir une dynamique d\u2019action coh\u00e9rente avec la r\u00e9alit\u00e9 qui ne soit pas impos\u00e9e par des institutions mais choisie<\/li>\n<\/ul>\n\n\n\n<figure class=\"wp-block-image size-full is-resized\"><img loading=\"lazy\" decoding=\"async\" width=\"2000\" height=\"1414\" src=\"https:\/\/aliso.fr\/reseau\/wp-content\/uploads\/sites\/4\/2024\/12\/observatoire-recherche-ALISO.png\" alt=\"\" class=\"wp-image-2633\" style=\"width:840px;height:auto\" srcset=\"https:\/\/aliso.fr\/reseau\/wp-content\/uploads\/sites\/4\/2024\/12\/observatoire-recherche-ALISO.png 2000w, https:\/\/aliso.fr\/reseau\/wp-content\/uploads\/sites\/4\/2024\/12\/observatoire-recherche-ALISO-269x190.png 269w, https:\/\/aliso.fr\/reseau\/wp-content\/uploads\/sites\/4\/2024\/12\/observatoire-recherche-ALISO-467x330.png 467w, https:\/\/aliso.fr\/reseau\/wp-content\/uploads\/sites\/4\/2024\/12\/observatoire-recherche-ALISO-768x543.png 768w, https:\/\/aliso.fr\/reseau\/wp-content\/uploads\/sites\/4\/2024\/12\/observatoire-recherche-ALISO-1536x1086.png 1536w, https:\/\/aliso.fr\/reseau\/wp-content\/uploads\/sites\/4\/2024\/12\/observatoire-recherche-ALISO-1320x933.png 1320w\" sizes=\"auto, (max-width: 2000px) 100vw, 2000px\" \/><\/figure>\n","protected":false},"excerpt":{"rendered":"<p>Si vous avez d\u00e9j\u00e0 lu cet article avant la mi f\u00e9vrier 2025, et souhaitez une mise \u00e0 jour, cliquez ici pour creuser un peu le sujet. Si vous suivez un peu l&rsquo;actualit\u00e9 Aliso et que vous fr\u00e9quentez les espaces qui font r\u00e9seau, vous avez sans doute d\u00e9j\u00e0 eu l&rsquo;occasion de discuter \u00ab\u00a0Observatoire\u00a0\u00bb.Aujourd&rsquo;hui, on vous partage&#8230; <a class=\"excerpt-read-more button\" href=\"https:\/\/aliso.fr\/reseau\/un-observatoire-recherche-dans-aliso\/\" title=\"ReadUN OBSERVATOIRE-RECHERCHE DANS ALISO\">En savoir plus &raquo;<\/a><\/p>\n","protected":false},"author":3,"featured_media":2630,"comment_status":"closed","ping_status":"open","sticky":false,"template":"","format":"standard","meta":{"footnotes":""},"categories":[3,7],"tags":[],"class_list":["post-2628","post","type-post","status-publish","format-standard","has-post-thumbnail","hentry","category-actualite","category-nos-actions"],"yoast_head":"<!-- This site is optimized with the Yoast SEO plugin v27.5 - https:\/\/yoast.com\/product\/yoast-seo-wordpress\/ -->\n<title>UN OBSERVATOIRE-RECHERCHE DANS ALISO - Aliso R\u00e9seau<\/title>\n<meta name=\"robots\" content=\"index, follow, max-snippet:-1, max-image-preview:large, max-video-preview:-1\" \/>\n<link rel=\"canonical\" href=\"https:\/\/aliso.fr\/reseau\/un-observatoire-recherche-dans-aliso\/\" \/>\n<meta property=\"og:locale\" content=\"fr_FR\" \/>\n<meta property=\"og:type\" content=\"article\" \/>\n<meta property=\"og:title\" content=\"UN OBSERVATOIRE-RECHERCHE DANS ALISO - Aliso R\u00e9seau\" \/>\n<meta property=\"og:description\" content=\"Si vous avez d\u00e9j\u00e0 lu cet article avant la mi f\u00e9vrier 2025, et souhaitez une mise \u00e0 jour, cliquez ici pour creuser un peu le sujet. Si vous suivez un peu l&rsquo;actualit\u00e9 Aliso et que vous fr\u00e9quentez les espaces qui font r\u00e9seau, vous avez sans doute d\u00e9j\u00e0 eu l&rsquo;occasion de discuter \u00ab\u00a0Observatoire\u00a0\u00bb.Aujourd&rsquo;hui, on vous partage... En savoir plus &raquo;\" \/>\n<meta property=\"og:url\" content=\"https:\/\/aliso.fr\/reseau\/un-observatoire-recherche-dans-aliso\/\" \/>\n<meta property=\"og:site_name\" content=\"Aliso R\u00e9seau\" \/>\n<meta property=\"article:published_time\" content=\"2024-02-14T14:30:00+00:00\" \/>\n<meta property=\"article:modified_time\" content=\"2025-02-18T16:09:08+00:00\" \/>\n<meta property=\"og:image\" content=\"https:\/\/aliso.fr\/reseau\/wp-content\/uploads\/sites\/4\/2024\/12\/Business-team-looking-for-new-people-1-scaled.jpg\" \/>\n\t<meta property=\"og:image:width\" content=\"2560\" \/>\n\t<meta property=\"og:image:height\" content=\"1707\" \/>\n\t<meta property=\"og:image:type\" content=\"image\/jpeg\" \/>\n<meta name=\"author\" content=\"laure\" \/>\n<meta name=\"twitter:card\" content=\"summary_large_image\" \/>\n<script type=\"application\/ld+json\" class=\"yoast-schema-graph\">{\"@context\":\"https:\\\/\\\/schema.org\",\"@graph\":[{\"@type\":\"Article\",\"@id\":\"https:\\\/\\\/aliso.fr\\\/reseau\\\/un-observatoire-recherche-dans-aliso\\\/#article\",\"isPartOf\":{\"@id\":\"https:\\\/\\\/aliso.fr\\\/reseau\\\/un-observatoire-recherche-dans-aliso\\\/\"},\"author\":{\"name\":\"laure\",\"@id\":\"https:\\\/\\\/aliso.fr\\\/reseau\\\/#\\\/schema\\\/person\\\/056af145b9c52eee21a9f739489104a5\"},\"headline\":\"UN OBSERVATOIRE-RECHERCHE DANS ALISO\",\"datePublished\":\"2024-02-14T14:30:00+00:00\",\"dateModified\":\"2025-02-18T16:09:08+00:00\",\"mainEntityOfPage\":{\"@id\":\"https:\\\/\\\/aliso.fr\\\/reseau\\\/un-observatoire-recherche-dans-aliso\\\/\"},\"wordCount\":724,\"publisher\":{\"@id\":\"https:\\\/\\\/aliso.fr\\\/reseau\\\/#organization\"},\"image\":{\"@id\":\"https:\\\/\\\/aliso.fr\\\/reseau\\\/un-observatoire-recherche-dans-aliso\\\/#primaryimage\"},\"thumbnailUrl\":\"https:\\\/\\\/aliso.fr\\\/reseau\\\/wp-content\\\/uploads\\\/sites\\\/4\\\/2024\\\/12\\\/Business-team-looking-for-new-people-1-scaled.jpg\",\"articleSection\":[\"Actualit\u00e9\",\"Nos actions\"],\"inLanguage\":\"fr-FR\"},{\"@type\":\"WebPage\",\"@id\":\"https:\\\/\\\/aliso.fr\\\/reseau\\\/un-observatoire-recherche-dans-aliso\\\/\",\"url\":\"https:\\\/\\\/aliso.fr\\\/reseau\\\/un-observatoire-recherche-dans-aliso\\\/\",\"name\":\"UN OBSERVATOIRE-RECHERCHE DANS ALISO - Aliso R\u00e9seau\",\"isPartOf\":{\"@id\":\"https:\\\/\\\/aliso.fr\\\/reseau\\\/#website\"},\"primaryImageOfPage\":{\"@id\":\"https:\\\/\\\/aliso.fr\\\/reseau\\\/un-observatoire-recherche-dans-aliso\\\/#primaryimage\"},\"image\":{\"@id\":\"https:\\\/\\\/aliso.fr\\\/reseau\\\/un-observatoire-recherche-dans-aliso\\\/#primaryimage\"},\"thumbnailUrl\":\"https:\\\/\\\/aliso.fr\\\/reseau\\\/wp-content\\\/uploads\\\/sites\\\/4\\\/2024\\\/12\\\/Business-team-looking-for-new-people-1-scaled.jpg\",\"datePublished\":\"2024-02-14T14:30:00+00:00\",\"dateModified\":\"2025-02-18T16:09:08+00:00\",\"breadcrumb\":{\"@id\":\"https:\\\/\\\/aliso.fr\\\/reseau\\\/un-observatoire-recherche-dans-aliso\\\/#breadcrumb\"},\"inLanguage\":\"fr-FR\",\"potentialAction\":[{\"@type\":\"ReadAction\",\"target\":[\"https:\\\/\\\/aliso.fr\\\/reseau\\\/un-observatoire-recherche-dans-aliso\\\/\"]}]},{\"@type\":\"ImageObject\",\"inLanguage\":\"fr-FR\",\"@id\":\"https:\\\/\\\/aliso.fr\\\/reseau\\\/un-observatoire-recherche-dans-aliso\\\/#primaryimage\",\"url\":\"https:\\\/\\\/aliso.fr\\\/reseau\\\/wp-content\\\/uploads\\\/sites\\\/4\\\/2024\\\/12\\\/Business-team-looking-for-new-people-1-scaled.jpg\",\"contentUrl\":\"https:\\\/\\\/aliso.fr\\\/reseau\\\/wp-content\\\/uploads\\\/sites\\\/4\\\/2024\\\/12\\\/Business-team-looking-for-new-people-1-scaled.jpg\",\"width\":2560,\"height\":1707,\"caption\":\"Business team looking for new people. Allegory for searching ideas or staff, woman with magnifier, man with spyglass flat vector illustration. HR, development concept for banner, website design\"},{\"@type\":\"BreadcrumbList\",\"@id\":\"https:\\\/\\\/aliso.fr\\\/reseau\\\/un-observatoire-recherche-dans-aliso\\\/#breadcrumb\",\"itemListElement\":[{\"@type\":\"ListItem\",\"position\":1,\"name\":\"Accueil\",\"item\":\"https:\\\/\\\/aliso.fr\\\/reseau\\\/\"},{\"@type\":\"ListItem\",\"position\":2,\"name\":\"Actualit\u00e9\",\"item\":\"https:\\\/\\\/aliso.fr\\\/reseau\\\/actualite\\\/\"},{\"@type\":\"ListItem\",\"position\":3,\"name\":\"UN OBSERVATOIRE-RECHERCHE DANS ALISO\"}]},{\"@type\":\"WebSite\",\"@id\":\"https:\\\/\\\/aliso.fr\\\/reseau\\\/#website\",\"url\":\"https:\\\/\\\/aliso.fr\\\/reseau\\\/\",\"name\":\"Aliso R\u00e9seau\",\"description\":\"R\u00e9seau Creusois des acteurs du lien social\",\"publisher\":{\"@id\":\"https:\\\/\\\/aliso.fr\\\/reseau\\\/#organization\"},\"potentialAction\":[{\"@type\":\"SearchAction\",\"target\":{\"@type\":\"EntryPoint\",\"urlTemplate\":\"https:\\\/\\\/aliso.fr\\\/reseau\\\/?s={search_term_string}\"},\"query-input\":{\"@type\":\"PropertyValueSpecification\",\"valueRequired\":true,\"valueName\":\"search_term_string\"}}],\"inLanguage\":\"fr-FR\"},{\"@type\":\"Organization\",\"@id\":\"https:\\\/\\\/aliso.fr\\\/reseau\\\/#organization\",\"name\":\"Aliso R\u00e9seau\",\"url\":\"https:\\\/\\\/aliso.fr\\\/reseau\\\/\",\"logo\":{\"@type\":\"ImageObject\",\"inLanguage\":\"fr-FR\",\"@id\":\"https:\\\/\\\/aliso.fr\\\/reseau\\\/#\\\/schema\\\/logo\\\/image\\\/\",\"url\":\"https:\\\/\\\/aliso.fr\\\/reseau\\\/wp-content\\\/uploads\\\/sites\\\/4\\\/2022\\\/01\\\/Logo-ALISO-Reseau-2.png\",\"contentUrl\":\"https:\\\/\\\/aliso.fr\\\/reseau\\\/wp-content\\\/uploads\\\/sites\\\/4\\\/2022\\\/01\\\/Logo-ALISO-Reseau-2.png\",\"width\":900,\"height\":970,\"caption\":\"Aliso R\u00e9seau\"},\"image\":{\"@id\":\"https:\\\/\\\/aliso.fr\\\/reseau\\\/#\\\/schema\\\/logo\\\/image\\\/\"}},{\"@type\":\"Person\",\"@id\":\"https:\\\/\\\/aliso.fr\\\/reseau\\\/#\\\/schema\\\/person\\\/056af145b9c52eee21a9f739489104a5\",\"name\":\"laure\"}]}<\/script>\n<!-- \/ Yoast SEO plugin. -->","yoast_head_json":{"title":"UN OBSERVATOIRE-RECHERCHE DANS ALISO - Aliso R\u00e9seau","robots":{"index":"index","follow":"follow","max-snippet":"max-snippet:-1","max-image-preview":"max-image-preview:large","max-video-preview":"max-video-preview:-1"},"canonical":"https:\/\/aliso.fr\/reseau\/un-observatoire-recherche-dans-aliso\/","og_locale":"fr_FR","og_type":"article","og_title":"UN OBSERVATOIRE-RECHERCHE DANS ALISO - Aliso R\u00e9seau","og_description":"Si vous avez d\u00e9j\u00e0 lu cet article avant la mi f\u00e9vrier 2025, et souhaitez une mise \u00e0 jour, cliquez ici pour creuser un peu le sujet. Si vous suivez un peu l&rsquo;actualit\u00e9 Aliso et que vous fr\u00e9quentez les espaces qui font r\u00e9seau, vous avez sans doute d\u00e9j\u00e0 eu l&rsquo;occasion de discuter \u00ab\u00a0Observatoire\u00a0\u00bb.Aujourd&rsquo;hui, on vous partage... En savoir plus &raquo;","og_url":"https:\/\/aliso.fr\/reseau\/un-observatoire-recherche-dans-aliso\/","og_site_name":"Aliso R\u00e9seau","article_published_time":"2024-02-14T14:30:00+00:00","article_modified_time":"2025-02-18T16:09:08+00:00","og_image":[{"width":2560,"height":1707,"url":"https:\/\/aliso.fr\/reseau\/wp-content\/uploads\/sites\/4\/2024\/12\/Business-team-looking-for-new-people-1-scaled.jpg","type":"image\/jpeg"}],"author":"laure","twitter_card":"summary_large_image","schema":{"@context":"https:\/\/schema.org","@graph":[{"@type":"Article","@id":"https:\/\/aliso.fr\/reseau\/un-observatoire-recherche-dans-aliso\/#article","isPartOf":{"@id":"https:\/\/aliso.fr\/reseau\/un-observatoire-recherche-dans-aliso\/"},"author":{"name":"laure","@id":"https:\/\/aliso.fr\/reseau\/#\/schema\/person\/056af145b9c52eee21a9f739489104a5"},"headline":"UN OBSERVATOIRE-RECHERCHE DANS ALISO","datePublished":"2024-02-14T14:30:00+00:00","dateModified":"2025-02-18T16:09:08+00:00","mainEntityOfPage":{"@id":"https:\/\/aliso.fr\/reseau\/un-observatoire-recherche-dans-aliso\/"},"wordCount":724,"publisher":{"@id":"https:\/\/aliso.fr\/reseau\/#organization"},"image":{"@id":"https:\/\/aliso.fr\/reseau\/un-observatoire-recherche-dans-aliso\/#primaryimage"},"thumbnailUrl":"https:\/\/aliso.fr\/reseau\/wp-content\/uploads\/sites\/4\/2024\/12\/Business-team-looking-for-new-people-1-scaled.jpg","articleSection":["Actualit\u00e9","Nos actions"],"inLanguage":"fr-FR"},{"@type":"WebPage","@id":"https:\/\/aliso.fr\/reseau\/un-observatoire-recherche-dans-aliso\/","url":"https:\/\/aliso.fr\/reseau\/un-observatoire-recherche-dans-aliso\/","name":"UN OBSERVATOIRE-RECHERCHE DANS ALISO - Aliso R\u00e9seau","isPartOf":{"@id":"https:\/\/aliso.fr\/reseau\/#website"},"primaryImageOfPage":{"@id":"https:\/\/aliso.fr\/reseau\/un-observatoire-recherche-dans-aliso\/#primaryimage"},"image":{"@id":"https:\/\/aliso.fr\/reseau\/un-observatoire-recherche-dans-aliso\/#primaryimage"},"thumbnailUrl":"https:\/\/aliso.fr\/reseau\/wp-content\/uploads\/sites\/4\/2024\/12\/Business-team-looking-for-new-people-1-scaled.jpg","datePublished":"2024-02-14T14:30:00+00:00","dateModified":"2025-02-18T16:09:08+00:00","breadcrumb":{"@id":"https:\/\/aliso.fr\/reseau\/un-observatoire-recherche-dans-aliso\/#breadcrumb"},"inLanguage":"fr-FR","potentialAction":[{"@type":"ReadAction","target":["https:\/\/aliso.fr\/reseau\/un-observatoire-recherche-dans-aliso\/"]}]},{"@type":"ImageObject","inLanguage":"fr-FR","@id":"https:\/\/aliso.fr\/reseau\/un-observatoire-recherche-dans-aliso\/#primaryimage","url":"https:\/\/aliso.fr\/reseau\/wp-content\/uploads\/sites\/4\/2024\/12\/Business-team-looking-for-new-people-1-scaled.jpg","contentUrl":"https:\/\/aliso.fr\/reseau\/wp-content\/uploads\/sites\/4\/2024\/12\/Business-team-looking-for-new-people-1-scaled.jpg","width":2560,"height":1707,"caption":"Business team looking for new people. Allegory for searching ideas or staff, woman with magnifier, man with spyglass flat vector illustration. HR, development concept for banner, website design"},{"@type":"BreadcrumbList","@id":"https:\/\/aliso.fr\/reseau\/un-observatoire-recherche-dans-aliso\/#breadcrumb","itemListElement":[{"@type":"ListItem","position":1,"name":"Accueil","item":"https:\/\/aliso.fr\/reseau\/"},{"@type":"ListItem","position":2,"name":"Actualit\u00e9","item":"https:\/\/aliso.fr\/reseau\/actualite\/"},{"@type":"ListItem","position":3,"name":"UN OBSERVATOIRE-RECHERCHE DANS ALISO"}]},{"@type":"WebSite","@id":"https:\/\/aliso.fr\/reseau\/#website","url":"https:\/\/aliso.fr\/reseau\/","name":"Aliso R\u00e9seau","description":"R\u00e9seau Creusois des acteurs du lien social","publisher":{"@id":"https:\/\/aliso.fr\/reseau\/#organization"},"potentialAction":[{"@type":"SearchAction","target":{"@type":"EntryPoint","urlTemplate":"https:\/\/aliso.fr\/reseau\/?s={search_term_string}"},"query-input":{"@type":"PropertyValueSpecification","valueRequired":true,"valueName":"search_term_string"}}],"inLanguage":"fr-FR"},{"@type":"Organization","@id":"https:\/\/aliso.fr\/reseau\/#organization","name":"Aliso R\u00e9seau","url":"https:\/\/aliso.fr\/reseau\/","logo":{"@type":"ImageObject","inLanguage":"fr-FR","@id":"https:\/\/aliso.fr\/reseau\/#\/schema\/logo\/image\/","url":"https:\/\/aliso.fr\/reseau\/wp-content\/uploads\/sites\/4\/2022\/01\/Logo-ALISO-Reseau-2.png","contentUrl":"https:\/\/aliso.fr\/reseau\/wp-content\/uploads\/sites\/4\/2022\/01\/Logo-ALISO-Reseau-2.png","width":900,"height":970,"caption":"Aliso R\u00e9seau"},"image":{"@id":"https:\/\/aliso.fr\/reseau\/#\/schema\/logo\/image\/"}},{"@type":"Person","@id":"https:\/\/aliso.fr\/reseau\/#\/schema\/person\/056af145b9c52eee21a9f739489104a5","name":"laure"}]}},"_links":{"self":[{"href":"https:\/\/aliso.fr\/reseau\/wp-json\/wp\/v2\/posts\/2628","targetHints":{"allow":["GET"]}}],"collection":[{"href":"https:\/\/aliso.fr\/reseau\/wp-json\/wp\/v2\/posts"}],"about":[{"href":"https:\/\/aliso.fr\/reseau\/wp-json\/wp\/v2\/types\/post"}],"author":[{"embeddable":true,"href":"https:\/\/aliso.fr\/reseau\/wp-json\/wp\/v2\/users\/3"}],"replies":[{"embeddable":true,"href":"https:\/\/aliso.fr\/reseau\/wp-json\/wp\/v2\/comments?post=2628"}],"version-history":[{"count":4,"href":"https:\/\/aliso.fr\/reseau\/wp-json\/wp\/v2\/posts\/2628\/revisions"}],"predecessor-version":[{"id":2772,"href":"https:\/\/aliso.fr\/reseau\/wp-json\/wp\/v2\/posts\/2628\/revisions\/2772"}],"wp:featuredmedia":[{"embeddable":true,"href":"https:\/\/aliso.fr\/reseau\/wp-json\/wp\/v2\/media\/2630"}],"wp:attachment":[{"href":"https:\/\/aliso.fr\/reseau\/wp-json\/wp\/v2\/media?parent=2628"}],"wp:term":[{"taxonomy":"category","embeddable":true,"href":"https:\/\/aliso.fr\/reseau\/wp-json\/wp\/v2\/categories?post=2628"},{"taxonomy":"post_tag","embeddable":true,"href":"https:\/\/aliso.fr\/reseau\/wp-json\/wp\/v2\/tags?post=2628"}],"curies":[{"name":"wp","href":"https:\/\/api.w.org\/{rel}","templated":true}]}}