{"id":2632,"date":"2024-12-10T15:49:08","date_gmt":"2024-12-10T14:49:08","guid":{"rendered":"https:\/\/aliso.fr\/reseau\/?p=2632"},"modified":"2024-12-10T15:49:11","modified_gmt":"2024-12-10T14:49:11","slug":"formation-point-decembre-2024","status":"publish","type":"post","link":"https:\/\/aliso.fr\/reseau\/formation-point-decembre-2024\/","title":{"rendered":"FORMATION &#8211; Point D\u00e9cembre 2024"},"content":{"rendered":"\n<p>\u00c0 VENIR : <a href=\"https:\/\/nuage.aliso.fr\/index.php\/apps\/forms\/s\/ma28eQPzf7CKaC4YkQmzp4eH\">LIEN d&rsquo;inscription<\/a>.<\/p>\n\n\n\n<ul class=\"wp-block-list\">\n<li><strong>Mieux appr\u00e9hender les comp\u00e9tences psychosociales<\/strong> 23-24 janvier + 18 f\u00e9vrier 2025 &#8211; <br>5 places dispo<br><\/li>\n\n\n\n<li><strong>Accompagner les personnes vers l&rsquo;autonomie, d\u00e9velopper le pouvoir d&rsquo;agir<\/strong> 27-28 mars +19 mai 2025<\/li>\n<\/ul>\n\n\n\n<ul class=\"wp-block-list\">\n<li><strong>Accueil et accompagnement de public \u00e0 la sant\u00e9 mentale fragile<\/strong> en cours de d\u00e9finition<br><\/li>\n\n\n\n<li><strong>Am\u00e9nagement ext\u00e9rieur \u00e9coresponsable<\/strong> \u00e0 reprogrammer : Qui est int\u00e9ress\u00e9 ?<br><br><strong>16 janvier<\/strong> 2025 : s\u00e9ance de travail suite \u00e0 la formation \u00ab\u00a0accueillir l&rsquo;enfant diff\u00e9rent\u00a0\u00bb \u00e0 ALSH Aubusson. Inscription aupr\u00e8s de Christelle<br><br><strong>En dehors de notre programme :  une formation PSC1 avec un organisme habilit\u00e9. <\/strong>Conventionnement en direct avec chaque structure.<br>vendredi 31 janvier 2025 Gu\u00e9ret 7h organis\u00e9 par l&rsquo;UFOLEP<br>&#8211; 50\u20ac par personne. Convention directement avec UFOLEP.<br>&#8211; Merci de vous inscrire aupr\u00e8s de <a href=\"&#x6d;&#x61;&#105;&#108;to&#x3a;&#x63;&#x68;&#114;is&#x74;&#x65;&#x6c;&#108;&#101;a&#x75;&#x66;&#x61;&#117;&#114;e&#x40;&#x61;&#x6c;&#105;&#115;o&#46;&#x66;&#x72;\">Christelle<\/a> par mail. <br><strong>10 places disponibles seulement : 1er arriv\u00e9, 1er servi!<\/strong><br><br><\/li>\n<\/ul>\n\n\n\n<p>&#8212;&#8212;&#8212;&#8212;&#8212;&#8212;&#8212;&#8212;&#8212;&#8212;&#8212;&#8212;&#8212;&#8212;&#8212;&#8212;&#8212;&#8212;&#8212;&#8212;&#8212;&#8212;&#8212;&#8212;&#8212;&#8212;&#8212;&#8212;&#8212;&#8212;&#8212;&#8212;&#8212;&#8212;&#8212;&#8212;&#8212;&#8212;&#8211;<\/p>\n\n\n\n<p class=\"has-text-align-center\"><strong>Pr\u00e9paration du programme 2025-2026<\/strong><\/p>\n\n\n\n<p>C&rsquo;est maintenant que chaque structure du r\u00e9seau doit faire remonter son avis et ses attentes pour que l&rsquo;on construise un programme qui vous convient. Pour cela, 2 \u00e9tapes:<\/p>\n\n\n\n<p><strong>*un <a href=\"https:\/\/nuage.aliso.fr\/index.php\/apps\/forms\/s\/pj36955y5i5spFYSkSnR2ZCf\">questionnaire large \u00e0 compl\u00e9ter<\/a> avant janvier 2025,<\/strong> une r\u00e9union (fin janvier 2025) va synth\u00e9tiser vos demandes et faire une 1ere s\u00e9lection. <strong>1 par STRUCTURE<\/strong><br>*un 2eme questionnaire de pr\u00e9-inscription (\u00e0 venir) sur les th\u00e8mes qui int\u00e9ressent les salari\u00e9s, une r\u00e9union ( f\u00e9vrier 2025) validera d\u00e9finitivement le programme \u00e0 d\u00e9poser \u00e0 Uniformation.<\/p>\n\n\n\n<p><\/p>\n","protected":false},"excerpt":{"rendered":"<p>\u00c0 VENIR : LIEN d&rsquo;inscription. &#8212;&#8212;&#8212;&#8212;&#8212;&#8212;&#8212;&#8212;&#8212;&#8212;&#8212;&#8212;&#8212;&#8212;&#8212;&#8212;&#8212;&#8212;&#8212;&#8212;&#8212;&#8212;&#8212;&#8212;&#8212;&#8212;&#8212;&#8212;&#8212;&#8212;&#8212;&#8212;&#8212;&#8212;&#8212;&#8212;&#8212;&#8212;&#8211; Pr\u00e9paration du programme 2025-2026 C&rsquo;est maintenant que chaque structure du r\u00e9seau doit faire remonter son avis et ses attentes pour que l&rsquo;on construise un programme qui vous convient. Pour cela, 2 \u00e9tapes: *un questionnaire large \u00e0 compl\u00e9ter avant janvier 2025, une r\u00e9union (fin janvier 2025) va synth\u00e9tiser vos demandes&#8230; <a class=\"excerpt-read-more button\" href=\"https:\/\/aliso.fr\/reseau\/formation-point-decembre-2024\/\" title=\"ReadFORMATION &#8211; Point D\u00e9cembre 2024\">En savoir plus &raquo;<\/a><\/p>\n","protected":false},"author":3,"featured_media":2510,"comment_status":"closed","ping_status":"open","sticky":false,"template":"","format":"standard","meta":{"footnotes":""},"categories":[3,7],"tags":[],"class_list":["post-2632","post","type-post","status-publish","format-standard","has-post-thumbnail","hentry","category-actualite","category-nos-actions"],"yoast_head":"<!-- This site is optimized with the Yoast SEO plugin v27.4 - https:\/\/yoast.com\/product\/yoast-seo-wordpress\/ -->\n<title>FORMATION - Point D\u00e9cembre 2024 - Aliso R\u00e9seau<\/title>\n<meta name=\"robots\" content=\"index, follow, max-snippet:-1, max-image-preview:large, max-video-preview:-1\" \/>\n<link rel=\"canonical\" href=\"https:\/\/aliso.fr\/reseau\/formation-point-decembre-2024\/\" \/>\n<meta property=\"og:locale\" content=\"fr_FR\" \/>\n<meta property=\"og:type\" content=\"article\" \/>\n<meta property=\"og:title\" content=\"FORMATION - Point D\u00e9cembre 2024 - Aliso R\u00e9seau\" \/>\n<meta property=\"og:description\" content=\"\u00c0 VENIR : LIEN d&rsquo;inscription. &#8212;&#8212;&#8212;&#8212;&#8212;&#8212;&#8212;&#8212;&#8212;&#8212;&#8212;&#8212;&#8212;&#8212;&#8212;&#8212;&#8212;&#8212;&#8212;&#8212;&#8212;&#8212;&#8212;&#8212;&#8212;&#8212;&#8212;&#8212;&#8212;&#8212;&#8212;&#8212;&#8212;&#8212;&#8212;&#8212;&#8212;&#8212;&#8211; Pr\u00e9paration du programme 2025-2026 C&rsquo;est maintenant que chaque structure du r\u00e9seau doit faire remonter son avis et ses attentes pour que l&rsquo;on construise un programme qui vous convient. Pour cela, 2 \u00e9tapes: *un questionnaire large \u00e0 compl\u00e9ter avant janvier 2025, une r\u00e9union (fin janvier 2025) va synth\u00e9tiser vos demandes... En savoir plus &raquo;\" \/>\n<meta property=\"og:url\" content=\"https:\/\/aliso.fr\/reseau\/formation-point-decembre-2024\/\" \/>\n<meta property=\"og:site_name\" content=\"Aliso R\u00e9seau\" \/>\n<meta property=\"article:published_time\" content=\"2024-12-10T14:49:08+00:00\" \/>\n<meta property=\"article:modified_time\" content=\"2024-12-10T14:49:11+00:00\" \/>\n<meta property=\"og:image\" content=\"https:\/\/aliso.fr\/reseau\/wp-content\/uploads\/sites\/4\/\/2024\/09\/reunion-du-conseil-dadministration.png\" \/>\n\t<meta property=\"og:image:width\" content=\"1\" \/>\n\t<meta property=\"og:image:height\" content=\"1\" \/>\n\t<meta property=\"og:image:type\" content=\"image\/png\" \/>\n<meta name=\"author\" content=\"laure\" \/>\n<meta name=\"twitter:card\" content=\"summary_large_image\" \/>\n<script type=\"application\/ld+json\" class=\"yoast-schema-graph\">{\"@context\":\"https:\\\/\\\/schema.org\",\"@graph\":[{\"@type\":\"Article\",\"@id\":\"https:\\\/\\\/aliso.fr\\\/reseau\\\/formation-point-decembre-2024\\\/#article\",\"isPartOf\":{\"@id\":\"https:\\\/\\\/aliso.fr\\\/reseau\\\/formation-point-decembre-2024\\\/\"},\"author\":{\"name\":\"laure\",\"@id\":\"https:\\\/\\\/aliso.fr\\\/reseau\\\/#\\\/schema\\\/person\\\/056af145b9c52eee21a9f739489104a5\"},\"headline\":\"FORMATION &#8211; Point D\u00e9cembre 2024\",\"datePublished\":\"2024-12-10T14:49:08+00:00\",\"dateModified\":\"2024-12-10T14:49:11+00:00\",\"mainEntityOfPage\":{\"@id\":\"https:\\\/\\\/aliso.fr\\\/reseau\\\/formation-point-decembre-2024\\\/\"},\"wordCount\":224,\"publisher\":{\"@id\":\"https:\\\/\\\/aliso.fr\\\/reseau\\\/#organization\"},\"image\":{\"@id\":\"https:\\\/\\\/aliso.fr\\\/reseau\\\/formation-point-decembre-2024\\\/#primaryimage\"},\"thumbnailUrl\":\"https:\\\/\\\/aliso.fr\\\/reseau\\\/wp-content\\\/uploads\\\/sites\\\/4\\\/\\\/2024\\\/09\\\/reunion-du-conseil-dadministration.png\",\"articleSection\":[\"Actualit\u00e9\",\"Nos actions\"],\"inLanguage\":\"fr-FR\"},{\"@type\":\"WebPage\",\"@id\":\"https:\\\/\\\/aliso.fr\\\/reseau\\\/formation-point-decembre-2024\\\/\",\"url\":\"https:\\\/\\\/aliso.fr\\\/reseau\\\/formation-point-decembre-2024\\\/\",\"name\":\"FORMATION - Point D\u00e9cembre 2024 - Aliso R\u00e9seau\",\"isPartOf\":{\"@id\":\"https:\\\/\\\/aliso.fr\\\/reseau\\\/#website\"},\"primaryImageOfPage\":{\"@id\":\"https:\\\/\\\/aliso.fr\\\/reseau\\\/formation-point-decembre-2024\\\/#primaryimage\"},\"image\":{\"@id\":\"https:\\\/\\\/aliso.fr\\\/reseau\\\/formation-point-decembre-2024\\\/#primaryimage\"},\"thumbnailUrl\":\"https:\\\/\\\/aliso.fr\\\/reseau\\\/wp-content\\\/uploads\\\/sites\\\/4\\\/\\\/2024\\\/09\\\/reunion-du-conseil-dadministration.png\",\"datePublished\":\"2024-12-10T14:49:08+00:00\",\"dateModified\":\"2024-12-10T14:49:11+00:00\",\"breadcrumb\":{\"@id\":\"https:\\\/\\\/aliso.fr\\\/reseau\\\/formation-point-decembre-2024\\\/#breadcrumb\"},\"inLanguage\":\"fr-FR\",\"potentialAction\":[{\"@type\":\"ReadAction\",\"target\":[\"https:\\\/\\\/aliso.fr\\\/reseau\\\/formation-point-decembre-2024\\\/\"]}]},{\"@type\":\"ImageObject\",\"inLanguage\":\"fr-FR\",\"@id\":\"https:\\\/\\\/aliso.fr\\\/reseau\\\/formation-point-decembre-2024\\\/#primaryimage\",\"url\":\"https:\\\/\\\/aliso.fr\\\/reseau\\\/wp-content\\\/uploads\\\/sites\\\/4\\\/\\\/2024\\\/09\\\/reunion-du-conseil-dadministration.png\",\"contentUrl\":\"https:\\\/\\\/aliso.fr\\\/reseau\\\/wp-content\\\/uploads\\\/sites\\\/4\\\/\\\/2024\\\/09\\\/reunion-du-conseil-dadministration.png\"},{\"@type\":\"BreadcrumbList\",\"@id\":\"https:\\\/\\\/aliso.fr\\\/reseau\\\/formation-point-decembre-2024\\\/#breadcrumb\",\"itemListElement\":[{\"@type\":\"ListItem\",\"position\":1,\"name\":\"Accueil\",\"item\":\"https:\\\/\\\/aliso.fr\\\/reseau\\\/\"},{\"@type\":\"ListItem\",\"position\":2,\"name\":\"Actualit\u00e9\",\"item\":\"https:\\\/\\\/aliso.fr\\\/reseau\\\/actualite\\\/\"},{\"@type\":\"ListItem\",\"position\":3,\"name\":\"FORMATION &#8211; Point D\u00e9cembre 2024\"}]},{\"@type\":\"WebSite\",\"@id\":\"https:\\\/\\\/aliso.fr\\\/reseau\\\/#website\",\"url\":\"https:\\\/\\\/aliso.fr\\\/reseau\\\/\",\"name\":\"Aliso R\u00e9seau\",\"description\":\"R\u00e9seau Creusois des acteurs du lien social\",\"publisher\":{\"@id\":\"https:\\\/\\\/aliso.fr\\\/reseau\\\/#organization\"},\"potentialAction\":[{\"@type\":\"SearchAction\",\"target\":{\"@type\":\"EntryPoint\",\"urlTemplate\":\"https:\\\/\\\/aliso.fr\\\/reseau\\\/?s={search_term_string}\"},\"query-input\":{\"@type\":\"PropertyValueSpecification\",\"valueRequired\":true,\"valueName\":\"search_term_string\"}}],\"inLanguage\":\"fr-FR\"},{\"@type\":\"Organization\",\"@id\":\"https:\\\/\\\/aliso.fr\\\/reseau\\\/#organization\",\"name\":\"Aliso R\u00e9seau\",\"url\":\"https:\\\/\\\/aliso.fr\\\/reseau\\\/\",\"logo\":{\"@type\":\"ImageObject\",\"inLanguage\":\"fr-FR\",\"@id\":\"https:\\\/\\\/aliso.fr\\\/reseau\\\/#\\\/schema\\\/logo\\\/image\\\/\",\"url\":\"https:\\\/\\\/aliso.fr\\\/reseau\\\/wp-content\\\/uploads\\\/sites\\\/4\\\/2022\\\/01\\\/Logo-ALISO-Reseau-2.png\",\"contentUrl\":\"https:\\\/\\\/aliso.fr\\\/reseau\\\/wp-content\\\/uploads\\\/sites\\\/4\\\/2022\\\/01\\\/Logo-ALISO-Reseau-2.png\",\"width\":900,\"height\":970,\"caption\":\"Aliso R\u00e9seau\"},\"image\":{\"@id\":\"https:\\\/\\\/aliso.fr\\\/reseau\\\/#\\\/schema\\\/logo\\\/image\\\/\"}},{\"@type\":\"Person\",\"@id\":\"https:\\\/\\\/aliso.fr\\\/reseau\\\/#\\\/schema\\\/person\\\/056af145b9c52eee21a9f739489104a5\",\"name\":\"laure\"}]}<\/script>\n<!-- \/ Yoast SEO plugin. -->","yoast_head_json":{"title":"FORMATION - Point D\u00e9cembre 2024 - Aliso R\u00e9seau","robots":{"index":"index","follow":"follow","max-snippet":"max-snippet:-1","max-image-preview":"max-image-preview:large","max-video-preview":"max-video-preview:-1"},"canonical":"https:\/\/aliso.fr\/reseau\/formation-point-decembre-2024\/","og_locale":"fr_FR","og_type":"article","og_title":"FORMATION - Point D\u00e9cembre 2024 - Aliso R\u00e9seau","og_description":"\u00c0 VENIR : LIEN d&rsquo;inscription. &#8212;&#8212;&#8212;&#8212;&#8212;&#8212;&#8212;&#8212;&#8212;&#8212;&#8212;&#8212;&#8212;&#8212;&#8212;&#8212;&#8212;&#8212;&#8212;&#8212;&#8212;&#8212;&#8212;&#8212;&#8212;&#8212;&#8212;&#8212;&#8212;&#8212;&#8212;&#8212;&#8212;&#8212;&#8212;&#8212;&#8212;&#8212;&#8211; Pr\u00e9paration du programme 2025-2026 C&rsquo;est maintenant que chaque structure du r\u00e9seau doit faire remonter son avis et ses attentes pour que l&rsquo;on construise un programme qui vous convient. Pour cela, 2 \u00e9tapes: *un questionnaire large \u00e0 compl\u00e9ter avant janvier 2025, une r\u00e9union (fin janvier 2025) va synth\u00e9tiser vos demandes... En savoir plus &raquo;","og_url":"https:\/\/aliso.fr\/reseau\/formation-point-decembre-2024\/","og_site_name":"Aliso R\u00e9seau","article_published_time":"2024-12-10T14:49:08+00:00","article_modified_time":"2024-12-10T14:49:11+00:00","og_image":[{"url":"https:\/\/aliso.fr\/reseau\/wp-content\/uploads\/sites\/4\/\/2024\/09\/reunion-du-conseil-dadministration.png","width":1,"height":1,"type":"image\/png"}],"author":"laure","twitter_card":"summary_large_image","schema":{"@context":"https:\/\/schema.org","@graph":[{"@type":"Article","@id":"https:\/\/aliso.fr\/reseau\/formation-point-decembre-2024\/#article","isPartOf":{"@id":"https:\/\/aliso.fr\/reseau\/formation-point-decembre-2024\/"},"author":{"name":"laure","@id":"https:\/\/aliso.fr\/reseau\/#\/schema\/person\/056af145b9c52eee21a9f739489104a5"},"headline":"FORMATION &#8211; Point D\u00e9cembre 2024","datePublished":"2024-12-10T14:49:08+00:00","dateModified":"2024-12-10T14:49:11+00:00","mainEntityOfPage":{"@id":"https:\/\/aliso.fr\/reseau\/formation-point-decembre-2024\/"},"wordCount":224,"publisher":{"@id":"https:\/\/aliso.fr\/reseau\/#organization"},"image":{"@id":"https:\/\/aliso.fr\/reseau\/formation-point-decembre-2024\/#primaryimage"},"thumbnailUrl":"https:\/\/aliso.fr\/reseau\/wp-content\/uploads\/sites\/4\/\/2024\/09\/reunion-du-conseil-dadministration.png","articleSection":["Actualit\u00e9","Nos actions"],"inLanguage":"fr-FR"},{"@type":"WebPage","@id":"https:\/\/aliso.fr\/reseau\/formation-point-decembre-2024\/","url":"https:\/\/aliso.fr\/reseau\/formation-point-decembre-2024\/","name":"FORMATION - Point D\u00e9cembre 2024 - Aliso R\u00e9seau","isPartOf":{"@id":"https:\/\/aliso.fr\/reseau\/#website"},"primaryImageOfPage":{"@id":"https:\/\/aliso.fr\/reseau\/formation-point-decembre-2024\/#primaryimage"},"image":{"@id":"https:\/\/aliso.fr\/reseau\/formation-point-decembre-2024\/#primaryimage"},"thumbnailUrl":"https:\/\/aliso.fr\/reseau\/wp-content\/uploads\/sites\/4\/\/2024\/09\/reunion-du-conseil-dadministration.png","datePublished":"2024-12-10T14:49:08+00:00","dateModified":"2024-12-10T14:49:11+00:00","breadcrumb":{"@id":"https:\/\/aliso.fr\/reseau\/formation-point-decembre-2024\/#breadcrumb"},"inLanguage":"fr-FR","potentialAction":[{"@type":"ReadAction","target":["https:\/\/aliso.fr\/reseau\/formation-point-decembre-2024\/"]}]},{"@type":"ImageObject","inLanguage":"fr-FR","@id":"https:\/\/aliso.fr\/reseau\/formation-point-decembre-2024\/#primaryimage","url":"https:\/\/aliso.fr\/reseau\/wp-content\/uploads\/sites\/4\/\/2024\/09\/reunion-du-conseil-dadministration.png","contentUrl":"https:\/\/aliso.fr\/reseau\/wp-content\/uploads\/sites\/4\/\/2024\/09\/reunion-du-conseil-dadministration.png"},{"@type":"BreadcrumbList","@id":"https:\/\/aliso.fr\/reseau\/formation-point-decembre-2024\/#breadcrumb","itemListElement":[{"@type":"ListItem","position":1,"name":"Accueil","item":"https:\/\/aliso.fr\/reseau\/"},{"@type":"ListItem","position":2,"name":"Actualit\u00e9","item":"https:\/\/aliso.fr\/reseau\/actualite\/"},{"@type":"ListItem","position":3,"name":"FORMATION &#8211; Point D\u00e9cembre 2024"}]},{"@type":"WebSite","@id":"https:\/\/aliso.fr\/reseau\/#website","url":"https:\/\/aliso.fr\/reseau\/","name":"Aliso R\u00e9seau","description":"R\u00e9seau Creusois des acteurs du lien social","publisher":{"@id":"https:\/\/aliso.fr\/reseau\/#organization"},"potentialAction":[{"@type":"SearchAction","target":{"@type":"EntryPoint","urlTemplate":"https:\/\/aliso.fr\/reseau\/?s={search_term_string}"},"query-input":{"@type":"PropertyValueSpecification","valueRequired":true,"valueName":"search_term_string"}}],"inLanguage":"fr-FR"},{"@type":"Organization","@id":"https:\/\/aliso.fr\/reseau\/#organization","name":"Aliso R\u00e9seau","url":"https:\/\/aliso.fr\/reseau\/","logo":{"@type":"ImageObject","inLanguage":"fr-FR","@id":"https:\/\/aliso.fr\/reseau\/#\/schema\/logo\/image\/","url":"https:\/\/aliso.fr\/reseau\/wp-content\/uploads\/sites\/4\/2022\/01\/Logo-ALISO-Reseau-2.png","contentUrl":"https:\/\/aliso.fr\/reseau\/wp-content\/uploads\/sites\/4\/2022\/01\/Logo-ALISO-Reseau-2.png","width":900,"height":970,"caption":"Aliso R\u00e9seau"},"image":{"@id":"https:\/\/aliso.fr\/reseau\/#\/schema\/logo\/image\/"}},{"@type":"Person","@id":"https:\/\/aliso.fr\/reseau\/#\/schema\/person\/056af145b9c52eee21a9f739489104a5","name":"laure"}]}},"_links":{"self":[{"href":"https:\/\/aliso.fr\/reseau\/wp-json\/wp\/v2\/posts\/2632","targetHints":{"allow":["GET"]}}],"collection":[{"href":"https:\/\/aliso.fr\/reseau\/wp-json\/wp\/v2\/posts"}],"about":[{"href":"https:\/\/aliso.fr\/reseau\/wp-json\/wp\/v2\/types\/post"}],"author":[{"embeddable":true,"href":"https:\/\/aliso.fr\/reseau\/wp-json\/wp\/v2\/users\/3"}],"replies":[{"embeddable":true,"href":"https:\/\/aliso.fr\/reseau\/wp-json\/wp\/v2\/comments?post=2632"}],"version-history":[{"count":1,"href":"https:\/\/aliso.fr\/reseau\/wp-json\/wp\/v2\/posts\/2632\/revisions"}],"predecessor-version":[{"id":2635,"href":"https:\/\/aliso.fr\/reseau\/wp-json\/wp\/v2\/posts\/2632\/revisions\/2635"}],"wp:featuredmedia":[{"embeddable":true,"href":"https:\/\/aliso.fr\/reseau\/wp-json\/wp\/v2\/media\/2510"}],"wp:attachment":[{"href":"https:\/\/aliso.fr\/reseau\/wp-json\/wp\/v2\/media?parent=2632"}],"wp:term":[{"taxonomy":"category","embeddable":true,"href":"https:\/\/aliso.fr\/reseau\/wp-json\/wp\/v2\/categories?post=2632"},{"taxonomy":"post_tag","embeddable":true,"href":"https:\/\/aliso.fr\/reseau\/wp-json\/wp\/v2\/tags?post=2632"}],"curies":[{"name":"wp","href":"https:\/\/api.w.org\/{rel}","templated":true}]}}