{"id":2640,"date":"2024-12-10T16:03:09","date_gmt":"2024-12-10T15:03:09","guid":{"rendered":"https:\/\/aliso.fr\/reseau\/?p=2640"},"modified":"2024-12-10T16:03:11","modified_gmt":"2024-12-10T15:03:11","slug":"actu-sociale-c-e-e","status":"publish","type":"post","link":"https:\/\/aliso.fr\/reseau\/actu-sociale-c-e-e\/","title":{"rendered":"ACTU SOCIALE &#8211; C.E.E."},"content":{"rendered":"\n<p><strong>Revalorisation des contrats d&rsquo;engagement \u00e9ducatif au 1er mai 2025<\/strong><\/p>\n\n\n\n<p>Le 1er mai 2025 marquera une \u00e9tape importante pour les volontaires de l&rsquo;animation avec l&rsquo;entr\u00e9e en vigueur d&rsquo;une revalorisation significative du plancher de r\u00e9mun\u00e9ration des contrats d&rsquo;engagement \u00e9ducatif (CEE). Cette mesure, qui est ent\u00e9rin\u00e9e par le <a href=\"https:\/\/r.mail-server.hexopee.org\/mk\/cl\/f\/sh\/6rqJfgq8dIb4ha5YWYYnCdDywNd\/Q7jw0A4spa9i\" target=\"_blank\" rel=\"noreferrer noopener\">d\u00e9cret n\u00b0 2024-1151 du 4 d\u00e9cembre 2024<\/a>, fera passer la r\u00e9mun\u00e9ration minimale des titulaires de CEE de 2,20 fois la valeur du SMIC horaire \u00e0 4,30 fois, soit une augmentation de 26,14 \u20ac \u00e0 51,08\u20ac.<\/p>\n","protected":false},"excerpt":{"rendered":"<p>Revalorisation des contrats d&rsquo;engagement \u00e9ducatif au 1er mai 2025 Le 1er mai 2025 marquera une \u00e9tape importante pour les volontaires de l&rsquo;animation avec l&rsquo;entr\u00e9e en vigueur d&rsquo;une revalorisation significative du plancher de r\u00e9mun\u00e9ration des contrats d&rsquo;engagement \u00e9ducatif (CEE). Cette mesure, qui est ent\u00e9rin\u00e9e par le d\u00e9cret n\u00b0 2024-1151 du 4 d\u00e9cembre 2024, fera passer la&#8230; <a class=\"excerpt-read-more button\" href=\"https:\/\/aliso.fr\/reseau\/actu-sociale-c-e-e\/\" title=\"ReadACTU SOCIALE &#8211; C.E.E.\">En savoir plus &raquo;<\/a><\/p>\n","protected":false},"author":3,"featured_media":2641,"comment_status":"closed","ping_status":"open","sticky":false,"template":"","format":"standard","meta":{"footnotes":""},"categories":[3],"tags":[],"class_list":["post-2640","post","type-post","status-publish","format-standard","has-post-thumbnail","hentry","category-actualite"],"yoast_head":"<!-- This site is optimized with the Yoast SEO plugin v27.4 - https:\/\/yoast.com\/product\/yoast-seo-wordpress\/ -->\n<title>ACTU SOCIALE - C.E.E. - Aliso R\u00e9seau<\/title>\n<meta name=\"robots\" content=\"index, follow, max-snippet:-1, max-image-preview:large, max-video-preview:-1\" \/>\n<link rel=\"canonical\" href=\"https:\/\/aliso.fr\/reseau\/actu-sociale-c-e-e\/\" \/>\n<meta property=\"og:locale\" content=\"fr_FR\" \/>\n<meta property=\"og:type\" content=\"article\" \/>\n<meta property=\"og:title\" content=\"ACTU SOCIALE - C.E.E. - Aliso R\u00e9seau\" \/>\n<meta property=\"og:description\" content=\"Revalorisation des contrats d&rsquo;engagement \u00e9ducatif au 1er mai 2025 Le 1er mai 2025 marquera une \u00e9tape importante pour les volontaires de l&rsquo;animation avec l&rsquo;entr\u00e9e en vigueur d&rsquo;une revalorisation significative du plancher de r\u00e9mun\u00e9ration des contrats d&rsquo;engagement \u00e9ducatif (CEE). Cette mesure, qui est ent\u00e9rin\u00e9e par le d\u00e9cret n\u00b0 2024-1151 du 4 d\u00e9cembre 2024, fera passer la... En savoir plus &raquo;\" \/>\n<meta property=\"og:url\" content=\"https:\/\/aliso.fr\/reseau\/actu-sociale-c-e-e\/\" \/>\n<meta property=\"og:site_name\" content=\"Aliso R\u00e9seau\" \/>\n<meta property=\"article:published_time\" content=\"2024-12-10T15:03:09+00:00\" \/>\n<meta property=\"article:modified_time\" content=\"2024-12-10T15:03:11+00:00\" \/>\n<meta property=\"og:image\" content=\"https:\/\/aliso.fr\/reseau\/wp-content\/uploads\/sites\/4\/2024\/12\/donner-de-largent.png\" \/>\n\t<meta property=\"og:image:width\" content=\"512\" \/>\n\t<meta property=\"og:image:height\" content=\"512\" \/>\n\t<meta property=\"og:image:type\" content=\"image\/png\" \/>\n<meta name=\"author\" content=\"laure\" \/>\n<meta name=\"twitter:card\" content=\"summary_large_image\" \/>\n<script type=\"application\/ld+json\" class=\"yoast-schema-graph\">{\"@context\":\"https:\\\/\\\/schema.org\",\"@graph\":[{\"@type\":\"Article\",\"@id\":\"https:\\\/\\\/aliso.fr\\\/reseau\\\/actu-sociale-c-e-e\\\/#article\",\"isPartOf\":{\"@id\":\"https:\\\/\\\/aliso.fr\\\/reseau\\\/actu-sociale-c-e-e\\\/\"},\"author\":{\"name\":\"laure\",\"@id\":\"https:\\\/\\\/aliso.fr\\\/reseau\\\/#\\\/schema\\\/person\\\/056af145b9c52eee21a9f739489104a5\"},\"headline\":\"ACTU SOCIALE &#8211; C.E.E.\",\"datePublished\":\"2024-12-10T15:03:09+00:00\",\"dateModified\":\"2024-12-10T15:03:11+00:00\",\"mainEntityOfPage\":{\"@id\":\"https:\\\/\\\/aliso.fr\\\/reseau\\\/actu-sociale-c-e-e\\\/\"},\"wordCount\":89,\"publisher\":{\"@id\":\"https:\\\/\\\/aliso.fr\\\/reseau\\\/#organization\"},\"image\":{\"@id\":\"https:\\\/\\\/aliso.fr\\\/reseau\\\/actu-sociale-c-e-e\\\/#primaryimage\"},\"thumbnailUrl\":\"https:\\\/\\\/aliso.fr\\\/reseau\\\/wp-content\\\/uploads\\\/sites\\\/4\\\/2024\\\/12\\\/donner-de-largent.png\",\"articleSection\":[\"Actualit\u00e9\"],\"inLanguage\":\"fr-FR\"},{\"@type\":\"WebPage\",\"@id\":\"https:\\\/\\\/aliso.fr\\\/reseau\\\/actu-sociale-c-e-e\\\/\",\"url\":\"https:\\\/\\\/aliso.fr\\\/reseau\\\/actu-sociale-c-e-e\\\/\",\"name\":\"ACTU SOCIALE - C.E.E. - Aliso R\u00e9seau\",\"isPartOf\":{\"@id\":\"https:\\\/\\\/aliso.fr\\\/reseau\\\/#website\"},\"primaryImageOfPage\":{\"@id\":\"https:\\\/\\\/aliso.fr\\\/reseau\\\/actu-sociale-c-e-e\\\/#primaryimage\"},\"image\":{\"@id\":\"https:\\\/\\\/aliso.fr\\\/reseau\\\/actu-sociale-c-e-e\\\/#primaryimage\"},\"thumbnailUrl\":\"https:\\\/\\\/aliso.fr\\\/reseau\\\/wp-content\\\/uploads\\\/sites\\\/4\\\/2024\\\/12\\\/donner-de-largent.png\",\"datePublished\":\"2024-12-10T15:03:09+00:00\",\"dateModified\":\"2024-12-10T15:03:11+00:00\",\"breadcrumb\":{\"@id\":\"https:\\\/\\\/aliso.fr\\\/reseau\\\/actu-sociale-c-e-e\\\/#breadcrumb\"},\"inLanguage\":\"fr-FR\",\"potentialAction\":[{\"@type\":\"ReadAction\",\"target\":[\"https:\\\/\\\/aliso.fr\\\/reseau\\\/actu-sociale-c-e-e\\\/\"]}]},{\"@type\":\"ImageObject\",\"inLanguage\":\"fr-FR\",\"@id\":\"https:\\\/\\\/aliso.fr\\\/reseau\\\/actu-sociale-c-e-e\\\/#primaryimage\",\"url\":\"https:\\\/\\\/aliso.fr\\\/reseau\\\/wp-content\\\/uploads\\\/sites\\\/4\\\/2024\\\/12\\\/donner-de-largent.png\",\"contentUrl\":\"https:\\\/\\\/aliso.fr\\\/reseau\\\/wp-content\\\/uploads\\\/sites\\\/4\\\/2024\\\/12\\\/donner-de-largent.png\",\"width\":512,\"height\":512},{\"@type\":\"BreadcrumbList\",\"@id\":\"https:\\\/\\\/aliso.fr\\\/reseau\\\/actu-sociale-c-e-e\\\/#breadcrumb\",\"itemListElement\":[{\"@type\":\"ListItem\",\"position\":1,\"name\":\"Accueil\",\"item\":\"https:\\\/\\\/aliso.fr\\\/reseau\\\/\"},{\"@type\":\"ListItem\",\"position\":2,\"name\":\"Actualit\u00e9\",\"item\":\"https:\\\/\\\/aliso.fr\\\/reseau\\\/actualite\\\/\"},{\"@type\":\"ListItem\",\"position\":3,\"name\":\"ACTU SOCIALE &#8211; C.E.E.\"}]},{\"@type\":\"WebSite\",\"@id\":\"https:\\\/\\\/aliso.fr\\\/reseau\\\/#website\",\"url\":\"https:\\\/\\\/aliso.fr\\\/reseau\\\/\",\"name\":\"Aliso R\u00e9seau\",\"description\":\"R\u00e9seau Creusois des acteurs du lien social\",\"publisher\":{\"@id\":\"https:\\\/\\\/aliso.fr\\\/reseau\\\/#organization\"},\"potentialAction\":[{\"@type\":\"SearchAction\",\"target\":{\"@type\":\"EntryPoint\",\"urlTemplate\":\"https:\\\/\\\/aliso.fr\\\/reseau\\\/?s={search_term_string}\"},\"query-input\":{\"@type\":\"PropertyValueSpecification\",\"valueRequired\":true,\"valueName\":\"search_term_string\"}}],\"inLanguage\":\"fr-FR\"},{\"@type\":\"Organization\",\"@id\":\"https:\\\/\\\/aliso.fr\\\/reseau\\\/#organization\",\"name\":\"Aliso R\u00e9seau\",\"url\":\"https:\\\/\\\/aliso.fr\\\/reseau\\\/\",\"logo\":{\"@type\":\"ImageObject\",\"inLanguage\":\"fr-FR\",\"@id\":\"https:\\\/\\\/aliso.fr\\\/reseau\\\/#\\\/schema\\\/logo\\\/image\\\/\",\"url\":\"https:\\\/\\\/aliso.fr\\\/reseau\\\/wp-content\\\/uploads\\\/sites\\\/4\\\/2022\\\/01\\\/Logo-ALISO-Reseau-2.png\",\"contentUrl\":\"https:\\\/\\\/aliso.fr\\\/reseau\\\/wp-content\\\/uploads\\\/sites\\\/4\\\/2022\\\/01\\\/Logo-ALISO-Reseau-2.png\",\"width\":900,\"height\":970,\"caption\":\"Aliso R\u00e9seau\"},\"image\":{\"@id\":\"https:\\\/\\\/aliso.fr\\\/reseau\\\/#\\\/schema\\\/logo\\\/image\\\/\"}},{\"@type\":\"Person\",\"@id\":\"https:\\\/\\\/aliso.fr\\\/reseau\\\/#\\\/schema\\\/person\\\/056af145b9c52eee21a9f739489104a5\",\"name\":\"laure\"}]}<\/script>\n<!-- \/ Yoast SEO plugin. -->","yoast_head_json":{"title":"ACTU SOCIALE - C.E.E. - Aliso R\u00e9seau","robots":{"index":"index","follow":"follow","max-snippet":"max-snippet:-1","max-image-preview":"max-image-preview:large","max-video-preview":"max-video-preview:-1"},"canonical":"https:\/\/aliso.fr\/reseau\/actu-sociale-c-e-e\/","og_locale":"fr_FR","og_type":"article","og_title":"ACTU SOCIALE - C.E.E. - Aliso R\u00e9seau","og_description":"Revalorisation des contrats d&rsquo;engagement \u00e9ducatif au 1er mai 2025 Le 1er mai 2025 marquera une \u00e9tape importante pour les volontaires de l&rsquo;animation avec l&rsquo;entr\u00e9e en vigueur d&rsquo;une revalorisation significative du plancher de r\u00e9mun\u00e9ration des contrats d&rsquo;engagement \u00e9ducatif (CEE). Cette mesure, qui est ent\u00e9rin\u00e9e par le d\u00e9cret n\u00b0 2024-1151 du 4 d\u00e9cembre 2024, fera passer la... En savoir plus &raquo;","og_url":"https:\/\/aliso.fr\/reseau\/actu-sociale-c-e-e\/","og_site_name":"Aliso R\u00e9seau","article_published_time":"2024-12-10T15:03:09+00:00","article_modified_time":"2024-12-10T15:03:11+00:00","og_image":[{"width":512,"height":512,"url":"https:\/\/aliso.fr\/reseau\/wp-content\/uploads\/sites\/4\/2024\/12\/donner-de-largent.png","type":"image\/png"}],"author":"laure","twitter_card":"summary_large_image","schema":{"@context":"https:\/\/schema.org","@graph":[{"@type":"Article","@id":"https:\/\/aliso.fr\/reseau\/actu-sociale-c-e-e\/#article","isPartOf":{"@id":"https:\/\/aliso.fr\/reseau\/actu-sociale-c-e-e\/"},"author":{"name":"laure","@id":"https:\/\/aliso.fr\/reseau\/#\/schema\/person\/056af145b9c52eee21a9f739489104a5"},"headline":"ACTU SOCIALE &#8211; C.E.E.","datePublished":"2024-12-10T15:03:09+00:00","dateModified":"2024-12-10T15:03:11+00:00","mainEntityOfPage":{"@id":"https:\/\/aliso.fr\/reseau\/actu-sociale-c-e-e\/"},"wordCount":89,"publisher":{"@id":"https:\/\/aliso.fr\/reseau\/#organization"},"image":{"@id":"https:\/\/aliso.fr\/reseau\/actu-sociale-c-e-e\/#primaryimage"},"thumbnailUrl":"https:\/\/aliso.fr\/reseau\/wp-content\/uploads\/sites\/4\/2024\/12\/donner-de-largent.png","articleSection":["Actualit\u00e9"],"inLanguage":"fr-FR"},{"@type":"WebPage","@id":"https:\/\/aliso.fr\/reseau\/actu-sociale-c-e-e\/","url":"https:\/\/aliso.fr\/reseau\/actu-sociale-c-e-e\/","name":"ACTU SOCIALE - C.E.E. - Aliso R\u00e9seau","isPartOf":{"@id":"https:\/\/aliso.fr\/reseau\/#website"},"primaryImageOfPage":{"@id":"https:\/\/aliso.fr\/reseau\/actu-sociale-c-e-e\/#primaryimage"},"image":{"@id":"https:\/\/aliso.fr\/reseau\/actu-sociale-c-e-e\/#primaryimage"},"thumbnailUrl":"https:\/\/aliso.fr\/reseau\/wp-content\/uploads\/sites\/4\/2024\/12\/donner-de-largent.png","datePublished":"2024-12-10T15:03:09+00:00","dateModified":"2024-12-10T15:03:11+00:00","breadcrumb":{"@id":"https:\/\/aliso.fr\/reseau\/actu-sociale-c-e-e\/#breadcrumb"},"inLanguage":"fr-FR","potentialAction":[{"@type":"ReadAction","target":["https:\/\/aliso.fr\/reseau\/actu-sociale-c-e-e\/"]}]},{"@type":"ImageObject","inLanguage":"fr-FR","@id":"https:\/\/aliso.fr\/reseau\/actu-sociale-c-e-e\/#primaryimage","url":"https:\/\/aliso.fr\/reseau\/wp-content\/uploads\/sites\/4\/2024\/12\/donner-de-largent.png","contentUrl":"https:\/\/aliso.fr\/reseau\/wp-content\/uploads\/sites\/4\/2024\/12\/donner-de-largent.png","width":512,"height":512},{"@type":"BreadcrumbList","@id":"https:\/\/aliso.fr\/reseau\/actu-sociale-c-e-e\/#breadcrumb","itemListElement":[{"@type":"ListItem","position":1,"name":"Accueil","item":"https:\/\/aliso.fr\/reseau\/"},{"@type":"ListItem","position":2,"name":"Actualit\u00e9","item":"https:\/\/aliso.fr\/reseau\/actualite\/"},{"@type":"ListItem","position":3,"name":"ACTU SOCIALE &#8211; C.E.E."}]},{"@type":"WebSite","@id":"https:\/\/aliso.fr\/reseau\/#website","url":"https:\/\/aliso.fr\/reseau\/","name":"Aliso R\u00e9seau","description":"R\u00e9seau Creusois des acteurs du lien social","publisher":{"@id":"https:\/\/aliso.fr\/reseau\/#organization"},"potentialAction":[{"@type":"SearchAction","target":{"@type":"EntryPoint","urlTemplate":"https:\/\/aliso.fr\/reseau\/?s={search_term_string}"},"query-input":{"@type":"PropertyValueSpecification","valueRequired":true,"valueName":"search_term_string"}}],"inLanguage":"fr-FR"},{"@type":"Organization","@id":"https:\/\/aliso.fr\/reseau\/#organization","name":"Aliso R\u00e9seau","url":"https:\/\/aliso.fr\/reseau\/","logo":{"@type":"ImageObject","inLanguage":"fr-FR","@id":"https:\/\/aliso.fr\/reseau\/#\/schema\/logo\/image\/","url":"https:\/\/aliso.fr\/reseau\/wp-content\/uploads\/sites\/4\/2022\/01\/Logo-ALISO-Reseau-2.png","contentUrl":"https:\/\/aliso.fr\/reseau\/wp-content\/uploads\/sites\/4\/2022\/01\/Logo-ALISO-Reseau-2.png","width":900,"height":970,"caption":"Aliso R\u00e9seau"},"image":{"@id":"https:\/\/aliso.fr\/reseau\/#\/schema\/logo\/image\/"}},{"@type":"Person","@id":"https:\/\/aliso.fr\/reseau\/#\/schema\/person\/056af145b9c52eee21a9f739489104a5","name":"laure"}]}},"_links":{"self":[{"href":"https:\/\/aliso.fr\/reseau\/wp-json\/wp\/v2\/posts\/2640","targetHints":{"allow":["GET"]}}],"collection":[{"href":"https:\/\/aliso.fr\/reseau\/wp-json\/wp\/v2\/posts"}],"about":[{"href":"https:\/\/aliso.fr\/reseau\/wp-json\/wp\/v2\/types\/post"}],"author":[{"embeddable":true,"href":"https:\/\/aliso.fr\/reseau\/wp-json\/wp\/v2\/users\/3"}],"replies":[{"embeddable":true,"href":"https:\/\/aliso.fr\/reseau\/wp-json\/wp\/v2\/comments?post=2640"}],"version-history":[{"count":1,"href":"https:\/\/aliso.fr\/reseau\/wp-json\/wp\/v2\/posts\/2640\/revisions"}],"predecessor-version":[{"id":2642,"href":"https:\/\/aliso.fr\/reseau\/wp-json\/wp\/v2\/posts\/2640\/revisions\/2642"}],"wp:featuredmedia":[{"embeddable":true,"href":"https:\/\/aliso.fr\/reseau\/wp-json\/wp\/v2\/media\/2641"}],"wp:attachment":[{"href":"https:\/\/aliso.fr\/reseau\/wp-json\/wp\/v2\/media?parent=2640"}],"wp:term":[{"taxonomy":"category","embeddable":true,"href":"https:\/\/aliso.fr\/reseau\/wp-json\/wp\/v2\/categories?post=2640"},{"taxonomy":"post_tag","embeddable":true,"href":"https:\/\/aliso.fr\/reseau\/wp-json\/wp\/v2\/tags?post=2640"}],"curies":[{"name":"wp","href":"https:\/\/api.w.org\/{rel}","templated":true}]}}