{"id":2675,"date":"2024-12-17T10:37:11","date_gmt":"2024-12-17T09:37:11","guid":{"rendered":"https:\/\/aliso.fr\/reseau\/?p=2675"},"modified":"2024-12-17T10:58:05","modified_gmt":"2024-12-17T09:58:05","slug":"assemblee-generale-ordinaire","status":"publish","type":"post","link":"https:\/\/aliso.fr\/reseau\/assemblee-generale-ordinaire\/","title":{"rendered":"ASSEMBLEE GENERALE ORDINAIRE"},"content":{"rendered":"\n<p>Rendez-vous <strong>Jeudi 3 Avril 2025 \u00e0 l&rsquo;Espace Tremplin Nature \u00e0 13h30,<\/strong> de Gu\u00e9ret, pour l&rsquo;Assembl\u00e9e G\u00e9n\u00e9rale Ordinaire d&rsquo;ALISO.<br><br>En amont, r\u00e9unissez-vous pour le Conseil d&rsquo;Administration <strong>pr\u00e9-AGO le Jeudi 13 mars 2025 en <a href=\"https:\/\/us06web.zoom.us\/j\/87863357529?pwd=ahOECeNbqztPQPcyst6d0gcFckBn51.1\" target=\"_blank\" rel=\"noreferrer noopener\">visio<\/a> entre 17h et 18h30.<\/strong><br>Enfin, suite \u00e0 l&rsquo;AG, r\u00e9unissez-vous <strong>aussi bien en<a href=\"https:\/\/us06web.zoom.us\/j\/83851827442?pwd=FhaaToSOnFHMBEGHzZ68XtcAGLVfmm.1\" target=\"_blank\" rel=\"noreferrer noopener\"> visio <\/a>qu&rsquo;en pr\u00e9sence au BAKAO Mardi 29 avril 2025, \u00e0 la r\u00e9sidence habitat jeunes de Gu\u00e9ret, rue Salvador Allende entre 14h et 16h.<\/strong><\/p>\n\n\n\n<p><\/p>\n","protected":false},"excerpt":{"rendered":"<p>Rendez-vous Jeudi 3 Avril 2025 \u00e0 l&rsquo;Espace Tremplin Nature \u00e0 13h30, de Gu\u00e9ret, pour l&rsquo;Assembl\u00e9e G\u00e9n\u00e9rale Ordinaire d&rsquo;ALISO. En amont, r\u00e9unissez-vous pour le Conseil d&rsquo;Administration pr\u00e9-AGO le Jeudi 13 mars 2025 en visio entre 17h et 18h30.Enfin, suite \u00e0 l&rsquo;AG, r\u00e9unissez-vous aussi bien en visio qu&rsquo;en pr\u00e9sence au BAKAO Mardi 29 avril 2025, \u00e0 la&#8230; <a class=\"excerpt-read-more button\" href=\"https:\/\/aliso.fr\/reseau\/assemblee-generale-ordinaire\/\" title=\"ReadASSEMBLEE GENERALE ORDINAIRE\">En savoir plus &raquo;<\/a><\/p>\n","protected":false},"author":3,"featured_media":2676,"comment_status":"closed","ping_status":"open","sticky":false,"template":"","format":"standard","meta":{"footnotes":""},"categories":[3,7],"tags":[],"class_list":["post-2675","post","type-post","status-publish","format-standard","has-post-thumbnail","hentry","category-actualite","category-nos-actions"],"yoast_head":"<!-- This site is optimized with the Yoast SEO plugin v27.5 - https:\/\/yoast.com\/product\/yoast-seo-wordpress\/ -->\n<title>ASSEMBLEE GENERALE ORDINAIRE - Aliso R\u00e9seau<\/title>\n<meta name=\"robots\" content=\"index, follow, max-snippet:-1, max-image-preview:large, max-video-preview:-1\" \/>\n<link rel=\"canonical\" href=\"https:\/\/aliso.fr\/reseau\/assemblee-generale-ordinaire\/\" \/>\n<meta property=\"og:locale\" content=\"fr_FR\" \/>\n<meta property=\"og:type\" content=\"article\" \/>\n<meta property=\"og:title\" content=\"ASSEMBLEE GENERALE ORDINAIRE - Aliso R\u00e9seau\" \/>\n<meta property=\"og:description\" content=\"Rendez-vous Jeudi 3 Avril 2025 \u00e0 l&rsquo;Espace Tremplin Nature \u00e0 13h30, de Gu\u00e9ret, pour l&rsquo;Assembl\u00e9e G\u00e9n\u00e9rale Ordinaire d&rsquo;ALISO. En amont, r\u00e9unissez-vous pour le Conseil d&rsquo;Administration pr\u00e9-AGO le Jeudi 13 mars 2025 en visio entre 17h et 18h30.Enfin, suite \u00e0 l&rsquo;AG, r\u00e9unissez-vous aussi bien en visio qu&rsquo;en pr\u00e9sence au BAKAO Mardi 29 avril 2025, \u00e0 la... En savoir plus &raquo;\" \/>\n<meta property=\"og:url\" content=\"https:\/\/aliso.fr\/reseau\/assemblee-generale-ordinaire\/\" \/>\n<meta property=\"og:site_name\" content=\"Aliso R\u00e9seau\" \/>\n<meta property=\"article:published_time\" content=\"2024-12-17T09:37:11+00:00\" \/>\n<meta property=\"article:modified_time\" content=\"2024-12-17T09:58:05+00:00\" \/>\n<meta property=\"og:image\" content=\"https:\/\/aliso.fr\/reseau\/wp-content\/uploads\/sites\/4\/2024\/12\/IMG_5262-scaled.jpg\" \/>\n\t<meta property=\"og:image:width\" content=\"2560\" \/>\n\t<meta property=\"og:image:height\" content=\"1707\" \/>\n\t<meta property=\"og:image:type\" content=\"image\/jpeg\" \/>\n<meta name=\"author\" content=\"laure\" \/>\n<meta name=\"twitter:card\" content=\"summary_large_image\" \/>\n<script type=\"application\/ld+json\" class=\"yoast-schema-graph\">{\"@context\":\"https:\\\/\\\/schema.org\",\"@graph\":[{\"@type\":\"Article\",\"@id\":\"https:\\\/\\\/aliso.fr\\\/reseau\\\/assemblee-generale-ordinaire\\\/#article\",\"isPartOf\":{\"@id\":\"https:\\\/\\\/aliso.fr\\\/reseau\\\/assemblee-generale-ordinaire\\\/\"},\"author\":{\"name\":\"laure\",\"@id\":\"https:\\\/\\\/aliso.fr\\\/reseau\\\/#\\\/schema\\\/person\\\/056af145b9c52eee21a9f739489104a5\"},\"headline\":\"ASSEMBLEE GENERALE ORDINAIRE\",\"datePublished\":\"2024-12-17T09:37:11+00:00\",\"dateModified\":\"2024-12-17T09:58:05+00:00\",\"mainEntityOfPage\":{\"@id\":\"https:\\\/\\\/aliso.fr\\\/reseau\\\/assemblee-generale-ordinaire\\\/\"},\"wordCount\":77,\"publisher\":{\"@id\":\"https:\\\/\\\/aliso.fr\\\/reseau\\\/#organization\"},\"image\":{\"@id\":\"https:\\\/\\\/aliso.fr\\\/reseau\\\/assemblee-generale-ordinaire\\\/#primaryimage\"},\"thumbnailUrl\":\"https:\\\/\\\/aliso.fr\\\/reseau\\\/wp-content\\\/uploads\\\/sites\\\/4\\\/2024\\\/12\\\/IMG_5262-scaled.jpg\",\"articleSection\":[\"Actualit\u00e9\",\"Nos actions\"],\"inLanguage\":\"fr-FR\"},{\"@type\":\"WebPage\",\"@id\":\"https:\\\/\\\/aliso.fr\\\/reseau\\\/assemblee-generale-ordinaire\\\/\",\"url\":\"https:\\\/\\\/aliso.fr\\\/reseau\\\/assemblee-generale-ordinaire\\\/\",\"name\":\"ASSEMBLEE GENERALE ORDINAIRE - Aliso R\u00e9seau\",\"isPartOf\":{\"@id\":\"https:\\\/\\\/aliso.fr\\\/reseau\\\/#website\"},\"primaryImageOfPage\":{\"@id\":\"https:\\\/\\\/aliso.fr\\\/reseau\\\/assemblee-generale-ordinaire\\\/#primaryimage\"},\"image\":{\"@id\":\"https:\\\/\\\/aliso.fr\\\/reseau\\\/assemblee-generale-ordinaire\\\/#primaryimage\"},\"thumbnailUrl\":\"https:\\\/\\\/aliso.fr\\\/reseau\\\/wp-content\\\/uploads\\\/sites\\\/4\\\/2024\\\/12\\\/IMG_5262-scaled.jpg\",\"datePublished\":\"2024-12-17T09:37:11+00:00\",\"dateModified\":\"2024-12-17T09:58:05+00:00\",\"breadcrumb\":{\"@id\":\"https:\\\/\\\/aliso.fr\\\/reseau\\\/assemblee-generale-ordinaire\\\/#breadcrumb\"},\"inLanguage\":\"fr-FR\",\"potentialAction\":[{\"@type\":\"ReadAction\",\"target\":[\"https:\\\/\\\/aliso.fr\\\/reseau\\\/assemblee-generale-ordinaire\\\/\"]}]},{\"@type\":\"ImageObject\",\"inLanguage\":\"fr-FR\",\"@id\":\"https:\\\/\\\/aliso.fr\\\/reseau\\\/assemblee-generale-ordinaire\\\/#primaryimage\",\"url\":\"https:\\\/\\\/aliso.fr\\\/reseau\\\/wp-content\\\/uploads\\\/sites\\\/4\\\/2024\\\/12\\\/IMG_5262-scaled.jpg\",\"contentUrl\":\"https:\\\/\\\/aliso.fr\\\/reseau\\\/wp-content\\\/uploads\\\/sites\\\/4\\\/2024\\\/12\\\/IMG_5262-scaled.jpg\",\"width\":2560,\"height\":1707},{\"@type\":\"BreadcrumbList\",\"@id\":\"https:\\\/\\\/aliso.fr\\\/reseau\\\/assemblee-generale-ordinaire\\\/#breadcrumb\",\"itemListElement\":[{\"@type\":\"ListItem\",\"position\":1,\"name\":\"Accueil\",\"item\":\"https:\\\/\\\/aliso.fr\\\/reseau\\\/\"},{\"@type\":\"ListItem\",\"position\":2,\"name\":\"Actualit\u00e9\",\"item\":\"https:\\\/\\\/aliso.fr\\\/reseau\\\/actualite\\\/\"},{\"@type\":\"ListItem\",\"position\":3,\"name\":\"ASSEMBLEE GENERALE ORDINAIRE\"}]},{\"@type\":\"WebSite\",\"@id\":\"https:\\\/\\\/aliso.fr\\\/reseau\\\/#website\",\"url\":\"https:\\\/\\\/aliso.fr\\\/reseau\\\/\",\"name\":\"Aliso R\u00e9seau\",\"description\":\"R\u00e9seau Creusois des acteurs du lien social\",\"publisher\":{\"@id\":\"https:\\\/\\\/aliso.fr\\\/reseau\\\/#organization\"},\"potentialAction\":[{\"@type\":\"SearchAction\",\"target\":{\"@type\":\"EntryPoint\",\"urlTemplate\":\"https:\\\/\\\/aliso.fr\\\/reseau\\\/?s={search_term_string}\"},\"query-input\":{\"@type\":\"PropertyValueSpecification\",\"valueRequired\":true,\"valueName\":\"search_term_string\"}}],\"inLanguage\":\"fr-FR\"},{\"@type\":\"Organization\",\"@id\":\"https:\\\/\\\/aliso.fr\\\/reseau\\\/#organization\",\"name\":\"Aliso R\u00e9seau\",\"url\":\"https:\\\/\\\/aliso.fr\\\/reseau\\\/\",\"logo\":{\"@type\":\"ImageObject\",\"inLanguage\":\"fr-FR\",\"@id\":\"https:\\\/\\\/aliso.fr\\\/reseau\\\/#\\\/schema\\\/logo\\\/image\\\/\",\"url\":\"https:\\\/\\\/aliso.fr\\\/reseau\\\/wp-content\\\/uploads\\\/sites\\\/4\\\/2022\\\/01\\\/Logo-ALISO-Reseau-2.png\",\"contentUrl\":\"https:\\\/\\\/aliso.fr\\\/reseau\\\/wp-content\\\/uploads\\\/sites\\\/4\\\/2022\\\/01\\\/Logo-ALISO-Reseau-2.png\",\"width\":900,\"height\":970,\"caption\":\"Aliso R\u00e9seau\"},\"image\":{\"@id\":\"https:\\\/\\\/aliso.fr\\\/reseau\\\/#\\\/schema\\\/logo\\\/image\\\/\"}},{\"@type\":\"Person\",\"@id\":\"https:\\\/\\\/aliso.fr\\\/reseau\\\/#\\\/schema\\\/person\\\/056af145b9c52eee21a9f739489104a5\",\"name\":\"laure\"}]}<\/script>\n<!-- \/ Yoast SEO plugin. -->","yoast_head_json":{"title":"ASSEMBLEE GENERALE ORDINAIRE - Aliso R\u00e9seau","robots":{"index":"index","follow":"follow","max-snippet":"max-snippet:-1","max-image-preview":"max-image-preview:large","max-video-preview":"max-video-preview:-1"},"canonical":"https:\/\/aliso.fr\/reseau\/assemblee-generale-ordinaire\/","og_locale":"fr_FR","og_type":"article","og_title":"ASSEMBLEE GENERALE ORDINAIRE - Aliso R\u00e9seau","og_description":"Rendez-vous Jeudi 3 Avril 2025 \u00e0 l&rsquo;Espace Tremplin Nature \u00e0 13h30, de Gu\u00e9ret, pour l&rsquo;Assembl\u00e9e G\u00e9n\u00e9rale Ordinaire d&rsquo;ALISO. En amont, r\u00e9unissez-vous pour le Conseil d&rsquo;Administration pr\u00e9-AGO le Jeudi 13 mars 2025 en visio entre 17h et 18h30.Enfin, suite \u00e0 l&rsquo;AG, r\u00e9unissez-vous aussi bien en visio qu&rsquo;en pr\u00e9sence au BAKAO Mardi 29 avril 2025, \u00e0 la... En savoir plus &raquo;","og_url":"https:\/\/aliso.fr\/reseau\/assemblee-generale-ordinaire\/","og_site_name":"Aliso R\u00e9seau","article_published_time":"2024-12-17T09:37:11+00:00","article_modified_time":"2024-12-17T09:58:05+00:00","og_image":[{"width":2560,"height":1707,"url":"https:\/\/aliso.fr\/reseau\/wp-content\/uploads\/sites\/4\/2024\/12\/IMG_5262-scaled.jpg","type":"image\/jpeg"}],"author":"laure","twitter_card":"summary_large_image","schema":{"@context":"https:\/\/schema.org","@graph":[{"@type":"Article","@id":"https:\/\/aliso.fr\/reseau\/assemblee-generale-ordinaire\/#article","isPartOf":{"@id":"https:\/\/aliso.fr\/reseau\/assemblee-generale-ordinaire\/"},"author":{"name":"laure","@id":"https:\/\/aliso.fr\/reseau\/#\/schema\/person\/056af145b9c52eee21a9f739489104a5"},"headline":"ASSEMBLEE GENERALE ORDINAIRE","datePublished":"2024-12-17T09:37:11+00:00","dateModified":"2024-12-17T09:58:05+00:00","mainEntityOfPage":{"@id":"https:\/\/aliso.fr\/reseau\/assemblee-generale-ordinaire\/"},"wordCount":77,"publisher":{"@id":"https:\/\/aliso.fr\/reseau\/#organization"},"image":{"@id":"https:\/\/aliso.fr\/reseau\/assemblee-generale-ordinaire\/#primaryimage"},"thumbnailUrl":"https:\/\/aliso.fr\/reseau\/wp-content\/uploads\/sites\/4\/2024\/12\/IMG_5262-scaled.jpg","articleSection":["Actualit\u00e9","Nos actions"],"inLanguage":"fr-FR"},{"@type":"WebPage","@id":"https:\/\/aliso.fr\/reseau\/assemblee-generale-ordinaire\/","url":"https:\/\/aliso.fr\/reseau\/assemblee-generale-ordinaire\/","name":"ASSEMBLEE GENERALE ORDINAIRE - Aliso R\u00e9seau","isPartOf":{"@id":"https:\/\/aliso.fr\/reseau\/#website"},"primaryImageOfPage":{"@id":"https:\/\/aliso.fr\/reseau\/assemblee-generale-ordinaire\/#primaryimage"},"image":{"@id":"https:\/\/aliso.fr\/reseau\/assemblee-generale-ordinaire\/#primaryimage"},"thumbnailUrl":"https:\/\/aliso.fr\/reseau\/wp-content\/uploads\/sites\/4\/2024\/12\/IMG_5262-scaled.jpg","datePublished":"2024-12-17T09:37:11+00:00","dateModified":"2024-12-17T09:58:05+00:00","breadcrumb":{"@id":"https:\/\/aliso.fr\/reseau\/assemblee-generale-ordinaire\/#breadcrumb"},"inLanguage":"fr-FR","potentialAction":[{"@type":"ReadAction","target":["https:\/\/aliso.fr\/reseau\/assemblee-generale-ordinaire\/"]}]},{"@type":"ImageObject","inLanguage":"fr-FR","@id":"https:\/\/aliso.fr\/reseau\/assemblee-generale-ordinaire\/#primaryimage","url":"https:\/\/aliso.fr\/reseau\/wp-content\/uploads\/sites\/4\/2024\/12\/IMG_5262-scaled.jpg","contentUrl":"https:\/\/aliso.fr\/reseau\/wp-content\/uploads\/sites\/4\/2024\/12\/IMG_5262-scaled.jpg","width":2560,"height":1707},{"@type":"BreadcrumbList","@id":"https:\/\/aliso.fr\/reseau\/assemblee-generale-ordinaire\/#breadcrumb","itemListElement":[{"@type":"ListItem","position":1,"name":"Accueil","item":"https:\/\/aliso.fr\/reseau\/"},{"@type":"ListItem","position":2,"name":"Actualit\u00e9","item":"https:\/\/aliso.fr\/reseau\/actualite\/"},{"@type":"ListItem","position":3,"name":"ASSEMBLEE GENERALE ORDINAIRE"}]},{"@type":"WebSite","@id":"https:\/\/aliso.fr\/reseau\/#website","url":"https:\/\/aliso.fr\/reseau\/","name":"Aliso R\u00e9seau","description":"R\u00e9seau Creusois des acteurs du lien social","publisher":{"@id":"https:\/\/aliso.fr\/reseau\/#organization"},"potentialAction":[{"@type":"SearchAction","target":{"@type":"EntryPoint","urlTemplate":"https:\/\/aliso.fr\/reseau\/?s={search_term_string}"},"query-input":{"@type":"PropertyValueSpecification","valueRequired":true,"valueName":"search_term_string"}}],"inLanguage":"fr-FR"},{"@type":"Organization","@id":"https:\/\/aliso.fr\/reseau\/#organization","name":"Aliso R\u00e9seau","url":"https:\/\/aliso.fr\/reseau\/","logo":{"@type":"ImageObject","inLanguage":"fr-FR","@id":"https:\/\/aliso.fr\/reseau\/#\/schema\/logo\/image\/","url":"https:\/\/aliso.fr\/reseau\/wp-content\/uploads\/sites\/4\/2022\/01\/Logo-ALISO-Reseau-2.png","contentUrl":"https:\/\/aliso.fr\/reseau\/wp-content\/uploads\/sites\/4\/2022\/01\/Logo-ALISO-Reseau-2.png","width":900,"height":970,"caption":"Aliso R\u00e9seau"},"image":{"@id":"https:\/\/aliso.fr\/reseau\/#\/schema\/logo\/image\/"}},{"@type":"Person","@id":"https:\/\/aliso.fr\/reseau\/#\/schema\/person\/056af145b9c52eee21a9f739489104a5","name":"laure"}]}},"_links":{"self":[{"href":"https:\/\/aliso.fr\/reseau\/wp-json\/wp\/v2\/posts\/2675","targetHints":{"allow":["GET"]}}],"collection":[{"href":"https:\/\/aliso.fr\/reseau\/wp-json\/wp\/v2\/posts"}],"about":[{"href":"https:\/\/aliso.fr\/reseau\/wp-json\/wp\/v2\/types\/post"}],"author":[{"embeddable":true,"href":"https:\/\/aliso.fr\/reseau\/wp-json\/wp\/v2\/users\/3"}],"replies":[{"embeddable":true,"href":"https:\/\/aliso.fr\/reseau\/wp-json\/wp\/v2\/comments?post=2675"}],"version-history":[{"count":2,"href":"https:\/\/aliso.fr\/reseau\/wp-json\/wp\/v2\/posts\/2675\/revisions"}],"predecessor-version":[{"id":2679,"href":"https:\/\/aliso.fr\/reseau\/wp-json\/wp\/v2\/posts\/2675\/revisions\/2679"}],"wp:featuredmedia":[{"embeddable":true,"href":"https:\/\/aliso.fr\/reseau\/wp-json\/wp\/v2\/media\/2676"}],"wp:attachment":[{"href":"https:\/\/aliso.fr\/reseau\/wp-json\/wp\/v2\/media?parent=2675"}],"wp:term":[{"taxonomy":"category","embeddable":true,"href":"https:\/\/aliso.fr\/reseau\/wp-json\/wp\/v2\/categories?post=2675"},{"taxonomy":"post_tag","embeddable":true,"href":"https:\/\/aliso.fr\/reseau\/wp-json\/wp\/v2\/tags?post=2675"}],"curies":[{"name":"wp","href":"https:\/\/api.w.org\/{rel}","templated":true}]}}