{"id":2711,"date":"2025-01-14T16:53:53","date_gmt":"2025-01-14T15:53:53","guid":{"rendered":"https:\/\/aliso.fr\/reseau\/?p=2711"},"modified":"2025-01-15T16:58:45","modified_gmt":"2025-01-15T15:58:45","slug":"promotion-sante-n-a-propose-des-formations","status":"publish","type":"post","link":"https:\/\/aliso.fr\/reseau\/promotion-sante-n-a-propose-des-formations\/","title":{"rendered":"PROMOTION SANT\u00c9 N-A propose des formations"},"content":{"rendered":"\n<h1 class=\"wp-block-heading\">Exemple : Aborder la vie intime, affective et sexuelle avec les personnes en situation de handicap<\/h1>\n\n\n\n<p>Une formation co-construite avec les 9 organismes de formation certifi\u00e9s Qualiopi, partenaire du Centre Ressources Intim\u2019agir : Adapei 33, CACIS, Promotion Sant\u00e9 Nouvelle-Aquitaine, le Planning Familial, IRSA, APF Formation, Adapei Pyr\u00e9n\u00e9es-Atlantiques, CIDFF Gironde, l\u2019Adapt<\/p>\n\n\n\n<p><a href=\"https:\/\/promotion-sante-na.org\/formations\/aborder-la-vie-intime-affective-et-sexuelle-avec-les-personnes-en-situation-de-handicap\/\" target=\"_blank\" rel=\"noreferrer noopener\">pour en savoir plus c&rsquo;est sur ce lien ! <\/a><\/p>\n\n\n\n<p><\/p>\n","protected":false},"excerpt":{"rendered":"<p>Exemple : Aborder la vie intime, affective et sexuelle avec les personnes en situation de handicap Une formation co-construite avec les 9 organismes de formation certifi\u00e9s Qualiopi, partenaire du Centre Ressources Intim\u2019agir : Adapei 33, CACIS, Promotion Sant\u00e9 Nouvelle-Aquitaine, le Planning Familial, IRSA, APF Formation, Adapei Pyr\u00e9n\u00e9es-Atlantiques, CIDFF Gironde, l\u2019Adapt pour en savoir plus c&rsquo;est&#8230; <a class=\"excerpt-read-more button\" href=\"https:\/\/aliso.fr\/reseau\/promotion-sante-n-a-propose-des-formations\/\" title=\"ReadPROMOTION SANT\u00c9 N-A propose des formations\">En savoir plus &raquo;<\/a><\/p>\n","protected":false},"author":3,"featured_media":2712,"comment_status":"closed","ping_status":"open","sticky":false,"template":"","format":"standard","meta":{"footnotes":""},"categories":[3],"tags":[],"class_list":["post-2711","post","type-post","status-publish","format-standard","has-post-thumbnail","hentry","category-actualite"],"yoast_head":"<!-- This site is optimized with the Yoast SEO plugin v27.4 - https:\/\/yoast.com\/product\/yoast-seo-wordpress\/ -->\n<title>PROMOTION SANT\u00c9 N-A propose des formations - Aliso R\u00e9seau<\/title>\n<meta name=\"robots\" content=\"index, follow, max-snippet:-1, max-image-preview:large, max-video-preview:-1\" \/>\n<link rel=\"canonical\" href=\"https:\/\/aliso.fr\/reseau\/promotion-sante-n-a-propose-des-formations\/\" \/>\n<meta property=\"og:locale\" content=\"fr_FR\" \/>\n<meta property=\"og:type\" content=\"article\" \/>\n<meta property=\"og:title\" content=\"PROMOTION SANT\u00c9 N-A propose des formations - Aliso R\u00e9seau\" \/>\n<meta property=\"og:description\" content=\"Exemple : Aborder la vie intime, affective et sexuelle avec les personnes en situation de handicap Une formation co-construite avec les 9 organismes de formation certifi\u00e9s Qualiopi, partenaire du Centre Ressources Intim\u2019agir : Adapei 33, CACIS, Promotion Sant\u00e9 Nouvelle-Aquitaine, le Planning Familial, IRSA, APF Formation, Adapei Pyr\u00e9n\u00e9es-Atlantiques, CIDFF Gironde, l\u2019Adapt pour en savoir plus c&rsquo;est... En savoir plus &raquo;\" \/>\n<meta property=\"og:url\" content=\"https:\/\/aliso.fr\/reseau\/promotion-sante-n-a-propose-des-formations\/\" \/>\n<meta property=\"og:site_name\" content=\"Aliso R\u00e9seau\" \/>\n<meta property=\"article:published_time\" content=\"2025-01-14T15:53:53+00:00\" \/>\n<meta property=\"article:modified_time\" content=\"2025-01-15T15:58:45+00:00\" \/>\n<meta property=\"og:image\" content=\"https:\/\/aliso.fr\/reseau\/wp-content\/uploads\/sites\/4\/2025\/01\/logo-couleur-promotion-sante-nouvelle-aquitaine_1827586763.webp\" \/>\n\t<meta property=\"og:image:width\" content=\"2000\" \/>\n\t<meta property=\"og:image:height\" content=\"665\" \/>\n\t<meta property=\"og:image:type\" content=\"image\/webp\" \/>\n<meta name=\"author\" content=\"laure\" \/>\n<meta name=\"twitter:card\" content=\"summary_large_image\" \/>\n<script type=\"application\/ld+json\" class=\"yoast-schema-graph\">{\"@context\":\"https:\\\/\\\/schema.org\",\"@graph\":[{\"@type\":\"Article\",\"@id\":\"https:\\\/\\\/aliso.fr\\\/reseau\\\/promotion-sante-n-a-propose-des-formations\\\/#article\",\"isPartOf\":{\"@id\":\"https:\\\/\\\/aliso.fr\\\/reseau\\\/promotion-sante-n-a-propose-des-formations\\\/\"},\"author\":{\"name\":\"laure\",\"@id\":\"https:\\\/\\\/aliso.fr\\\/reseau\\\/#\\\/schema\\\/person\\\/056af145b9c52eee21a9f739489104a5\"},\"headline\":\"PROMOTION SANT\u00c9 N-A propose des formations\",\"datePublished\":\"2025-01-14T15:53:53+00:00\",\"dateModified\":\"2025-01-15T15:58:45+00:00\",\"mainEntityOfPage\":{\"@id\":\"https:\\\/\\\/aliso.fr\\\/reseau\\\/promotion-sante-n-a-propose-des-formations\\\/\"},\"wordCount\":66,\"publisher\":{\"@id\":\"https:\\\/\\\/aliso.fr\\\/reseau\\\/#organization\"},\"image\":{\"@id\":\"https:\\\/\\\/aliso.fr\\\/reseau\\\/promotion-sante-n-a-propose-des-formations\\\/#primaryimage\"},\"thumbnailUrl\":\"https:\\\/\\\/aliso.fr\\\/reseau\\\/wp-content\\\/uploads\\\/sites\\\/4\\\/2025\\\/01\\\/logo-couleur-promotion-sante-nouvelle-aquitaine_1827586763.webp\",\"articleSection\":[\"Actualit\u00e9\"],\"inLanguage\":\"fr-FR\"},{\"@type\":\"WebPage\",\"@id\":\"https:\\\/\\\/aliso.fr\\\/reseau\\\/promotion-sante-n-a-propose-des-formations\\\/\",\"url\":\"https:\\\/\\\/aliso.fr\\\/reseau\\\/promotion-sante-n-a-propose-des-formations\\\/\",\"name\":\"PROMOTION SANT\u00c9 N-A propose des formations - Aliso R\u00e9seau\",\"isPartOf\":{\"@id\":\"https:\\\/\\\/aliso.fr\\\/reseau\\\/#website\"},\"primaryImageOfPage\":{\"@id\":\"https:\\\/\\\/aliso.fr\\\/reseau\\\/promotion-sante-n-a-propose-des-formations\\\/#primaryimage\"},\"image\":{\"@id\":\"https:\\\/\\\/aliso.fr\\\/reseau\\\/promotion-sante-n-a-propose-des-formations\\\/#primaryimage\"},\"thumbnailUrl\":\"https:\\\/\\\/aliso.fr\\\/reseau\\\/wp-content\\\/uploads\\\/sites\\\/4\\\/2025\\\/01\\\/logo-couleur-promotion-sante-nouvelle-aquitaine_1827586763.webp\",\"datePublished\":\"2025-01-14T15:53:53+00:00\",\"dateModified\":\"2025-01-15T15:58:45+00:00\",\"breadcrumb\":{\"@id\":\"https:\\\/\\\/aliso.fr\\\/reseau\\\/promotion-sante-n-a-propose-des-formations\\\/#breadcrumb\"},\"inLanguage\":\"fr-FR\",\"potentialAction\":[{\"@type\":\"ReadAction\",\"target\":[\"https:\\\/\\\/aliso.fr\\\/reseau\\\/promotion-sante-n-a-propose-des-formations\\\/\"]}]},{\"@type\":\"ImageObject\",\"inLanguage\":\"fr-FR\",\"@id\":\"https:\\\/\\\/aliso.fr\\\/reseau\\\/promotion-sante-n-a-propose-des-formations\\\/#primaryimage\",\"url\":\"https:\\\/\\\/aliso.fr\\\/reseau\\\/wp-content\\\/uploads\\\/sites\\\/4\\\/2025\\\/01\\\/logo-couleur-promotion-sante-nouvelle-aquitaine_1827586763.webp\",\"contentUrl\":\"https:\\\/\\\/aliso.fr\\\/reseau\\\/wp-content\\\/uploads\\\/sites\\\/4\\\/2025\\\/01\\\/logo-couleur-promotion-sante-nouvelle-aquitaine_1827586763.webp\",\"width\":2000,\"height\":665},{\"@type\":\"BreadcrumbList\",\"@id\":\"https:\\\/\\\/aliso.fr\\\/reseau\\\/promotion-sante-n-a-propose-des-formations\\\/#breadcrumb\",\"itemListElement\":[{\"@type\":\"ListItem\",\"position\":1,\"name\":\"Accueil\",\"item\":\"https:\\\/\\\/aliso.fr\\\/reseau\\\/\"},{\"@type\":\"ListItem\",\"position\":2,\"name\":\"Actualit\u00e9\",\"item\":\"https:\\\/\\\/aliso.fr\\\/reseau\\\/actualite\\\/\"},{\"@type\":\"ListItem\",\"position\":3,\"name\":\"PROMOTION SANT\u00c9 N-A propose des formations\"}]},{\"@type\":\"WebSite\",\"@id\":\"https:\\\/\\\/aliso.fr\\\/reseau\\\/#website\",\"url\":\"https:\\\/\\\/aliso.fr\\\/reseau\\\/\",\"name\":\"Aliso R\u00e9seau\",\"description\":\"R\u00e9seau Creusois des acteurs du lien social\",\"publisher\":{\"@id\":\"https:\\\/\\\/aliso.fr\\\/reseau\\\/#organization\"},\"potentialAction\":[{\"@type\":\"SearchAction\",\"target\":{\"@type\":\"EntryPoint\",\"urlTemplate\":\"https:\\\/\\\/aliso.fr\\\/reseau\\\/?s={search_term_string}\"},\"query-input\":{\"@type\":\"PropertyValueSpecification\",\"valueRequired\":true,\"valueName\":\"search_term_string\"}}],\"inLanguage\":\"fr-FR\"},{\"@type\":\"Organization\",\"@id\":\"https:\\\/\\\/aliso.fr\\\/reseau\\\/#organization\",\"name\":\"Aliso R\u00e9seau\",\"url\":\"https:\\\/\\\/aliso.fr\\\/reseau\\\/\",\"logo\":{\"@type\":\"ImageObject\",\"inLanguage\":\"fr-FR\",\"@id\":\"https:\\\/\\\/aliso.fr\\\/reseau\\\/#\\\/schema\\\/logo\\\/image\\\/\",\"url\":\"https:\\\/\\\/aliso.fr\\\/reseau\\\/wp-content\\\/uploads\\\/sites\\\/4\\\/2022\\\/01\\\/Logo-ALISO-Reseau-2.png\",\"contentUrl\":\"https:\\\/\\\/aliso.fr\\\/reseau\\\/wp-content\\\/uploads\\\/sites\\\/4\\\/2022\\\/01\\\/Logo-ALISO-Reseau-2.png\",\"width\":900,\"height\":970,\"caption\":\"Aliso R\u00e9seau\"},\"image\":{\"@id\":\"https:\\\/\\\/aliso.fr\\\/reseau\\\/#\\\/schema\\\/logo\\\/image\\\/\"}},{\"@type\":\"Person\",\"@id\":\"https:\\\/\\\/aliso.fr\\\/reseau\\\/#\\\/schema\\\/person\\\/056af145b9c52eee21a9f739489104a5\",\"name\":\"laure\"}]}<\/script>\n<!-- \/ Yoast SEO plugin. -->","yoast_head_json":{"title":"PROMOTION SANT\u00c9 N-A propose des formations - Aliso R\u00e9seau","robots":{"index":"index","follow":"follow","max-snippet":"max-snippet:-1","max-image-preview":"max-image-preview:large","max-video-preview":"max-video-preview:-1"},"canonical":"https:\/\/aliso.fr\/reseau\/promotion-sante-n-a-propose-des-formations\/","og_locale":"fr_FR","og_type":"article","og_title":"PROMOTION SANT\u00c9 N-A propose des formations - Aliso R\u00e9seau","og_description":"Exemple : Aborder la vie intime, affective et sexuelle avec les personnes en situation de handicap Une formation co-construite avec les 9 organismes de formation certifi\u00e9s Qualiopi, partenaire du Centre Ressources Intim\u2019agir : Adapei 33, CACIS, Promotion Sant\u00e9 Nouvelle-Aquitaine, le Planning Familial, IRSA, APF Formation, Adapei Pyr\u00e9n\u00e9es-Atlantiques, CIDFF Gironde, l\u2019Adapt pour en savoir plus c&rsquo;est... En savoir plus &raquo;","og_url":"https:\/\/aliso.fr\/reseau\/promotion-sante-n-a-propose-des-formations\/","og_site_name":"Aliso R\u00e9seau","article_published_time":"2025-01-14T15:53:53+00:00","article_modified_time":"2025-01-15T15:58:45+00:00","og_image":[{"width":2000,"height":665,"url":"https:\/\/aliso.fr\/reseau\/wp-content\/uploads\/sites\/4\/2025\/01\/logo-couleur-promotion-sante-nouvelle-aquitaine_1827586763.webp","type":"image\/webp"}],"author":"laure","twitter_card":"summary_large_image","schema":{"@context":"https:\/\/schema.org","@graph":[{"@type":"Article","@id":"https:\/\/aliso.fr\/reseau\/promotion-sante-n-a-propose-des-formations\/#article","isPartOf":{"@id":"https:\/\/aliso.fr\/reseau\/promotion-sante-n-a-propose-des-formations\/"},"author":{"name":"laure","@id":"https:\/\/aliso.fr\/reseau\/#\/schema\/person\/056af145b9c52eee21a9f739489104a5"},"headline":"PROMOTION SANT\u00c9 N-A propose des formations","datePublished":"2025-01-14T15:53:53+00:00","dateModified":"2025-01-15T15:58:45+00:00","mainEntityOfPage":{"@id":"https:\/\/aliso.fr\/reseau\/promotion-sante-n-a-propose-des-formations\/"},"wordCount":66,"publisher":{"@id":"https:\/\/aliso.fr\/reseau\/#organization"},"image":{"@id":"https:\/\/aliso.fr\/reseau\/promotion-sante-n-a-propose-des-formations\/#primaryimage"},"thumbnailUrl":"https:\/\/aliso.fr\/reseau\/wp-content\/uploads\/sites\/4\/2025\/01\/logo-couleur-promotion-sante-nouvelle-aquitaine_1827586763.webp","articleSection":["Actualit\u00e9"],"inLanguage":"fr-FR"},{"@type":"WebPage","@id":"https:\/\/aliso.fr\/reseau\/promotion-sante-n-a-propose-des-formations\/","url":"https:\/\/aliso.fr\/reseau\/promotion-sante-n-a-propose-des-formations\/","name":"PROMOTION SANT\u00c9 N-A propose des formations - Aliso R\u00e9seau","isPartOf":{"@id":"https:\/\/aliso.fr\/reseau\/#website"},"primaryImageOfPage":{"@id":"https:\/\/aliso.fr\/reseau\/promotion-sante-n-a-propose-des-formations\/#primaryimage"},"image":{"@id":"https:\/\/aliso.fr\/reseau\/promotion-sante-n-a-propose-des-formations\/#primaryimage"},"thumbnailUrl":"https:\/\/aliso.fr\/reseau\/wp-content\/uploads\/sites\/4\/2025\/01\/logo-couleur-promotion-sante-nouvelle-aquitaine_1827586763.webp","datePublished":"2025-01-14T15:53:53+00:00","dateModified":"2025-01-15T15:58:45+00:00","breadcrumb":{"@id":"https:\/\/aliso.fr\/reseau\/promotion-sante-n-a-propose-des-formations\/#breadcrumb"},"inLanguage":"fr-FR","potentialAction":[{"@type":"ReadAction","target":["https:\/\/aliso.fr\/reseau\/promotion-sante-n-a-propose-des-formations\/"]}]},{"@type":"ImageObject","inLanguage":"fr-FR","@id":"https:\/\/aliso.fr\/reseau\/promotion-sante-n-a-propose-des-formations\/#primaryimage","url":"https:\/\/aliso.fr\/reseau\/wp-content\/uploads\/sites\/4\/2025\/01\/logo-couleur-promotion-sante-nouvelle-aquitaine_1827586763.webp","contentUrl":"https:\/\/aliso.fr\/reseau\/wp-content\/uploads\/sites\/4\/2025\/01\/logo-couleur-promotion-sante-nouvelle-aquitaine_1827586763.webp","width":2000,"height":665},{"@type":"BreadcrumbList","@id":"https:\/\/aliso.fr\/reseau\/promotion-sante-n-a-propose-des-formations\/#breadcrumb","itemListElement":[{"@type":"ListItem","position":1,"name":"Accueil","item":"https:\/\/aliso.fr\/reseau\/"},{"@type":"ListItem","position":2,"name":"Actualit\u00e9","item":"https:\/\/aliso.fr\/reseau\/actualite\/"},{"@type":"ListItem","position":3,"name":"PROMOTION SANT\u00c9 N-A propose des formations"}]},{"@type":"WebSite","@id":"https:\/\/aliso.fr\/reseau\/#website","url":"https:\/\/aliso.fr\/reseau\/","name":"Aliso R\u00e9seau","description":"R\u00e9seau Creusois des acteurs du lien social","publisher":{"@id":"https:\/\/aliso.fr\/reseau\/#organization"},"potentialAction":[{"@type":"SearchAction","target":{"@type":"EntryPoint","urlTemplate":"https:\/\/aliso.fr\/reseau\/?s={search_term_string}"},"query-input":{"@type":"PropertyValueSpecification","valueRequired":true,"valueName":"search_term_string"}}],"inLanguage":"fr-FR"},{"@type":"Organization","@id":"https:\/\/aliso.fr\/reseau\/#organization","name":"Aliso R\u00e9seau","url":"https:\/\/aliso.fr\/reseau\/","logo":{"@type":"ImageObject","inLanguage":"fr-FR","@id":"https:\/\/aliso.fr\/reseau\/#\/schema\/logo\/image\/","url":"https:\/\/aliso.fr\/reseau\/wp-content\/uploads\/sites\/4\/2022\/01\/Logo-ALISO-Reseau-2.png","contentUrl":"https:\/\/aliso.fr\/reseau\/wp-content\/uploads\/sites\/4\/2022\/01\/Logo-ALISO-Reseau-2.png","width":900,"height":970,"caption":"Aliso R\u00e9seau"},"image":{"@id":"https:\/\/aliso.fr\/reseau\/#\/schema\/logo\/image\/"}},{"@type":"Person","@id":"https:\/\/aliso.fr\/reseau\/#\/schema\/person\/056af145b9c52eee21a9f739489104a5","name":"laure"}]}},"_links":{"self":[{"href":"https:\/\/aliso.fr\/reseau\/wp-json\/wp\/v2\/posts\/2711","targetHints":{"allow":["GET"]}}],"collection":[{"href":"https:\/\/aliso.fr\/reseau\/wp-json\/wp\/v2\/posts"}],"about":[{"href":"https:\/\/aliso.fr\/reseau\/wp-json\/wp\/v2\/types\/post"}],"author":[{"embeddable":true,"href":"https:\/\/aliso.fr\/reseau\/wp-json\/wp\/v2\/users\/3"}],"replies":[{"embeddable":true,"href":"https:\/\/aliso.fr\/reseau\/wp-json\/wp\/v2\/comments?post=2711"}],"version-history":[{"count":1,"href":"https:\/\/aliso.fr\/reseau\/wp-json\/wp\/v2\/posts\/2711\/revisions"}],"predecessor-version":[{"id":2713,"href":"https:\/\/aliso.fr\/reseau\/wp-json\/wp\/v2\/posts\/2711\/revisions\/2713"}],"wp:featuredmedia":[{"embeddable":true,"href":"https:\/\/aliso.fr\/reseau\/wp-json\/wp\/v2\/media\/2712"}],"wp:attachment":[{"href":"https:\/\/aliso.fr\/reseau\/wp-json\/wp\/v2\/media?parent=2711"}],"wp:term":[{"taxonomy":"category","embeddable":true,"href":"https:\/\/aliso.fr\/reseau\/wp-json\/wp\/v2\/categories?post=2711"},{"taxonomy":"post_tag","embeddable":true,"href":"https:\/\/aliso.fr\/reseau\/wp-json\/wp\/v2\/tags?post=2711"}],"curies":[{"name":"wp","href":"https:\/\/api.w.org\/{rel}","templated":true}]}}