{"id":2768,"date":"2025-02-18T16:19:53","date_gmt":"2025-02-18T15:19:53","guid":{"rendered":"https:\/\/aliso.fr\/reseau\/?p=2768"},"modified":"2025-02-18T16:19:55","modified_gmt":"2025-02-18T15:19:55","slug":"ressources-et-reperes-historiques","status":"publish","type":"post","link":"https:\/\/aliso.fr\/reseau\/ressources-et-reperes-historiques\/","title":{"rendered":"Ressources et rep\u00e8res historiques"},"content":{"rendered":"\n<p>Besoin d&rsquo;une mise \u00e0 jour sur des rep\u00e8res historiques de l&rsquo;histoire de l&rsquo;\u00e9ducation populaire pour mieux comprendre ce que c&rsquo;est que tout \u00e7a ?<br>On vous partage un podcast qui propose un regard qui peut permettre une mise \u00e0 jour&#8230;<\/p>\n\n\n\n<p>Bonne \u00e9coute ! <\/p>\n\n\n\n<p><br><a href=\"https:\/\/podcast.ausha.co\/culture-2000\/l-education-populaire\" target=\"_blank\" rel=\"noreferrer noopener\">Culture 2000, fr\u00e9quence moderne : L&rsquo;\u00e9ducation populaire &#8211; 53 minutes &#8211; 27 mars 2023<\/a><br><\/p>\n","protected":false},"excerpt":{"rendered":"<p>Besoin d&rsquo;une mise \u00e0 jour sur des rep\u00e8res historiques de l&rsquo;histoire de l&rsquo;\u00e9ducation populaire pour mieux comprendre ce que c&rsquo;est que tout \u00e7a ?On vous partage un podcast qui propose un regard qui peut permettre une mise \u00e0 jour&#8230; Bonne \u00e9coute ! Culture 2000, fr\u00e9quence moderne : L&rsquo;\u00e9ducation populaire &#8211; 53 minutes &#8211; 27 mars&#8230; <a class=\"excerpt-read-more button\" href=\"https:\/\/aliso.fr\/reseau\/ressources-et-reperes-historiques\/\" title=\"ReadRessources et rep\u00e8res historiques\">En savoir plus &raquo;<\/a><\/p>\n","protected":false},"author":3,"featured_media":2769,"comment_status":"closed","ping_status":"open","sticky":false,"template":"","format":"standard","meta":{"footnotes":""},"categories":[3],"tags":[],"class_list":["post-2768","post","type-post","status-publish","format-standard","has-post-thumbnail","hentry","category-actualite"],"yoast_head":"<!-- This site is optimized with the Yoast SEO plugin v27.4 - https:\/\/yoast.com\/product\/yoast-seo-wordpress\/ -->\n<title>Ressources et rep\u00e8res historiques - Aliso R\u00e9seau<\/title>\n<meta name=\"robots\" content=\"index, follow, max-snippet:-1, max-image-preview:large, max-video-preview:-1\" \/>\n<link rel=\"canonical\" href=\"https:\/\/aliso.fr\/reseau\/ressources-et-reperes-historiques\/\" \/>\n<meta property=\"og:locale\" content=\"fr_FR\" \/>\n<meta property=\"og:type\" content=\"article\" \/>\n<meta property=\"og:title\" content=\"Ressources et rep\u00e8res historiques - Aliso R\u00e9seau\" \/>\n<meta property=\"og:description\" content=\"Besoin d&rsquo;une mise \u00e0 jour sur des rep\u00e8res historiques de l&rsquo;histoire de l&rsquo;\u00e9ducation populaire pour mieux comprendre ce que c&rsquo;est que tout \u00e7a ?On vous partage un podcast qui propose un regard qui peut permettre une mise \u00e0 jour&#8230; Bonne \u00e9coute ! Culture 2000, fr\u00e9quence moderne : L&rsquo;\u00e9ducation populaire &#8211; 53 minutes &#8211; 27 mars... En savoir plus &raquo;\" \/>\n<meta property=\"og:url\" content=\"https:\/\/aliso.fr\/reseau\/ressources-et-reperes-historiques\/\" \/>\n<meta property=\"og:site_name\" content=\"Aliso R\u00e9seau\" \/>\n<meta property=\"article:published_time\" content=\"2025-02-18T15:19:53+00:00\" \/>\n<meta property=\"article:modified_time\" content=\"2025-02-18T15:19:55+00:00\" \/>\n<meta property=\"og:image\" content=\"https:\/\/aliso.fr\/reseau\/wp-content\/uploads\/sites\/4\/2025\/02\/760234_10-01.jpg\" \/>\n\t<meta property=\"og:image:width\" content=\"1667\" \/>\n\t<meta property=\"og:image:height\" content=\"1667\" \/>\n\t<meta property=\"og:image:type\" content=\"image\/jpeg\" \/>\n<meta name=\"author\" content=\"laure\" \/>\n<meta name=\"twitter:card\" content=\"summary_large_image\" \/>\n<script type=\"application\/ld+json\" class=\"yoast-schema-graph\">{\"@context\":\"https:\\\/\\\/schema.org\",\"@graph\":[{\"@type\":\"Article\",\"@id\":\"https:\\\/\\\/aliso.fr\\\/reseau\\\/ressources-et-reperes-historiques\\\/#article\",\"isPartOf\":{\"@id\":\"https:\\\/\\\/aliso.fr\\\/reseau\\\/ressources-et-reperes-historiques\\\/\"},\"author\":{\"name\":\"laure\",\"@id\":\"https:\\\/\\\/aliso.fr\\\/reseau\\\/#\\\/schema\\\/person\\\/056af145b9c52eee21a9f739489104a5\"},\"headline\":\"Ressources et rep\u00e8res historiques\",\"datePublished\":\"2025-02-18T15:19:53+00:00\",\"dateModified\":\"2025-02-18T15:19:55+00:00\",\"mainEntityOfPage\":{\"@id\":\"https:\\\/\\\/aliso.fr\\\/reseau\\\/ressources-et-reperes-historiques\\\/\"},\"wordCount\":60,\"publisher\":{\"@id\":\"https:\\\/\\\/aliso.fr\\\/reseau\\\/#organization\"},\"image\":{\"@id\":\"https:\\\/\\\/aliso.fr\\\/reseau\\\/ressources-et-reperes-historiques\\\/#primaryimage\"},\"thumbnailUrl\":\"https:\\\/\\\/aliso.fr\\\/reseau\\\/wp-content\\\/uploads\\\/sites\\\/4\\\/2025\\\/02\\\/760234_10-01.jpg\",\"articleSection\":[\"Actualit\u00e9\"],\"inLanguage\":\"fr-FR\"},{\"@type\":\"WebPage\",\"@id\":\"https:\\\/\\\/aliso.fr\\\/reseau\\\/ressources-et-reperes-historiques\\\/\",\"url\":\"https:\\\/\\\/aliso.fr\\\/reseau\\\/ressources-et-reperes-historiques\\\/\",\"name\":\"Ressources et rep\u00e8res historiques - Aliso R\u00e9seau\",\"isPartOf\":{\"@id\":\"https:\\\/\\\/aliso.fr\\\/reseau\\\/#website\"},\"primaryImageOfPage\":{\"@id\":\"https:\\\/\\\/aliso.fr\\\/reseau\\\/ressources-et-reperes-historiques\\\/#primaryimage\"},\"image\":{\"@id\":\"https:\\\/\\\/aliso.fr\\\/reseau\\\/ressources-et-reperes-historiques\\\/#primaryimage\"},\"thumbnailUrl\":\"https:\\\/\\\/aliso.fr\\\/reseau\\\/wp-content\\\/uploads\\\/sites\\\/4\\\/2025\\\/02\\\/760234_10-01.jpg\",\"datePublished\":\"2025-02-18T15:19:53+00:00\",\"dateModified\":\"2025-02-18T15:19:55+00:00\",\"breadcrumb\":{\"@id\":\"https:\\\/\\\/aliso.fr\\\/reseau\\\/ressources-et-reperes-historiques\\\/#breadcrumb\"},\"inLanguage\":\"fr-FR\",\"potentialAction\":[{\"@type\":\"ReadAction\",\"target\":[\"https:\\\/\\\/aliso.fr\\\/reseau\\\/ressources-et-reperes-historiques\\\/\"]}]},{\"@type\":\"ImageObject\",\"inLanguage\":\"fr-FR\",\"@id\":\"https:\\\/\\\/aliso.fr\\\/reseau\\\/ressources-et-reperes-historiques\\\/#primaryimage\",\"url\":\"https:\\\/\\\/aliso.fr\\\/reseau\\\/wp-content\\\/uploads\\\/sites\\\/4\\\/2025\\\/02\\\/760234_10-01.jpg\",\"contentUrl\":\"https:\\\/\\\/aliso.fr\\\/reseau\\\/wp-content\\\/uploads\\\/sites\\\/4\\\/2025\\\/02\\\/760234_10-01.jpg\",\"width\":1667,\"height\":1667},{\"@type\":\"BreadcrumbList\",\"@id\":\"https:\\\/\\\/aliso.fr\\\/reseau\\\/ressources-et-reperes-historiques\\\/#breadcrumb\",\"itemListElement\":[{\"@type\":\"ListItem\",\"position\":1,\"name\":\"Accueil\",\"item\":\"https:\\\/\\\/aliso.fr\\\/reseau\\\/\"},{\"@type\":\"ListItem\",\"position\":2,\"name\":\"Actualit\u00e9\",\"item\":\"https:\\\/\\\/aliso.fr\\\/reseau\\\/actualite\\\/\"},{\"@type\":\"ListItem\",\"position\":3,\"name\":\"Ressources et rep\u00e8res historiques\"}]},{\"@type\":\"WebSite\",\"@id\":\"https:\\\/\\\/aliso.fr\\\/reseau\\\/#website\",\"url\":\"https:\\\/\\\/aliso.fr\\\/reseau\\\/\",\"name\":\"Aliso R\u00e9seau\",\"description\":\"R\u00e9seau Creusois des acteurs du lien social\",\"publisher\":{\"@id\":\"https:\\\/\\\/aliso.fr\\\/reseau\\\/#organization\"},\"potentialAction\":[{\"@type\":\"SearchAction\",\"target\":{\"@type\":\"EntryPoint\",\"urlTemplate\":\"https:\\\/\\\/aliso.fr\\\/reseau\\\/?s={search_term_string}\"},\"query-input\":{\"@type\":\"PropertyValueSpecification\",\"valueRequired\":true,\"valueName\":\"search_term_string\"}}],\"inLanguage\":\"fr-FR\"},{\"@type\":\"Organization\",\"@id\":\"https:\\\/\\\/aliso.fr\\\/reseau\\\/#organization\",\"name\":\"Aliso R\u00e9seau\",\"url\":\"https:\\\/\\\/aliso.fr\\\/reseau\\\/\",\"logo\":{\"@type\":\"ImageObject\",\"inLanguage\":\"fr-FR\",\"@id\":\"https:\\\/\\\/aliso.fr\\\/reseau\\\/#\\\/schema\\\/logo\\\/image\\\/\",\"url\":\"https:\\\/\\\/aliso.fr\\\/reseau\\\/wp-content\\\/uploads\\\/sites\\\/4\\\/2022\\\/01\\\/Logo-ALISO-Reseau-2.png\",\"contentUrl\":\"https:\\\/\\\/aliso.fr\\\/reseau\\\/wp-content\\\/uploads\\\/sites\\\/4\\\/2022\\\/01\\\/Logo-ALISO-Reseau-2.png\",\"width\":900,\"height\":970,\"caption\":\"Aliso R\u00e9seau\"},\"image\":{\"@id\":\"https:\\\/\\\/aliso.fr\\\/reseau\\\/#\\\/schema\\\/logo\\\/image\\\/\"}},{\"@type\":\"Person\",\"@id\":\"https:\\\/\\\/aliso.fr\\\/reseau\\\/#\\\/schema\\\/person\\\/056af145b9c52eee21a9f739489104a5\",\"name\":\"laure\"}]}<\/script>\n<!-- \/ Yoast SEO plugin. -->","yoast_head_json":{"title":"Ressources et rep\u00e8res historiques - Aliso R\u00e9seau","robots":{"index":"index","follow":"follow","max-snippet":"max-snippet:-1","max-image-preview":"max-image-preview:large","max-video-preview":"max-video-preview:-1"},"canonical":"https:\/\/aliso.fr\/reseau\/ressources-et-reperes-historiques\/","og_locale":"fr_FR","og_type":"article","og_title":"Ressources et rep\u00e8res historiques - Aliso R\u00e9seau","og_description":"Besoin d&rsquo;une mise \u00e0 jour sur des rep\u00e8res historiques de l&rsquo;histoire de l&rsquo;\u00e9ducation populaire pour mieux comprendre ce que c&rsquo;est que tout \u00e7a ?On vous partage un podcast qui propose un regard qui peut permettre une mise \u00e0 jour&#8230; Bonne \u00e9coute ! Culture 2000, fr\u00e9quence moderne : L&rsquo;\u00e9ducation populaire &#8211; 53 minutes &#8211; 27 mars... En savoir plus &raquo;","og_url":"https:\/\/aliso.fr\/reseau\/ressources-et-reperes-historiques\/","og_site_name":"Aliso R\u00e9seau","article_published_time":"2025-02-18T15:19:53+00:00","article_modified_time":"2025-02-18T15:19:55+00:00","og_image":[{"width":1667,"height":1667,"url":"https:\/\/aliso.fr\/reseau\/wp-content\/uploads\/sites\/4\/2025\/02\/760234_10-01.jpg","type":"image\/jpeg"}],"author":"laure","twitter_card":"summary_large_image","schema":{"@context":"https:\/\/schema.org","@graph":[{"@type":"Article","@id":"https:\/\/aliso.fr\/reseau\/ressources-et-reperes-historiques\/#article","isPartOf":{"@id":"https:\/\/aliso.fr\/reseau\/ressources-et-reperes-historiques\/"},"author":{"name":"laure","@id":"https:\/\/aliso.fr\/reseau\/#\/schema\/person\/056af145b9c52eee21a9f739489104a5"},"headline":"Ressources et rep\u00e8res historiques","datePublished":"2025-02-18T15:19:53+00:00","dateModified":"2025-02-18T15:19:55+00:00","mainEntityOfPage":{"@id":"https:\/\/aliso.fr\/reseau\/ressources-et-reperes-historiques\/"},"wordCount":60,"publisher":{"@id":"https:\/\/aliso.fr\/reseau\/#organization"},"image":{"@id":"https:\/\/aliso.fr\/reseau\/ressources-et-reperes-historiques\/#primaryimage"},"thumbnailUrl":"https:\/\/aliso.fr\/reseau\/wp-content\/uploads\/sites\/4\/2025\/02\/760234_10-01.jpg","articleSection":["Actualit\u00e9"],"inLanguage":"fr-FR"},{"@type":"WebPage","@id":"https:\/\/aliso.fr\/reseau\/ressources-et-reperes-historiques\/","url":"https:\/\/aliso.fr\/reseau\/ressources-et-reperes-historiques\/","name":"Ressources et rep\u00e8res historiques - Aliso R\u00e9seau","isPartOf":{"@id":"https:\/\/aliso.fr\/reseau\/#website"},"primaryImageOfPage":{"@id":"https:\/\/aliso.fr\/reseau\/ressources-et-reperes-historiques\/#primaryimage"},"image":{"@id":"https:\/\/aliso.fr\/reseau\/ressources-et-reperes-historiques\/#primaryimage"},"thumbnailUrl":"https:\/\/aliso.fr\/reseau\/wp-content\/uploads\/sites\/4\/2025\/02\/760234_10-01.jpg","datePublished":"2025-02-18T15:19:53+00:00","dateModified":"2025-02-18T15:19:55+00:00","breadcrumb":{"@id":"https:\/\/aliso.fr\/reseau\/ressources-et-reperes-historiques\/#breadcrumb"},"inLanguage":"fr-FR","potentialAction":[{"@type":"ReadAction","target":["https:\/\/aliso.fr\/reseau\/ressources-et-reperes-historiques\/"]}]},{"@type":"ImageObject","inLanguage":"fr-FR","@id":"https:\/\/aliso.fr\/reseau\/ressources-et-reperes-historiques\/#primaryimage","url":"https:\/\/aliso.fr\/reseau\/wp-content\/uploads\/sites\/4\/2025\/02\/760234_10-01.jpg","contentUrl":"https:\/\/aliso.fr\/reseau\/wp-content\/uploads\/sites\/4\/2025\/02\/760234_10-01.jpg","width":1667,"height":1667},{"@type":"BreadcrumbList","@id":"https:\/\/aliso.fr\/reseau\/ressources-et-reperes-historiques\/#breadcrumb","itemListElement":[{"@type":"ListItem","position":1,"name":"Accueil","item":"https:\/\/aliso.fr\/reseau\/"},{"@type":"ListItem","position":2,"name":"Actualit\u00e9","item":"https:\/\/aliso.fr\/reseau\/actualite\/"},{"@type":"ListItem","position":3,"name":"Ressources et rep\u00e8res historiques"}]},{"@type":"WebSite","@id":"https:\/\/aliso.fr\/reseau\/#website","url":"https:\/\/aliso.fr\/reseau\/","name":"Aliso R\u00e9seau","description":"R\u00e9seau Creusois des acteurs du lien social","publisher":{"@id":"https:\/\/aliso.fr\/reseau\/#organization"},"potentialAction":[{"@type":"SearchAction","target":{"@type":"EntryPoint","urlTemplate":"https:\/\/aliso.fr\/reseau\/?s={search_term_string}"},"query-input":{"@type":"PropertyValueSpecification","valueRequired":true,"valueName":"search_term_string"}}],"inLanguage":"fr-FR"},{"@type":"Organization","@id":"https:\/\/aliso.fr\/reseau\/#organization","name":"Aliso R\u00e9seau","url":"https:\/\/aliso.fr\/reseau\/","logo":{"@type":"ImageObject","inLanguage":"fr-FR","@id":"https:\/\/aliso.fr\/reseau\/#\/schema\/logo\/image\/","url":"https:\/\/aliso.fr\/reseau\/wp-content\/uploads\/sites\/4\/2022\/01\/Logo-ALISO-Reseau-2.png","contentUrl":"https:\/\/aliso.fr\/reseau\/wp-content\/uploads\/sites\/4\/2022\/01\/Logo-ALISO-Reseau-2.png","width":900,"height":970,"caption":"Aliso R\u00e9seau"},"image":{"@id":"https:\/\/aliso.fr\/reseau\/#\/schema\/logo\/image\/"}},{"@type":"Person","@id":"https:\/\/aliso.fr\/reseau\/#\/schema\/person\/056af145b9c52eee21a9f739489104a5","name":"laure"}]}},"_links":{"self":[{"href":"https:\/\/aliso.fr\/reseau\/wp-json\/wp\/v2\/posts\/2768","targetHints":{"allow":["GET"]}}],"collection":[{"href":"https:\/\/aliso.fr\/reseau\/wp-json\/wp\/v2\/posts"}],"about":[{"href":"https:\/\/aliso.fr\/reseau\/wp-json\/wp\/v2\/types\/post"}],"author":[{"embeddable":true,"href":"https:\/\/aliso.fr\/reseau\/wp-json\/wp\/v2\/users\/3"}],"replies":[{"embeddable":true,"href":"https:\/\/aliso.fr\/reseau\/wp-json\/wp\/v2\/comments?post=2768"}],"version-history":[{"count":1,"href":"https:\/\/aliso.fr\/reseau\/wp-json\/wp\/v2\/posts\/2768\/revisions"}],"predecessor-version":[{"id":2770,"href":"https:\/\/aliso.fr\/reseau\/wp-json\/wp\/v2\/posts\/2768\/revisions\/2770"}],"wp:featuredmedia":[{"embeddable":true,"href":"https:\/\/aliso.fr\/reseau\/wp-json\/wp\/v2\/media\/2769"}],"wp:attachment":[{"href":"https:\/\/aliso.fr\/reseau\/wp-json\/wp\/v2\/media?parent=2768"}],"wp:term":[{"taxonomy":"category","embeddable":true,"href":"https:\/\/aliso.fr\/reseau\/wp-json\/wp\/v2\/categories?post=2768"},{"taxonomy":"post_tag","embeddable":true,"href":"https:\/\/aliso.fr\/reseau\/wp-json\/wp\/v2\/tags?post=2768"}],"curies":[{"name":"wp","href":"https:\/\/api.w.org\/{rel}","templated":true}]}}