{"id":2869,"date":"2025-04-15T11:17:00","date_gmt":"2025-04-15T09:17:00","guid":{"rendered":"https:\/\/aliso.fr\/reseau\/?p=2869"},"modified":"2025-04-15T13:28:02","modified_gmt":"2025-04-15T11:28:02","slug":"la-maison-da-cote","status":"publish","type":"post","link":"https:\/\/aliso.fr\/reseau\/la-maison-da-cote\/","title":{"rendered":"LA MAISON D&rsquo;A C\u00d4T\u00c9"},"content":{"rendered":"\n<p>Avril 2025, fra\u00eechement adh\u00e9rente \u00e0 ALISO, La Maison d&rsquo;\u00e0 c\u00f4t\u00e9 nous raconte un peu qui elle est .<\/p>\n\n\n\n<ul class=\"wp-block-list\">\n<li>Qu&rsquo;est ce qui peut nous amener \u00e0 pousser la porte de la Maison d&rsquo;\u00e0 c\u00f4t\u00e9 ?<br><br>On y favorise l\u2019int\u00e9gration de toutes et de tous avec nos diff\u00e9rences<br>pour renforcer les liens, la solidarit\u00e9 et l\u2019entraide<br>On y lutte contre l\u2019isolement<br>On y implique les habitant.e.s pr\u00e9sent.e.s et futur.e.s pour qu\u2019ensemble :<br>on y cr\u00e9e, on y d\u00e9cide, on y invente, on y partage pour finalement y construire<br>On y favorise une d\u00e9marche \u00e9co-responsable et on y valorise le travail collectif et participatif<br><\/li>\n\n\n\n<li>Qu&rsquo;est ce qu&rsquo;on y fait ?<br>Au quotidien, deux salari\u00e9s s&rsquo;occupent de la maison et encadrent l\u2019\u00e9quipe de volontaires en mission de service civique<br>Nous continuons d&rsquo;accueillir, du lundi au samedi de 10h \u00e0 18h30, toute personne souhaitant se r\u00e9unir autour d&rsquo;un caf\u00e9 ou de boissons chaudes et froides, accompagn\u00e9es de g\u00e2teaux. Vous pourrez \u00e9galement apprendre \u00e0 utiliser les outils num\u00e9riques, participer aux ateliers, profiter du jardin, participer au potager collectif et d\u00e9couvrir la ludoth\u00e8que avec ses jeux et livres. Nous proposons \u00e9galement la vente de jeux neufs. Notre objectif : rassembler les personnes pour lutter contre la solitude.<br><\/li>\n\n\n\n<li>Qui peut on y trouver\/ rencontrer?<br><br>Le public est vari\u00e9, c\u2019est le but recherch\u00e9 \u00ab notre ambition est de faire se croiser des personnes qui n\u2019ont, \u00e0 priori, aucune raison de se croiser \u00bb : jeunes de diff\u00e9rents horizons et aussi habitants du territoire, familles, retrait\u00e9s, b\u00e9n\u00e9voles, salari\u00e9s, associations et entreprises. Nous sommes implant\u00e9s \u00e0 La Souterraine, une ville de 5 000 habitants en Creuse. Elle attire aussi les habitants des villages voisins (soient environ 11 000 personnes) par ses services.<br><\/li>\n\n\n\n<li>L&rsquo;histoire de votre association en quelques mots ?<br><br>La maison D\u2019\u00c0 C\u00d4T\u00c9 est un espace de vie sociale participatif, convivial et ouvert. L&rsquo;id\u00e9e est d&rsquo;y<br>faire des rencontres, d\u2019y partager des instants, d&rsquo;y r\u00e9aliser des choses ensemble, d&rsquo;y concr\u00e9tiser<br>des envies. L&rsquo;esprit est celui du vivre-ensemble et nous \u00e9loigne de notre culture de la<br>consommation. Les participants sont des usagers de la maison et ils y sont actifs. Personne ne<br>doit s&rsquo;attendre \u00e0 \u00eatre trait\u00e9 comme un client ou un consommateur exclusivement r\u00e9ceptif.<br>Ainsi, contrairement \u00e0 d&rsquo;autres structures explicitement tourn\u00e9es vers les services ou le loisir, ce<br>lieu ne propose pas de prestations pr\u00eates \u00e0 l&#8217;emploi, mais il invite \u00e0 inventer avec tous les<br>acteurs int\u00e9ress\u00e9s des mani\u00e8res de cohabiter et de vivre ensemble. Il est un projet<br>\u00e9ternellement en cours et d\u00e9lib\u00e9r\u00e9ment non fini, afin que chacun puisse y \u00eatre force de<br>proposition et y trouver sa place.<\/li>\n<\/ul>\n\n\n\n<p>L\u2019association Bocal&amp;Phac\u00e9lie est n\u00e9e en 2019 d\u2019un collectif d\u2019habitant.e.s de La Souterraine qui voulait favoriser le vivre-ensemble dans le quartier et la ville. C\u2019est un lieu d\u2019\u00e9change participatif et convivial qui prend la forme d\u2019un espace d\u2019accueil, de partage, de rencontres et d\u2019exp\u00e9rimentation. Elle propose des ateliers autour du jardin, de la cuisine, de la sobri\u00e9t\u00e9, du partage de savoir-faire. Depuis 2022, elle est install\u00e9e dans une maison r\u00e9habilit\u00e9e collectivement via des chantiers participatifs. En 2023, nous avons pu cr\u00e9er avec un collectif d\u2019architectes, une cuisine mobile. En 2024, un caf\u00e9 associatif ouvre, avec des \u00ab\u00a0Joyeuses Tabl\u00e9es\u00a0\u00bb, repas mensuels \u00e0 prix libre. Une \u00ab\u00a0bazarth\u00e8que\u00a0\u00bb permet de donner et de prendre des objets gratuitement. Une grande partie des activit\u00e9s sont anim\u00e9es par des b\u00e9n\u00e9voles et des volontaires. Les animations se d\u00e9roulent \u00e0 La maison D\u2019\u00c0 C\u00d4T\u00c9, dans le caf\u00e9, dans le jardin et aussi au march\u00e9, aux pieds des immeubles, dans la ville,\u2026<br><\/p>\n\n\n\n<ul class=\"wp-block-list\">\n<li>Comment concevez-vous votre adh\u00e9sion \u00e0 ALISO ? Id\u00e9alement, comment aimeriez vous participer \u00e0 la vie du r\u00e9seau ?<br><br>L\u2019adh\u00e9sion \u00e0 ALISO va nous permettre de partager et d\u2019\u00e9changer entre les diff\u00e9rents adh\u00e9rents et le r\u00e9seau. Nous pourrons b\u00e9n\u00e9ficier de formations et ainsi faire monter en comp\u00e9tence la structure.<br>Nous pourrions assister aux r\u00e9unions pour voir comment nous pouvons contribuer \u00e0 la vie du r\u00e9seau.<\/li>\n<\/ul>\n\n\n\n<p>Contactez Sabine ou Christelle <br>en attendant plus de d\u00e9tails&#8230;<\/p>\n\n\n\n<figure class=\"wp-block-table\"><table class=\"has-fixed-layout\"><tbody><tr><td><img loading=\"lazy\" decoding=\"async\" src=\"https:\/\/aliso.fr\/83942718-469d-4fa0-bfff-2b79b3a28742\" alt=\"\" width=\"130\" height=\"130\"><br><\/td><td>La maison D\u2019\u00c0 C\u00d4T\u00c9<br>15 place Am\u00e9d\u00e9e Lefaure, 23300 La Souterraine<br>T\u00e9l : 09 75 98 08 47<br>Port : 06 80 18 12 21<br><a href=\"&#99;&#x6f;&#110;&#x74;a&#x63;t&#64;&#x6c;&#97;&#x6d;&#97;&#x69;s&#x6f;n&#100;&#x61;&#99;&#x6f;t&#x65;2&#x33;&#x2e;&#102;&#x72;\">&#x63;&#x6f;&#x6e;&#x74;&#x61;&#x63;&#116;&#64;&#108;&#97;mais&#x6f;&#x6e;&#x64;&#x61;&#x63;&#x6f;&#116;&#101;&#50;&#51;&#46;fr<\/a><br><a href=\"https:\/\/lamaisondacote23.fr\/\">https:\/\/lamaisondacote23.fr\/<\/a><\/td><\/tr><\/tbody><\/table><\/figure>\n","protected":false},"excerpt":{"rendered":"<p>Avril 2025, fra\u00eechement adh\u00e9rente \u00e0 ALISO, La Maison d&rsquo;\u00e0 c\u00f4t\u00e9 nous raconte un peu qui elle est . L\u2019association Bocal&amp;Phac\u00e9lie est n\u00e9e en 2019 d\u2019un collectif d\u2019habitant.e.s de La Souterraine qui voulait favoriser le vivre-ensemble dans le quartier et la ville. C\u2019est un lieu d\u2019\u00e9change participatif et convivial qui prend la forme d\u2019un espace d\u2019accueil,&#8230; <a class=\"excerpt-read-more button\" href=\"https:\/\/aliso.fr\/reseau\/la-maison-da-cote\/\" title=\"ReadLA MAISON D&rsquo;A C\u00d4T\u00c9\">En savoir plus &raquo;<\/a><\/p>\n","protected":false},"author":3,"featured_media":2871,"comment_status":"closed","ping_status":"open","sticky":false,"template":"","format":"standard","meta":{"footnotes":""},"categories":[3,4],"tags":[],"class_list":["post-2869","post","type-post","status-publish","format-standard","has-post-thumbnail","hentry","category-actualite","category-les-adherents"],"yoast_head":"<!-- This site is optimized with the Yoast SEO plugin v27.5 - https:\/\/yoast.com\/product\/yoast-seo-wordpress\/ -->\n<title>LA MAISON D&#039;A C\u00d4T\u00c9 - Aliso R\u00e9seau<\/title>\n<meta name=\"robots\" content=\"index, follow, max-snippet:-1, max-image-preview:large, max-video-preview:-1\" \/>\n<link rel=\"canonical\" href=\"https:\/\/aliso.fr\/reseau\/la-maison-da-cote\/\" \/>\n<meta property=\"og:locale\" content=\"fr_FR\" \/>\n<meta property=\"og:type\" content=\"article\" \/>\n<meta property=\"og:title\" content=\"LA MAISON D&#039;A C\u00d4T\u00c9 - Aliso R\u00e9seau\" \/>\n<meta property=\"og:description\" content=\"Avril 2025, fra\u00eechement adh\u00e9rente \u00e0 ALISO, La Maison d&rsquo;\u00e0 c\u00f4t\u00e9 nous raconte un peu qui elle est . L\u2019association Bocal&amp;Phac\u00e9lie est n\u00e9e en 2019 d\u2019un collectif d\u2019habitant.e.s de La Souterraine qui voulait favoriser le vivre-ensemble dans le quartier et la ville. C\u2019est un lieu d\u2019\u00e9change participatif et convivial qui prend la forme d\u2019un espace d\u2019accueil,... En savoir plus &raquo;\" \/>\n<meta property=\"og:url\" content=\"https:\/\/aliso.fr\/reseau\/la-maison-da-cote\/\" \/>\n<meta property=\"og:site_name\" content=\"Aliso R\u00e9seau\" \/>\n<meta property=\"article:published_time\" content=\"2025-04-15T09:17:00+00:00\" \/>\n<meta property=\"article:modified_time\" content=\"2025-04-15T11:28:02+00:00\" \/>\n<meta property=\"og:image\" content=\"https:\/\/aliso.fr\/reseau\/wp-content\/uploads\/sites\/4\/2025\/03\/logo_Lmdac_print_infos_partielles_noir_sur_fond_transparent.png\" \/>\n\t<meta property=\"og:image:width\" content=\"827\" \/>\n\t<meta property=\"og:image:height\" content=\"632\" \/>\n\t<meta property=\"og:image:type\" content=\"image\/png\" \/>\n<meta name=\"author\" content=\"laure\" \/>\n<meta name=\"twitter:card\" content=\"summary_large_image\" \/>\n<script type=\"application\/ld+json\" class=\"yoast-schema-graph\">{\"@context\":\"https:\\\/\\\/schema.org\",\"@graph\":[{\"@type\":\"Article\",\"@id\":\"https:\\\/\\\/aliso.fr\\\/reseau\\\/la-maison-da-cote\\\/#article\",\"isPartOf\":{\"@id\":\"https:\\\/\\\/aliso.fr\\\/reseau\\\/la-maison-da-cote\\\/\"},\"author\":{\"name\":\"laure\",\"@id\":\"https:\\\/\\\/aliso.fr\\\/reseau\\\/#\\\/schema\\\/person\\\/056af145b9c52eee21a9f739489104a5\"},\"headline\":\"LA MAISON D&rsquo;A C\u00d4T\u00c9\",\"datePublished\":\"2025-04-15T09:17:00+00:00\",\"dateModified\":\"2025-04-15T11:28:02+00:00\",\"mainEntityOfPage\":{\"@id\":\"https:\\\/\\\/aliso.fr\\\/reseau\\\/la-maison-da-cote\\\/\"},\"wordCount\":742,\"publisher\":{\"@id\":\"https:\\\/\\\/aliso.fr\\\/reseau\\\/#organization\"},\"image\":{\"@id\":\"https:\\\/\\\/aliso.fr\\\/reseau\\\/la-maison-da-cote\\\/#primaryimage\"},\"thumbnailUrl\":\"https:\\\/\\\/aliso.fr\\\/reseau\\\/wp-content\\\/uploads\\\/sites\\\/4\\\/2025\\\/03\\\/logo_Lmdac_print_infos_partielles_noir_sur_fond_transparent.png\",\"articleSection\":[\"Actualit\u00e9\",\"Les adh\u00e9rents\"],\"inLanguage\":\"fr-FR\"},{\"@type\":\"WebPage\",\"@id\":\"https:\\\/\\\/aliso.fr\\\/reseau\\\/la-maison-da-cote\\\/\",\"url\":\"https:\\\/\\\/aliso.fr\\\/reseau\\\/la-maison-da-cote\\\/\",\"name\":\"LA MAISON D'A C\u00d4T\u00c9 - Aliso R\u00e9seau\",\"isPartOf\":{\"@id\":\"https:\\\/\\\/aliso.fr\\\/reseau\\\/#website\"},\"primaryImageOfPage\":{\"@id\":\"https:\\\/\\\/aliso.fr\\\/reseau\\\/la-maison-da-cote\\\/#primaryimage\"},\"image\":{\"@id\":\"https:\\\/\\\/aliso.fr\\\/reseau\\\/la-maison-da-cote\\\/#primaryimage\"},\"thumbnailUrl\":\"https:\\\/\\\/aliso.fr\\\/reseau\\\/wp-content\\\/uploads\\\/sites\\\/4\\\/2025\\\/03\\\/logo_Lmdac_print_infos_partielles_noir_sur_fond_transparent.png\",\"datePublished\":\"2025-04-15T09:17:00+00:00\",\"dateModified\":\"2025-04-15T11:28:02+00:00\",\"breadcrumb\":{\"@id\":\"https:\\\/\\\/aliso.fr\\\/reseau\\\/la-maison-da-cote\\\/#breadcrumb\"},\"inLanguage\":\"fr-FR\",\"potentialAction\":[{\"@type\":\"ReadAction\",\"target\":[\"https:\\\/\\\/aliso.fr\\\/reseau\\\/la-maison-da-cote\\\/\"]}]},{\"@type\":\"ImageObject\",\"inLanguage\":\"fr-FR\",\"@id\":\"https:\\\/\\\/aliso.fr\\\/reseau\\\/la-maison-da-cote\\\/#primaryimage\",\"url\":\"https:\\\/\\\/aliso.fr\\\/reseau\\\/wp-content\\\/uploads\\\/sites\\\/4\\\/2025\\\/03\\\/logo_Lmdac_print_infos_partielles_noir_sur_fond_transparent.png\",\"contentUrl\":\"https:\\\/\\\/aliso.fr\\\/reseau\\\/wp-content\\\/uploads\\\/sites\\\/4\\\/2025\\\/03\\\/logo_Lmdac_print_infos_partielles_noir_sur_fond_transparent.png\",\"width\":827,\"height\":632},{\"@type\":\"BreadcrumbList\",\"@id\":\"https:\\\/\\\/aliso.fr\\\/reseau\\\/la-maison-da-cote\\\/#breadcrumb\",\"itemListElement\":[{\"@type\":\"ListItem\",\"position\":1,\"name\":\"Accueil\",\"item\":\"https:\\\/\\\/aliso.fr\\\/reseau\\\/\"},{\"@type\":\"ListItem\",\"position\":2,\"name\":\"Les adh\u00e9rents\",\"item\":\"https:\\\/\\\/aliso.fr\\\/reseau\\\/les-adherents\\\/\"},{\"@type\":\"ListItem\",\"position\":3,\"name\":\"LA MAISON D&rsquo;A C\u00d4T\u00c9\"}]},{\"@type\":\"WebSite\",\"@id\":\"https:\\\/\\\/aliso.fr\\\/reseau\\\/#website\",\"url\":\"https:\\\/\\\/aliso.fr\\\/reseau\\\/\",\"name\":\"Aliso R\u00e9seau\",\"description\":\"R\u00e9seau Creusois des acteurs du lien social\",\"publisher\":{\"@id\":\"https:\\\/\\\/aliso.fr\\\/reseau\\\/#organization\"},\"potentialAction\":[{\"@type\":\"SearchAction\",\"target\":{\"@type\":\"EntryPoint\",\"urlTemplate\":\"https:\\\/\\\/aliso.fr\\\/reseau\\\/?s={search_term_string}\"},\"query-input\":{\"@type\":\"PropertyValueSpecification\",\"valueRequired\":true,\"valueName\":\"search_term_string\"}}],\"inLanguage\":\"fr-FR\"},{\"@type\":\"Organization\",\"@id\":\"https:\\\/\\\/aliso.fr\\\/reseau\\\/#organization\",\"name\":\"Aliso R\u00e9seau\",\"url\":\"https:\\\/\\\/aliso.fr\\\/reseau\\\/\",\"logo\":{\"@type\":\"ImageObject\",\"inLanguage\":\"fr-FR\",\"@id\":\"https:\\\/\\\/aliso.fr\\\/reseau\\\/#\\\/schema\\\/logo\\\/image\\\/\",\"url\":\"https:\\\/\\\/aliso.fr\\\/reseau\\\/wp-content\\\/uploads\\\/sites\\\/4\\\/2022\\\/01\\\/Logo-ALISO-Reseau-2.png\",\"contentUrl\":\"https:\\\/\\\/aliso.fr\\\/reseau\\\/wp-content\\\/uploads\\\/sites\\\/4\\\/2022\\\/01\\\/Logo-ALISO-Reseau-2.png\",\"width\":900,\"height\":970,\"caption\":\"Aliso R\u00e9seau\"},\"image\":{\"@id\":\"https:\\\/\\\/aliso.fr\\\/reseau\\\/#\\\/schema\\\/logo\\\/image\\\/\"}},{\"@type\":\"Person\",\"@id\":\"https:\\\/\\\/aliso.fr\\\/reseau\\\/#\\\/schema\\\/person\\\/056af145b9c52eee21a9f739489104a5\",\"name\":\"laure\"}]}<\/script>\n<!-- \/ Yoast SEO plugin. -->","yoast_head_json":{"title":"LA MAISON D'A C\u00d4T\u00c9 - Aliso R\u00e9seau","robots":{"index":"index","follow":"follow","max-snippet":"max-snippet:-1","max-image-preview":"max-image-preview:large","max-video-preview":"max-video-preview:-1"},"canonical":"https:\/\/aliso.fr\/reseau\/la-maison-da-cote\/","og_locale":"fr_FR","og_type":"article","og_title":"LA MAISON D'A C\u00d4T\u00c9 - Aliso R\u00e9seau","og_description":"Avril 2025, fra\u00eechement adh\u00e9rente \u00e0 ALISO, La Maison d&rsquo;\u00e0 c\u00f4t\u00e9 nous raconte un peu qui elle est . L\u2019association Bocal&amp;Phac\u00e9lie est n\u00e9e en 2019 d\u2019un collectif d\u2019habitant.e.s de La Souterraine qui voulait favoriser le vivre-ensemble dans le quartier et la ville. C\u2019est un lieu d\u2019\u00e9change participatif et convivial qui prend la forme d\u2019un espace d\u2019accueil,... En savoir plus &raquo;","og_url":"https:\/\/aliso.fr\/reseau\/la-maison-da-cote\/","og_site_name":"Aliso R\u00e9seau","article_published_time":"2025-04-15T09:17:00+00:00","article_modified_time":"2025-04-15T11:28:02+00:00","og_image":[{"width":827,"height":632,"url":"https:\/\/aliso.fr\/reseau\/wp-content\/uploads\/sites\/4\/2025\/03\/logo_Lmdac_print_infos_partielles_noir_sur_fond_transparent.png","type":"image\/png"}],"author":"laure","twitter_card":"summary_large_image","schema":{"@context":"https:\/\/schema.org","@graph":[{"@type":"Article","@id":"https:\/\/aliso.fr\/reseau\/la-maison-da-cote\/#article","isPartOf":{"@id":"https:\/\/aliso.fr\/reseau\/la-maison-da-cote\/"},"author":{"name":"laure","@id":"https:\/\/aliso.fr\/reseau\/#\/schema\/person\/056af145b9c52eee21a9f739489104a5"},"headline":"LA MAISON D&rsquo;A C\u00d4T\u00c9","datePublished":"2025-04-15T09:17:00+00:00","dateModified":"2025-04-15T11:28:02+00:00","mainEntityOfPage":{"@id":"https:\/\/aliso.fr\/reseau\/la-maison-da-cote\/"},"wordCount":742,"publisher":{"@id":"https:\/\/aliso.fr\/reseau\/#organization"},"image":{"@id":"https:\/\/aliso.fr\/reseau\/la-maison-da-cote\/#primaryimage"},"thumbnailUrl":"https:\/\/aliso.fr\/reseau\/wp-content\/uploads\/sites\/4\/2025\/03\/logo_Lmdac_print_infos_partielles_noir_sur_fond_transparent.png","articleSection":["Actualit\u00e9","Les adh\u00e9rents"],"inLanguage":"fr-FR"},{"@type":"WebPage","@id":"https:\/\/aliso.fr\/reseau\/la-maison-da-cote\/","url":"https:\/\/aliso.fr\/reseau\/la-maison-da-cote\/","name":"LA MAISON D'A C\u00d4T\u00c9 - Aliso R\u00e9seau","isPartOf":{"@id":"https:\/\/aliso.fr\/reseau\/#website"},"primaryImageOfPage":{"@id":"https:\/\/aliso.fr\/reseau\/la-maison-da-cote\/#primaryimage"},"image":{"@id":"https:\/\/aliso.fr\/reseau\/la-maison-da-cote\/#primaryimage"},"thumbnailUrl":"https:\/\/aliso.fr\/reseau\/wp-content\/uploads\/sites\/4\/2025\/03\/logo_Lmdac_print_infos_partielles_noir_sur_fond_transparent.png","datePublished":"2025-04-15T09:17:00+00:00","dateModified":"2025-04-15T11:28:02+00:00","breadcrumb":{"@id":"https:\/\/aliso.fr\/reseau\/la-maison-da-cote\/#breadcrumb"},"inLanguage":"fr-FR","potentialAction":[{"@type":"ReadAction","target":["https:\/\/aliso.fr\/reseau\/la-maison-da-cote\/"]}]},{"@type":"ImageObject","inLanguage":"fr-FR","@id":"https:\/\/aliso.fr\/reseau\/la-maison-da-cote\/#primaryimage","url":"https:\/\/aliso.fr\/reseau\/wp-content\/uploads\/sites\/4\/2025\/03\/logo_Lmdac_print_infos_partielles_noir_sur_fond_transparent.png","contentUrl":"https:\/\/aliso.fr\/reseau\/wp-content\/uploads\/sites\/4\/2025\/03\/logo_Lmdac_print_infos_partielles_noir_sur_fond_transparent.png","width":827,"height":632},{"@type":"BreadcrumbList","@id":"https:\/\/aliso.fr\/reseau\/la-maison-da-cote\/#breadcrumb","itemListElement":[{"@type":"ListItem","position":1,"name":"Accueil","item":"https:\/\/aliso.fr\/reseau\/"},{"@type":"ListItem","position":2,"name":"Les adh\u00e9rents","item":"https:\/\/aliso.fr\/reseau\/les-adherents\/"},{"@type":"ListItem","position":3,"name":"LA MAISON D&rsquo;A C\u00d4T\u00c9"}]},{"@type":"WebSite","@id":"https:\/\/aliso.fr\/reseau\/#website","url":"https:\/\/aliso.fr\/reseau\/","name":"Aliso R\u00e9seau","description":"R\u00e9seau Creusois des acteurs du lien social","publisher":{"@id":"https:\/\/aliso.fr\/reseau\/#organization"},"potentialAction":[{"@type":"SearchAction","target":{"@type":"EntryPoint","urlTemplate":"https:\/\/aliso.fr\/reseau\/?s={search_term_string}"},"query-input":{"@type":"PropertyValueSpecification","valueRequired":true,"valueName":"search_term_string"}}],"inLanguage":"fr-FR"},{"@type":"Organization","@id":"https:\/\/aliso.fr\/reseau\/#organization","name":"Aliso R\u00e9seau","url":"https:\/\/aliso.fr\/reseau\/","logo":{"@type":"ImageObject","inLanguage":"fr-FR","@id":"https:\/\/aliso.fr\/reseau\/#\/schema\/logo\/image\/","url":"https:\/\/aliso.fr\/reseau\/wp-content\/uploads\/sites\/4\/2022\/01\/Logo-ALISO-Reseau-2.png","contentUrl":"https:\/\/aliso.fr\/reseau\/wp-content\/uploads\/sites\/4\/2022\/01\/Logo-ALISO-Reseau-2.png","width":900,"height":970,"caption":"Aliso R\u00e9seau"},"image":{"@id":"https:\/\/aliso.fr\/reseau\/#\/schema\/logo\/image\/"}},{"@type":"Person","@id":"https:\/\/aliso.fr\/reseau\/#\/schema\/person\/056af145b9c52eee21a9f739489104a5","name":"laure"}]}},"_links":{"self":[{"href":"https:\/\/aliso.fr\/reseau\/wp-json\/wp\/v2\/posts\/2869","targetHints":{"allow":["GET"]}}],"collection":[{"href":"https:\/\/aliso.fr\/reseau\/wp-json\/wp\/v2\/posts"}],"about":[{"href":"https:\/\/aliso.fr\/reseau\/wp-json\/wp\/v2\/types\/post"}],"author":[{"embeddable":true,"href":"https:\/\/aliso.fr\/reseau\/wp-json\/wp\/v2\/users\/3"}],"replies":[{"embeddable":true,"href":"https:\/\/aliso.fr\/reseau\/wp-json\/wp\/v2\/comments?post=2869"}],"version-history":[{"count":3,"href":"https:\/\/aliso.fr\/reseau\/wp-json\/wp\/v2\/posts\/2869\/revisions"}],"predecessor-version":[{"id":2947,"href":"https:\/\/aliso.fr\/reseau\/wp-json\/wp\/v2\/posts\/2869\/revisions\/2947"}],"wp:featuredmedia":[{"embeddable":true,"href":"https:\/\/aliso.fr\/reseau\/wp-json\/wp\/v2\/media\/2871"}],"wp:attachment":[{"href":"https:\/\/aliso.fr\/reseau\/wp-json\/wp\/v2\/media?parent=2869"}],"wp:term":[{"taxonomy":"category","embeddable":true,"href":"https:\/\/aliso.fr\/reseau\/wp-json\/wp\/v2\/categories?post=2869"},{"taxonomy":"post_tag","embeddable":true,"href":"https:\/\/aliso.fr\/reseau\/wp-json\/wp\/v2\/tags?post=2869"}],"curies":[{"name":"wp","href":"https:\/\/api.w.org\/{rel}","templated":true}]}}