{"id":2884,"date":"2025-03-13T12:04:29","date_gmt":"2025-03-13T11:04:29","guid":{"rendered":"https:\/\/aliso.fr\/reseau\/?p=2884"},"modified":"2025-04-01T10:55:16","modified_gmt":"2025-04-01T08:55:16","slug":"les-mille-couleurs-fol-23","status":"publish","type":"post","link":"https:\/\/aliso.fr\/reseau\/les-mille-couleurs-fol-23\/","title":{"rendered":"LES MILLE COULEURS &#8211; FOL 23"},"content":{"rendered":"\n<p>L\u2019Espace de Vie Sociale \u00ab Les Mille Couleurs \u00bb accueille des habitant.e.s du Quartier Prioritaire de Gu\u00e9ret dans la Creuse. Ses missions s\u2019articulent autour du vivre ensemble, des solidarit\u00e9s de voisinages, de la mixit\u00e9 sociale, culturelle et interg\u00e9n\u00e9rationnelle, de la lutte contre toutes formes de discrimination, de l\u2019engagement en faveur des Droits des Femmes et de la lutte contre les violences intrafamiliales, de la lutte contre les addictions\u2026<br><br>Par son r\u00e9seau partenarial, il permet aux habitants de b\u00e9n\u00e9ficier de services de proximit\u00e9, dans des domaines aussi vari\u00e9s que l\u2019aide au retour \u00e0 l\u2019emploi (avec la Cit\u00e9 de l\u2019emploi), d\u2019accueil de Femmes victimes de violences (avec ARAVIC France Victime), d\u2019accompagnement de femmes et de familles avec le CIDFF, d\u2019accompagnement des jeunes avec la Mission Locale, d\u2019int\u00e9gration et d\u2019accompagnement des publics gitans (avec le Centre Social Tsigane), d\u2019accueil et de cours de Fran\u00e7ais (avec les CADA du secteur), d\u2019acc\u00e8s aux Droits avec des permanences juridiques (avec InfoDroits), de sensibilisation au d\u00e9pistage des cancers (avec le CRCDC). Il travaille en lien avec les assistantes sociales de secteur, la mairie, La Communaut\u00e9 d\u2019Agglom\u00e9ration, la M\u00e9diath\u00e8que, le CCAS, les locaux de proximit\u00e9, le planning familial, le D\u00e9l\u00e9gu\u00e9 Politique de la Ville, la D\u00e9l\u00e9gu\u00e9e au Droit des Femmes et \u00e0 l\u2019Egalit\u00e9\u2026<br><br>Il propose des ateliers sportifs et culturels \u00e0 destination des habitant.e.s, mais aussi de la socio-esth\u00e9tique ou de l\u2019accompagnement par le v\u00eatement pour renforcer l\u2019estime et la confiance en soi, des ateliers autour de th\u00e9matiques de sant\u00e9 en partenariat avec sant\u00e9 +23, des ateliers en rapport avec l\u2019\u00e9cologie et l\u2019environnement, comme l\u2019embellissement du quartier par la fabrication de meubles en bois de r\u00e9cup\u00e9ration, ou encore de tri des d\u00e9chets et de compostage.<br><br>Il s\u2019investit aupr\u00e8s du Conseil Citoyen au sein du Quartier Politique de la Ville et int\u00e8gre la Plateforme linguistique d\u2019orientation FLE des primo-arrivants sur l\u2019ensemble du territoire Creusois.<br>Il s\u2019engage avec les partenaires et les habitant.e.s dans des actions autour du 8 mars, Journ\u00e9e Internationale des Droits des Femmes, 25 novembre, journ\u00e9e Internationale de Lutte contre les violences faites aux Femmes, 16 octobre journ\u00e9e Internationale de Lutte contre la mis\u00e8re. Il int\u00e8gre des \u00e9v\u00e8nements en faveur de l\u2019acc\u00e8s au soin, avec une attention particuli\u00e8re pour les Femmes, d\u00e9pistage des Cancers (Sein, col de l\u2019ut\u00e9rus et colorectal), sur une sensibilisation pour connaitre les signes de la p\u00e9ri m\u00e9nopause et de la m\u00e9nopause \u00e0 l\u2019occasion de la journ\u00e9e mondiale de la m\u00e9nopause le 18 octobre.<\/p>\n\n\n\n<p><\/p>\n\n\n\n<p>Contact : <br><br><strong>F\u00c9D\u00c9RATION CREUSE<\/strong><\/p>\n\n\n\n<p><strong>LA LIGUE DE L\u2019ENSEIGNEMENT<\/strong><\/p>\n\n\n\n<p><strong>. . . . . . . . . . . . . . . . . . . . . . . . . . . . . . . . . . . . . . .<\/strong><\/p>\n\n\n\n<p><strong>DEVILLECHABROLLE H\u00e9l\u00e8ne<\/strong><\/p>\n\n\n\n<p>Coordinatrice<\/p>\n\n\n\n<p>Espace de vie sociale Les Mille Couleurs<\/p>\n\n\n\n<p>8 rue du Dr Br\u00e9sard<\/p>\n\n\n\n<p>23000 Gu\u00e9ret<\/p>\n\n\n\n<p>\u00a006 59 45 85 45<\/p>\n\n\n\n<figure class=\"wp-block-embed\"><div class=\"wp-block-embed__wrapper\">\nhttps:\/\/www.fol23.fr\n<\/div><\/figure>\n\n\n\n<p><a href=\"https:\/\/www.facebook.com\/FOL23000\/\">Facebook<\/a>&nbsp;Evs Les Mille Couleurs<\/p>\n\n\n\n<p><\/p>\n","protected":false},"excerpt":{"rendered":"<p>L\u2019Espace de Vie Sociale \u00ab Les Mille Couleurs \u00bb accueille des habitant.e.s du Quartier Prioritaire de Gu\u00e9ret dans la Creuse. Ses missions s\u2019articulent autour du vivre ensemble, des solidarit\u00e9s de voisinages, de la mixit\u00e9 sociale, culturelle et interg\u00e9n\u00e9rationnelle, de la lutte contre toutes formes de discrimination, de l\u2019engagement en faveur des Droits des Femmes et&#8230; <a class=\"excerpt-read-more button\" href=\"https:\/\/aliso.fr\/reseau\/les-mille-couleurs-fol-23\/\" title=\"ReadLES MILLE COULEURS &#8211; FOL 23\">En savoir plus &raquo;<\/a><\/p>\n","protected":false},"author":3,"featured_media":2849,"comment_status":"closed","ping_status":"open","sticky":false,"template":"","format":"standard","meta":{"footnotes":""},"categories":[4],"tags":[],"class_list":["post-2884","post","type-post","status-publish","format-standard","has-post-thumbnail","hentry","category-les-adherents"],"yoast_head":"<!-- This site is optimized with the Yoast SEO plugin v27.4 - https:\/\/yoast.com\/product\/yoast-seo-wordpress\/ -->\n<title>LES MILLE COULEURS - FOL 23 - Aliso R\u00e9seau<\/title>\n<meta name=\"robots\" content=\"index, follow, max-snippet:-1, max-image-preview:large, max-video-preview:-1\" \/>\n<link rel=\"canonical\" href=\"https:\/\/aliso.fr\/reseau\/les-mille-couleurs-fol-23\/\" \/>\n<meta property=\"og:locale\" content=\"fr_FR\" \/>\n<meta property=\"og:type\" content=\"article\" \/>\n<meta property=\"og:title\" content=\"LES MILLE COULEURS - FOL 23 - Aliso R\u00e9seau\" \/>\n<meta property=\"og:description\" content=\"L\u2019Espace de Vie Sociale \u00ab Les Mille Couleurs \u00bb accueille des habitant.e.s du Quartier Prioritaire de Gu\u00e9ret dans la Creuse. Ses missions s\u2019articulent autour du vivre ensemble, des solidarit\u00e9s de voisinages, de la mixit\u00e9 sociale, culturelle et interg\u00e9n\u00e9rationnelle, de la lutte contre toutes formes de discrimination, de l\u2019engagement en faveur des Droits des Femmes et... En savoir plus &raquo;\" \/>\n<meta property=\"og:url\" content=\"https:\/\/aliso.fr\/reseau\/les-mille-couleurs-fol-23\/\" \/>\n<meta property=\"og:site_name\" content=\"Aliso R\u00e9seau\" \/>\n<meta property=\"article:published_time\" content=\"2025-03-13T11:04:29+00:00\" \/>\n<meta property=\"article:modified_time\" content=\"2025-04-01T08:55:16+00:00\" \/>\n<meta property=\"og:image\" content=\"https:\/\/aliso.fr\/reseau\/wp-content\/uploads\/sites\/4\/2022\/03\/mille-couleurs.png\" \/>\n\t<meta property=\"og:image:width\" content=\"225\" \/>\n\t<meta property=\"og:image:height\" content=\"225\" \/>\n\t<meta property=\"og:image:type\" content=\"image\/png\" \/>\n<meta name=\"author\" content=\"laure\" \/>\n<meta name=\"twitter:card\" content=\"summary_large_image\" \/>\n<script type=\"application\/ld+json\" class=\"yoast-schema-graph\">{\"@context\":\"https:\\\/\\\/schema.org\",\"@graph\":[{\"@type\":\"Article\",\"@id\":\"https:\\\/\\\/aliso.fr\\\/reseau\\\/les-mille-couleurs-fol-23\\\/#article\",\"isPartOf\":{\"@id\":\"https:\\\/\\\/aliso.fr\\\/reseau\\\/les-mille-couleurs-fol-23\\\/\"},\"author\":{\"name\":\"laure\",\"@id\":\"https:\\\/\\\/aliso.fr\\\/reseau\\\/#\\\/schema\\\/person\\\/056af145b9c52eee21a9f739489104a5\"},\"headline\":\"LES MILLE COULEURS &#8211; FOL 23\",\"datePublished\":\"2025-03-13T11:04:29+00:00\",\"dateModified\":\"2025-04-01T08:55:16+00:00\",\"mainEntityOfPage\":{\"@id\":\"https:\\\/\\\/aliso.fr\\\/reseau\\\/les-mille-couleurs-fol-23\\\/\"},\"wordCount\":509,\"publisher\":{\"@id\":\"https:\\\/\\\/aliso.fr\\\/reseau\\\/#organization\"},\"image\":{\"@id\":\"https:\\\/\\\/aliso.fr\\\/reseau\\\/les-mille-couleurs-fol-23\\\/#primaryimage\"},\"thumbnailUrl\":\"https:\\\/\\\/aliso.fr\\\/reseau\\\/wp-content\\\/uploads\\\/sites\\\/4\\\/2022\\\/03\\\/mille-couleurs.png\",\"articleSection\":[\"Les adh\u00e9rents\"],\"inLanguage\":\"fr-FR\"},{\"@type\":\"WebPage\",\"@id\":\"https:\\\/\\\/aliso.fr\\\/reseau\\\/les-mille-couleurs-fol-23\\\/\",\"url\":\"https:\\\/\\\/aliso.fr\\\/reseau\\\/les-mille-couleurs-fol-23\\\/\",\"name\":\"LES MILLE COULEURS - FOL 23 - Aliso R\u00e9seau\",\"isPartOf\":{\"@id\":\"https:\\\/\\\/aliso.fr\\\/reseau\\\/#website\"},\"primaryImageOfPage\":{\"@id\":\"https:\\\/\\\/aliso.fr\\\/reseau\\\/les-mille-couleurs-fol-23\\\/#primaryimage\"},\"image\":{\"@id\":\"https:\\\/\\\/aliso.fr\\\/reseau\\\/les-mille-couleurs-fol-23\\\/#primaryimage\"},\"thumbnailUrl\":\"https:\\\/\\\/aliso.fr\\\/reseau\\\/wp-content\\\/uploads\\\/sites\\\/4\\\/2022\\\/03\\\/mille-couleurs.png\",\"datePublished\":\"2025-03-13T11:04:29+00:00\",\"dateModified\":\"2025-04-01T08:55:16+00:00\",\"breadcrumb\":{\"@id\":\"https:\\\/\\\/aliso.fr\\\/reseau\\\/les-mille-couleurs-fol-23\\\/#breadcrumb\"},\"inLanguage\":\"fr-FR\",\"potentialAction\":[{\"@type\":\"ReadAction\",\"target\":[\"https:\\\/\\\/aliso.fr\\\/reseau\\\/les-mille-couleurs-fol-23\\\/\"]}]},{\"@type\":\"ImageObject\",\"inLanguage\":\"fr-FR\",\"@id\":\"https:\\\/\\\/aliso.fr\\\/reseau\\\/les-mille-couleurs-fol-23\\\/#primaryimage\",\"url\":\"https:\\\/\\\/aliso.fr\\\/reseau\\\/wp-content\\\/uploads\\\/sites\\\/4\\\/2022\\\/03\\\/mille-couleurs.png\",\"contentUrl\":\"https:\\\/\\\/aliso.fr\\\/reseau\\\/wp-content\\\/uploads\\\/sites\\\/4\\\/2022\\\/03\\\/mille-couleurs.png\",\"width\":225,\"height\":225},{\"@type\":\"BreadcrumbList\",\"@id\":\"https:\\\/\\\/aliso.fr\\\/reseau\\\/les-mille-couleurs-fol-23\\\/#breadcrumb\",\"itemListElement\":[{\"@type\":\"ListItem\",\"position\":1,\"name\":\"Accueil\",\"item\":\"https:\\\/\\\/aliso.fr\\\/reseau\\\/\"},{\"@type\":\"ListItem\",\"position\":2,\"name\":\"Les adh\u00e9rents\",\"item\":\"https:\\\/\\\/aliso.fr\\\/reseau\\\/les-adherents\\\/\"},{\"@type\":\"ListItem\",\"position\":3,\"name\":\"LES MILLE COULEURS &#8211; FOL 23\"}]},{\"@type\":\"WebSite\",\"@id\":\"https:\\\/\\\/aliso.fr\\\/reseau\\\/#website\",\"url\":\"https:\\\/\\\/aliso.fr\\\/reseau\\\/\",\"name\":\"Aliso R\u00e9seau\",\"description\":\"R\u00e9seau Creusois des acteurs du lien social\",\"publisher\":{\"@id\":\"https:\\\/\\\/aliso.fr\\\/reseau\\\/#organization\"},\"potentialAction\":[{\"@type\":\"SearchAction\",\"target\":{\"@type\":\"EntryPoint\",\"urlTemplate\":\"https:\\\/\\\/aliso.fr\\\/reseau\\\/?s={search_term_string}\"},\"query-input\":{\"@type\":\"PropertyValueSpecification\",\"valueRequired\":true,\"valueName\":\"search_term_string\"}}],\"inLanguage\":\"fr-FR\"},{\"@type\":\"Organization\",\"@id\":\"https:\\\/\\\/aliso.fr\\\/reseau\\\/#organization\",\"name\":\"Aliso R\u00e9seau\",\"url\":\"https:\\\/\\\/aliso.fr\\\/reseau\\\/\",\"logo\":{\"@type\":\"ImageObject\",\"inLanguage\":\"fr-FR\",\"@id\":\"https:\\\/\\\/aliso.fr\\\/reseau\\\/#\\\/schema\\\/logo\\\/image\\\/\",\"url\":\"https:\\\/\\\/aliso.fr\\\/reseau\\\/wp-content\\\/uploads\\\/sites\\\/4\\\/2022\\\/01\\\/Logo-ALISO-Reseau-2.png\",\"contentUrl\":\"https:\\\/\\\/aliso.fr\\\/reseau\\\/wp-content\\\/uploads\\\/sites\\\/4\\\/2022\\\/01\\\/Logo-ALISO-Reseau-2.png\",\"width\":900,\"height\":970,\"caption\":\"Aliso R\u00e9seau\"},\"image\":{\"@id\":\"https:\\\/\\\/aliso.fr\\\/reseau\\\/#\\\/schema\\\/logo\\\/image\\\/\"}},{\"@type\":\"Person\",\"@id\":\"https:\\\/\\\/aliso.fr\\\/reseau\\\/#\\\/schema\\\/person\\\/056af145b9c52eee21a9f739489104a5\",\"name\":\"laure\"}]}<\/script>\n<!-- \/ Yoast SEO plugin. -->","yoast_head_json":{"title":"LES MILLE COULEURS - FOL 23 - Aliso R\u00e9seau","robots":{"index":"index","follow":"follow","max-snippet":"max-snippet:-1","max-image-preview":"max-image-preview:large","max-video-preview":"max-video-preview:-1"},"canonical":"https:\/\/aliso.fr\/reseau\/les-mille-couleurs-fol-23\/","og_locale":"fr_FR","og_type":"article","og_title":"LES MILLE COULEURS - FOL 23 - Aliso R\u00e9seau","og_description":"L\u2019Espace de Vie Sociale \u00ab Les Mille Couleurs \u00bb accueille des habitant.e.s du Quartier Prioritaire de Gu\u00e9ret dans la Creuse. Ses missions s\u2019articulent autour du vivre ensemble, des solidarit\u00e9s de voisinages, de la mixit\u00e9 sociale, culturelle et interg\u00e9n\u00e9rationnelle, de la lutte contre toutes formes de discrimination, de l\u2019engagement en faveur des Droits des Femmes et... En savoir plus &raquo;","og_url":"https:\/\/aliso.fr\/reseau\/les-mille-couleurs-fol-23\/","og_site_name":"Aliso R\u00e9seau","article_published_time":"2025-03-13T11:04:29+00:00","article_modified_time":"2025-04-01T08:55:16+00:00","og_image":[{"width":225,"height":225,"url":"https:\/\/aliso.fr\/reseau\/wp-content\/uploads\/sites\/4\/2022\/03\/mille-couleurs.png","type":"image\/png"}],"author":"laure","twitter_card":"summary_large_image","schema":{"@context":"https:\/\/schema.org","@graph":[{"@type":"Article","@id":"https:\/\/aliso.fr\/reseau\/les-mille-couleurs-fol-23\/#article","isPartOf":{"@id":"https:\/\/aliso.fr\/reseau\/les-mille-couleurs-fol-23\/"},"author":{"name":"laure","@id":"https:\/\/aliso.fr\/reseau\/#\/schema\/person\/056af145b9c52eee21a9f739489104a5"},"headline":"LES MILLE COULEURS &#8211; FOL 23","datePublished":"2025-03-13T11:04:29+00:00","dateModified":"2025-04-01T08:55:16+00:00","mainEntityOfPage":{"@id":"https:\/\/aliso.fr\/reseau\/les-mille-couleurs-fol-23\/"},"wordCount":509,"publisher":{"@id":"https:\/\/aliso.fr\/reseau\/#organization"},"image":{"@id":"https:\/\/aliso.fr\/reseau\/les-mille-couleurs-fol-23\/#primaryimage"},"thumbnailUrl":"https:\/\/aliso.fr\/reseau\/wp-content\/uploads\/sites\/4\/2022\/03\/mille-couleurs.png","articleSection":["Les adh\u00e9rents"],"inLanguage":"fr-FR"},{"@type":"WebPage","@id":"https:\/\/aliso.fr\/reseau\/les-mille-couleurs-fol-23\/","url":"https:\/\/aliso.fr\/reseau\/les-mille-couleurs-fol-23\/","name":"LES MILLE COULEURS - FOL 23 - Aliso R\u00e9seau","isPartOf":{"@id":"https:\/\/aliso.fr\/reseau\/#website"},"primaryImageOfPage":{"@id":"https:\/\/aliso.fr\/reseau\/les-mille-couleurs-fol-23\/#primaryimage"},"image":{"@id":"https:\/\/aliso.fr\/reseau\/les-mille-couleurs-fol-23\/#primaryimage"},"thumbnailUrl":"https:\/\/aliso.fr\/reseau\/wp-content\/uploads\/sites\/4\/2022\/03\/mille-couleurs.png","datePublished":"2025-03-13T11:04:29+00:00","dateModified":"2025-04-01T08:55:16+00:00","breadcrumb":{"@id":"https:\/\/aliso.fr\/reseau\/les-mille-couleurs-fol-23\/#breadcrumb"},"inLanguage":"fr-FR","potentialAction":[{"@type":"ReadAction","target":["https:\/\/aliso.fr\/reseau\/les-mille-couleurs-fol-23\/"]}]},{"@type":"ImageObject","inLanguage":"fr-FR","@id":"https:\/\/aliso.fr\/reseau\/les-mille-couleurs-fol-23\/#primaryimage","url":"https:\/\/aliso.fr\/reseau\/wp-content\/uploads\/sites\/4\/2022\/03\/mille-couleurs.png","contentUrl":"https:\/\/aliso.fr\/reseau\/wp-content\/uploads\/sites\/4\/2022\/03\/mille-couleurs.png","width":225,"height":225},{"@type":"BreadcrumbList","@id":"https:\/\/aliso.fr\/reseau\/les-mille-couleurs-fol-23\/#breadcrumb","itemListElement":[{"@type":"ListItem","position":1,"name":"Accueil","item":"https:\/\/aliso.fr\/reseau\/"},{"@type":"ListItem","position":2,"name":"Les adh\u00e9rents","item":"https:\/\/aliso.fr\/reseau\/les-adherents\/"},{"@type":"ListItem","position":3,"name":"LES MILLE COULEURS &#8211; FOL 23"}]},{"@type":"WebSite","@id":"https:\/\/aliso.fr\/reseau\/#website","url":"https:\/\/aliso.fr\/reseau\/","name":"Aliso R\u00e9seau","description":"R\u00e9seau Creusois des acteurs du lien social","publisher":{"@id":"https:\/\/aliso.fr\/reseau\/#organization"},"potentialAction":[{"@type":"SearchAction","target":{"@type":"EntryPoint","urlTemplate":"https:\/\/aliso.fr\/reseau\/?s={search_term_string}"},"query-input":{"@type":"PropertyValueSpecification","valueRequired":true,"valueName":"search_term_string"}}],"inLanguage":"fr-FR"},{"@type":"Organization","@id":"https:\/\/aliso.fr\/reseau\/#organization","name":"Aliso R\u00e9seau","url":"https:\/\/aliso.fr\/reseau\/","logo":{"@type":"ImageObject","inLanguage":"fr-FR","@id":"https:\/\/aliso.fr\/reseau\/#\/schema\/logo\/image\/","url":"https:\/\/aliso.fr\/reseau\/wp-content\/uploads\/sites\/4\/2022\/01\/Logo-ALISO-Reseau-2.png","contentUrl":"https:\/\/aliso.fr\/reseau\/wp-content\/uploads\/sites\/4\/2022\/01\/Logo-ALISO-Reseau-2.png","width":900,"height":970,"caption":"Aliso R\u00e9seau"},"image":{"@id":"https:\/\/aliso.fr\/reseau\/#\/schema\/logo\/image\/"}},{"@type":"Person","@id":"https:\/\/aliso.fr\/reseau\/#\/schema\/person\/056af145b9c52eee21a9f739489104a5","name":"laure"}]}},"_links":{"self":[{"href":"https:\/\/aliso.fr\/reseau\/wp-json\/wp\/v2\/posts\/2884","targetHints":{"allow":["GET"]}}],"collection":[{"href":"https:\/\/aliso.fr\/reseau\/wp-json\/wp\/v2\/posts"}],"about":[{"href":"https:\/\/aliso.fr\/reseau\/wp-json\/wp\/v2\/types\/post"}],"author":[{"embeddable":true,"href":"https:\/\/aliso.fr\/reseau\/wp-json\/wp\/v2\/users\/3"}],"replies":[{"embeddable":true,"href":"https:\/\/aliso.fr\/reseau\/wp-json\/wp\/v2\/comments?post=2884"}],"version-history":[{"count":2,"href":"https:\/\/aliso.fr\/reseau\/wp-json\/wp\/v2\/posts\/2884\/revisions"}],"predecessor-version":[{"id":2940,"href":"https:\/\/aliso.fr\/reseau\/wp-json\/wp\/v2\/posts\/2884\/revisions\/2940"}],"wp:featuredmedia":[{"embeddable":true,"href":"https:\/\/aliso.fr\/reseau\/wp-json\/wp\/v2\/media\/2849"}],"wp:attachment":[{"href":"https:\/\/aliso.fr\/reseau\/wp-json\/wp\/v2\/media?parent=2884"}],"wp:term":[{"taxonomy":"category","embeddable":true,"href":"https:\/\/aliso.fr\/reseau\/wp-json\/wp\/v2\/categories?post=2884"},{"taxonomy":"post_tag","embeddable":true,"href":"https:\/\/aliso.fr\/reseau\/wp-json\/wp\/v2\/tags?post=2884"}],"curies":[{"name":"wp","href":"https:\/\/api.w.org\/{rel}","templated":true}]}}