{"id":2906,"date":"2025-03-17T15:09:25","date_gmt":"2025-03-17T14:09:25","guid":{"rendered":"https:\/\/aliso.fr\/reseau\/?p=2906"},"modified":"2025-03-17T15:09:26","modified_gmt":"2025-03-17T14:09:26","slug":"archive-interview-boutique-des-idees-2023","status":"publish","type":"post","link":"https:\/\/aliso.fr\/reseau\/archive-interview-boutique-des-idees-2023\/","title":{"rendered":"archive interview boutique des id\u00e9es 2023"},"content":{"rendered":"\n<p>La boutique des id\u00e9es, un tiers lieu accueillant et dynamique sur la commune de Pontarion, vient de rejoindre le r\u00e9seau. Pour mieux la faire connaitre aux adh\u00e9rents d&rsquo;ALISO, nous avons pos\u00e9 quelques questions !<\/p>\n\n\n\n<blockquote class=\"wp-block-quote is-layout-flow wp-block-quote-is-layout-flow\">\n<p><strong>1) Pourriez-vous nous faire un petit historique de l&rsquo;association ?<\/strong><\/p>\n<\/blockquote>\n\n\n\n<p>L&rsquo;association est n\u00e9e en novembre 2021, port\u00e9e par un collectif d&rsquo;une vingtaine de membres. La Boutique des id\u00e9es a ouvert ses porte en Avril 2022. Pile 1 an !!<\/p>\n\n\n\n<blockquote class=\"wp-block-quote is-layout-flow wp-block-quote-is-layout-flow\">\n<p><strong>2) Quelles sont les actions importantes de l&rsquo;association ?<\/strong><\/p>\n<\/blockquote>\n\n\n\n<p>Tier lieu culturel, cr\u00e9atif et apprenant, nous proposons des spectacles, des ateliers, des stages, des soir\u00e9es sur des th\u00e8mes vari\u00e9s&nbsp; (rapport \u00e0 la nature, stage de clown, de flamenco, ateliers de land art, soir\u00e9e associative et partage de nos gouts en cin\u00e9ma, soir\u00e9es jeux, ateliers d&rsquo;\u00e9criture de chansons \u00e0 danser, apr\u00e8s-midi pour les ados, spectacles&#8230;.)<\/p>\n\n\n\n<blockquote class=\"wp-block-quote is-layout-flow wp-block-quote-is-layout-flow\">\n<p><strong>3) Sur quel secteur g\u00e9ographique intervenez-vous ?<\/strong><\/p>\n\n\n\n<p>Territoire imaginaire : Pontaurilhion-sous-Saint-Marsat (rassemblant les communes de :Pontarion, Sardent, Soubrebost, St Hilaire le Ch\u00e2teau, Thauron, La Chapelle St Martial )<\/p>\n<\/blockquote>\n\n\n\n<blockquote class=\"wp-block-quote is-layout-flow wp-block-quote-is-layout-flow\">\n<p><strong>4) Avez-vous des dates importantes \u00e0 transmettre ?<\/strong><\/p>\n<\/blockquote>\n\n\n\n<p>7 \u00e0 8 spectacles et un festival de Land Art<\/p>\n\n\n\n<div data-wp-interactive=\"core\/file\" class=\"wp-block-file\"><object data-wp-bind--hidden=\"!state.hasPdfPreview\" hidden class=\"wp-block-file__embed\" data=\"https:\/\/aliso.fr\/reseau\/wp-content\/uploads\/sites\/4\/2023\/04\/ANIMATIONS-DE-AVRIL-2023.pdf\" type=\"application\/pdf\" style=\"width:100%;height:600px\" aria-label=\"Contenu embarqu\u00e9 ANIMATIONS-DE-AVRIL-2023.\"><\/object><a id=\"wp-block-file--media-5269be4c-5d9d-4248-9a75-6557cd30ab70\" href=\"https:\/\/aliso.fr\/reseau\/wp-content\/uploads\/sites\/4\/2023\/04\/ANIMATIONS-DE-AVRIL-2023.pdf\">ANIMATIONS-DE-AVRIL-2023<\/a><a href=\"https:\/\/aliso.fr\/reseau\/wp-content\/uploads\/sites\/4\/2023\/04\/ANIMATIONS-DE-AVRIL-2023.pdf\" class=\"wp-block-file__button wp-element-button\" download aria-describedby=\"wp-block-file--media-5269be4c-5d9d-4248-9a75-6557cd30ab70\">T\u00e9l\u00e9charger<\/a><\/div>\n\n\n\n<div data-wp-interactive=\"core\/file\" class=\"wp-block-file\"><object data-wp-bind--hidden=\"!state.hasPdfPreview\" hidden class=\"wp-block-file__embed\" data=\"https:\/\/aliso.fr\/reseau\/wp-content\/uploads\/sites\/4\/2023\/04\/RDV-vivant.pdf\" type=\"application\/pdf\" style=\"width:100%;height:600px\" aria-label=\"Contenu embarqu\u00e9 RDV-vivant.\"><\/object><a id=\"wp-block-file--media-3ee04c6c-c6d1-4664-ad81-165544ffc1ce\" href=\"https:\/\/aliso.fr\/reseau\/wp-content\/uploads\/sites\/4\/2023\/04\/RDV-vivant.pdf\">RDV-vivant<\/a><a href=\"https:\/\/aliso.fr\/reseau\/wp-content\/uploads\/sites\/4\/2023\/04\/RDV-vivant.pdf\" class=\"wp-block-file__button wp-element-button\" download aria-describedby=\"wp-block-file--media-3ee04c6c-c6d1-4664-ad81-165544ffc1ce\">T\u00e9l\u00e9charger<\/a><\/div>\n\n\n\n<blockquote class=\"wp-block-quote is-layout-flow wp-block-quote-is-layout-flow\">\n<p><strong>5) Une phrase pour r\u00e9sumer l&rsquo;identit\u00e9 de l&rsquo;asso ?<\/strong><\/p>\n<\/blockquote>\n\n\n\n<p>A la crois\u00e9e des chemins<\/p>\n","protected":false},"excerpt":{"rendered":"<p>La boutique des id\u00e9es, un tiers lieu accueillant et dynamique sur la commune de Pontarion, vient de rejoindre le r\u00e9seau. Pour mieux la faire connaitre aux adh\u00e9rents d&rsquo;ALISO, nous avons pos\u00e9 quelques questions ! 1) Pourriez-vous nous faire un petit historique de l&rsquo;association ? L&rsquo;association est n\u00e9e en novembre 2021, port\u00e9e par un collectif d&rsquo;une&#8230; <a class=\"excerpt-read-more button\" href=\"https:\/\/aliso.fr\/reseau\/archive-interview-boutique-des-idees-2023\/\" title=\"Readarchive interview boutique des id\u00e9es 2023\">En savoir plus &raquo;<\/a><\/p>\n","protected":false},"author":3,"featured_media":0,"comment_status":"closed","ping_status":"open","sticky":false,"template":"","format":"standard","meta":{"footnotes":""},"categories":[1],"tags":[],"class_list":["post-2906","post","type-post","status-publish","format-standard","hentry","category-non-classe"],"yoast_head":"<!-- This site is optimized with the Yoast SEO plugin v27.5 - https:\/\/yoast.com\/product\/yoast-seo-wordpress\/ -->\n<title>archive interview boutique des id\u00e9es 2023 - Aliso R\u00e9seau<\/title>\n<meta name=\"robots\" content=\"index, follow, max-snippet:-1, max-image-preview:large, max-video-preview:-1\" \/>\n<link rel=\"canonical\" href=\"https:\/\/aliso.fr\/reseau\/archive-interview-boutique-des-idees-2023\/\" \/>\n<meta property=\"og:locale\" content=\"fr_FR\" \/>\n<meta property=\"og:type\" content=\"article\" \/>\n<meta property=\"og:title\" content=\"archive interview boutique des id\u00e9es 2023 - Aliso R\u00e9seau\" \/>\n<meta property=\"og:description\" content=\"La boutique des id\u00e9es, un tiers lieu accueillant et dynamique sur la commune de Pontarion, vient de rejoindre le r\u00e9seau. Pour mieux la faire connaitre aux adh\u00e9rents d&rsquo;ALISO, nous avons pos\u00e9 quelques questions ! 1) Pourriez-vous nous faire un petit historique de l&rsquo;association ? L&rsquo;association est n\u00e9e en novembre 2021, port\u00e9e par un collectif d&rsquo;une... En savoir plus &raquo;\" \/>\n<meta property=\"og:url\" content=\"https:\/\/aliso.fr\/reseau\/archive-interview-boutique-des-idees-2023\/\" \/>\n<meta property=\"og:site_name\" content=\"Aliso R\u00e9seau\" \/>\n<meta property=\"article:published_time\" content=\"2025-03-17T14:09:25+00:00\" \/>\n<meta property=\"article:modified_time\" content=\"2025-03-17T14:09:26+00:00\" \/>\n<meta name=\"author\" content=\"laure\" \/>\n<meta name=\"twitter:card\" content=\"summary_large_image\" \/>\n<script type=\"application\/ld+json\" class=\"yoast-schema-graph\">{\"@context\":\"https:\\\/\\\/schema.org\",\"@graph\":[{\"@type\":\"Article\",\"@id\":\"https:\\\/\\\/aliso.fr\\\/reseau\\\/archive-interview-boutique-des-idees-2023\\\/#article\",\"isPartOf\":{\"@id\":\"https:\\\/\\\/aliso.fr\\\/reseau\\\/archive-interview-boutique-des-idees-2023\\\/\"},\"author\":{\"name\":\"laure\",\"@id\":\"https:\\\/\\\/aliso.fr\\\/reseau\\\/#\\\/schema\\\/person\\\/056af145b9c52eee21a9f739489104a5\"},\"headline\":\"archive interview boutique des id\u00e9es 2023\",\"datePublished\":\"2025-03-17T14:09:25+00:00\",\"dateModified\":\"2025-03-17T14:09:26+00:00\",\"mainEntityOfPage\":{\"@id\":\"https:\\\/\\\/aliso.fr\\\/reseau\\\/archive-interview-boutique-des-idees-2023\\\/\"},\"wordCount\":215,\"publisher\":{\"@id\":\"https:\\\/\\\/aliso.fr\\\/reseau\\\/#organization\"},\"inLanguage\":\"fr-FR\"},{\"@type\":\"WebPage\",\"@id\":\"https:\\\/\\\/aliso.fr\\\/reseau\\\/archive-interview-boutique-des-idees-2023\\\/\",\"url\":\"https:\\\/\\\/aliso.fr\\\/reseau\\\/archive-interview-boutique-des-idees-2023\\\/\",\"name\":\"archive interview boutique des id\u00e9es 2023 - Aliso R\u00e9seau\",\"isPartOf\":{\"@id\":\"https:\\\/\\\/aliso.fr\\\/reseau\\\/#website\"},\"datePublished\":\"2025-03-17T14:09:25+00:00\",\"dateModified\":\"2025-03-17T14:09:26+00:00\",\"breadcrumb\":{\"@id\":\"https:\\\/\\\/aliso.fr\\\/reseau\\\/archive-interview-boutique-des-idees-2023\\\/#breadcrumb\"},\"inLanguage\":\"fr-FR\",\"potentialAction\":[{\"@type\":\"ReadAction\",\"target\":[\"https:\\\/\\\/aliso.fr\\\/reseau\\\/archive-interview-boutique-des-idees-2023\\\/\"]}]},{\"@type\":\"BreadcrumbList\",\"@id\":\"https:\\\/\\\/aliso.fr\\\/reseau\\\/archive-interview-boutique-des-idees-2023\\\/#breadcrumb\",\"itemListElement\":[{\"@type\":\"ListItem\",\"position\":1,\"name\":\"Accueil\",\"item\":\"https:\\\/\\\/aliso.fr\\\/reseau\\\/\"},{\"@type\":\"ListItem\",\"position\":2,\"name\":\"Non class\u00e9\",\"item\":\"https:\\\/\\\/aliso.fr\\\/reseau\\\/non-classe\\\/\"},{\"@type\":\"ListItem\",\"position\":3,\"name\":\"archive interview boutique des id\u00e9es 2023\"}]},{\"@type\":\"WebSite\",\"@id\":\"https:\\\/\\\/aliso.fr\\\/reseau\\\/#website\",\"url\":\"https:\\\/\\\/aliso.fr\\\/reseau\\\/\",\"name\":\"Aliso R\u00e9seau\",\"description\":\"R\u00e9seau Creusois des acteurs du lien social\",\"publisher\":{\"@id\":\"https:\\\/\\\/aliso.fr\\\/reseau\\\/#organization\"},\"potentialAction\":[{\"@type\":\"SearchAction\",\"target\":{\"@type\":\"EntryPoint\",\"urlTemplate\":\"https:\\\/\\\/aliso.fr\\\/reseau\\\/?s={search_term_string}\"},\"query-input\":{\"@type\":\"PropertyValueSpecification\",\"valueRequired\":true,\"valueName\":\"search_term_string\"}}],\"inLanguage\":\"fr-FR\"},{\"@type\":\"Organization\",\"@id\":\"https:\\\/\\\/aliso.fr\\\/reseau\\\/#organization\",\"name\":\"Aliso R\u00e9seau\",\"url\":\"https:\\\/\\\/aliso.fr\\\/reseau\\\/\",\"logo\":{\"@type\":\"ImageObject\",\"inLanguage\":\"fr-FR\",\"@id\":\"https:\\\/\\\/aliso.fr\\\/reseau\\\/#\\\/schema\\\/logo\\\/image\\\/\",\"url\":\"https:\\\/\\\/aliso.fr\\\/reseau\\\/wp-content\\\/uploads\\\/sites\\\/4\\\/2022\\\/01\\\/Logo-ALISO-Reseau-2.png\",\"contentUrl\":\"https:\\\/\\\/aliso.fr\\\/reseau\\\/wp-content\\\/uploads\\\/sites\\\/4\\\/2022\\\/01\\\/Logo-ALISO-Reseau-2.png\",\"width\":900,\"height\":970,\"caption\":\"Aliso R\u00e9seau\"},\"image\":{\"@id\":\"https:\\\/\\\/aliso.fr\\\/reseau\\\/#\\\/schema\\\/logo\\\/image\\\/\"}},{\"@type\":\"Person\",\"@id\":\"https:\\\/\\\/aliso.fr\\\/reseau\\\/#\\\/schema\\\/person\\\/056af145b9c52eee21a9f739489104a5\",\"name\":\"laure\"}]}<\/script>\n<!-- \/ Yoast SEO plugin. -->","yoast_head_json":{"title":"archive interview boutique des id\u00e9es 2023 - Aliso R\u00e9seau","robots":{"index":"index","follow":"follow","max-snippet":"max-snippet:-1","max-image-preview":"max-image-preview:large","max-video-preview":"max-video-preview:-1"},"canonical":"https:\/\/aliso.fr\/reseau\/archive-interview-boutique-des-idees-2023\/","og_locale":"fr_FR","og_type":"article","og_title":"archive interview boutique des id\u00e9es 2023 - Aliso R\u00e9seau","og_description":"La boutique des id\u00e9es, un tiers lieu accueillant et dynamique sur la commune de Pontarion, vient de rejoindre le r\u00e9seau. Pour mieux la faire connaitre aux adh\u00e9rents d&rsquo;ALISO, nous avons pos\u00e9 quelques questions ! 1) Pourriez-vous nous faire un petit historique de l&rsquo;association ? L&rsquo;association est n\u00e9e en novembre 2021, port\u00e9e par un collectif d&rsquo;une... En savoir plus &raquo;","og_url":"https:\/\/aliso.fr\/reseau\/archive-interview-boutique-des-idees-2023\/","og_site_name":"Aliso R\u00e9seau","article_published_time":"2025-03-17T14:09:25+00:00","article_modified_time":"2025-03-17T14:09:26+00:00","author":"laure","twitter_card":"summary_large_image","schema":{"@context":"https:\/\/schema.org","@graph":[{"@type":"Article","@id":"https:\/\/aliso.fr\/reseau\/archive-interview-boutique-des-idees-2023\/#article","isPartOf":{"@id":"https:\/\/aliso.fr\/reseau\/archive-interview-boutique-des-idees-2023\/"},"author":{"name":"laure","@id":"https:\/\/aliso.fr\/reseau\/#\/schema\/person\/056af145b9c52eee21a9f739489104a5"},"headline":"archive interview boutique des id\u00e9es 2023","datePublished":"2025-03-17T14:09:25+00:00","dateModified":"2025-03-17T14:09:26+00:00","mainEntityOfPage":{"@id":"https:\/\/aliso.fr\/reseau\/archive-interview-boutique-des-idees-2023\/"},"wordCount":215,"publisher":{"@id":"https:\/\/aliso.fr\/reseau\/#organization"},"inLanguage":"fr-FR"},{"@type":"WebPage","@id":"https:\/\/aliso.fr\/reseau\/archive-interview-boutique-des-idees-2023\/","url":"https:\/\/aliso.fr\/reseau\/archive-interview-boutique-des-idees-2023\/","name":"archive interview boutique des id\u00e9es 2023 - Aliso R\u00e9seau","isPartOf":{"@id":"https:\/\/aliso.fr\/reseau\/#website"},"datePublished":"2025-03-17T14:09:25+00:00","dateModified":"2025-03-17T14:09:26+00:00","breadcrumb":{"@id":"https:\/\/aliso.fr\/reseau\/archive-interview-boutique-des-idees-2023\/#breadcrumb"},"inLanguage":"fr-FR","potentialAction":[{"@type":"ReadAction","target":["https:\/\/aliso.fr\/reseau\/archive-interview-boutique-des-idees-2023\/"]}]},{"@type":"BreadcrumbList","@id":"https:\/\/aliso.fr\/reseau\/archive-interview-boutique-des-idees-2023\/#breadcrumb","itemListElement":[{"@type":"ListItem","position":1,"name":"Accueil","item":"https:\/\/aliso.fr\/reseau\/"},{"@type":"ListItem","position":2,"name":"Non class\u00e9","item":"https:\/\/aliso.fr\/reseau\/non-classe\/"},{"@type":"ListItem","position":3,"name":"archive interview boutique des id\u00e9es 2023"}]},{"@type":"WebSite","@id":"https:\/\/aliso.fr\/reseau\/#website","url":"https:\/\/aliso.fr\/reseau\/","name":"Aliso R\u00e9seau","description":"R\u00e9seau Creusois des acteurs du lien social","publisher":{"@id":"https:\/\/aliso.fr\/reseau\/#organization"},"potentialAction":[{"@type":"SearchAction","target":{"@type":"EntryPoint","urlTemplate":"https:\/\/aliso.fr\/reseau\/?s={search_term_string}"},"query-input":{"@type":"PropertyValueSpecification","valueRequired":true,"valueName":"search_term_string"}}],"inLanguage":"fr-FR"},{"@type":"Organization","@id":"https:\/\/aliso.fr\/reseau\/#organization","name":"Aliso R\u00e9seau","url":"https:\/\/aliso.fr\/reseau\/","logo":{"@type":"ImageObject","inLanguage":"fr-FR","@id":"https:\/\/aliso.fr\/reseau\/#\/schema\/logo\/image\/","url":"https:\/\/aliso.fr\/reseau\/wp-content\/uploads\/sites\/4\/2022\/01\/Logo-ALISO-Reseau-2.png","contentUrl":"https:\/\/aliso.fr\/reseau\/wp-content\/uploads\/sites\/4\/2022\/01\/Logo-ALISO-Reseau-2.png","width":900,"height":970,"caption":"Aliso R\u00e9seau"},"image":{"@id":"https:\/\/aliso.fr\/reseau\/#\/schema\/logo\/image\/"}},{"@type":"Person","@id":"https:\/\/aliso.fr\/reseau\/#\/schema\/person\/056af145b9c52eee21a9f739489104a5","name":"laure"}]}},"_links":{"self":[{"href":"https:\/\/aliso.fr\/reseau\/wp-json\/wp\/v2\/posts\/2906","targetHints":{"allow":["GET"]}}],"collection":[{"href":"https:\/\/aliso.fr\/reseau\/wp-json\/wp\/v2\/posts"}],"about":[{"href":"https:\/\/aliso.fr\/reseau\/wp-json\/wp\/v2\/types\/post"}],"author":[{"embeddable":true,"href":"https:\/\/aliso.fr\/reseau\/wp-json\/wp\/v2\/users\/3"}],"replies":[{"embeddable":true,"href":"https:\/\/aliso.fr\/reseau\/wp-json\/wp\/v2\/comments?post=2906"}],"version-history":[{"count":1,"href":"https:\/\/aliso.fr\/reseau\/wp-json\/wp\/v2\/posts\/2906\/revisions"}],"predecessor-version":[{"id":2907,"href":"https:\/\/aliso.fr\/reseau\/wp-json\/wp\/v2\/posts\/2906\/revisions\/2907"}],"wp:attachment":[{"href":"https:\/\/aliso.fr\/reseau\/wp-json\/wp\/v2\/media?parent=2906"}],"wp:term":[{"taxonomy":"category","embeddable":true,"href":"https:\/\/aliso.fr\/reseau\/wp-json\/wp\/v2\/categories?post=2906"},{"taxonomy":"post_tag","embeddable":true,"href":"https:\/\/aliso.fr\/reseau\/wp-json\/wp\/v2\/tags?post=2906"}],"curies":[{"name":"wp","href":"https:\/\/api.w.org\/{rel}","templated":true}]}}