{"id":2971,"date":"2025-04-25T12:15:13","date_gmt":"2025-04-25T10:15:13","guid":{"rendered":"https:\/\/aliso.fr\/reseau\/?p=2971"},"modified":"2025-04-25T16:17:16","modified_gmt":"2025-04-25T14:17:16","slug":"formation-pro-animation-jeps-reforme-dates-de-sessions-financement","status":"publish","type":"post","link":"https:\/\/aliso.fr\/reseau\/formation-pro-animation-jeps-reforme-dates-de-sessions-financement\/","title":{"rendered":"FORMATION PRO &#8211; ANIMATION JEPS : r\u00e9forme, dates de sessions, financement"},"content":{"rendered":"\n<p>Les CEMEA Nouvelle-Aquitaine vous proposent une r\u00e9union d&rsquo;information sur la r\u00e9forme des dipl\u00f4mes de la fili\u00e8re JEPS (CPJEPS, BPJEPS, DEJEPS, DESJEPS).&nbsp;<\/p>\n\n\n<div class=\"wp-block-image\">\n<figure class=\"aligncenter size-full\"><img loading=\"lazy\" decoding=\"async\" width=\"299\" height=\"169\" src=\"https:\/\/aliso.fr\/reseau\/wp-content\/uploads\/sites\/4\/2025\/04\/logo-cemea.png\" alt=\"\" class=\"wp-image-2973\" \/><\/figure>\n<\/div>\n\n\n<p><strong>Le&nbsp;mardi 20 mai 2025&nbsp;de 14h \u00e0 17h<\/strong>&nbsp;en visio conf\u00e9rence :&nbsp;<\/p>\n\n\n\n<p><a href=\"https:\/\/us02web.zoom.us\/j\/84153023081?pwd=ZSf131wmmPKcrkwKP3wX5XR4sRQPCB.1\">https:\/\/us02web.zoom.us\/j\/84153023081?pwd=ZSf131wmmPKcrkwKP3wX5XR4sRQPCB.1<\/a><\/p>\n\n\n\n<p>ID de r\u00e9union: 841 5302 3081<\/p>\n\n\n\n<p>Code secret: 748633<\/p>\n\n\n\n<p><strong>Ce temps sera consacr\u00e9 :<\/strong><\/p>\n\n\n\n<p>&#8211; A la pr\u00e9sentation et la compr\u00e9hension de la r\u00e9forme et de la r\u00e9novation des dipl\u00f4mes JEPS,&nbsp;<\/p>\n\n\n\n<p>&#8211; A la mise en place de la r\u00e9forme au sein de l&rsquo;ensemble des formations des CEMEA Nouvelle-Aquitaine avec :<\/p>\n\n\n\n<p>&#8211; la pr\u00e9sentation des ouvertures de formation de l&rsquo;ann\u00e9e 2025 par les CEMEA N-A<\/p>\n\n\n\n<p>&#8211; et pour finir un temps de questions\/r\u00e9ponses.<\/p>\n\n\n\n<p><strong>Ouverture de nouvelles formations professionnelle \u00e0 l&rsquo;Animation :&nbsp;<\/strong><\/p>\n\n\n\n<p>Les CEMEA N.A vous informent des prochaines ouvertures de formations professionnelle en Limousin. Plus d&rsquo;information sur leur catalogue en ligne :<br> <a href=\"https:\/\/cloud.cemea.org\/index.php\/s\/xaRGQe3mgA5SWX7\" target=\"_blank\" rel=\"noreferrer noopener\">https:\/\/cloud.cemea.org\/index.php\/s\/xaRGQe3mgA5SWX7<\/a>\u00a0\u00a0 <br>ou sur <a href=\"https:\/\/cemea-formation.com\/\" target=\"_blank\" rel=\"noreferrer noopener\">https:\/\/cemea-formation.com\/<\/a><\/p>\n\n\n\n<ol class=\"wp-block-list\">\n<li>DEJEPS &#8211; Coordination de Projets du 10 d\u00e9cembre 2025 au 18 juin 2027 \u00e0 Limoges<\/li>\n<\/ol>\n\n\n\n<p>D\u00e9p\u00f4t des dossiers de candidature :au plus tard<strong> le 20\/10\/2025<\/strong><\/p>\n\n\n\n<p>Entretiens de recrutement : <strong>le 04\/11\/2025<\/strong><\/p>\n\n\n\n<p>2. BPJEPS Animation Socio-\u00e9ducative et Culturelle du 6 octobre 2025 au 18 d\u00e9cembre 2026 \u00e0 Limoges<\/p>\n\n\n\n<p>D\u00e9p\u00f4t des dossiers de candidature :&nbsp;au plus tard le 29\/08\/2025<br>Entretiens de recrutement : 05\/09\/2025<\/p>\n\n\n\n<p>3. BPJEPS Animation socio-\u00e9ducative et culturelle du du 3 novembre 2025 au 14 d\u00e9cembre 2026 \u00e0 Brive-La-Gaillarde<\/p>\n\n\n\n<p>D\u00e9p\u00f4t des dossiers de candidature :&nbsp;au plus tard le 29\/09\/2025<br>Entretiens de recrutement : le 07\/10\/2025<\/p>\n\n\n\n<p>4. CPJEPS &#8211; Animateur d\u2019Activit\u00e9s et de Vie Quotidienne dans toute structure de loisirs et d\u2019animation socioculturelle du 13 octobre 2025 au 3 juillet 2026 \u00e0 Gu\u00e9ret<\/p>\n\n\n\n<p>D\u00e9p\u00f4t des dossiers de candidature :&nbsp;au plus tard le 15\/09\/2025<br>Entretiens de recrutement : le 19\/09\/2025<\/p>\n\n\n\n<p><strong>Pour financer ou accueillir une entr\u00e9e en formation :<\/strong><\/p>\n\n\n\n<p>L&rsquo;\u00e9quipe des CEMEA Nouvelle-Aquitaine est \u00e0 votre disposition pour \u00e9changer sur les moyens permettant de financer ou accueillir une personne en formation.<\/p>\n\n\n\n<p><em>&#8211; Via le plan de formation de la R\u00e9gion<\/em>&nbsp;:&nbsp;Prise en charge des frais de formation (co\u00fbts p\u00e9dagogiques) et indemnit\u00e9 de la r\u00e9gion, si le ou la stagiaire n&rsquo;a pas d&rsquo;ARE, pour les demandeur.euses d&#8217;emploi ou inscrit \u00e0 la mission local. C&rsquo;est \u00e0 France Travail ou \u00e0 une mission locale de prescrire vers la formation. La demande aupr\u00e8s de la R\u00e9gion a \u00e9t\u00e9 faites et est en cours de traitement.<\/p>\n\n\n\n<p>&#8211; en Apprentissage via <strong>GEMALIS <em>( voire plaquette ci-jointe)<\/em><\/strong> , ou directement vos propres moyens. quelques ressources :<\/p>\n\n\n\n<ul class=\"wp-block-list\">\n<li>C\u00f4t\u00e9 apprentis et r\u00e9mun\u00e9ration : <a href=\"https:\/\/www.ifir.fr\/cote-apprentis\/remuneration-apprentissage\/\" target=\"_blank\" rel=\"noreferrer noopener\">https:\/\/www.ifir.fr\/cote-apprentis\/remuneration-apprentissage\/<\/a><\/li>\n\n\n\n<li>C\u00f4t\u00e9 employeur : <a href=\"https:\/\/www.ifir.fr\/cote-employeurs\/apprenti-combien-ca-coute\/\" target=\"_blank\" rel=\"noreferrer noopener\">https:\/\/www.ifir.fr\/cote-employeurs\/apprenti-combien-ca-coute\/<\/a><\/li>\n\n\n\n<li>Lien vers le simulateur de l&rsquo;OPCO UNIFORMATION : <a href=\"https:\/\/www.uniformation.fr\/entreprise\/recrutement-en-alternance\/simulateur-de-contrat-alternance\" target=\"_blank\" rel=\"noreferrer noopener\">https:\/\/www.uniformation.fr\/entreprise\/recrutement-en-alternance\/simulateur-de-contrat-alternance<\/a><\/li>\n<\/ul>\n\n\n\n<p><em>&#8211; Prise en charge de l&rsquo;un de vos salari\u00e9.es via votre OPCO ou le CNFPT ( demande \u00e0 faire le plus t\u00f4t possible)<\/em><em><\/em><\/p>\n\n\n\n<p>&#8230; pour toutes demande d&rsquo;informations suppl\u00e9mentaires, contactez :<\/p>\n\n\n\n<p>JEANNE-ROSE Evanne<br>Coordinateur BPJEPS LTP,<br>CEMEA Nouvelle Aquitaine, Antenne de Limoges<br>06.02.35.75.09<\/p>\n","protected":false},"excerpt":{"rendered":"<p>Les CEMEA Nouvelle-Aquitaine vous proposent une r\u00e9union d&rsquo;information sur la r\u00e9forme des dipl\u00f4mes de la fili\u00e8re JEPS (CPJEPS, BPJEPS, DEJEPS, DESJEPS).&nbsp; Le&nbsp;mardi 20 mai 2025&nbsp;de 14h \u00e0 17h&nbsp;en visio conf\u00e9rence :&nbsp; https:\/\/us02web.zoom.us\/j\/84153023081?pwd=ZSf131wmmPKcrkwKP3wX5XR4sRQPCB.1 ID de r\u00e9union: 841 5302 3081 Code secret: 748633 Ce temps sera consacr\u00e9 : &#8211; A la pr\u00e9sentation et la compr\u00e9hension de la&#8230; <a class=\"excerpt-read-more button\" href=\"https:\/\/aliso.fr\/reseau\/formation-pro-animation-jeps-reforme-dates-de-sessions-financement\/\" title=\"ReadFORMATION PRO &#8211; ANIMATION JEPS : r\u00e9forme, dates de sessions, financement\">En savoir plus &raquo;<\/a><\/p>\n","protected":false},"author":3,"featured_media":2972,"comment_status":"closed","ping_status":"open","sticky":false,"template":"","format":"standard","meta":{"footnotes":""},"categories":[3],"tags":[],"class_list":["post-2971","post","type-post","status-publish","format-standard","has-post-thumbnail","hentry","category-actualite"],"yoast_head":"<!-- This site is optimized with the Yoast SEO plugin v27.5 - https:\/\/yoast.com\/product\/yoast-seo-wordpress\/ -->\n<title>FORMATION PRO - ANIMATION JEPS : r\u00e9forme, dates de sessions, financement - Aliso R\u00e9seau<\/title>\n<meta name=\"robots\" content=\"index, follow, max-snippet:-1, max-image-preview:large, max-video-preview:-1\" \/>\n<link rel=\"canonical\" href=\"https:\/\/aliso.fr\/reseau\/formation-pro-animation-jeps-reforme-dates-de-sessions-financement\/\" \/>\n<meta property=\"og:locale\" content=\"fr_FR\" \/>\n<meta property=\"og:type\" content=\"article\" \/>\n<meta property=\"og:title\" content=\"FORMATION PRO - ANIMATION JEPS : r\u00e9forme, dates de sessions, financement - Aliso R\u00e9seau\" \/>\n<meta property=\"og:description\" content=\"Les CEMEA Nouvelle-Aquitaine vous proposent une r\u00e9union d&rsquo;information sur la r\u00e9forme des dipl\u00f4mes de la fili\u00e8re JEPS (CPJEPS, BPJEPS, DEJEPS, DESJEPS).&nbsp; Le&nbsp;mardi 20 mai 2025&nbsp;de 14h \u00e0 17h&nbsp;en visio conf\u00e9rence :&nbsp; https:\/\/us02web.zoom.us\/j\/84153023081?pwd=ZSf131wmmPKcrkwKP3wX5XR4sRQPCB.1 ID de r\u00e9union: 841 5302 3081 Code secret: 748633 Ce temps sera consacr\u00e9 : &#8211; A la pr\u00e9sentation et la compr\u00e9hension de la... En savoir plus &raquo;\" \/>\n<meta property=\"og:url\" content=\"https:\/\/aliso.fr\/reseau\/formation-pro-animation-jeps-reforme-dates-de-sessions-financement\/\" \/>\n<meta property=\"og:site_name\" content=\"Aliso R\u00e9seau\" \/>\n<meta property=\"article:published_time\" content=\"2025-04-25T10:15:13+00:00\" \/>\n<meta property=\"article:modified_time\" content=\"2025-04-25T14:17:16+00:00\" \/>\n<meta property=\"og:image\" content=\"https:\/\/aliso.fr\/reseau\/wp-content\/uploads\/sites\/4\/2025\/04\/graduation-4502796_1280.jpg\" \/>\n\t<meta property=\"og:image:width\" content=\"1280\" \/>\n\t<meta property=\"og:image:height\" content=\"853\" \/>\n\t<meta property=\"og:image:type\" content=\"image\/jpeg\" \/>\n<meta name=\"author\" content=\"laure\" \/>\n<meta name=\"twitter:card\" content=\"summary_large_image\" \/>\n<script type=\"application\/ld+json\" class=\"yoast-schema-graph\">{\"@context\":\"https:\\\/\\\/schema.org\",\"@graph\":[{\"@type\":\"Article\",\"@id\":\"https:\\\/\\\/aliso.fr\\\/reseau\\\/formation-pro-animation-jeps-reforme-dates-de-sessions-financement\\\/#article\",\"isPartOf\":{\"@id\":\"https:\\\/\\\/aliso.fr\\\/reseau\\\/formation-pro-animation-jeps-reforme-dates-de-sessions-financement\\\/\"},\"author\":{\"name\":\"laure\",\"@id\":\"https:\\\/\\\/aliso.fr\\\/reseau\\\/#\\\/schema\\\/person\\\/056af145b9c52eee21a9f739489104a5\"},\"headline\":\"FORMATION PRO &#8211; ANIMATION JEPS : r\u00e9forme, dates de sessions, financement\",\"datePublished\":\"2025-04-25T10:15:13+00:00\",\"dateModified\":\"2025-04-25T14:17:16+00:00\",\"mainEntityOfPage\":{\"@id\":\"https:\\\/\\\/aliso.fr\\\/reseau\\\/formation-pro-animation-jeps-reforme-dates-de-sessions-financement\\\/\"},\"wordCount\":517,\"publisher\":{\"@id\":\"https:\\\/\\\/aliso.fr\\\/reseau\\\/#organization\"},\"image\":{\"@id\":\"https:\\\/\\\/aliso.fr\\\/reseau\\\/formation-pro-animation-jeps-reforme-dates-de-sessions-financement\\\/#primaryimage\"},\"thumbnailUrl\":\"https:\\\/\\\/aliso.fr\\\/reseau\\\/wp-content\\\/uploads\\\/sites\\\/4\\\/2025\\\/04\\\/graduation-4502796_1280.jpg\",\"articleSection\":[\"Actualit\u00e9\"],\"inLanguage\":\"fr-FR\"},{\"@type\":\"WebPage\",\"@id\":\"https:\\\/\\\/aliso.fr\\\/reseau\\\/formation-pro-animation-jeps-reforme-dates-de-sessions-financement\\\/\",\"url\":\"https:\\\/\\\/aliso.fr\\\/reseau\\\/formation-pro-animation-jeps-reforme-dates-de-sessions-financement\\\/\",\"name\":\"FORMATION PRO - ANIMATION JEPS : r\u00e9forme, dates de sessions, financement - Aliso R\u00e9seau\",\"isPartOf\":{\"@id\":\"https:\\\/\\\/aliso.fr\\\/reseau\\\/#website\"},\"primaryImageOfPage\":{\"@id\":\"https:\\\/\\\/aliso.fr\\\/reseau\\\/formation-pro-animation-jeps-reforme-dates-de-sessions-financement\\\/#primaryimage\"},\"image\":{\"@id\":\"https:\\\/\\\/aliso.fr\\\/reseau\\\/formation-pro-animation-jeps-reforme-dates-de-sessions-financement\\\/#primaryimage\"},\"thumbnailUrl\":\"https:\\\/\\\/aliso.fr\\\/reseau\\\/wp-content\\\/uploads\\\/sites\\\/4\\\/2025\\\/04\\\/graduation-4502796_1280.jpg\",\"datePublished\":\"2025-04-25T10:15:13+00:00\",\"dateModified\":\"2025-04-25T14:17:16+00:00\",\"breadcrumb\":{\"@id\":\"https:\\\/\\\/aliso.fr\\\/reseau\\\/formation-pro-animation-jeps-reforme-dates-de-sessions-financement\\\/#breadcrumb\"},\"inLanguage\":\"fr-FR\",\"potentialAction\":[{\"@type\":\"ReadAction\",\"target\":[\"https:\\\/\\\/aliso.fr\\\/reseau\\\/formation-pro-animation-jeps-reforme-dates-de-sessions-financement\\\/\"]}]},{\"@type\":\"ImageObject\",\"inLanguage\":\"fr-FR\",\"@id\":\"https:\\\/\\\/aliso.fr\\\/reseau\\\/formation-pro-animation-jeps-reforme-dates-de-sessions-financement\\\/#primaryimage\",\"url\":\"https:\\\/\\\/aliso.fr\\\/reseau\\\/wp-content\\\/uploads\\\/sites\\\/4\\\/2025\\\/04\\\/graduation-4502796_1280.jpg\",\"contentUrl\":\"https:\\\/\\\/aliso.fr\\\/reseau\\\/wp-content\\\/uploads\\\/sites\\\/4\\\/2025\\\/04\\\/graduation-4502796_1280.jpg\",\"width\":1280,\"height\":853},{\"@type\":\"BreadcrumbList\",\"@id\":\"https:\\\/\\\/aliso.fr\\\/reseau\\\/formation-pro-animation-jeps-reforme-dates-de-sessions-financement\\\/#breadcrumb\",\"itemListElement\":[{\"@type\":\"ListItem\",\"position\":1,\"name\":\"Accueil\",\"item\":\"https:\\\/\\\/aliso.fr\\\/reseau\\\/\"},{\"@type\":\"ListItem\",\"position\":2,\"name\":\"Actualit\u00e9\",\"item\":\"https:\\\/\\\/aliso.fr\\\/reseau\\\/actualite\\\/\"},{\"@type\":\"ListItem\",\"position\":3,\"name\":\"FORMATION PRO &#8211; ANIMATION JEPS : r\u00e9forme, dates de sessions, financement\"}]},{\"@type\":\"WebSite\",\"@id\":\"https:\\\/\\\/aliso.fr\\\/reseau\\\/#website\",\"url\":\"https:\\\/\\\/aliso.fr\\\/reseau\\\/\",\"name\":\"Aliso R\u00e9seau\",\"description\":\"R\u00e9seau Creusois des acteurs du lien social\",\"publisher\":{\"@id\":\"https:\\\/\\\/aliso.fr\\\/reseau\\\/#organization\"},\"potentialAction\":[{\"@type\":\"SearchAction\",\"target\":{\"@type\":\"EntryPoint\",\"urlTemplate\":\"https:\\\/\\\/aliso.fr\\\/reseau\\\/?s={search_term_string}\"},\"query-input\":{\"@type\":\"PropertyValueSpecification\",\"valueRequired\":true,\"valueName\":\"search_term_string\"}}],\"inLanguage\":\"fr-FR\"},{\"@type\":\"Organization\",\"@id\":\"https:\\\/\\\/aliso.fr\\\/reseau\\\/#organization\",\"name\":\"Aliso R\u00e9seau\",\"url\":\"https:\\\/\\\/aliso.fr\\\/reseau\\\/\",\"logo\":{\"@type\":\"ImageObject\",\"inLanguage\":\"fr-FR\",\"@id\":\"https:\\\/\\\/aliso.fr\\\/reseau\\\/#\\\/schema\\\/logo\\\/image\\\/\",\"url\":\"https:\\\/\\\/aliso.fr\\\/reseau\\\/wp-content\\\/uploads\\\/sites\\\/4\\\/2022\\\/01\\\/Logo-ALISO-Reseau-2.png\",\"contentUrl\":\"https:\\\/\\\/aliso.fr\\\/reseau\\\/wp-content\\\/uploads\\\/sites\\\/4\\\/2022\\\/01\\\/Logo-ALISO-Reseau-2.png\",\"width\":900,\"height\":970,\"caption\":\"Aliso R\u00e9seau\"},\"image\":{\"@id\":\"https:\\\/\\\/aliso.fr\\\/reseau\\\/#\\\/schema\\\/logo\\\/image\\\/\"}},{\"@type\":\"Person\",\"@id\":\"https:\\\/\\\/aliso.fr\\\/reseau\\\/#\\\/schema\\\/person\\\/056af145b9c52eee21a9f739489104a5\",\"name\":\"laure\"}]}<\/script>\n<!-- \/ Yoast SEO plugin. -->","yoast_head_json":{"title":"FORMATION PRO - ANIMATION JEPS : r\u00e9forme, dates de sessions, financement - Aliso R\u00e9seau","robots":{"index":"index","follow":"follow","max-snippet":"max-snippet:-1","max-image-preview":"max-image-preview:large","max-video-preview":"max-video-preview:-1"},"canonical":"https:\/\/aliso.fr\/reseau\/formation-pro-animation-jeps-reforme-dates-de-sessions-financement\/","og_locale":"fr_FR","og_type":"article","og_title":"FORMATION PRO - ANIMATION JEPS : r\u00e9forme, dates de sessions, financement - Aliso R\u00e9seau","og_description":"Les CEMEA Nouvelle-Aquitaine vous proposent une r\u00e9union d&rsquo;information sur la r\u00e9forme des dipl\u00f4mes de la fili\u00e8re JEPS (CPJEPS, BPJEPS, DEJEPS, DESJEPS).&nbsp; Le&nbsp;mardi 20 mai 2025&nbsp;de 14h \u00e0 17h&nbsp;en visio conf\u00e9rence :&nbsp; https:\/\/us02web.zoom.us\/j\/84153023081?pwd=ZSf131wmmPKcrkwKP3wX5XR4sRQPCB.1 ID de r\u00e9union: 841 5302 3081 Code secret: 748633 Ce temps sera consacr\u00e9 : &#8211; A la pr\u00e9sentation et la compr\u00e9hension de la... En savoir plus &raquo;","og_url":"https:\/\/aliso.fr\/reseau\/formation-pro-animation-jeps-reforme-dates-de-sessions-financement\/","og_site_name":"Aliso R\u00e9seau","article_published_time":"2025-04-25T10:15:13+00:00","article_modified_time":"2025-04-25T14:17:16+00:00","og_image":[{"width":1280,"height":853,"url":"https:\/\/aliso.fr\/reseau\/wp-content\/uploads\/sites\/4\/2025\/04\/graduation-4502796_1280.jpg","type":"image\/jpeg"}],"author":"laure","twitter_card":"summary_large_image","schema":{"@context":"https:\/\/schema.org","@graph":[{"@type":"Article","@id":"https:\/\/aliso.fr\/reseau\/formation-pro-animation-jeps-reforme-dates-de-sessions-financement\/#article","isPartOf":{"@id":"https:\/\/aliso.fr\/reseau\/formation-pro-animation-jeps-reforme-dates-de-sessions-financement\/"},"author":{"name":"laure","@id":"https:\/\/aliso.fr\/reseau\/#\/schema\/person\/056af145b9c52eee21a9f739489104a5"},"headline":"FORMATION PRO &#8211; ANIMATION JEPS : r\u00e9forme, dates de sessions, financement","datePublished":"2025-04-25T10:15:13+00:00","dateModified":"2025-04-25T14:17:16+00:00","mainEntityOfPage":{"@id":"https:\/\/aliso.fr\/reseau\/formation-pro-animation-jeps-reforme-dates-de-sessions-financement\/"},"wordCount":517,"publisher":{"@id":"https:\/\/aliso.fr\/reseau\/#organization"},"image":{"@id":"https:\/\/aliso.fr\/reseau\/formation-pro-animation-jeps-reforme-dates-de-sessions-financement\/#primaryimage"},"thumbnailUrl":"https:\/\/aliso.fr\/reseau\/wp-content\/uploads\/sites\/4\/2025\/04\/graduation-4502796_1280.jpg","articleSection":["Actualit\u00e9"],"inLanguage":"fr-FR"},{"@type":"WebPage","@id":"https:\/\/aliso.fr\/reseau\/formation-pro-animation-jeps-reforme-dates-de-sessions-financement\/","url":"https:\/\/aliso.fr\/reseau\/formation-pro-animation-jeps-reforme-dates-de-sessions-financement\/","name":"FORMATION PRO - ANIMATION JEPS : r\u00e9forme, dates de sessions, financement - Aliso R\u00e9seau","isPartOf":{"@id":"https:\/\/aliso.fr\/reseau\/#website"},"primaryImageOfPage":{"@id":"https:\/\/aliso.fr\/reseau\/formation-pro-animation-jeps-reforme-dates-de-sessions-financement\/#primaryimage"},"image":{"@id":"https:\/\/aliso.fr\/reseau\/formation-pro-animation-jeps-reforme-dates-de-sessions-financement\/#primaryimage"},"thumbnailUrl":"https:\/\/aliso.fr\/reseau\/wp-content\/uploads\/sites\/4\/2025\/04\/graduation-4502796_1280.jpg","datePublished":"2025-04-25T10:15:13+00:00","dateModified":"2025-04-25T14:17:16+00:00","breadcrumb":{"@id":"https:\/\/aliso.fr\/reseau\/formation-pro-animation-jeps-reforme-dates-de-sessions-financement\/#breadcrumb"},"inLanguage":"fr-FR","potentialAction":[{"@type":"ReadAction","target":["https:\/\/aliso.fr\/reseau\/formation-pro-animation-jeps-reforme-dates-de-sessions-financement\/"]}]},{"@type":"ImageObject","inLanguage":"fr-FR","@id":"https:\/\/aliso.fr\/reseau\/formation-pro-animation-jeps-reforme-dates-de-sessions-financement\/#primaryimage","url":"https:\/\/aliso.fr\/reseau\/wp-content\/uploads\/sites\/4\/2025\/04\/graduation-4502796_1280.jpg","contentUrl":"https:\/\/aliso.fr\/reseau\/wp-content\/uploads\/sites\/4\/2025\/04\/graduation-4502796_1280.jpg","width":1280,"height":853},{"@type":"BreadcrumbList","@id":"https:\/\/aliso.fr\/reseau\/formation-pro-animation-jeps-reforme-dates-de-sessions-financement\/#breadcrumb","itemListElement":[{"@type":"ListItem","position":1,"name":"Accueil","item":"https:\/\/aliso.fr\/reseau\/"},{"@type":"ListItem","position":2,"name":"Actualit\u00e9","item":"https:\/\/aliso.fr\/reseau\/actualite\/"},{"@type":"ListItem","position":3,"name":"FORMATION PRO &#8211; ANIMATION JEPS : r\u00e9forme, dates de sessions, financement"}]},{"@type":"WebSite","@id":"https:\/\/aliso.fr\/reseau\/#website","url":"https:\/\/aliso.fr\/reseau\/","name":"Aliso R\u00e9seau","description":"R\u00e9seau Creusois des acteurs du lien social","publisher":{"@id":"https:\/\/aliso.fr\/reseau\/#organization"},"potentialAction":[{"@type":"SearchAction","target":{"@type":"EntryPoint","urlTemplate":"https:\/\/aliso.fr\/reseau\/?s={search_term_string}"},"query-input":{"@type":"PropertyValueSpecification","valueRequired":true,"valueName":"search_term_string"}}],"inLanguage":"fr-FR"},{"@type":"Organization","@id":"https:\/\/aliso.fr\/reseau\/#organization","name":"Aliso R\u00e9seau","url":"https:\/\/aliso.fr\/reseau\/","logo":{"@type":"ImageObject","inLanguage":"fr-FR","@id":"https:\/\/aliso.fr\/reseau\/#\/schema\/logo\/image\/","url":"https:\/\/aliso.fr\/reseau\/wp-content\/uploads\/sites\/4\/2022\/01\/Logo-ALISO-Reseau-2.png","contentUrl":"https:\/\/aliso.fr\/reseau\/wp-content\/uploads\/sites\/4\/2022\/01\/Logo-ALISO-Reseau-2.png","width":900,"height":970,"caption":"Aliso R\u00e9seau"},"image":{"@id":"https:\/\/aliso.fr\/reseau\/#\/schema\/logo\/image\/"}},{"@type":"Person","@id":"https:\/\/aliso.fr\/reseau\/#\/schema\/person\/056af145b9c52eee21a9f739489104a5","name":"laure"}]}},"_links":{"self":[{"href":"https:\/\/aliso.fr\/reseau\/wp-json\/wp\/v2\/posts\/2971","targetHints":{"allow":["GET"]}}],"collection":[{"href":"https:\/\/aliso.fr\/reseau\/wp-json\/wp\/v2\/posts"}],"about":[{"href":"https:\/\/aliso.fr\/reseau\/wp-json\/wp\/v2\/types\/post"}],"author":[{"embeddable":true,"href":"https:\/\/aliso.fr\/reseau\/wp-json\/wp\/v2\/users\/3"}],"replies":[{"embeddable":true,"href":"https:\/\/aliso.fr\/reseau\/wp-json\/wp\/v2\/comments?post=2971"}],"version-history":[{"count":2,"href":"https:\/\/aliso.fr\/reseau\/wp-json\/wp\/v2\/posts\/2971\/revisions"}],"predecessor-version":[{"id":2976,"href":"https:\/\/aliso.fr\/reseau\/wp-json\/wp\/v2\/posts\/2971\/revisions\/2976"}],"wp:featuredmedia":[{"embeddable":true,"href":"https:\/\/aliso.fr\/reseau\/wp-json\/wp\/v2\/media\/2972"}],"wp:attachment":[{"href":"https:\/\/aliso.fr\/reseau\/wp-json\/wp\/v2\/media?parent=2971"}],"wp:term":[{"taxonomy":"category","embeddable":true,"href":"https:\/\/aliso.fr\/reseau\/wp-json\/wp\/v2\/categories?post=2971"},{"taxonomy":"post_tag","embeddable":true,"href":"https:\/\/aliso.fr\/reseau\/wp-json\/wp\/v2\/tags?post=2971"}],"curies":[{"name":"wp","href":"https:\/\/api.w.org\/{rel}","templated":true}]}}