{"id":2980,"date":"2025-05-26T12:38:39","date_gmt":"2025-05-26T10:38:39","guid":{"rendered":"https:\/\/aliso.fr\/reseau\/?p=2980"},"modified":"2025-06-04T11:52:28","modified_gmt":"2025-06-04T09:52:28","slug":"programme-dalisopop","status":"publish","type":"post","link":"https:\/\/aliso.fr\/reseau\/programme-dalisopop\/","title":{"rendered":"PROGRAMME D&rsquo;ALISO&rsquo;POP"},"content":{"rendered":"\n<p>Voil\u00e0 un peu plus d&rsquo;infos sur le d\u00e9roul\u00e9 de la journ\u00e9e&#8230;<\/p>\n\n\n\n<p><strong>Avant de t&rsquo;en dire un peu plus, on a besoin de lancer un petit appel \u00e0 t\u00e9moins ! <\/strong><br>Si tu as \u00e9t\u00e9 t\u00e9moin, acteur, spectateur, dans ta vie associative ou ton quotidien, d&rsquo;une situation que tu as trouv\u00e9e discriminante et que tu es partant.e pour en dire quelques mots, on serait tr\u00e8s int\u00e9ress\u00e9 pour que accueillir ton exp\u00e9rience par <a href=\"https:\/\/aliso.fr\/contactez-aliso\/\" target=\"_blank\" rel=\"noreferrer noopener\">t\u00e9l\u00e9phone ou par mail \u00e0 Laure<\/a>, ou directement \u00e0 Juliette (Compagnie Et T.O.C!) dont on pourra te transmettre les coordonn\u00e9es. Cela servira a nourrir la pr\u00e9paration d&rsquo;un atelier de la journ\u00e9e.<\/p>\n\n\n\n<p>Voici ci-dessous plus de d\u00e9tails sur le d\u00e9roul\u00e9, qui demande encore qqs affinages&#8230;<\/p>\n\n\n\n<figure class=\"wp-block-image size-large is-resized\"><img loading=\"lazy\" decoding=\"async\" width=\"233\" height=\"330\" src=\"https:\/\/aliso.fr\/reseau\/wp-content\/uploads\/sites\/4\/2025\/05\/Cest-ou-1-1-233x330.png\" alt=\"\" class=\"wp-image-3014\" style=\"width:562px;height:auto\" srcset=\"https:\/\/aliso.fr\/reseau\/wp-content\/uploads\/sites\/4\/2025\/05\/Cest-ou-1-1-233x330.png 233w, https:\/\/aliso.fr\/reseau\/wp-content\/uploads\/sites\/4\/2025\/05\/Cest-ou-1-1-134x190.png 134w, https:\/\/aliso.fr\/reseau\/wp-content\/uploads\/sites\/4\/2025\/05\/Cest-ou-1-1-768x1086.png 768w, https:\/\/aliso.fr\/reseau\/wp-content\/uploads\/sites\/4\/2025\/05\/Cest-ou-1-1-1086x1536.png 1086w, https:\/\/aliso.fr\/reseau\/wp-content\/uploads\/sites\/4\/2025\/05\/Cest-ou-1-1-1448x2048.png 1448w, https:\/\/aliso.fr\/reseau\/wp-content\/uploads\/sites\/4\/2025\/05\/Cest-ou-1-1-1320x1867.png 1320w, https:\/\/aliso.fr\/reseau\/wp-content\/uploads\/sites\/4\/2025\/05\/Cest-ou-1-1.png 1587w\" sizes=\"auto, (max-width: 233px) 100vw, 233px\" \/><\/figure>\n\n\n\n<figure class=\"wp-block-image size-large is-resized\"><img loading=\"lazy\" decoding=\"async\" width=\"467\" height=\"330\" src=\"https:\/\/aliso.fr\/reseau\/wp-content\/uploads\/sites\/4\/2025\/05\/plan-aliso-pop-2025-467x330.png\" alt=\"\" class=\"wp-image-3019\" style=\"width:605px;height:auto\" srcset=\"https:\/\/aliso.fr\/reseau\/wp-content\/uploads\/sites\/4\/2025\/05\/plan-aliso-pop-2025-467x330.png 467w, https:\/\/aliso.fr\/reseau\/wp-content\/uploads\/sites\/4\/2025\/05\/plan-aliso-pop-2025-269x190.png 269w, https:\/\/aliso.fr\/reseau\/wp-content\/uploads\/sites\/4\/2025\/05\/plan-aliso-pop-2025-768x543.png 768w, https:\/\/aliso.fr\/reseau\/wp-content\/uploads\/sites\/4\/2025\/05\/plan-aliso-pop-2025-1536x1086.png 1536w, https:\/\/aliso.fr\/reseau\/wp-content\/uploads\/sites\/4\/2025\/05\/plan-aliso-pop-2025-2048x1448.png 2048w, https:\/\/aliso.fr\/reseau\/wp-content\/uploads\/sites\/4\/2025\/05\/plan-aliso-pop-2025-1320x933.png 1320w\" sizes=\"auto, (max-width: 467px) 100vw, 467px\" \/><\/figure>\n","protected":false},"excerpt":{"rendered":"<p>Voil\u00e0 un peu plus d&rsquo;infos sur le d\u00e9roul\u00e9 de la journ\u00e9e&#8230; Avant de t&rsquo;en dire un peu plus, on a besoin de lancer un petit appel \u00e0 t\u00e9moins ! Si tu as \u00e9t\u00e9 t\u00e9moin, acteur, spectateur, dans ta vie associative ou ton quotidien, d&rsquo;une situation que tu as trouv\u00e9e discriminante et que tu es partant.e&#8230; <a class=\"excerpt-read-more button\" href=\"https:\/\/aliso.fr\/reseau\/programme-dalisopop\/\" title=\"ReadPROGRAMME D&rsquo;ALISO&rsquo;POP\">En savoir plus &raquo;<\/a><\/p>\n","protected":false},"author":3,"featured_media":2950,"comment_status":"closed","ping_status":"open","sticky":false,"template":"","format":"standard","meta":{"footnotes":""},"categories":[3,7],"tags":[],"class_list":["post-2980","post","type-post","status-publish","format-standard","has-post-thumbnail","hentry","category-actualite","category-nos-actions"],"yoast_head":"<!-- This site is optimized with the Yoast SEO plugin v27.4 - https:\/\/yoast.com\/product\/yoast-seo-wordpress\/ -->\n<title>PROGRAMME D&#039;ALISO&#039;POP - Aliso R\u00e9seau<\/title>\n<meta name=\"robots\" content=\"index, follow, max-snippet:-1, max-image-preview:large, max-video-preview:-1\" \/>\n<link rel=\"canonical\" href=\"https:\/\/aliso.fr\/reseau\/programme-dalisopop\/\" \/>\n<meta property=\"og:locale\" content=\"fr_FR\" \/>\n<meta property=\"og:type\" content=\"article\" \/>\n<meta property=\"og:title\" content=\"PROGRAMME D&#039;ALISO&#039;POP - Aliso R\u00e9seau\" \/>\n<meta property=\"og:description\" content=\"Voil\u00e0 un peu plus d&rsquo;infos sur le d\u00e9roul\u00e9 de la journ\u00e9e&#8230; Avant de t&rsquo;en dire un peu plus, on a besoin de lancer un petit appel \u00e0 t\u00e9moins ! Si tu as \u00e9t\u00e9 t\u00e9moin, acteur, spectateur, dans ta vie associative ou ton quotidien, d&rsquo;une situation que tu as trouv\u00e9e discriminante et que tu es partant.e... En savoir plus &raquo;\" \/>\n<meta property=\"og:url\" content=\"https:\/\/aliso.fr\/reseau\/programme-dalisopop\/\" \/>\n<meta property=\"og:site_name\" content=\"Aliso R\u00e9seau\" \/>\n<meta property=\"article:published_time\" content=\"2025-05-26T10:38:39+00:00\" \/>\n<meta property=\"article:modified_time\" content=\"2025-06-04T09:52:28+00:00\" \/>\n<meta property=\"og:image\" content=\"https:\/\/aliso.fr\/reseau\/wp-content\/uploads\/sites\/4\/2025\/02\/Copie-de-AlisoPop-4.jpg\" \/>\n\t<meta property=\"og:image:width\" content=\"1600\" \/>\n\t<meta property=\"og:image:height\" content=\"2000\" \/>\n\t<meta property=\"og:image:type\" content=\"image\/jpeg\" \/>\n<meta name=\"author\" content=\"laure\" \/>\n<meta name=\"twitter:card\" content=\"summary_large_image\" \/>\n<script type=\"application\/ld+json\" class=\"yoast-schema-graph\">{\"@context\":\"https:\\\/\\\/schema.org\",\"@graph\":[{\"@type\":\"Article\",\"@id\":\"https:\\\/\\\/aliso.fr\\\/reseau\\\/programme-dalisopop\\\/#article\",\"isPartOf\":{\"@id\":\"https:\\\/\\\/aliso.fr\\\/reseau\\\/programme-dalisopop\\\/\"},\"author\":{\"name\":\"laure\",\"@id\":\"https:\\\/\\\/aliso.fr\\\/reseau\\\/#\\\/schema\\\/person\\\/056af145b9c52eee21a9f739489104a5\"},\"headline\":\"PROGRAMME D&rsquo;ALISO&rsquo;POP\",\"datePublished\":\"2025-05-26T10:38:39+00:00\",\"dateModified\":\"2025-06-04T09:52:28+00:00\",\"mainEntityOfPage\":{\"@id\":\"https:\\\/\\\/aliso.fr\\\/reseau\\\/programme-dalisopop\\\/\"},\"wordCount\":136,\"publisher\":{\"@id\":\"https:\\\/\\\/aliso.fr\\\/reseau\\\/#organization\"},\"image\":{\"@id\":\"https:\\\/\\\/aliso.fr\\\/reseau\\\/programme-dalisopop\\\/#primaryimage\"},\"thumbnailUrl\":\"https:\\\/\\\/aliso.fr\\\/reseau\\\/wp-content\\\/uploads\\\/sites\\\/4\\\/2025\\\/02\\\/Copie-de-AlisoPop-4.jpg\",\"articleSection\":[\"Actualit\u00e9\",\"Nos actions\"],\"inLanguage\":\"fr-FR\"},{\"@type\":\"WebPage\",\"@id\":\"https:\\\/\\\/aliso.fr\\\/reseau\\\/programme-dalisopop\\\/\",\"url\":\"https:\\\/\\\/aliso.fr\\\/reseau\\\/programme-dalisopop\\\/\",\"name\":\"PROGRAMME D'ALISO'POP - Aliso R\u00e9seau\",\"isPartOf\":{\"@id\":\"https:\\\/\\\/aliso.fr\\\/reseau\\\/#website\"},\"primaryImageOfPage\":{\"@id\":\"https:\\\/\\\/aliso.fr\\\/reseau\\\/programme-dalisopop\\\/#primaryimage\"},\"image\":{\"@id\":\"https:\\\/\\\/aliso.fr\\\/reseau\\\/programme-dalisopop\\\/#primaryimage\"},\"thumbnailUrl\":\"https:\\\/\\\/aliso.fr\\\/reseau\\\/wp-content\\\/uploads\\\/sites\\\/4\\\/2025\\\/02\\\/Copie-de-AlisoPop-4.jpg\",\"datePublished\":\"2025-05-26T10:38:39+00:00\",\"dateModified\":\"2025-06-04T09:52:28+00:00\",\"breadcrumb\":{\"@id\":\"https:\\\/\\\/aliso.fr\\\/reseau\\\/programme-dalisopop\\\/#breadcrumb\"},\"inLanguage\":\"fr-FR\",\"potentialAction\":[{\"@type\":\"ReadAction\",\"target\":[\"https:\\\/\\\/aliso.fr\\\/reseau\\\/programme-dalisopop\\\/\"]}]},{\"@type\":\"ImageObject\",\"inLanguage\":\"fr-FR\",\"@id\":\"https:\\\/\\\/aliso.fr\\\/reseau\\\/programme-dalisopop\\\/#primaryimage\",\"url\":\"https:\\\/\\\/aliso.fr\\\/reseau\\\/wp-content\\\/uploads\\\/sites\\\/4\\\/2025\\\/02\\\/Copie-de-AlisoPop-4.jpg\",\"contentUrl\":\"https:\\\/\\\/aliso.fr\\\/reseau\\\/wp-content\\\/uploads\\\/sites\\\/4\\\/2025\\\/02\\\/Copie-de-AlisoPop-4.jpg\",\"width\":1600,\"height\":2000},{\"@type\":\"BreadcrumbList\",\"@id\":\"https:\\\/\\\/aliso.fr\\\/reseau\\\/programme-dalisopop\\\/#breadcrumb\",\"itemListElement\":[{\"@type\":\"ListItem\",\"position\":1,\"name\":\"Accueil\",\"item\":\"https:\\\/\\\/aliso.fr\\\/reseau\\\/\"},{\"@type\":\"ListItem\",\"position\":2,\"name\":\"Actualit\u00e9\",\"item\":\"https:\\\/\\\/aliso.fr\\\/reseau\\\/actualite\\\/\"},{\"@type\":\"ListItem\",\"position\":3,\"name\":\"PROGRAMME D&rsquo;ALISO&rsquo;POP\"}]},{\"@type\":\"WebSite\",\"@id\":\"https:\\\/\\\/aliso.fr\\\/reseau\\\/#website\",\"url\":\"https:\\\/\\\/aliso.fr\\\/reseau\\\/\",\"name\":\"Aliso R\u00e9seau\",\"description\":\"R\u00e9seau Creusois des acteurs du lien social\",\"publisher\":{\"@id\":\"https:\\\/\\\/aliso.fr\\\/reseau\\\/#organization\"},\"potentialAction\":[{\"@type\":\"SearchAction\",\"target\":{\"@type\":\"EntryPoint\",\"urlTemplate\":\"https:\\\/\\\/aliso.fr\\\/reseau\\\/?s={search_term_string}\"},\"query-input\":{\"@type\":\"PropertyValueSpecification\",\"valueRequired\":true,\"valueName\":\"search_term_string\"}}],\"inLanguage\":\"fr-FR\"},{\"@type\":\"Organization\",\"@id\":\"https:\\\/\\\/aliso.fr\\\/reseau\\\/#organization\",\"name\":\"Aliso R\u00e9seau\",\"url\":\"https:\\\/\\\/aliso.fr\\\/reseau\\\/\",\"logo\":{\"@type\":\"ImageObject\",\"inLanguage\":\"fr-FR\",\"@id\":\"https:\\\/\\\/aliso.fr\\\/reseau\\\/#\\\/schema\\\/logo\\\/image\\\/\",\"url\":\"https:\\\/\\\/aliso.fr\\\/reseau\\\/wp-content\\\/uploads\\\/sites\\\/4\\\/2022\\\/01\\\/Logo-ALISO-Reseau-2.png\",\"contentUrl\":\"https:\\\/\\\/aliso.fr\\\/reseau\\\/wp-content\\\/uploads\\\/sites\\\/4\\\/2022\\\/01\\\/Logo-ALISO-Reseau-2.png\",\"width\":900,\"height\":970,\"caption\":\"Aliso R\u00e9seau\"},\"image\":{\"@id\":\"https:\\\/\\\/aliso.fr\\\/reseau\\\/#\\\/schema\\\/logo\\\/image\\\/\"}},{\"@type\":\"Person\",\"@id\":\"https:\\\/\\\/aliso.fr\\\/reseau\\\/#\\\/schema\\\/person\\\/056af145b9c52eee21a9f739489104a5\",\"name\":\"laure\"}]}<\/script>\n<!-- \/ Yoast SEO plugin. -->","yoast_head_json":{"title":"PROGRAMME D'ALISO'POP - Aliso R\u00e9seau","robots":{"index":"index","follow":"follow","max-snippet":"max-snippet:-1","max-image-preview":"max-image-preview:large","max-video-preview":"max-video-preview:-1"},"canonical":"https:\/\/aliso.fr\/reseau\/programme-dalisopop\/","og_locale":"fr_FR","og_type":"article","og_title":"PROGRAMME D'ALISO'POP - Aliso R\u00e9seau","og_description":"Voil\u00e0 un peu plus d&rsquo;infos sur le d\u00e9roul\u00e9 de la journ\u00e9e&#8230; Avant de t&rsquo;en dire un peu plus, on a besoin de lancer un petit appel \u00e0 t\u00e9moins ! Si tu as \u00e9t\u00e9 t\u00e9moin, acteur, spectateur, dans ta vie associative ou ton quotidien, d&rsquo;une situation que tu as trouv\u00e9e discriminante et que tu es partant.e... En savoir plus &raquo;","og_url":"https:\/\/aliso.fr\/reseau\/programme-dalisopop\/","og_site_name":"Aliso R\u00e9seau","article_published_time":"2025-05-26T10:38:39+00:00","article_modified_time":"2025-06-04T09:52:28+00:00","og_image":[{"width":1600,"height":2000,"url":"https:\/\/aliso.fr\/reseau\/wp-content\/uploads\/sites\/4\/2025\/02\/Copie-de-AlisoPop-4.jpg","type":"image\/jpeg"}],"author":"laure","twitter_card":"summary_large_image","schema":{"@context":"https:\/\/schema.org","@graph":[{"@type":"Article","@id":"https:\/\/aliso.fr\/reseau\/programme-dalisopop\/#article","isPartOf":{"@id":"https:\/\/aliso.fr\/reseau\/programme-dalisopop\/"},"author":{"name":"laure","@id":"https:\/\/aliso.fr\/reseau\/#\/schema\/person\/056af145b9c52eee21a9f739489104a5"},"headline":"PROGRAMME D&rsquo;ALISO&rsquo;POP","datePublished":"2025-05-26T10:38:39+00:00","dateModified":"2025-06-04T09:52:28+00:00","mainEntityOfPage":{"@id":"https:\/\/aliso.fr\/reseau\/programme-dalisopop\/"},"wordCount":136,"publisher":{"@id":"https:\/\/aliso.fr\/reseau\/#organization"},"image":{"@id":"https:\/\/aliso.fr\/reseau\/programme-dalisopop\/#primaryimage"},"thumbnailUrl":"https:\/\/aliso.fr\/reseau\/wp-content\/uploads\/sites\/4\/2025\/02\/Copie-de-AlisoPop-4.jpg","articleSection":["Actualit\u00e9","Nos actions"],"inLanguage":"fr-FR"},{"@type":"WebPage","@id":"https:\/\/aliso.fr\/reseau\/programme-dalisopop\/","url":"https:\/\/aliso.fr\/reseau\/programme-dalisopop\/","name":"PROGRAMME D'ALISO'POP - Aliso R\u00e9seau","isPartOf":{"@id":"https:\/\/aliso.fr\/reseau\/#website"},"primaryImageOfPage":{"@id":"https:\/\/aliso.fr\/reseau\/programme-dalisopop\/#primaryimage"},"image":{"@id":"https:\/\/aliso.fr\/reseau\/programme-dalisopop\/#primaryimage"},"thumbnailUrl":"https:\/\/aliso.fr\/reseau\/wp-content\/uploads\/sites\/4\/2025\/02\/Copie-de-AlisoPop-4.jpg","datePublished":"2025-05-26T10:38:39+00:00","dateModified":"2025-06-04T09:52:28+00:00","breadcrumb":{"@id":"https:\/\/aliso.fr\/reseau\/programme-dalisopop\/#breadcrumb"},"inLanguage":"fr-FR","potentialAction":[{"@type":"ReadAction","target":["https:\/\/aliso.fr\/reseau\/programme-dalisopop\/"]}]},{"@type":"ImageObject","inLanguage":"fr-FR","@id":"https:\/\/aliso.fr\/reseau\/programme-dalisopop\/#primaryimage","url":"https:\/\/aliso.fr\/reseau\/wp-content\/uploads\/sites\/4\/2025\/02\/Copie-de-AlisoPop-4.jpg","contentUrl":"https:\/\/aliso.fr\/reseau\/wp-content\/uploads\/sites\/4\/2025\/02\/Copie-de-AlisoPop-4.jpg","width":1600,"height":2000},{"@type":"BreadcrumbList","@id":"https:\/\/aliso.fr\/reseau\/programme-dalisopop\/#breadcrumb","itemListElement":[{"@type":"ListItem","position":1,"name":"Accueil","item":"https:\/\/aliso.fr\/reseau\/"},{"@type":"ListItem","position":2,"name":"Actualit\u00e9","item":"https:\/\/aliso.fr\/reseau\/actualite\/"},{"@type":"ListItem","position":3,"name":"PROGRAMME D&rsquo;ALISO&rsquo;POP"}]},{"@type":"WebSite","@id":"https:\/\/aliso.fr\/reseau\/#website","url":"https:\/\/aliso.fr\/reseau\/","name":"Aliso R\u00e9seau","description":"R\u00e9seau Creusois des acteurs du lien social","publisher":{"@id":"https:\/\/aliso.fr\/reseau\/#organization"},"potentialAction":[{"@type":"SearchAction","target":{"@type":"EntryPoint","urlTemplate":"https:\/\/aliso.fr\/reseau\/?s={search_term_string}"},"query-input":{"@type":"PropertyValueSpecification","valueRequired":true,"valueName":"search_term_string"}}],"inLanguage":"fr-FR"},{"@type":"Organization","@id":"https:\/\/aliso.fr\/reseau\/#organization","name":"Aliso R\u00e9seau","url":"https:\/\/aliso.fr\/reseau\/","logo":{"@type":"ImageObject","inLanguage":"fr-FR","@id":"https:\/\/aliso.fr\/reseau\/#\/schema\/logo\/image\/","url":"https:\/\/aliso.fr\/reseau\/wp-content\/uploads\/sites\/4\/2022\/01\/Logo-ALISO-Reseau-2.png","contentUrl":"https:\/\/aliso.fr\/reseau\/wp-content\/uploads\/sites\/4\/2022\/01\/Logo-ALISO-Reseau-2.png","width":900,"height":970,"caption":"Aliso R\u00e9seau"},"image":{"@id":"https:\/\/aliso.fr\/reseau\/#\/schema\/logo\/image\/"}},{"@type":"Person","@id":"https:\/\/aliso.fr\/reseau\/#\/schema\/person\/056af145b9c52eee21a9f739489104a5","name":"laure"}]}},"_links":{"self":[{"href":"https:\/\/aliso.fr\/reseau\/wp-json\/wp\/v2\/posts\/2980","targetHints":{"allow":["GET"]}}],"collection":[{"href":"https:\/\/aliso.fr\/reseau\/wp-json\/wp\/v2\/posts"}],"about":[{"href":"https:\/\/aliso.fr\/reseau\/wp-json\/wp\/v2\/types\/post"}],"author":[{"embeddable":true,"href":"https:\/\/aliso.fr\/reseau\/wp-json\/wp\/v2\/users\/3"}],"replies":[{"embeddable":true,"href":"https:\/\/aliso.fr\/reseau\/wp-json\/wp\/v2\/comments?post=2980"}],"version-history":[{"count":4,"href":"https:\/\/aliso.fr\/reseau\/wp-json\/wp\/v2\/posts\/2980\/revisions"}],"predecessor-version":[{"id":3021,"href":"https:\/\/aliso.fr\/reseau\/wp-json\/wp\/v2\/posts\/2980\/revisions\/3021"}],"wp:featuredmedia":[{"embeddable":true,"href":"https:\/\/aliso.fr\/reseau\/wp-json\/wp\/v2\/media\/2950"}],"wp:attachment":[{"href":"https:\/\/aliso.fr\/reseau\/wp-json\/wp\/v2\/media?parent=2980"}],"wp:term":[{"taxonomy":"category","embeddable":true,"href":"https:\/\/aliso.fr\/reseau\/wp-json\/wp\/v2\/categories?post=2980"},{"taxonomy":"post_tag","embeddable":true,"href":"https:\/\/aliso.fr\/reseau\/wp-json\/wp\/v2\/tags?post=2980"}],"curies":[{"name":"wp","href":"https:\/\/api.w.org\/{rel}","templated":true}]}}