{"id":2988,"date":"2025-05-14T17:24:16","date_gmt":"2025-05-14T15:24:16","guid":{"rendered":"https:\/\/aliso.fr\/reseau\/?p=2988"},"modified":"2025-05-14T17:28:44","modified_gmt":"2025-05-14T15:28:44","slug":"retour-sur-le-conseil-dadministration-du-29-04-25","status":"publish","type":"post","link":"https:\/\/aliso.fr\/reseau\/retour-sur-le-conseil-dadministration-du-29-04-25\/","title":{"rendered":"Retour sur le Conseil d&rsquo;Administration du 29.04.25"},"content":{"rendered":"\n<p>Voici en bref ce qui ressort du dernier Conseil d&rsquo;Administration d&rsquo;ALISO.<br>&#8211; <strong>Participation assez faible pour ce rendez-vous <\/strong>: c\u2019est la premi\u00e8re fois qu\u2019il y a si peu de monde malgr\u00e9 un choix collectif de la date. La p\u00e9riode des vacances semble \u00eatre un frein. Les adh\u00e9rentes ont elles assimil\u00e9 pleinement qu\u2019elles sont toutes administratrices du r\u00e9seau\u00a0et donc convi\u00e9s au CA ?<br><em>D\u00e9cision <\/em><strong>: <\/strong>Pr\u00e9voir les dates de CA et de l\u2019AG d\u00e8s septembre pour communiquer dessus rapidement et sensibiliser les structures adh\u00e9rentes.<br>&#8211; <strong>Retour sur l&rsquo;AG (<\/strong>d\u00e9j\u00e0 \u00e9voqu\u00e9 dans un<a href=\"https:\/\/aliso.fr\/reseau\/retour-rapide-sur-lag-2025\/\" target=\"_blank\" rel=\"noreferrer noopener\"> article pr\u00e9c\u00e9dent).<\/a><br><\/p>\n\n\n\n<p>&#8211; <strong>Dynamique de l\u2019Observatoire\u00a0:<\/strong><\/p>\n\n\n\n<p><em>Priorit\u00e9 : <\/em>axer notre travail autour des questions\u00a0suivantes &#8211; Qu\u2019est-ce qu\u2019on veut\u00a0? On cherche quoi\u00a0? Comment construire la m\u00e9thodologie\u00a0? Et les indicateurs\u00a0? Comment maitriser la donn\u00e9e\u00a0?<\/p>\n\n\n\n<p><em>A faire :<\/em> d\u00e9cliner les id\u00e9es de base pour de l&rsquo;op\u00e9rationnel et bien d\u00e9finir les espaces de participations, les outils utilis\u00e9s, bien travailler le discours et la com pour avoir la confirmation de la participation de nos adh\u00e9rents \u00e0 ce programme, simplifier au max tout cela, travailler sur les supports de partage, int\u00e9grer des temps de travail sur le sujet dans tous les GM et GT, cr\u00e9er un \u00e9v\u00e8nement\u00a0etc.<\/p>\n\n\n\n<ul class=\"wp-block-list\">\n<li>Comment on s\u2019en empare pour que \u00e7a infuse \u00e0 tous les niveaux et que \u00e7a se diffuse\u00a0?<\/li>\n<\/ul>\n\n\n\n<p><strong>A FAIRE\u00a0d\u2019ici d\u00e9cembre 2025 : 1ere \u00e9tape  <\/strong><br>&#8211;&gt; Cr\u00e9er un groupe support\u00a0: Compos\u00e9 des membres du bureau (tous\u00a0?) des membres de l\u2019\u00e9quipe et l\u2019ouvrir d\u00e8s le d\u00e9but aux membres du r\u00e9seau. L\u2019objectif est surtout d&rsquo;avoir un groupe actif et r\u00e9actif qui va pouvoir travailler\u00a0le plan d\u2019action.<ul><li>Identifier les diff\u00e9rents espaces de r\u00e9flexion et de travail sur cette th\u00e9matique. Le discours pour mobiliser et communiquer. Mobiliser\u00a0: ce sont les membres de ce m\u00eame groupe qui vont mobiliser dans la mesure du possible les autres adh\u00e9rent.es. Certain.e.s membres de l&rsquo;\u00e9quipe salari\u00e9e pourraient participer \u00e0 ce groupe.<\/li><\/ul><\/p>\n\n\n\n<ul class=\"wp-block-list\">\n<li>Construire une fiche de poste + recherche de financement pour le moyen humain \u00e0 mettre en place pour la coordination de l&rsquo;observatoire.<\/li>\n<\/ul>\n\n\n\n<p><strong>Dans un second temps, apr\u00e8s d\u00e9cembre 2025\u00a0: <\/strong>En suivant le plan d\u2019action, mettre en place les diff\u00e9rents espaces pour faire participer les adh\u00e9rentes et\/ou recueillir leur besoin, envie etc.<br>&#8211;&gt; C\u2019est \u00e0 ce moment-l\u00e0 que l\u2019on construit les indicateurs, ce que l\u2019on veut observer et la m\u00e9thodologie pour agir.<\/p>\n\n\n\n<p><strong><em>Points de vigilances\u00a0:<\/em><\/strong> Bien sensibiliser nos administrateurices et \u00eatre s\u00fbr que l\u2019ensemble des structures adh\u00e9rentes seront pr\u00eates \u00e0 participer. Clarifier les conditions. Par exemple : A quelle condition est on pr\u00eat \u00e0 remplir une base de donn\u00e9es de X indicateurs\u00a0?\u00a0quels outils simples on cr\u00e9e\u00a0? Comment on maitrise la donn\u00e9e et comment on se la partage\u00a0? etc.<\/p>\n\n\n\n<p>&#8211;<strong>Election bureau\u00a0:<\/strong> <br><strong><em>Rappel\u00a0:<\/em> <\/strong>le bureau est compos\u00e9 d\u2019un.e pr\u00e9sident.e ou d\u2019une co-pr\u00e9sidence et de vice-pr\u00e9sidentes. Plus de d\u00e9tails dans <a href=\"https:\/\/aliso.fr\/reseau\/les-statuts\/\" target=\"_blank\" rel=\"noreferrer noopener\">les statuts.<\/a> Cependant, l\u2019ensemble des membres du bureau ont un devoir de repr\u00e9sentation d\u2019ALISO identique et adh\u00e8re pleinement au r\u00f4le d\u00e9fini pour le bureau. Le bureau valorise des prises de d\u00e9cisions de mani\u00e8re plut\u00f4t coll\u00e9giale\u00a0: par consentement, consensus et en dernier recours le vote (arriv\u00e9 1 fois en 5 ans). L\u2019\u00e9change et le d\u00e9bat sont privil\u00e9gi\u00e9s.<\/p>\n\n\n\n<p>Seule la mission de tr\u00e9sorerie doit \u00eatre \u00ab&nbsp;officialis\u00e9e&nbsp;\u00bb. Les missions \u00e9voluent en fonction des besoins, des dossiers, des actions et de la r\u00e9alit\u00e9 de terrain.<\/p>\n\n\n\n<p><em>Les membres du bureau 2024 <\/em>se repr\u00e9sentent tacitement s\u2019ils n\u2019ont pas fait le choix de quitter le bureau.<br>Il est rappel\u00e9 que les structures peuvent venir en bin\u00f4me. La seule condition est que les personnes soient au fait de ce qu\u2019il se passe dans le bureau (qu\u2019elles lisent les CR avant les bureaux et qu\u2019elles se renseignent si besoin est, sur les sujets qui les questionnent)<\/p>\n\n\n\n<p><strong>Bureau&nbsp;2025. Sont \u00e9lu.es<\/strong><\/p>\n\n\n\n<p>Bin\u00f4me Sabine + Agn\u00e8s &nbsp;(UDAF)<\/p>\n\n\n\n<p>Marine (Village Masgot)<\/p>\n\n\n\n<p>Pauline (Adh indiv)<\/p>\n\n\n\n<p>Paco (Caf\u00e9 de l\u2019Espace)<\/p>\n\n\n\n<p>Bin\u00f4me David + Isa (Cl\u00e9 de Contacts)<\/p>\n\n\n\n<p>Bin\u00f4me Mich\u00e8le + JB&nbsp; (AGIR)<\/p>\n\n\n\n<p>Bab\u00e9 (Les Communs)<\/p>\n\n\n\n<p>Karine (FJT La Souterraine)<\/p>\n\n\n\n<p>M\u00e9lanie (VASI)<\/p>\n\n\n\n<p>Silvain (VILAJ)<\/p>\n\n\n\n<p>Patricia (Habitat Jeunes Gu\u00e9ret \u2013 FOL23)<\/p>\n\n\n\n<p>Florent (La Palette)<\/p>\n\n\n\n<p>Philippe (AGORA)<\/p>\n\n\n\n<p>Nad\u00e8ge (MJC)<\/p>\n\n\n\n<p><\/p>\n\n\n\n<p><\/p>\n","protected":false},"excerpt":{"rendered":"<p>Voici en bref ce qui ressort du dernier Conseil d&rsquo;Administration d&rsquo;ALISO.&#8211; Participation assez faible pour ce rendez-vous : c\u2019est la premi\u00e8re fois qu\u2019il y a si peu de monde malgr\u00e9 un choix collectif de la date. La p\u00e9riode des vacances semble \u00eatre un frein. Les adh\u00e9rentes ont elles assimil\u00e9 pleinement qu\u2019elles sont toutes administratrices du&#8230; <a class=\"excerpt-read-more button\" href=\"https:\/\/aliso.fr\/reseau\/retour-sur-le-conseil-dadministration-du-29-04-25\/\" title=\"ReadRetour sur le Conseil d&rsquo;Administration du 29.04.25\">En savoir plus &raquo;<\/a><\/p>\n","protected":false},"author":3,"featured_media":2992,"comment_status":"closed","ping_status":"open","sticky":false,"template":"","format":"standard","meta":{"footnotes":""},"categories":[3],"tags":[],"class_list":["post-2988","post","type-post","status-publish","format-standard","has-post-thumbnail","hentry","category-actualite"],"yoast_head":"<!-- This site is optimized with the Yoast SEO plugin v27.4 - https:\/\/yoast.com\/product\/yoast-seo-wordpress\/ -->\n<title>Retour sur le Conseil d&#039;Administration du 29.04.25 - Aliso R\u00e9seau<\/title>\n<meta name=\"robots\" content=\"index, follow, max-snippet:-1, max-image-preview:large, max-video-preview:-1\" \/>\n<link rel=\"canonical\" href=\"https:\/\/aliso.fr\/reseau\/retour-sur-le-conseil-dadministration-du-29-04-25\/\" \/>\n<meta property=\"og:locale\" content=\"fr_FR\" \/>\n<meta property=\"og:type\" content=\"article\" \/>\n<meta property=\"og:title\" content=\"Retour sur le Conseil d&#039;Administration du 29.04.25 - Aliso R\u00e9seau\" \/>\n<meta property=\"og:description\" content=\"Voici en bref ce qui ressort du dernier Conseil d&rsquo;Administration d&rsquo;ALISO.&#8211; Participation assez faible pour ce rendez-vous : c\u2019est la premi\u00e8re fois qu\u2019il y a si peu de monde malgr\u00e9 un choix collectif de la date. La p\u00e9riode des vacances semble \u00eatre un frein. Les adh\u00e9rentes ont elles assimil\u00e9 pleinement qu\u2019elles sont toutes administratrices du... En savoir plus &raquo;\" \/>\n<meta property=\"og:url\" content=\"https:\/\/aliso.fr\/reseau\/retour-sur-le-conseil-dadministration-du-29-04-25\/\" \/>\n<meta property=\"og:site_name\" content=\"Aliso R\u00e9seau\" \/>\n<meta property=\"article:published_time\" content=\"2025-05-14T15:24:16+00:00\" \/>\n<meta property=\"article:modified_time\" content=\"2025-05-14T15:28:44+00:00\" \/>\n<meta property=\"og:image\" content=\"https:\/\/aliso.fr\/reseau\/wp-content\/uploads\/sites\/4\/2025\/05\/Logo-ALISO-couleur.png\" \/>\n\t<meta property=\"og:image:width\" content=\"341\" \/>\n\t<meta property=\"og:image:height\" content=\"467\" \/>\n\t<meta property=\"og:image:type\" content=\"image\/png\" \/>\n<meta name=\"author\" content=\"laure\" \/>\n<meta name=\"twitter:card\" content=\"summary_large_image\" \/>\n<script type=\"application\/ld+json\" class=\"yoast-schema-graph\">{\"@context\":\"https:\\\/\\\/schema.org\",\"@graph\":[{\"@type\":\"Article\",\"@id\":\"https:\\\/\\\/aliso.fr\\\/reseau\\\/retour-sur-le-conseil-dadministration-du-29-04-25\\\/#article\",\"isPartOf\":{\"@id\":\"https:\\\/\\\/aliso.fr\\\/reseau\\\/retour-sur-le-conseil-dadministration-du-29-04-25\\\/\"},\"author\":{\"name\":\"laure\",\"@id\":\"https:\\\/\\\/aliso.fr\\\/reseau\\\/#\\\/schema\\\/person\\\/056af145b9c52eee21a9f739489104a5\"},\"headline\":\"Retour sur le Conseil d&rsquo;Administration du 29.04.25\",\"datePublished\":\"2025-05-14T15:24:16+00:00\",\"dateModified\":\"2025-05-14T15:28:44+00:00\",\"mainEntityOfPage\":{\"@id\":\"https:\\\/\\\/aliso.fr\\\/reseau\\\/retour-sur-le-conseil-dadministration-du-29-04-25\\\/\"},\"wordCount\":764,\"publisher\":{\"@id\":\"https:\\\/\\\/aliso.fr\\\/reseau\\\/#organization\"},\"image\":{\"@id\":\"https:\\\/\\\/aliso.fr\\\/reseau\\\/retour-sur-le-conseil-dadministration-du-29-04-25\\\/#primaryimage\"},\"thumbnailUrl\":\"https:\\\/\\\/aliso.fr\\\/reseau\\\/wp-content\\\/uploads\\\/sites\\\/4\\\/2025\\\/05\\\/Logo-ALISO-couleur.png\",\"articleSection\":[\"Actualit\u00e9\"],\"inLanguage\":\"fr-FR\"},{\"@type\":\"WebPage\",\"@id\":\"https:\\\/\\\/aliso.fr\\\/reseau\\\/retour-sur-le-conseil-dadministration-du-29-04-25\\\/\",\"url\":\"https:\\\/\\\/aliso.fr\\\/reseau\\\/retour-sur-le-conseil-dadministration-du-29-04-25\\\/\",\"name\":\"Retour sur le Conseil d'Administration du 29.04.25 - Aliso R\u00e9seau\",\"isPartOf\":{\"@id\":\"https:\\\/\\\/aliso.fr\\\/reseau\\\/#website\"},\"primaryImageOfPage\":{\"@id\":\"https:\\\/\\\/aliso.fr\\\/reseau\\\/retour-sur-le-conseil-dadministration-du-29-04-25\\\/#primaryimage\"},\"image\":{\"@id\":\"https:\\\/\\\/aliso.fr\\\/reseau\\\/retour-sur-le-conseil-dadministration-du-29-04-25\\\/#primaryimage\"},\"thumbnailUrl\":\"https:\\\/\\\/aliso.fr\\\/reseau\\\/wp-content\\\/uploads\\\/sites\\\/4\\\/2025\\\/05\\\/Logo-ALISO-couleur.png\",\"datePublished\":\"2025-05-14T15:24:16+00:00\",\"dateModified\":\"2025-05-14T15:28:44+00:00\",\"breadcrumb\":{\"@id\":\"https:\\\/\\\/aliso.fr\\\/reseau\\\/retour-sur-le-conseil-dadministration-du-29-04-25\\\/#breadcrumb\"},\"inLanguage\":\"fr-FR\",\"potentialAction\":[{\"@type\":\"ReadAction\",\"target\":[\"https:\\\/\\\/aliso.fr\\\/reseau\\\/retour-sur-le-conseil-dadministration-du-29-04-25\\\/\"]}]},{\"@type\":\"ImageObject\",\"inLanguage\":\"fr-FR\",\"@id\":\"https:\\\/\\\/aliso.fr\\\/reseau\\\/retour-sur-le-conseil-dadministration-du-29-04-25\\\/#primaryimage\",\"url\":\"https:\\\/\\\/aliso.fr\\\/reseau\\\/wp-content\\\/uploads\\\/sites\\\/4\\\/2025\\\/05\\\/Logo-ALISO-couleur.png\",\"contentUrl\":\"https:\\\/\\\/aliso.fr\\\/reseau\\\/wp-content\\\/uploads\\\/sites\\\/4\\\/2025\\\/05\\\/Logo-ALISO-couleur.png\",\"width\":341,\"height\":467},{\"@type\":\"BreadcrumbList\",\"@id\":\"https:\\\/\\\/aliso.fr\\\/reseau\\\/retour-sur-le-conseil-dadministration-du-29-04-25\\\/#breadcrumb\",\"itemListElement\":[{\"@type\":\"ListItem\",\"position\":1,\"name\":\"Accueil\",\"item\":\"https:\\\/\\\/aliso.fr\\\/reseau\\\/\"},{\"@type\":\"ListItem\",\"position\":2,\"name\":\"Actualit\u00e9\",\"item\":\"https:\\\/\\\/aliso.fr\\\/reseau\\\/actualite\\\/\"},{\"@type\":\"ListItem\",\"position\":3,\"name\":\"Retour sur le Conseil d&rsquo;Administration du 29.04.25\"}]},{\"@type\":\"WebSite\",\"@id\":\"https:\\\/\\\/aliso.fr\\\/reseau\\\/#website\",\"url\":\"https:\\\/\\\/aliso.fr\\\/reseau\\\/\",\"name\":\"Aliso R\u00e9seau\",\"description\":\"R\u00e9seau Creusois des acteurs du lien social\",\"publisher\":{\"@id\":\"https:\\\/\\\/aliso.fr\\\/reseau\\\/#organization\"},\"potentialAction\":[{\"@type\":\"SearchAction\",\"target\":{\"@type\":\"EntryPoint\",\"urlTemplate\":\"https:\\\/\\\/aliso.fr\\\/reseau\\\/?s={search_term_string}\"},\"query-input\":{\"@type\":\"PropertyValueSpecification\",\"valueRequired\":true,\"valueName\":\"search_term_string\"}}],\"inLanguage\":\"fr-FR\"},{\"@type\":\"Organization\",\"@id\":\"https:\\\/\\\/aliso.fr\\\/reseau\\\/#organization\",\"name\":\"Aliso R\u00e9seau\",\"url\":\"https:\\\/\\\/aliso.fr\\\/reseau\\\/\",\"logo\":{\"@type\":\"ImageObject\",\"inLanguage\":\"fr-FR\",\"@id\":\"https:\\\/\\\/aliso.fr\\\/reseau\\\/#\\\/schema\\\/logo\\\/image\\\/\",\"url\":\"https:\\\/\\\/aliso.fr\\\/reseau\\\/wp-content\\\/uploads\\\/sites\\\/4\\\/2022\\\/01\\\/Logo-ALISO-Reseau-2.png\",\"contentUrl\":\"https:\\\/\\\/aliso.fr\\\/reseau\\\/wp-content\\\/uploads\\\/sites\\\/4\\\/2022\\\/01\\\/Logo-ALISO-Reseau-2.png\",\"width\":900,\"height\":970,\"caption\":\"Aliso R\u00e9seau\"},\"image\":{\"@id\":\"https:\\\/\\\/aliso.fr\\\/reseau\\\/#\\\/schema\\\/logo\\\/image\\\/\"}},{\"@type\":\"Person\",\"@id\":\"https:\\\/\\\/aliso.fr\\\/reseau\\\/#\\\/schema\\\/person\\\/056af145b9c52eee21a9f739489104a5\",\"name\":\"laure\"}]}<\/script>\n<!-- \/ Yoast SEO plugin. -->","yoast_head_json":{"title":"Retour sur le Conseil d'Administration du 29.04.25 - Aliso R\u00e9seau","robots":{"index":"index","follow":"follow","max-snippet":"max-snippet:-1","max-image-preview":"max-image-preview:large","max-video-preview":"max-video-preview:-1"},"canonical":"https:\/\/aliso.fr\/reseau\/retour-sur-le-conseil-dadministration-du-29-04-25\/","og_locale":"fr_FR","og_type":"article","og_title":"Retour sur le Conseil d'Administration du 29.04.25 - Aliso R\u00e9seau","og_description":"Voici en bref ce qui ressort du dernier Conseil d&rsquo;Administration d&rsquo;ALISO.&#8211; Participation assez faible pour ce rendez-vous : c\u2019est la premi\u00e8re fois qu\u2019il y a si peu de monde malgr\u00e9 un choix collectif de la date. La p\u00e9riode des vacances semble \u00eatre un frein. Les adh\u00e9rentes ont elles assimil\u00e9 pleinement qu\u2019elles sont toutes administratrices du... En savoir plus &raquo;","og_url":"https:\/\/aliso.fr\/reseau\/retour-sur-le-conseil-dadministration-du-29-04-25\/","og_site_name":"Aliso R\u00e9seau","article_published_time":"2025-05-14T15:24:16+00:00","article_modified_time":"2025-05-14T15:28:44+00:00","og_image":[{"width":341,"height":467,"url":"https:\/\/aliso.fr\/reseau\/wp-content\/uploads\/sites\/4\/2025\/05\/Logo-ALISO-couleur.png","type":"image\/png"}],"author":"laure","twitter_card":"summary_large_image","schema":{"@context":"https:\/\/schema.org","@graph":[{"@type":"Article","@id":"https:\/\/aliso.fr\/reseau\/retour-sur-le-conseil-dadministration-du-29-04-25\/#article","isPartOf":{"@id":"https:\/\/aliso.fr\/reseau\/retour-sur-le-conseil-dadministration-du-29-04-25\/"},"author":{"name":"laure","@id":"https:\/\/aliso.fr\/reseau\/#\/schema\/person\/056af145b9c52eee21a9f739489104a5"},"headline":"Retour sur le Conseil d&rsquo;Administration du 29.04.25","datePublished":"2025-05-14T15:24:16+00:00","dateModified":"2025-05-14T15:28:44+00:00","mainEntityOfPage":{"@id":"https:\/\/aliso.fr\/reseau\/retour-sur-le-conseil-dadministration-du-29-04-25\/"},"wordCount":764,"publisher":{"@id":"https:\/\/aliso.fr\/reseau\/#organization"},"image":{"@id":"https:\/\/aliso.fr\/reseau\/retour-sur-le-conseil-dadministration-du-29-04-25\/#primaryimage"},"thumbnailUrl":"https:\/\/aliso.fr\/reseau\/wp-content\/uploads\/sites\/4\/2025\/05\/Logo-ALISO-couleur.png","articleSection":["Actualit\u00e9"],"inLanguage":"fr-FR"},{"@type":"WebPage","@id":"https:\/\/aliso.fr\/reseau\/retour-sur-le-conseil-dadministration-du-29-04-25\/","url":"https:\/\/aliso.fr\/reseau\/retour-sur-le-conseil-dadministration-du-29-04-25\/","name":"Retour sur le Conseil d'Administration du 29.04.25 - Aliso R\u00e9seau","isPartOf":{"@id":"https:\/\/aliso.fr\/reseau\/#website"},"primaryImageOfPage":{"@id":"https:\/\/aliso.fr\/reseau\/retour-sur-le-conseil-dadministration-du-29-04-25\/#primaryimage"},"image":{"@id":"https:\/\/aliso.fr\/reseau\/retour-sur-le-conseil-dadministration-du-29-04-25\/#primaryimage"},"thumbnailUrl":"https:\/\/aliso.fr\/reseau\/wp-content\/uploads\/sites\/4\/2025\/05\/Logo-ALISO-couleur.png","datePublished":"2025-05-14T15:24:16+00:00","dateModified":"2025-05-14T15:28:44+00:00","breadcrumb":{"@id":"https:\/\/aliso.fr\/reseau\/retour-sur-le-conseil-dadministration-du-29-04-25\/#breadcrumb"},"inLanguage":"fr-FR","potentialAction":[{"@type":"ReadAction","target":["https:\/\/aliso.fr\/reseau\/retour-sur-le-conseil-dadministration-du-29-04-25\/"]}]},{"@type":"ImageObject","inLanguage":"fr-FR","@id":"https:\/\/aliso.fr\/reseau\/retour-sur-le-conseil-dadministration-du-29-04-25\/#primaryimage","url":"https:\/\/aliso.fr\/reseau\/wp-content\/uploads\/sites\/4\/2025\/05\/Logo-ALISO-couleur.png","contentUrl":"https:\/\/aliso.fr\/reseau\/wp-content\/uploads\/sites\/4\/2025\/05\/Logo-ALISO-couleur.png","width":341,"height":467},{"@type":"BreadcrumbList","@id":"https:\/\/aliso.fr\/reseau\/retour-sur-le-conseil-dadministration-du-29-04-25\/#breadcrumb","itemListElement":[{"@type":"ListItem","position":1,"name":"Accueil","item":"https:\/\/aliso.fr\/reseau\/"},{"@type":"ListItem","position":2,"name":"Actualit\u00e9","item":"https:\/\/aliso.fr\/reseau\/actualite\/"},{"@type":"ListItem","position":3,"name":"Retour sur le Conseil d&rsquo;Administration du 29.04.25"}]},{"@type":"WebSite","@id":"https:\/\/aliso.fr\/reseau\/#website","url":"https:\/\/aliso.fr\/reseau\/","name":"Aliso R\u00e9seau","description":"R\u00e9seau Creusois des acteurs du lien social","publisher":{"@id":"https:\/\/aliso.fr\/reseau\/#organization"},"potentialAction":[{"@type":"SearchAction","target":{"@type":"EntryPoint","urlTemplate":"https:\/\/aliso.fr\/reseau\/?s={search_term_string}"},"query-input":{"@type":"PropertyValueSpecification","valueRequired":true,"valueName":"search_term_string"}}],"inLanguage":"fr-FR"},{"@type":"Organization","@id":"https:\/\/aliso.fr\/reseau\/#organization","name":"Aliso R\u00e9seau","url":"https:\/\/aliso.fr\/reseau\/","logo":{"@type":"ImageObject","inLanguage":"fr-FR","@id":"https:\/\/aliso.fr\/reseau\/#\/schema\/logo\/image\/","url":"https:\/\/aliso.fr\/reseau\/wp-content\/uploads\/sites\/4\/2022\/01\/Logo-ALISO-Reseau-2.png","contentUrl":"https:\/\/aliso.fr\/reseau\/wp-content\/uploads\/sites\/4\/2022\/01\/Logo-ALISO-Reseau-2.png","width":900,"height":970,"caption":"Aliso R\u00e9seau"},"image":{"@id":"https:\/\/aliso.fr\/reseau\/#\/schema\/logo\/image\/"}},{"@type":"Person","@id":"https:\/\/aliso.fr\/reseau\/#\/schema\/person\/056af145b9c52eee21a9f739489104a5","name":"laure"}]}},"_links":{"self":[{"href":"https:\/\/aliso.fr\/reseau\/wp-json\/wp\/v2\/posts\/2988","targetHints":{"allow":["GET"]}}],"collection":[{"href":"https:\/\/aliso.fr\/reseau\/wp-json\/wp\/v2\/posts"}],"about":[{"href":"https:\/\/aliso.fr\/reseau\/wp-json\/wp\/v2\/types\/post"}],"author":[{"embeddable":true,"href":"https:\/\/aliso.fr\/reseau\/wp-json\/wp\/v2\/users\/3"}],"replies":[{"embeddable":true,"href":"https:\/\/aliso.fr\/reseau\/wp-json\/wp\/v2\/comments?post=2988"}],"version-history":[{"count":1,"href":"https:\/\/aliso.fr\/reseau\/wp-json\/wp\/v2\/posts\/2988\/revisions"}],"predecessor-version":[{"id":2989,"href":"https:\/\/aliso.fr\/reseau\/wp-json\/wp\/v2\/posts\/2988\/revisions\/2989"}],"wp:featuredmedia":[{"embeddable":true,"href":"https:\/\/aliso.fr\/reseau\/wp-json\/wp\/v2\/media\/2992"}],"wp:attachment":[{"href":"https:\/\/aliso.fr\/reseau\/wp-json\/wp\/v2\/media?parent=2988"}],"wp:term":[{"taxonomy":"category","embeddable":true,"href":"https:\/\/aliso.fr\/reseau\/wp-json\/wp\/v2\/categories?post=2988"},{"taxonomy":"post_tag","embeddable":true,"href":"https:\/\/aliso.fr\/reseau\/wp-json\/wp\/v2\/tags?post=2988"}],"curies":[{"name":"wp","href":"https:\/\/api.w.org\/{rel}","templated":true}]}}