{"id":2994,"date":"2025-05-20T10:05:04","date_gmt":"2025-05-20T08:05:04","guid":{"rendered":"https:\/\/aliso.fr\/reseau\/?p=2994"},"modified":"2025-05-20T10:05:05","modified_gmt":"2025-05-20T08:05:05","slug":"ludaf-et-son-lieu-ressource-de-la-parentalite","status":"publish","type":"post","link":"https:\/\/aliso.fr\/reseau\/ludaf-et-son-lieu-ressource-de-la-parentalite\/","title":{"rendered":"L&rsquo;UDAF et son lieu ressource de la parentalit\u00e9"},"content":{"rendered":"\n<p>S\u00e9verine, \u00e9ducatrice de jeunes enfants nous pr\u00e9sente le nouveau service petite-enfance de l&rsquo;UDAF, dont elle est salari\u00e9e, qui a la particularit\u00e9 de fonctionner en itin\u00e9rance sur l&rsquo;ensemble du d\u00e9partement&#8230;<br>Elle nous raconte l&rsquo;origine de ce projet, comment il se d\u00e9roule et comment le r\u00e9seau peut s&rsquo;en saisir et contribuer \u00e0 sa mise en oeuvre et son d\u00e9veloppement.<br>En attendant l&rsquo;officialisation prochaine de son nouveau nom, voici tous les d\u00e9tails ou presque de ce nouveau lieu ressource pour la parentalit\u00e9 ! <\/p>\n\n\n<div class=\"wp-block-image\">\n<figure class=\"aligncenter size-large\"><img loading=\"lazy\" decoding=\"async\" width=\"440\" height=\"330\" src=\"https:\/\/aliso.fr\/reseau\/wp-content\/uploads\/sites\/4\/2025\/05\/20250417_095022-440x330.jpg\" alt=\"\" class=\"wp-image-2997\" srcset=\"https:\/\/aliso.fr\/reseau\/wp-content\/uploads\/sites\/4\/2025\/05\/20250417_095022-440x330.jpg 440w, https:\/\/aliso.fr\/reseau\/wp-content\/uploads\/sites\/4\/2025\/05\/20250417_095022-253x190.jpg 253w, https:\/\/aliso.fr\/reseau\/wp-content\/uploads\/sites\/4\/2025\/05\/20250417_095022-768x576.jpg 768w, https:\/\/aliso.fr\/reseau\/wp-content\/uploads\/sites\/4\/2025\/05\/20250417_095022-1536x1152.jpg 1536w, https:\/\/aliso.fr\/reseau\/wp-content\/uploads\/sites\/4\/2025\/05\/20250417_095022-2048x1536.jpg 2048w, https:\/\/aliso.fr\/reseau\/wp-content\/uploads\/sites\/4\/2025\/05\/20250417_095022-1320x990.jpg 1320w\" sizes=\"auto, (max-width: 440px) 100vw, 440px\" \/><\/figure>\n<\/div>\n\n\n<p><strong><u>&#8211; Sur quelle initiative ce dispositif a-t-il \u00e9t\u00e9 cr\u00e9\u00e9 ?<\/u><\/strong><\/p>\n\n\n\n<p>En 2024, l\u2019Udaf de la Creuse a r\u00e9pondu \u00e0 un appel \u00e0 projet de l\u2019UNAF et lanc\u00e9 un projet innovant pour am\u00e9liorer l&rsquo;acc\u00e8s des familles vuln\u00e9rables aux modes de garde de la petite enfance. Le projet de l\u2019Udaf 23 visait \u00e0 cr\u00e9er un service itin\u00e9rant combinant un lieu d\u2019accueil parents-enfants et une halte-garderie\/cr\u00e8che itin\u00e9rante, afin de soutenir les familles en difficult\u00e9, notamment les familles monoparentales, les personnes en insertion, ou celles vivant dans des zones rurales isol\u00e9es. Le service devait se d\u00e9placer dans diff\u00e9rentes localit\u00e9s de la Creuse, en utilisant des salles communales ou des lieux publics, pour offrir une exp\u00e9rience progressive entre l\u2019accompagnement parental et le mode de garde ponctuel. L&rsquo;objectif \u00e9tait de <strong>favoriser la socialisation pr\u00e9coce des enfants, de permettre la cr\u00e9ation de lien social pour leurs familles et de faciliter la transition vers des structures de garde classiques, ou l\u2019\u00e9cole. <\/strong>Le projet se concentrait sur les territoires ruraux les plus en besoin, tout en s\u2019appuyant sur les ressources locales (comme les r\u00e9f\u00e9rentes familles des centres sociaux).<\/p>\n\n\n<div class=\"wp-block-image\">\n<figure class=\"aligncenter size-large\"><img loading=\"lazy\" decoding=\"async\" width=\"440\" height=\"330\" src=\"https:\/\/aliso.fr\/reseau\/wp-content\/uploads\/sites\/4\/2025\/05\/20250318_101454-440x330.jpg\" alt=\"\" class=\"wp-image-2998\" srcset=\"https:\/\/aliso.fr\/reseau\/wp-content\/uploads\/sites\/4\/2025\/05\/20250318_101454-440x330.jpg 440w, https:\/\/aliso.fr\/reseau\/wp-content\/uploads\/sites\/4\/2025\/05\/20250318_101454-253x190.jpg 253w, https:\/\/aliso.fr\/reseau\/wp-content\/uploads\/sites\/4\/2025\/05\/20250318_101454-768x576.jpg 768w, https:\/\/aliso.fr\/reseau\/wp-content\/uploads\/sites\/4\/2025\/05\/20250318_101454-1536x1152.jpg 1536w, https:\/\/aliso.fr\/reseau\/wp-content\/uploads\/sites\/4\/2025\/05\/20250318_101454-2048x1536.jpg 2048w, https:\/\/aliso.fr\/reseau\/wp-content\/uploads\/sites\/4\/2025\/05\/20250318_101454-1320x990.jpg 1320w\" sizes=\"auto, (max-width: 440px) 100vw, 440px\" \/><\/figure>\n<\/div>\n\n\n<p><strong><u>Quelles fonctions occupez-vous \u00e0 l&rsquo;UDAF ? <\/u><\/strong><\/p>\n\n\n\n<p>Je suis Educatrice de Jeunes Enfants, j\u2019ai \u00e9t\u00e9 recrut\u00e9e en mai 2024 pour la pr\u00e9figuration et la mise en place du nouveau service Petite Enfance de l\u2019Udaf 23. Pour mettre en place le service, un diagnostic de territoire a \u00e9t\u00e9 effectu\u00e9 au pr\u00e9alable, afin de recenser les structures existantes et les besoins non pourvus.<\/p>\n\n\n\n<p>60 interlocuteurs ont \u00e9t\u00e9 rencontr\u00e9s : EAJE, Relais Petite Enfance, coordinatrices Enfance Jeunesse, charg\u00e9 de coop\u00e9ration CTG, EPCI, EVS, Centres sociaux et r\u00e9f\u00e9rents familles, associations en lien avec le handicap, les droits des femmes, la parentalit\u00e9.<\/p>\n\n\n\n<p>Il ressort 4 besoins principaux identifi\u00e9s parmi tous les besoins \u00e9voqu\u00e9s par les partenaires :<\/p>\n\n\n\n<ul class=\"wp-block-list\">\n<li>rompre l\u2019isolement via un espace de socialisation de proximit\u00e9<\/li>\n\n\n\n<li>favoriser la qualit\u00e9 du lien enfant-parent et ainsi permettre la s\u00e9paration<\/li>\n\n\n\n<li>proposer des temps de r\u00e9pit<\/li>\n\n\n\n<li>acc\u00e9der \u00e0 un mode de garde ponctuel.<\/li>\n<\/ul>\n\n\n\n<p>Un comit\u00e9 de pilotage a \u00e9t\u00e9 mis en place pour suivre la phase de diagnostic et de pr\u00e9figuration. Le projet initial a \u00e9t\u00e9 confirm\u00e9, mais avec une orientation plus affirm\u00e9e sur la parentalit\u00e9, la garde d\u2019enfants \u00e9tant secondaire.<\/p>\n\n\n\n<p>Les membres du COPIL ont donc d\u00e9cid\u00e9 de d\u00e9velopper le projet en deux \u00e9tapes&nbsp;:<\/p>\n\n\n\n<ul class=\"wp-block-list\">\n<li>Mise en place du \u201clieu ressource parentalit\u00e9 itin\u00e9rant \u201d premier semestre 2025 (une salari\u00e9e).<\/li>\n\n\n\n<li>D\u00e9veloppement du service, avec le projet de proposer un accueil sous forme de LAEP (avec deux accueillant-e-ts) et un service de micro-cr\u00e8che itin\u00e9rante associ\u00e9, mi-2025.<\/li>\n<\/ul>\n\n\n\n<p>La premi\u00e8re \u00e9tape consiste en un \u00ab&nbsp;lieu ressource parentalit\u00e9 itin\u00e9rant&nbsp;\u00bb, bas\u00e9 dans 5 communes cibles, sur 4 territoires prioritaires :<\/p>\n\n\n\n<ul class=\"wp-block-list\">\n<li>Le Pays Sostranien, le lundi \u00e0 la Souterraine,<\/li>\n\n\n\n<li>Marche Combraille en Aquitaine, le mardi \u00e0 Lavaveix-les-Mines et le jeudi \u00e0 Mainsat<\/li>\n\n\n\n<li>Creuse Confluence, le mercredi \u00e0 Boussac-Bourg<\/li>\n\n\n\n<li>et B\u00e9n\u00e9vent-Grand Bourg, le vendredi \u00e0 Ch\u00e2telus-le-Marcheix.<\/li>\n<\/ul>\n\n\n\n<p>Le projet a \u00e9t\u00e9 pens\u00e9 en concertation avec les acteurs locaux et souhaite poursuivre un travail de mise en r\u00e9seau avec les familles, le monde associatif, culturel, les partenaires sociaux et m\u00e9dico-sociaux. <strong>Il s\u2019inscrit ainsi dans le cadre des politiques nationales et locales de la Petite Enfance, de l\u2019Insertion et de la Lutte contre la Pauvret\u00e9<\/strong>. Ainsi, un financement a \u00e9t\u00e9 accord\u00e9 <strong>par la DDETSPP<\/strong> partenaire et financeur du projet, en compl\u00e9ment du financement de l\u2019UNAF, dans le cadre de l\u2019appel \u00e0 projet, et de la MSA dans le cadre de \u00ab&nbsp;grandir en milieu rural&nbsp;\u00bb.<\/p>\n\n\n\n<p>La seconde \u00e9tape d\u00e9pendra de la fr\u00e9quentation du lieu ressource, de ce qui est observ\u00e9 aupr\u00e8s des usagers et de ce qu\u2019ils expriment en mati\u00e8re de besoins de mode d\u2019accueil.<\/p>\n\n\n<div class=\"wp-block-image\">\n<figure class=\"aligncenter size-large\"><img loading=\"lazy\" decoding=\"async\" width=\"440\" height=\"330\" src=\"https:\/\/aliso.fr\/reseau\/wp-content\/uploads\/sites\/4\/2025\/05\/20250304_103111-440x330.jpg\" alt=\"\" class=\"wp-image-2999\" srcset=\"https:\/\/aliso.fr\/reseau\/wp-content\/uploads\/sites\/4\/2025\/05\/20250304_103111-440x330.jpg 440w, https:\/\/aliso.fr\/reseau\/wp-content\/uploads\/sites\/4\/2025\/05\/20250304_103111-253x190.jpg 253w, https:\/\/aliso.fr\/reseau\/wp-content\/uploads\/sites\/4\/2025\/05\/20250304_103111-768x576.jpg 768w, https:\/\/aliso.fr\/reseau\/wp-content\/uploads\/sites\/4\/2025\/05\/20250304_103111-1536x1152.jpg 1536w, https:\/\/aliso.fr\/reseau\/wp-content\/uploads\/sites\/4\/2025\/05\/20250304_103111-2048x1536.jpg 2048w, https:\/\/aliso.fr\/reseau\/wp-content\/uploads\/sites\/4\/2025\/05\/20250304_103111-1320x990.jpg 1320w\" sizes=\"auto, (max-width: 440px) 100vw, 440px\" \/><\/figure>\n<\/div>\n\n\n<p>&#8211; <strong><u>Apr\u00e8s qqs semaines d&rsquo;activit\u00e9, que pouvez-vous nous dire du lieu itin\u00e9rant de la parentalit\u00e9<\/u><\/strong> :<\/p>\n\n\n\n<p><strong>Que peuvent ils y trouver ?<\/strong><strong><\/strong><\/p>\n\n\n\n<p><a href=\"https:\/\/nuage.aliso.fr\/index.php\/s\/D2EsaGBD69TWY7x\" target=\"_blank\" rel=\"noreferrer noopener\">Cf affiche<\/a> pour les horaires et conditions d\u2019acc\u00e8s, et <a href=\"https:\/\/nuage.aliso.fr\/index.php\/s\/D2EsaGBD69TWY7x\" target=\"_blank\" rel=\"noreferrer noopener\">notice r\u00e9dig\u00e9e<\/a> \u00e0 l\u2019attention des partenaires pour le d\u00e9tail de ce que le service souhaite proposer aux usagers.<\/p>\n\n\n<div class=\"wp-block-image\">\n<figure class=\"aligncenter size-large\"><img loading=\"lazy\" decoding=\"async\" width=\"440\" height=\"330\" src=\"https:\/\/aliso.fr\/reseau\/wp-content\/uploads\/sites\/4\/2025\/05\/chasse-oeufs-3-440x330.jpg\" alt=\"\" class=\"wp-image-3002\" srcset=\"https:\/\/aliso.fr\/reseau\/wp-content\/uploads\/sites\/4\/2025\/05\/chasse-oeufs-3-440x330.jpg 440w, https:\/\/aliso.fr\/reseau\/wp-content\/uploads\/sites\/4\/2025\/05\/chasse-oeufs-3-253x190.jpg 253w, https:\/\/aliso.fr\/reseau\/wp-content\/uploads\/sites\/4\/2025\/05\/chasse-oeufs-3-768x576.jpg 768w, https:\/\/aliso.fr\/reseau\/wp-content\/uploads\/sites\/4\/2025\/05\/chasse-oeufs-3-1536x1152.jpg 1536w, https:\/\/aliso.fr\/reseau\/wp-content\/uploads\/sites\/4\/2025\/05\/chasse-oeufs-3-2048x1536.jpg 2048w, https:\/\/aliso.fr\/reseau\/wp-content\/uploads\/sites\/4\/2025\/05\/chasse-oeufs-3-1320x990.jpg 1320w\" sizes=\"auto, (max-width: 440px) 100vw, 440px\" \/><\/figure>\n<\/div>\n\n\n<p><strong>Comment les parents s&rsquo;en saisissent ?<\/strong><\/p>\n\n\n\n<p>En fonction des lieux, la fr\u00e9quentation est variable. Il faut que les familles rep\u00e8rent le service, osent venir voir. Les familles fragilis\u00e9e et isol\u00e9es sont souvent en retrait pour diverses raisons (craintes du contr\u00f4le, des jugements), elles ont de surcro\u00eet des difficult\u00e9s li\u00e9es \u00e0 la mobilit\u00e9. Dans le d\u00e9partement les zones tr\u00e8s rurales ne comportent pas ce type de service, donc il n\u2019y a pas d\u2019habitudes de recours (ni \u00e0 un lieu d\u2019accompagnement \u00e0 la parentalit\u00e9, ni parfois \u00e0 un mode de garde \u2013 les familles gardent parfois les enfants jusqu\u2019\u00e0 ce qu\u2019ils soient en \u00e2ge d\u2019\u00eatre scolaris\u00e9s). Certains le sont tr\u00e8s pr\u00e9cocement et pour d\u2019autres c\u2019est un choc de passer du foyer \u00e0 l\u2019\u00e9cole sans transition. Le besoin de r\u00e9pit parental (principalement maternel) est aussi ignor\u00e9 voire l\u2019objet de jugements. Il faut du temps pour s\u2019y autoriser et envisager de confier son enfant.<\/p>\n\n\n\n<p>Je remarque que les familles arrivant sur le territoire recherchent des lieux d\u2019accueil et de soutien \u00e0 la parentalit\u00e9 parce qu\u2019elles en ont fr\u00e9quent\u00e9 auparavant.<\/p>\n\n\n\n<p>Lorsque les familles ont franchi le pas de venir au lieu ressource parentalit\u00e9, elles reviennent r\u00e9guli\u00e8rement pour retrouver un temps o\u00f9 on n\u2019attend rien de particulier, juste du partage et du jeu.<\/p>\n\n\n\n<p>Certaines \u00e9changent leurs coordonn\u00e9es, se sont donn\u00e9es des rendez-vous en dehors.<\/p>\n\n\n\n<p>C\u2019est aussi un espace pour discuter de leur accouchement, pour trouver un mode d\u2019accueil, comparer leurs exp\u00e9riences.<\/p>\n\n\n\n<p><strong>Comment ont-ils connaissance de son existence&nbsp;?<\/strong><\/p>\n\n\n\n<p>J\u2019ai utilis\u00e9 plusieurs supports&nbsp;: affiches, flyers dans les \u00e9coles, mairies, associations, travailleurs m\u00e9dicaux-sociaux&nbsp;; articles dans la presse locale, radio locale&nbsp;; FB.<\/p>\n\n\n\n<p>Le \u00ab&nbsp;bouche \u00e0 oreille&nbsp;\u00bb fonctionne bien, notamment pour les parents qui n\u2019osent pas venir et viennent accompagn\u00e9s d\u2019une famille qui est d\u00e9j\u00e0 venue.<\/p>\n\n\n\n<p><strong>Quels retours que vous recevez par rapport \u00e0 cette nouveaut\u00e9 dans l&rsquo;environnement des Creusois, pouvez-vous nous partager ?<\/strong><\/p>\n\n\n\n<p>Lorsque je pr\u00e9sente le projet, chacun des partenaires y voit une opportunit\u00e9 pour les familles.<\/p>\n\n\n\n<p>Les \u00e9lus parce qu\u2019ils peuvent proposer un nouveau service \u00e0 leur population.<\/p>\n\n\n\n<p>Les \u00e9coles et cr\u00e8ches sont favorables \u00e0 la mise en place d\u2019espace de transitions qui pour le moment n\u2019existent pas.<\/p>\n\n\n\n<p>Les travailleurs m\u00e9dicaux-sociaux ont aussi vu dans le projet une opportunit\u00e9 d\u2019ouverture progressive des familles vers d\u2019autres horizons (cr\u00e8che, reprise d\u2019un emploi, rendez-vous m\u00e9dicaux, permis de conduire\u2026)<\/p>\n\n\n\n<p>Les familles touch\u00e9es par le handicap peuvent aussi b\u00e9n\u00e9ficier de temps en petit groupe pour leur enfant qui n\u2019a pas encore d\u2019aptitudes \u00e0 vivre en groupe une journ\u00e9e enti\u00e8re.<\/p>\n\n\n\n<p>Je peux faire du lien entre les familles et les partenaires au sens large.<\/p>\n\n\n<div class=\"wp-block-image\">\n<figure class=\"aligncenter size-large\"><img loading=\"lazy\" decoding=\"async\" width=\"248\" height=\"330\" src=\"https:\/\/aliso.fr\/reseau\/wp-content\/uploads\/sites\/4\/2025\/05\/20250214_115148-248x330.jpg\" alt=\"\" class=\"wp-image-3000\" srcset=\"https:\/\/aliso.fr\/reseau\/wp-content\/uploads\/sites\/4\/2025\/05\/20250214_115148-248x330.jpg 248w, https:\/\/aliso.fr\/reseau\/wp-content\/uploads\/sites\/4\/2025\/05\/20250214_115148-143x190.jpg 143w, https:\/\/aliso.fr\/reseau\/wp-content\/uploads\/sites\/4\/2025\/05\/20250214_115148-768x1024.jpg 768w, https:\/\/aliso.fr\/reseau\/wp-content\/uploads\/sites\/4\/2025\/05\/20250214_115148-300x400.jpg 300w, https:\/\/aliso.fr\/reseau\/wp-content\/uploads\/sites\/4\/2025\/05\/20250214_115148-1152x1536.jpg 1152w, https:\/\/aliso.fr\/reseau\/wp-content\/uploads\/sites\/4\/2025\/05\/20250214_115148-1536x2048.jpg 1536w, https:\/\/aliso.fr\/reseau\/wp-content\/uploads\/sites\/4\/2025\/05\/20250214_115148-1320x1760.jpg 1320w, https:\/\/aliso.fr\/reseau\/wp-content\/uploads\/sites\/4\/2025\/05\/20250214_115148-scaled.jpg 1920w\" sizes=\"auto, (max-width: 248px) 100vw, 248px\" \/><\/figure>\n<\/div>\n\n\n<p><strong>&#8211; Y a-t-il un message que vous voudriez passer au r\u00e9seau ALISO ? une info ?<\/strong><\/p>\n\n\n\n<p>Sur certains lieux il y a un nombre de familles suffisant pour faire vivre le groupe et assurer une mixit\u00e9 et une socialisation, des \u00e9changes (Lavaveix-les-Mines est un espace tr\u00e8s fr\u00e9quent\u00e9). Sur d\u2019autres lieux, j\u2019ai une \u00e0 deux familles r\u00e9guli\u00e8res, mais pas de r\u00e9el groupe pour l\u2019instant. J\u2019ai donc besoin de chacun des partenaires pour diffuser l\u2019information au maximum sur leurs r\u00e9seaux, voire accompagner des familles vers le lieu, une fois ou deux, pour faire connaissance et pouvoir revenir seuls ensuite. Cet accompagnement est essentiel pour que les publics vis\u00e9s puissent tester s\u2019il y a un int\u00e9r\u00eat pour eux \u00e0 fr\u00e9quenter ce type de structure.<\/p>\n\n\n\n<p>Je pense aussi proposer des temps un peu plus \u00ab&nbsp;th\u00e9matiques&nbsp;\u00bb comme \u00ab&nbsp;pr\u00e9texte \u00e0 venir&nbsp;\u00bb, autour de la motricit\u00e9, la sant\u00e9, l\u2019\u00e9ducation, la lecture, et ces moments peuvent \u00eatre partag\u00e9s avec d\u2019autres associations pour guider les publics vers le lieu ressource. Donc, il ne faut pas h\u00e9siter \u00e0 me contacter quand vous organisez un \u00e9v\u00e8nement pour que je vous donne des flyers, que je vienne ou que vous veniez me rencontrer.<\/p>\n\n\n<div class=\"wp-block-image\">\n<figure class=\"aligncenter size-large\"><img loading=\"lazy\" decoding=\"async\" width=\"440\" height=\"330\" src=\"https:\/\/aliso.fr\/reseau\/wp-content\/uploads\/sites\/4\/2025\/05\/jeux3-440x330.jpg\" alt=\"\" class=\"wp-image-3001\" srcset=\"https:\/\/aliso.fr\/reseau\/wp-content\/uploads\/sites\/4\/2025\/05\/jeux3-440x330.jpg 440w, https:\/\/aliso.fr\/reseau\/wp-content\/uploads\/sites\/4\/2025\/05\/jeux3-253x190.jpg 253w, https:\/\/aliso.fr\/reseau\/wp-content\/uploads\/sites\/4\/2025\/05\/jeux3-768x576.jpg 768w, https:\/\/aliso.fr\/reseau\/wp-content\/uploads\/sites\/4\/2025\/05\/jeux3-1536x1152.jpg 1536w, https:\/\/aliso.fr\/reseau\/wp-content\/uploads\/sites\/4\/2025\/05\/jeux3-2048x1536.jpg 2048w, https:\/\/aliso.fr\/reseau\/wp-content\/uploads\/sites\/4\/2025\/05\/jeux3-1320x990.jpg 1320w\" sizes=\"auto, (max-width: 440px) 100vw, 440px\" \/><\/figure>\n<\/div>\n\n\n<p><a href=\"http:\/\/www.udaf23.fr\/\" target=\"_blank\" rel=\"noreferrer noopener\">www.udaf23.fr<\/a><\/p>\n\n\n\n<figure class=\"wp-block-image size-full\"><img loading=\"lazy\" decoding=\"async\" width=\"310\" height=\"170\" src=\"https:\/\/aliso.fr\/reseau\/wp-content\/uploads\/sites\/4\/2025\/05\/image.png\" alt=\"\" class=\"wp-image-2995\" srcset=\"https:\/\/aliso.fr\/reseau\/wp-content\/uploads\/sites\/4\/2025\/05\/image.png 310w, https:\/\/aliso.fr\/reseau\/wp-content\/uploads\/sites\/4\/2025\/05\/image-300x165.png 300w\" sizes=\"auto, (max-width: 310px) 100vw, 310px\" \/><\/figure>\n","protected":false},"excerpt":{"rendered":"<p>S\u00e9verine, \u00e9ducatrice de jeunes enfants nous pr\u00e9sente le nouveau service petite-enfance de l&rsquo;UDAF, dont elle est salari\u00e9e, qui a la particularit\u00e9 de fonctionner en itin\u00e9rance sur l&rsquo;ensemble du d\u00e9partement&#8230;Elle nous raconte l&rsquo;origine de ce projet, comment il se d\u00e9roule et comment le r\u00e9seau peut s&rsquo;en saisir et contribuer \u00e0 sa mise en oeuvre et son&#8230; <a class=\"excerpt-read-more button\" href=\"https:\/\/aliso.fr\/reseau\/ludaf-et-son-lieu-ressource-de-la-parentalite\/\" title=\"ReadL&rsquo;UDAF et son lieu ressource de la parentalit\u00e9\">En savoir plus &raquo;<\/a><\/p>\n","protected":false},"author":3,"featured_media":2996,"comment_status":"closed","ping_status":"open","sticky":false,"template":"","format":"standard","meta":{"footnotes":""},"categories":[3],"tags":[],"class_list":["post-2994","post","type-post","status-publish","format-standard","has-post-thumbnail","hentry","category-actualite"],"yoast_head":"<!-- This site is optimized with the Yoast SEO plugin v27.4 - https:\/\/yoast.com\/product\/yoast-seo-wordpress\/ -->\n<title>L&#039;UDAF et son lieu ressource de la parentalit\u00e9 - Aliso R\u00e9seau<\/title>\n<meta name=\"robots\" content=\"index, follow, max-snippet:-1, max-image-preview:large, max-video-preview:-1\" \/>\n<link rel=\"canonical\" href=\"https:\/\/aliso.fr\/reseau\/ludaf-et-son-lieu-ressource-de-la-parentalite\/\" \/>\n<meta property=\"og:locale\" content=\"fr_FR\" \/>\n<meta property=\"og:type\" content=\"article\" \/>\n<meta property=\"og:title\" content=\"L&#039;UDAF et son lieu ressource de la parentalit\u00e9 - Aliso R\u00e9seau\" \/>\n<meta property=\"og:description\" content=\"S\u00e9verine, \u00e9ducatrice de jeunes enfants nous pr\u00e9sente le nouveau service petite-enfance de l&rsquo;UDAF, dont elle est salari\u00e9e, qui a la particularit\u00e9 de fonctionner en itin\u00e9rance sur l&rsquo;ensemble du d\u00e9partement&#8230;Elle nous raconte l&rsquo;origine de ce projet, comment il se d\u00e9roule et comment le r\u00e9seau peut s&rsquo;en saisir et contribuer \u00e0 sa mise en oeuvre et son... En savoir plus &raquo;\" \/>\n<meta property=\"og:url\" content=\"https:\/\/aliso.fr\/reseau\/ludaf-et-son-lieu-ressource-de-la-parentalite\/\" \/>\n<meta property=\"og:site_name\" content=\"Aliso R\u00e9seau\" \/>\n<meta property=\"article:published_time\" content=\"2025-05-20T08:05:04+00:00\" \/>\n<meta property=\"article:modified_time\" content=\"2025-05-20T08:05:05+00:00\" \/>\n<meta property=\"og:image\" content=\"https:\/\/aliso.fr\/reseau\/wp-content\/uploads\/sites\/4\/2025\/05\/20250218_095107-scaled.jpg\" \/>\n\t<meta property=\"og:image:width\" content=\"2560\" \/>\n\t<meta property=\"og:image:height\" content=\"1920\" \/>\n\t<meta property=\"og:image:type\" content=\"image\/jpeg\" \/>\n<meta name=\"author\" content=\"laure\" \/>\n<meta name=\"twitter:card\" content=\"summary_large_image\" \/>\n<script type=\"application\/ld+json\" class=\"yoast-schema-graph\">{\"@context\":\"https:\\\/\\\/schema.org\",\"@graph\":[{\"@type\":\"Article\",\"@id\":\"https:\\\/\\\/aliso.fr\\\/reseau\\\/ludaf-et-son-lieu-ressource-de-la-parentalite\\\/#article\",\"isPartOf\":{\"@id\":\"https:\\\/\\\/aliso.fr\\\/reseau\\\/ludaf-et-son-lieu-ressource-de-la-parentalite\\\/\"},\"author\":{\"name\":\"laure\",\"@id\":\"https:\\\/\\\/aliso.fr\\\/reseau\\\/#\\\/schema\\\/person\\\/056af145b9c52eee21a9f739489104a5\"},\"headline\":\"L&rsquo;UDAF et son lieu ressource de la parentalit\u00e9\",\"datePublished\":\"2025-05-20T08:05:04+00:00\",\"dateModified\":\"2025-05-20T08:05:05+00:00\",\"mainEntityOfPage\":{\"@id\":\"https:\\\/\\\/aliso.fr\\\/reseau\\\/ludaf-et-son-lieu-ressource-de-la-parentalite\\\/\"},\"wordCount\":1487,\"publisher\":{\"@id\":\"https:\\\/\\\/aliso.fr\\\/reseau\\\/#organization\"},\"image\":{\"@id\":\"https:\\\/\\\/aliso.fr\\\/reseau\\\/ludaf-et-son-lieu-ressource-de-la-parentalite\\\/#primaryimage\"},\"thumbnailUrl\":\"https:\\\/\\\/aliso.fr\\\/reseau\\\/wp-content\\\/uploads\\\/sites\\\/4\\\/2025\\\/05\\\/20250218_095107-scaled.jpg\",\"articleSection\":[\"Actualit\u00e9\"],\"inLanguage\":\"fr-FR\"},{\"@type\":\"WebPage\",\"@id\":\"https:\\\/\\\/aliso.fr\\\/reseau\\\/ludaf-et-son-lieu-ressource-de-la-parentalite\\\/\",\"url\":\"https:\\\/\\\/aliso.fr\\\/reseau\\\/ludaf-et-son-lieu-ressource-de-la-parentalite\\\/\",\"name\":\"L'UDAF et son lieu ressource de la parentalit\u00e9 - Aliso R\u00e9seau\",\"isPartOf\":{\"@id\":\"https:\\\/\\\/aliso.fr\\\/reseau\\\/#website\"},\"primaryImageOfPage\":{\"@id\":\"https:\\\/\\\/aliso.fr\\\/reseau\\\/ludaf-et-son-lieu-ressource-de-la-parentalite\\\/#primaryimage\"},\"image\":{\"@id\":\"https:\\\/\\\/aliso.fr\\\/reseau\\\/ludaf-et-son-lieu-ressource-de-la-parentalite\\\/#primaryimage\"},\"thumbnailUrl\":\"https:\\\/\\\/aliso.fr\\\/reseau\\\/wp-content\\\/uploads\\\/sites\\\/4\\\/2025\\\/05\\\/20250218_095107-scaled.jpg\",\"datePublished\":\"2025-05-20T08:05:04+00:00\",\"dateModified\":\"2025-05-20T08:05:05+00:00\",\"breadcrumb\":{\"@id\":\"https:\\\/\\\/aliso.fr\\\/reseau\\\/ludaf-et-son-lieu-ressource-de-la-parentalite\\\/#breadcrumb\"},\"inLanguage\":\"fr-FR\",\"potentialAction\":[{\"@type\":\"ReadAction\",\"target\":[\"https:\\\/\\\/aliso.fr\\\/reseau\\\/ludaf-et-son-lieu-ressource-de-la-parentalite\\\/\"]}]},{\"@type\":\"ImageObject\",\"inLanguage\":\"fr-FR\",\"@id\":\"https:\\\/\\\/aliso.fr\\\/reseau\\\/ludaf-et-son-lieu-ressource-de-la-parentalite\\\/#primaryimage\",\"url\":\"https:\\\/\\\/aliso.fr\\\/reseau\\\/wp-content\\\/uploads\\\/sites\\\/4\\\/2025\\\/05\\\/20250218_095107-scaled.jpg\",\"contentUrl\":\"https:\\\/\\\/aliso.fr\\\/reseau\\\/wp-content\\\/uploads\\\/sites\\\/4\\\/2025\\\/05\\\/20250218_095107-scaled.jpg\",\"width\":2560,\"height\":1920},{\"@type\":\"BreadcrumbList\",\"@id\":\"https:\\\/\\\/aliso.fr\\\/reseau\\\/ludaf-et-son-lieu-ressource-de-la-parentalite\\\/#breadcrumb\",\"itemListElement\":[{\"@type\":\"ListItem\",\"position\":1,\"name\":\"Accueil\",\"item\":\"https:\\\/\\\/aliso.fr\\\/reseau\\\/\"},{\"@type\":\"ListItem\",\"position\":2,\"name\":\"Actualit\u00e9\",\"item\":\"https:\\\/\\\/aliso.fr\\\/reseau\\\/actualite\\\/\"},{\"@type\":\"ListItem\",\"position\":3,\"name\":\"L&rsquo;UDAF et son lieu ressource de la parentalit\u00e9\"}]},{\"@type\":\"WebSite\",\"@id\":\"https:\\\/\\\/aliso.fr\\\/reseau\\\/#website\",\"url\":\"https:\\\/\\\/aliso.fr\\\/reseau\\\/\",\"name\":\"Aliso R\u00e9seau\",\"description\":\"R\u00e9seau Creusois des acteurs du lien social\",\"publisher\":{\"@id\":\"https:\\\/\\\/aliso.fr\\\/reseau\\\/#organization\"},\"potentialAction\":[{\"@type\":\"SearchAction\",\"target\":{\"@type\":\"EntryPoint\",\"urlTemplate\":\"https:\\\/\\\/aliso.fr\\\/reseau\\\/?s={search_term_string}\"},\"query-input\":{\"@type\":\"PropertyValueSpecification\",\"valueRequired\":true,\"valueName\":\"search_term_string\"}}],\"inLanguage\":\"fr-FR\"},{\"@type\":\"Organization\",\"@id\":\"https:\\\/\\\/aliso.fr\\\/reseau\\\/#organization\",\"name\":\"Aliso R\u00e9seau\",\"url\":\"https:\\\/\\\/aliso.fr\\\/reseau\\\/\",\"logo\":{\"@type\":\"ImageObject\",\"inLanguage\":\"fr-FR\",\"@id\":\"https:\\\/\\\/aliso.fr\\\/reseau\\\/#\\\/schema\\\/logo\\\/image\\\/\",\"url\":\"https:\\\/\\\/aliso.fr\\\/reseau\\\/wp-content\\\/uploads\\\/sites\\\/4\\\/2022\\\/01\\\/Logo-ALISO-Reseau-2.png\",\"contentUrl\":\"https:\\\/\\\/aliso.fr\\\/reseau\\\/wp-content\\\/uploads\\\/sites\\\/4\\\/2022\\\/01\\\/Logo-ALISO-Reseau-2.png\",\"width\":900,\"height\":970,\"caption\":\"Aliso R\u00e9seau\"},\"image\":{\"@id\":\"https:\\\/\\\/aliso.fr\\\/reseau\\\/#\\\/schema\\\/logo\\\/image\\\/\"}},{\"@type\":\"Person\",\"@id\":\"https:\\\/\\\/aliso.fr\\\/reseau\\\/#\\\/schema\\\/person\\\/056af145b9c52eee21a9f739489104a5\",\"name\":\"laure\"}]}<\/script>\n<!-- \/ Yoast SEO plugin. -->","yoast_head_json":{"title":"L'UDAF et son lieu ressource de la parentalit\u00e9 - Aliso R\u00e9seau","robots":{"index":"index","follow":"follow","max-snippet":"max-snippet:-1","max-image-preview":"max-image-preview:large","max-video-preview":"max-video-preview:-1"},"canonical":"https:\/\/aliso.fr\/reseau\/ludaf-et-son-lieu-ressource-de-la-parentalite\/","og_locale":"fr_FR","og_type":"article","og_title":"L'UDAF et son lieu ressource de la parentalit\u00e9 - Aliso R\u00e9seau","og_description":"S\u00e9verine, \u00e9ducatrice de jeunes enfants nous pr\u00e9sente le nouveau service petite-enfance de l&rsquo;UDAF, dont elle est salari\u00e9e, qui a la particularit\u00e9 de fonctionner en itin\u00e9rance sur l&rsquo;ensemble du d\u00e9partement&#8230;Elle nous raconte l&rsquo;origine de ce projet, comment il se d\u00e9roule et comment le r\u00e9seau peut s&rsquo;en saisir et contribuer \u00e0 sa mise en oeuvre et son... En savoir plus &raquo;","og_url":"https:\/\/aliso.fr\/reseau\/ludaf-et-son-lieu-ressource-de-la-parentalite\/","og_site_name":"Aliso R\u00e9seau","article_published_time":"2025-05-20T08:05:04+00:00","article_modified_time":"2025-05-20T08:05:05+00:00","og_image":[{"width":2560,"height":1920,"url":"https:\/\/aliso.fr\/reseau\/wp-content\/uploads\/sites\/4\/2025\/05\/20250218_095107-scaled.jpg","type":"image\/jpeg"}],"author":"laure","twitter_card":"summary_large_image","schema":{"@context":"https:\/\/schema.org","@graph":[{"@type":"Article","@id":"https:\/\/aliso.fr\/reseau\/ludaf-et-son-lieu-ressource-de-la-parentalite\/#article","isPartOf":{"@id":"https:\/\/aliso.fr\/reseau\/ludaf-et-son-lieu-ressource-de-la-parentalite\/"},"author":{"name":"laure","@id":"https:\/\/aliso.fr\/reseau\/#\/schema\/person\/056af145b9c52eee21a9f739489104a5"},"headline":"L&rsquo;UDAF et son lieu ressource de la parentalit\u00e9","datePublished":"2025-05-20T08:05:04+00:00","dateModified":"2025-05-20T08:05:05+00:00","mainEntityOfPage":{"@id":"https:\/\/aliso.fr\/reseau\/ludaf-et-son-lieu-ressource-de-la-parentalite\/"},"wordCount":1487,"publisher":{"@id":"https:\/\/aliso.fr\/reseau\/#organization"},"image":{"@id":"https:\/\/aliso.fr\/reseau\/ludaf-et-son-lieu-ressource-de-la-parentalite\/#primaryimage"},"thumbnailUrl":"https:\/\/aliso.fr\/reseau\/wp-content\/uploads\/sites\/4\/2025\/05\/20250218_095107-scaled.jpg","articleSection":["Actualit\u00e9"],"inLanguage":"fr-FR"},{"@type":"WebPage","@id":"https:\/\/aliso.fr\/reseau\/ludaf-et-son-lieu-ressource-de-la-parentalite\/","url":"https:\/\/aliso.fr\/reseau\/ludaf-et-son-lieu-ressource-de-la-parentalite\/","name":"L'UDAF et son lieu ressource de la parentalit\u00e9 - Aliso R\u00e9seau","isPartOf":{"@id":"https:\/\/aliso.fr\/reseau\/#website"},"primaryImageOfPage":{"@id":"https:\/\/aliso.fr\/reseau\/ludaf-et-son-lieu-ressource-de-la-parentalite\/#primaryimage"},"image":{"@id":"https:\/\/aliso.fr\/reseau\/ludaf-et-son-lieu-ressource-de-la-parentalite\/#primaryimage"},"thumbnailUrl":"https:\/\/aliso.fr\/reseau\/wp-content\/uploads\/sites\/4\/2025\/05\/20250218_095107-scaled.jpg","datePublished":"2025-05-20T08:05:04+00:00","dateModified":"2025-05-20T08:05:05+00:00","breadcrumb":{"@id":"https:\/\/aliso.fr\/reseau\/ludaf-et-son-lieu-ressource-de-la-parentalite\/#breadcrumb"},"inLanguage":"fr-FR","potentialAction":[{"@type":"ReadAction","target":["https:\/\/aliso.fr\/reseau\/ludaf-et-son-lieu-ressource-de-la-parentalite\/"]}]},{"@type":"ImageObject","inLanguage":"fr-FR","@id":"https:\/\/aliso.fr\/reseau\/ludaf-et-son-lieu-ressource-de-la-parentalite\/#primaryimage","url":"https:\/\/aliso.fr\/reseau\/wp-content\/uploads\/sites\/4\/2025\/05\/20250218_095107-scaled.jpg","contentUrl":"https:\/\/aliso.fr\/reseau\/wp-content\/uploads\/sites\/4\/2025\/05\/20250218_095107-scaled.jpg","width":2560,"height":1920},{"@type":"BreadcrumbList","@id":"https:\/\/aliso.fr\/reseau\/ludaf-et-son-lieu-ressource-de-la-parentalite\/#breadcrumb","itemListElement":[{"@type":"ListItem","position":1,"name":"Accueil","item":"https:\/\/aliso.fr\/reseau\/"},{"@type":"ListItem","position":2,"name":"Actualit\u00e9","item":"https:\/\/aliso.fr\/reseau\/actualite\/"},{"@type":"ListItem","position":3,"name":"L&rsquo;UDAF et son lieu ressource de la parentalit\u00e9"}]},{"@type":"WebSite","@id":"https:\/\/aliso.fr\/reseau\/#website","url":"https:\/\/aliso.fr\/reseau\/","name":"Aliso R\u00e9seau","description":"R\u00e9seau Creusois des acteurs du lien social","publisher":{"@id":"https:\/\/aliso.fr\/reseau\/#organization"},"potentialAction":[{"@type":"SearchAction","target":{"@type":"EntryPoint","urlTemplate":"https:\/\/aliso.fr\/reseau\/?s={search_term_string}"},"query-input":{"@type":"PropertyValueSpecification","valueRequired":true,"valueName":"search_term_string"}}],"inLanguage":"fr-FR"},{"@type":"Organization","@id":"https:\/\/aliso.fr\/reseau\/#organization","name":"Aliso R\u00e9seau","url":"https:\/\/aliso.fr\/reseau\/","logo":{"@type":"ImageObject","inLanguage":"fr-FR","@id":"https:\/\/aliso.fr\/reseau\/#\/schema\/logo\/image\/","url":"https:\/\/aliso.fr\/reseau\/wp-content\/uploads\/sites\/4\/2022\/01\/Logo-ALISO-Reseau-2.png","contentUrl":"https:\/\/aliso.fr\/reseau\/wp-content\/uploads\/sites\/4\/2022\/01\/Logo-ALISO-Reseau-2.png","width":900,"height":970,"caption":"Aliso R\u00e9seau"},"image":{"@id":"https:\/\/aliso.fr\/reseau\/#\/schema\/logo\/image\/"}},{"@type":"Person","@id":"https:\/\/aliso.fr\/reseau\/#\/schema\/person\/056af145b9c52eee21a9f739489104a5","name":"laure"}]}},"_links":{"self":[{"href":"https:\/\/aliso.fr\/reseau\/wp-json\/wp\/v2\/posts\/2994","targetHints":{"allow":["GET"]}}],"collection":[{"href":"https:\/\/aliso.fr\/reseau\/wp-json\/wp\/v2\/posts"}],"about":[{"href":"https:\/\/aliso.fr\/reseau\/wp-json\/wp\/v2\/types\/post"}],"author":[{"embeddable":true,"href":"https:\/\/aliso.fr\/reseau\/wp-json\/wp\/v2\/users\/3"}],"replies":[{"embeddable":true,"href":"https:\/\/aliso.fr\/reseau\/wp-json\/wp\/v2\/comments?post=2994"}],"version-history":[{"count":1,"href":"https:\/\/aliso.fr\/reseau\/wp-json\/wp\/v2\/posts\/2994\/revisions"}],"predecessor-version":[{"id":3003,"href":"https:\/\/aliso.fr\/reseau\/wp-json\/wp\/v2\/posts\/2994\/revisions\/3003"}],"wp:featuredmedia":[{"embeddable":true,"href":"https:\/\/aliso.fr\/reseau\/wp-json\/wp\/v2\/media\/2996"}],"wp:attachment":[{"href":"https:\/\/aliso.fr\/reseau\/wp-json\/wp\/v2\/media?parent=2994"}],"wp:term":[{"taxonomy":"category","embeddable":true,"href":"https:\/\/aliso.fr\/reseau\/wp-json\/wp\/v2\/categories?post=2994"},{"taxonomy":"post_tag","embeddable":true,"href":"https:\/\/aliso.fr\/reseau\/wp-json\/wp\/v2\/tags?post=2994"}],"curies":[{"name":"wp","href":"https:\/\/api.w.org\/{rel}","templated":true}]}}