{"id":3006,"date":"2025-05-20T10:17:36","date_gmt":"2025-05-20T08:17:36","guid":{"rendered":"https:\/\/aliso.fr\/reseau\/?p=3006"},"modified":"2025-05-20T10:17:37","modified_gmt":"2025-05-20T08:17:37","slug":"etude-en-sud-creuse","status":"publish","type":"post","link":"https:\/\/aliso.fr\/reseau\/etude-en-sud-creuse\/","title":{"rendered":"ETUDE EN SUD CREUSE"},"content":{"rendered":"\n<p>Contact\u00e9e dans le cadre d\u2019une \u00e9tude dont l\u2019objectif est d\u2019analyser les trajectoires r\u00e9sidentielles des habitants de milieux ruraux et la fa\u00e7on dont ils couvrent leurs besoins du quotidien (commerces, sant\u00e9, \u00e9ducation, emploi&#8230;), ALISO vous invite \u00e0 participer&#8230;<br><br>Sur les conseils de Boucha\u00efb Khallouky, chef d\u2019antenne de la Creuse pour la R\u00e9gion Nouvelle-Aquitaine, Marion RIVES, charg\u00e9e d\u2019\u00e9tudes et d\u2019\u00e9valuations de la<br>Direction de l\u2019Intelligence Territoriale, de l\u2019Evaluation et de la Prospective, au&nbsp;<br>P\u00f4le DATAR a sollicit\u00e9 ALISO pour sa connaissance du territoire, en particulier sur le sujet des jeunes.<\/p>\n\n\n\n<p><br>L\u2019\u00e9tude, men\u00e9e dans le cadre d\u2019un partenariat entre des chercheurs de l\u2019Universit\u00e9 de Bordeaux, les deux agences d\u2019urbanisme n\u00e9o-aquitaines (A\u2019Urba et AUDAP) et le service Etudes de la R\u00e9gion Nouvelle-Aquitaine, comprend trois terrains, dont le sud creusois. Des entretiens avec des acteurs locaux, des \u00e9lus et des habitants vont \u00eatre r\u00e9alis\u00e9s jusqu\u2019au mois de juin.<\/p>\n\n\n<div class=\"wp-block-image\">\n<figure class=\"aligncenter size-large is-resized\"><img loading=\"lazy\" decoding=\"async\" width=\"229\" height=\"330\" src=\"https:\/\/aliso.fr\/reseau\/wp-content\/uploads\/sites\/4\/2025\/05\/Capture-decran-2025-05-20-101635-229x330.png\" alt=\"\" class=\"wp-image-3008\" style=\"width:369px;height:auto\" srcset=\"https:\/\/aliso.fr\/reseau\/wp-content\/uploads\/sites\/4\/2025\/05\/Capture-decran-2025-05-20-101635-229x330.png 229w, https:\/\/aliso.fr\/reseau\/wp-content\/uploads\/sites\/4\/2025\/05\/Capture-decran-2025-05-20-101635-132x190.png 132w, https:\/\/aliso.fr\/reseau\/wp-content\/uploads\/sites\/4\/2025\/05\/Capture-decran-2025-05-20-101635.png 481w\" sizes=\"auto, (max-width: 229px) 100vw, 229px\" \/><\/figure>\n<\/div>","protected":false},"excerpt":{"rendered":"<p>Contact\u00e9e dans le cadre d\u2019une \u00e9tude dont l\u2019objectif est d\u2019analyser les trajectoires r\u00e9sidentielles des habitants de milieux ruraux et la fa\u00e7on dont ils couvrent leurs besoins du quotidien (commerces, sant\u00e9, \u00e9ducation, emploi&#8230;), ALISO vous invite \u00e0 participer&#8230; Sur les conseils de Boucha\u00efb Khallouky, chef d\u2019antenne de la Creuse pour la R\u00e9gion Nouvelle-Aquitaine, Marion RIVES, charg\u00e9e&#8230; <a class=\"excerpt-read-more button\" href=\"https:\/\/aliso.fr\/reseau\/etude-en-sud-creuse\/\" title=\"ReadETUDE EN SUD CREUSE\">En savoir plus &raquo;<\/a><\/p>\n","protected":false},"author":3,"featured_media":3008,"comment_status":"closed","ping_status":"open","sticky":false,"template":"","format":"standard","meta":{"footnotes":""},"categories":[3],"tags":[],"class_list":["post-3006","post","type-post","status-publish","format-standard","has-post-thumbnail","hentry","category-actualite"],"yoast_head":"<!-- This site is optimized with the Yoast SEO plugin v27.4 - https:\/\/yoast.com\/product\/yoast-seo-wordpress\/ -->\n<title>ETUDE EN SUD CREUSE - Aliso R\u00e9seau<\/title>\n<meta name=\"robots\" content=\"index, follow, max-snippet:-1, max-image-preview:large, max-video-preview:-1\" \/>\n<link rel=\"canonical\" href=\"https:\/\/aliso.fr\/reseau\/etude-en-sud-creuse\/\" \/>\n<meta property=\"og:locale\" content=\"fr_FR\" \/>\n<meta property=\"og:type\" content=\"article\" \/>\n<meta property=\"og:title\" content=\"ETUDE EN SUD CREUSE - Aliso R\u00e9seau\" \/>\n<meta property=\"og:description\" content=\"Contact\u00e9e dans le cadre d\u2019une \u00e9tude dont l\u2019objectif est d\u2019analyser les trajectoires r\u00e9sidentielles des habitants de milieux ruraux et la fa\u00e7on dont ils couvrent leurs besoins du quotidien (commerces, sant\u00e9, \u00e9ducation, emploi&#8230;), ALISO vous invite \u00e0 participer&#8230; Sur les conseils de Boucha\u00efb Khallouky, chef d\u2019antenne de la Creuse pour la R\u00e9gion Nouvelle-Aquitaine, Marion RIVES, charg\u00e9e... En savoir plus &raquo;\" \/>\n<meta property=\"og:url\" content=\"https:\/\/aliso.fr\/reseau\/etude-en-sud-creuse\/\" \/>\n<meta property=\"og:site_name\" content=\"Aliso R\u00e9seau\" \/>\n<meta property=\"article:published_time\" content=\"2025-05-20T08:17:36+00:00\" \/>\n<meta property=\"article:modified_time\" content=\"2025-05-20T08:17:37+00:00\" \/>\n<meta property=\"og:image\" content=\"https:\/\/aliso.fr\/reseau\/wp-content\/uploads\/sites\/4\/2025\/05\/Capture-decran-2025-05-20-101635.png\" \/>\n\t<meta property=\"og:image:width\" content=\"481\" \/>\n\t<meta property=\"og:image:height\" content=\"694\" \/>\n\t<meta property=\"og:image:type\" content=\"image\/png\" \/>\n<meta name=\"author\" content=\"laure\" \/>\n<meta name=\"twitter:card\" content=\"summary_large_image\" \/>\n<script type=\"application\/ld+json\" class=\"yoast-schema-graph\">{\"@context\":\"https:\\\/\\\/schema.org\",\"@graph\":[{\"@type\":\"Article\",\"@id\":\"https:\\\/\\\/aliso.fr\\\/reseau\\\/etude-en-sud-creuse\\\/#article\",\"isPartOf\":{\"@id\":\"https:\\\/\\\/aliso.fr\\\/reseau\\\/etude-en-sud-creuse\\\/\"},\"author\":{\"name\":\"laure\",\"@id\":\"https:\\\/\\\/aliso.fr\\\/reseau\\\/#\\\/schema\\\/person\\\/056af145b9c52eee21a9f739489104a5\"},\"headline\":\"ETUDE EN SUD CREUSE\",\"datePublished\":\"2025-05-20T08:17:36+00:00\",\"dateModified\":\"2025-05-20T08:17:37+00:00\",\"mainEntityOfPage\":{\"@id\":\"https:\\\/\\\/aliso.fr\\\/reseau\\\/etude-en-sud-creuse\\\/\"},\"wordCount\":172,\"publisher\":{\"@id\":\"https:\\\/\\\/aliso.fr\\\/reseau\\\/#organization\"},\"image\":{\"@id\":\"https:\\\/\\\/aliso.fr\\\/reseau\\\/etude-en-sud-creuse\\\/#primaryimage\"},\"thumbnailUrl\":\"https:\\\/\\\/aliso.fr\\\/reseau\\\/wp-content\\\/uploads\\\/sites\\\/4\\\/2025\\\/05\\\/Capture-decran-2025-05-20-101635.png\",\"articleSection\":[\"Actualit\u00e9\"],\"inLanguage\":\"fr-FR\"},{\"@type\":\"WebPage\",\"@id\":\"https:\\\/\\\/aliso.fr\\\/reseau\\\/etude-en-sud-creuse\\\/\",\"url\":\"https:\\\/\\\/aliso.fr\\\/reseau\\\/etude-en-sud-creuse\\\/\",\"name\":\"ETUDE EN SUD CREUSE - Aliso R\u00e9seau\",\"isPartOf\":{\"@id\":\"https:\\\/\\\/aliso.fr\\\/reseau\\\/#website\"},\"primaryImageOfPage\":{\"@id\":\"https:\\\/\\\/aliso.fr\\\/reseau\\\/etude-en-sud-creuse\\\/#primaryimage\"},\"image\":{\"@id\":\"https:\\\/\\\/aliso.fr\\\/reseau\\\/etude-en-sud-creuse\\\/#primaryimage\"},\"thumbnailUrl\":\"https:\\\/\\\/aliso.fr\\\/reseau\\\/wp-content\\\/uploads\\\/sites\\\/4\\\/2025\\\/05\\\/Capture-decran-2025-05-20-101635.png\",\"datePublished\":\"2025-05-20T08:17:36+00:00\",\"dateModified\":\"2025-05-20T08:17:37+00:00\",\"breadcrumb\":{\"@id\":\"https:\\\/\\\/aliso.fr\\\/reseau\\\/etude-en-sud-creuse\\\/#breadcrumb\"},\"inLanguage\":\"fr-FR\",\"potentialAction\":[{\"@type\":\"ReadAction\",\"target\":[\"https:\\\/\\\/aliso.fr\\\/reseau\\\/etude-en-sud-creuse\\\/\"]}]},{\"@type\":\"ImageObject\",\"inLanguage\":\"fr-FR\",\"@id\":\"https:\\\/\\\/aliso.fr\\\/reseau\\\/etude-en-sud-creuse\\\/#primaryimage\",\"url\":\"https:\\\/\\\/aliso.fr\\\/reseau\\\/wp-content\\\/uploads\\\/sites\\\/4\\\/2025\\\/05\\\/Capture-decran-2025-05-20-101635.png\",\"contentUrl\":\"https:\\\/\\\/aliso.fr\\\/reseau\\\/wp-content\\\/uploads\\\/sites\\\/4\\\/2025\\\/05\\\/Capture-decran-2025-05-20-101635.png\",\"width\":481,\"height\":694},{\"@type\":\"BreadcrumbList\",\"@id\":\"https:\\\/\\\/aliso.fr\\\/reseau\\\/etude-en-sud-creuse\\\/#breadcrumb\",\"itemListElement\":[{\"@type\":\"ListItem\",\"position\":1,\"name\":\"Accueil\",\"item\":\"https:\\\/\\\/aliso.fr\\\/reseau\\\/\"},{\"@type\":\"ListItem\",\"position\":2,\"name\":\"Actualit\u00e9\",\"item\":\"https:\\\/\\\/aliso.fr\\\/reseau\\\/actualite\\\/\"},{\"@type\":\"ListItem\",\"position\":3,\"name\":\"ETUDE EN SUD CREUSE\"}]},{\"@type\":\"WebSite\",\"@id\":\"https:\\\/\\\/aliso.fr\\\/reseau\\\/#website\",\"url\":\"https:\\\/\\\/aliso.fr\\\/reseau\\\/\",\"name\":\"Aliso R\u00e9seau\",\"description\":\"R\u00e9seau Creusois des acteurs du lien social\",\"publisher\":{\"@id\":\"https:\\\/\\\/aliso.fr\\\/reseau\\\/#organization\"},\"potentialAction\":[{\"@type\":\"SearchAction\",\"target\":{\"@type\":\"EntryPoint\",\"urlTemplate\":\"https:\\\/\\\/aliso.fr\\\/reseau\\\/?s={search_term_string}\"},\"query-input\":{\"@type\":\"PropertyValueSpecification\",\"valueRequired\":true,\"valueName\":\"search_term_string\"}}],\"inLanguage\":\"fr-FR\"},{\"@type\":\"Organization\",\"@id\":\"https:\\\/\\\/aliso.fr\\\/reseau\\\/#organization\",\"name\":\"Aliso R\u00e9seau\",\"url\":\"https:\\\/\\\/aliso.fr\\\/reseau\\\/\",\"logo\":{\"@type\":\"ImageObject\",\"inLanguage\":\"fr-FR\",\"@id\":\"https:\\\/\\\/aliso.fr\\\/reseau\\\/#\\\/schema\\\/logo\\\/image\\\/\",\"url\":\"https:\\\/\\\/aliso.fr\\\/reseau\\\/wp-content\\\/uploads\\\/sites\\\/4\\\/2022\\\/01\\\/Logo-ALISO-Reseau-2.png\",\"contentUrl\":\"https:\\\/\\\/aliso.fr\\\/reseau\\\/wp-content\\\/uploads\\\/sites\\\/4\\\/2022\\\/01\\\/Logo-ALISO-Reseau-2.png\",\"width\":900,\"height\":970,\"caption\":\"Aliso R\u00e9seau\"},\"image\":{\"@id\":\"https:\\\/\\\/aliso.fr\\\/reseau\\\/#\\\/schema\\\/logo\\\/image\\\/\"}},{\"@type\":\"Person\",\"@id\":\"https:\\\/\\\/aliso.fr\\\/reseau\\\/#\\\/schema\\\/person\\\/056af145b9c52eee21a9f739489104a5\",\"name\":\"laure\"}]}<\/script>\n<!-- \/ Yoast SEO plugin. -->","yoast_head_json":{"title":"ETUDE EN SUD CREUSE - Aliso R\u00e9seau","robots":{"index":"index","follow":"follow","max-snippet":"max-snippet:-1","max-image-preview":"max-image-preview:large","max-video-preview":"max-video-preview:-1"},"canonical":"https:\/\/aliso.fr\/reseau\/etude-en-sud-creuse\/","og_locale":"fr_FR","og_type":"article","og_title":"ETUDE EN SUD CREUSE - Aliso R\u00e9seau","og_description":"Contact\u00e9e dans le cadre d\u2019une \u00e9tude dont l\u2019objectif est d\u2019analyser les trajectoires r\u00e9sidentielles des habitants de milieux ruraux et la fa\u00e7on dont ils couvrent leurs besoins du quotidien (commerces, sant\u00e9, \u00e9ducation, emploi&#8230;), ALISO vous invite \u00e0 participer&#8230; Sur les conseils de Boucha\u00efb Khallouky, chef d\u2019antenne de la Creuse pour la R\u00e9gion Nouvelle-Aquitaine, Marion RIVES, charg\u00e9e... En savoir plus &raquo;","og_url":"https:\/\/aliso.fr\/reseau\/etude-en-sud-creuse\/","og_site_name":"Aliso R\u00e9seau","article_published_time":"2025-05-20T08:17:36+00:00","article_modified_time":"2025-05-20T08:17:37+00:00","og_image":[{"width":481,"height":694,"url":"https:\/\/aliso.fr\/reseau\/wp-content\/uploads\/sites\/4\/2025\/05\/Capture-decran-2025-05-20-101635.png","type":"image\/png"}],"author":"laure","twitter_card":"summary_large_image","schema":{"@context":"https:\/\/schema.org","@graph":[{"@type":"Article","@id":"https:\/\/aliso.fr\/reseau\/etude-en-sud-creuse\/#article","isPartOf":{"@id":"https:\/\/aliso.fr\/reseau\/etude-en-sud-creuse\/"},"author":{"name":"laure","@id":"https:\/\/aliso.fr\/reseau\/#\/schema\/person\/056af145b9c52eee21a9f739489104a5"},"headline":"ETUDE EN SUD CREUSE","datePublished":"2025-05-20T08:17:36+00:00","dateModified":"2025-05-20T08:17:37+00:00","mainEntityOfPage":{"@id":"https:\/\/aliso.fr\/reseau\/etude-en-sud-creuse\/"},"wordCount":172,"publisher":{"@id":"https:\/\/aliso.fr\/reseau\/#organization"},"image":{"@id":"https:\/\/aliso.fr\/reseau\/etude-en-sud-creuse\/#primaryimage"},"thumbnailUrl":"https:\/\/aliso.fr\/reseau\/wp-content\/uploads\/sites\/4\/2025\/05\/Capture-decran-2025-05-20-101635.png","articleSection":["Actualit\u00e9"],"inLanguage":"fr-FR"},{"@type":"WebPage","@id":"https:\/\/aliso.fr\/reseau\/etude-en-sud-creuse\/","url":"https:\/\/aliso.fr\/reseau\/etude-en-sud-creuse\/","name":"ETUDE EN SUD CREUSE - Aliso R\u00e9seau","isPartOf":{"@id":"https:\/\/aliso.fr\/reseau\/#website"},"primaryImageOfPage":{"@id":"https:\/\/aliso.fr\/reseau\/etude-en-sud-creuse\/#primaryimage"},"image":{"@id":"https:\/\/aliso.fr\/reseau\/etude-en-sud-creuse\/#primaryimage"},"thumbnailUrl":"https:\/\/aliso.fr\/reseau\/wp-content\/uploads\/sites\/4\/2025\/05\/Capture-decran-2025-05-20-101635.png","datePublished":"2025-05-20T08:17:36+00:00","dateModified":"2025-05-20T08:17:37+00:00","breadcrumb":{"@id":"https:\/\/aliso.fr\/reseau\/etude-en-sud-creuse\/#breadcrumb"},"inLanguage":"fr-FR","potentialAction":[{"@type":"ReadAction","target":["https:\/\/aliso.fr\/reseau\/etude-en-sud-creuse\/"]}]},{"@type":"ImageObject","inLanguage":"fr-FR","@id":"https:\/\/aliso.fr\/reseau\/etude-en-sud-creuse\/#primaryimage","url":"https:\/\/aliso.fr\/reseau\/wp-content\/uploads\/sites\/4\/2025\/05\/Capture-decran-2025-05-20-101635.png","contentUrl":"https:\/\/aliso.fr\/reseau\/wp-content\/uploads\/sites\/4\/2025\/05\/Capture-decran-2025-05-20-101635.png","width":481,"height":694},{"@type":"BreadcrumbList","@id":"https:\/\/aliso.fr\/reseau\/etude-en-sud-creuse\/#breadcrumb","itemListElement":[{"@type":"ListItem","position":1,"name":"Accueil","item":"https:\/\/aliso.fr\/reseau\/"},{"@type":"ListItem","position":2,"name":"Actualit\u00e9","item":"https:\/\/aliso.fr\/reseau\/actualite\/"},{"@type":"ListItem","position":3,"name":"ETUDE EN SUD CREUSE"}]},{"@type":"WebSite","@id":"https:\/\/aliso.fr\/reseau\/#website","url":"https:\/\/aliso.fr\/reseau\/","name":"Aliso R\u00e9seau","description":"R\u00e9seau Creusois des acteurs du lien social","publisher":{"@id":"https:\/\/aliso.fr\/reseau\/#organization"},"potentialAction":[{"@type":"SearchAction","target":{"@type":"EntryPoint","urlTemplate":"https:\/\/aliso.fr\/reseau\/?s={search_term_string}"},"query-input":{"@type":"PropertyValueSpecification","valueRequired":true,"valueName":"search_term_string"}}],"inLanguage":"fr-FR"},{"@type":"Organization","@id":"https:\/\/aliso.fr\/reseau\/#organization","name":"Aliso R\u00e9seau","url":"https:\/\/aliso.fr\/reseau\/","logo":{"@type":"ImageObject","inLanguage":"fr-FR","@id":"https:\/\/aliso.fr\/reseau\/#\/schema\/logo\/image\/","url":"https:\/\/aliso.fr\/reseau\/wp-content\/uploads\/sites\/4\/2022\/01\/Logo-ALISO-Reseau-2.png","contentUrl":"https:\/\/aliso.fr\/reseau\/wp-content\/uploads\/sites\/4\/2022\/01\/Logo-ALISO-Reseau-2.png","width":900,"height":970,"caption":"Aliso R\u00e9seau"},"image":{"@id":"https:\/\/aliso.fr\/reseau\/#\/schema\/logo\/image\/"}},{"@type":"Person","@id":"https:\/\/aliso.fr\/reseau\/#\/schema\/person\/056af145b9c52eee21a9f739489104a5","name":"laure"}]}},"_links":{"self":[{"href":"https:\/\/aliso.fr\/reseau\/wp-json\/wp\/v2\/posts\/3006","targetHints":{"allow":["GET"]}}],"collection":[{"href":"https:\/\/aliso.fr\/reseau\/wp-json\/wp\/v2\/posts"}],"about":[{"href":"https:\/\/aliso.fr\/reseau\/wp-json\/wp\/v2\/types\/post"}],"author":[{"embeddable":true,"href":"https:\/\/aliso.fr\/reseau\/wp-json\/wp\/v2\/users\/3"}],"replies":[{"embeddable":true,"href":"https:\/\/aliso.fr\/reseau\/wp-json\/wp\/v2\/comments?post=3006"}],"version-history":[{"count":1,"href":"https:\/\/aliso.fr\/reseau\/wp-json\/wp\/v2\/posts\/3006\/revisions"}],"predecessor-version":[{"id":3009,"href":"https:\/\/aliso.fr\/reseau\/wp-json\/wp\/v2\/posts\/3006\/revisions\/3009"}],"wp:featuredmedia":[{"embeddable":true,"href":"https:\/\/aliso.fr\/reseau\/wp-json\/wp\/v2\/media\/3008"}],"wp:attachment":[{"href":"https:\/\/aliso.fr\/reseau\/wp-json\/wp\/v2\/media?parent=3006"}],"wp:term":[{"taxonomy":"category","embeddable":true,"href":"https:\/\/aliso.fr\/reseau\/wp-json\/wp\/v2\/categories?post=3006"},{"taxonomy":"post_tag","embeddable":true,"href":"https:\/\/aliso.fr\/reseau\/wp-json\/wp\/v2\/tags?post=3006"}],"curies":[{"name":"wp","href":"https:\/\/api.w.org\/{rel}","templated":true}]}}