{"id":3022,"date":"2025-06-18T10:23:45","date_gmt":"2025-06-18T08:23:45","guid":{"rendered":"https:\/\/aliso.fr\/reseau\/?p=3022"},"modified":"2025-06-18T10:24:20","modified_gmt":"2025-06-18T08:24:20","slug":"le-decapsuleur-comment-ca-vous-concerne","status":"publish","type":"post","link":"https:\/\/aliso.fr\/reseau\/le-decapsuleur-comment-ca-vous-concerne\/","title":{"rendered":"Le D\u00e9capsuleur : comment \u00e7a vous concerne ?"},"content":{"rendered":"<div class=\"wp-block-image\">\n<figure class=\"aligncenter size-large\"><img loading=\"lazy\" decoding=\"async\" width=\"689\" height=\"330\" src=\"https:\/\/aliso.fr\/reseau\/wp-content\/uploads\/sites\/4\/2025\/06\/Capture-decran-2025-06-18-101257-689x330.png\" alt=\"\" class=\"wp-image-3023\" srcset=\"https:\/\/aliso.fr\/reseau\/wp-content\/uploads\/sites\/4\/2025\/06\/Capture-decran-2025-06-18-101257-689x330.png 689w, https:\/\/aliso.fr\/reseau\/wp-content\/uploads\/sites\/4\/2025\/06\/Capture-decran-2025-06-18-101257-300x144.png 300w, https:\/\/aliso.fr\/reseau\/wp-content\/uploads\/sites\/4\/2025\/06\/Capture-decran-2025-06-18-101257-768x368.png 768w, https:\/\/aliso.fr\/reseau\/wp-content\/uploads\/sites\/4\/2025\/06\/Capture-decran-2025-06-18-101257.png 839w\" sizes=\"auto, (max-width: 689px) 100vw, 689px\" \/><\/figure>\n<\/div>\n\n\n<p>Vous souhaitez participer \u00e0 l\u2019accompagnement de porteur de projet dans le cadre de<br>l\u2019incubateur ESS Le D\u00e9capsuleur ?<br><br>L&rsquo;Incubateur D\u00e9capsuleur est un acteur cl\u00e9 de l&rsquo;ESS en Creuse. Notre mission<br>est de soutenir et de faire grandir les projets collectifs pour contribuer au d\u00e9veloppement de<br>l&rsquo;\u00e9conomie sociale et solidaire (ESS) dans la r\u00e9gion. Nous croyons en un monde o\u00f9 les<br>porteurs de projets int\u00e8grent des pr\u00e9occupations sociales et environnementales dans leur<br>mod\u00e8le \u00e9conomique. Pour ce faire, nous proposons un accompagnement complet et<br>personnalis\u00e9 \u00e0 nos porteurs de projets.<br>Voici un rappel du parcours d\u2019accompagnement de l\u2019incubateur :<\/p>\n\n\n\n<ul class=\"wp-block-list\">\n<li>Accompagnement d\u2019un an, renouvelable sur demande jusqu\u2019\u00e0 6 mois suppl\u00e9mentaires<\/li>\n\n\n\n<li>2 promotions par an de 5 projets soit 10 projets annuels<br>L\u2019accompagnement en d\u00e9tails :<\/li>\n<\/ul>\n\n\n\n<ol class=\"wp-block-list\">\n<li>Accompagnement Individuel :<\/li>\n<\/ol>\n\n\n\n<ul class=\"wp-block-list\">\n<li>L&rsquo;accompagnement individuel au sein de l&rsquo;Incubateur D\u00e9capsuleur se d\u00e9roule<br>principalement \u00e0 travers une rencontre mensuelle entre le porteur de projet et<br>le coordinateur de l&rsquo;incubateur. Ces rencontres r\u00e9guli\u00e8res ont pour objectif<br>premier de suivre de pr\u00e8s les diff\u00e9rentes \u00e9tapes du projet. Elles permettent<br>\u00e9galement d&rsquo;orienter de mani\u00e8re plus cibl\u00e9e le porteur de projet vers les<br>partenaires et les ressources n\u00e9cessaires au d\u00e9veloppement de son initiative.<br>Chaque porteur de projet b\u00e9n\u00e9ficie de cet accompagnement individuel,<br>comprenant 2 heures de temps d&rsquo;\u00e9change par mois. Ce suivi attentif garantit<br>une progression optimale du projet, avec un accompagnement sur mesure.<\/li>\n<\/ul>\n\n\n\n<ol class=\"wp-block-list\">\n<li>Modules Collectifs :<\/li>\n<\/ol>\n\n\n\n<ul class=\"wp-block-list\">\n<li>Les porteurs de projet ont acc\u00e8s \u00e0 des modules collectifs, avec jusqu&rsquo;\u00e0 10 demi-<br>journ\u00e9e. Ces ateliers abordent des th\u00e8mes essentiels tels que le projet<br>associatif, le diagnostic de territoire, le fonctionnement des collectivit\u00e9s<br>territoriales, le mod\u00e8le \u00e9conomique, la recherche de financement, la<br>gouvernance, la communication, etc. Ils font ressortir la prise de recul, la<br>r\u00e9flexion collective, l&rsquo;acquisition de connaissances et de comp\u00e9tences<br>partag\u00e9es, tout en favorisant ainsi la r\u00e9flexion collaborative et \u00e9change<br>d&rsquo;exp\u00e9riences. Les participants choisissent en d\u00e9but d\u2019accompagnement les<br>th\u00e9matiques abord\u00e9s parmi une quinzaine de propositions.<\/li>\n<\/ul>\n\n\n\n<ol class=\"wp-block-list\">\n<li>Mentorat :<\/li>\n<\/ol>\n\n\n\n<ul class=\"wp-block-list\">\n<li>Les mentors, issus des structures Tela et Aliso, apportent un soutien pr\u00e9cieux<br>en encourageant une prise de recul r\u00e9flexive, en questionnant les porteurs de<br>projet sur leur posture entrepreneuriale, et en favorisant des mises en relation<br>strat\u00e9gique avec des acteurs cl\u00e9s du monde de l&rsquo;ESS. Nos mentors sont<br>disponibles pour une mobilisation de 10 heures par an, contribuant ainsi de<br>mani\u00e8re significative \u00e0 la croissance des entreprises sociales que nous<br>accompagnons.<\/li>\n<\/ul>\n\n\n\n<ol class=\"wp-block-list\">\n<li>Rendez-vous Experts :<\/li>\n<\/ol>\n\n\n\n<ul class=\"wp-block-list\">\n<li>Les rendez-vous avec les experts ont pour objectif de traiter un vaste \u00e9ventail<br>de probl\u00e9matiques, qu&rsquo;elles soient li\u00e9es au secteur d&rsquo;activit\u00e9 ou de nature plus<br>technique. Cette approche englobe des domaines tels que la fiscalit\u00e9, la gestion<br>des ressources humaines, la gouvernance, le mod\u00e8le \u00e9conomique, la<br>m\u00e9thodologie de projet, la gestion financi\u00e8re, et bien d&rsquo;autres encore. Notre<br>engagement est de fournir un soutien complet pour aider les porteurs de<br>projets \u00e0 surmonter les d\u00e9fis auxquels ils sont confront\u00e9s. Chaque porteur de<br>projet peut mobiliser ce soutien jusqu&rsquo;\u00e0 6 heures au cours de son parcours<br>d&rsquo;incubation.<\/li>\n<\/ul>\n\n\n\n<ol class=\"wp-block-list\">\n<li>Immersion dans les R\u00e9seaux :<\/li>\n<\/ol>\n\n\n\n<ul class=\"wp-block-list\">\n<li>Nous proposons des opportunit\u00e9s d&rsquo;immersion (une durant le parcours<br>d\u2019accompagnement) dans les r\u00e9seaux Aliso et Tela pour aider les incub\u00e9s \u00e0<br>\u00e9tablir des liens, \u00e0 \u00e9changer des id\u00e9es et \u00e0 d\u00e9velopper leur r\u00e9seau<br>professionnel.<\/li>\n<\/ul>\n\n\n\n<ol class=\"wp-block-list\">\n<li>Temps d&rsquo;information et d&rsquo;actualit\u00e9s du moment :<\/li>\n<\/ol>\n\n\n\n<ul class=\"wp-block-list\">\n<li>En plus des services d&rsquo;accompagnement mentionn\u00e9s pr\u00e9c\u00e9demment, notre<br>parcours d&rsquo;incubation inclut \u00e9galement des temps d&rsquo;information et d&rsquo;actualit\u00e9s<br>du moment. Ces moments sp\u00e9cifiques visent \u00e0 tenir nos porteurs de projets<br>inform\u00e9s des derni\u00e8res tendances, actualit\u00e9s, et opportunit\u00e9s pertinentes dans<br>le domaine de l&rsquo;entrepreneuriat social et de l&rsquo;\u00e9conomie sociale et solidaire. Ils<br>servent \u00e9galement \u00e0 favoriser la mise en r\u00e9seau, les \u00e9changes d&rsquo;exp\u00e9riences et<br>la discussion sur des sujets d&rsquo;actualit\u00e9 qui peuvent impacter les projets en<br>cours. la fr\u00e9quence et la dur\u00e9e de ces s\u00e9ances seront adapt\u00e9es pour r\u00e9pondre<br>aux besoins du groupe d&rsquo;incub\u00e9s, garantissant ainsi un accompagnement<br>complet et pertinent tout au long de notre parcours d&rsquo;incubation d&rsquo;une dur\u00e9e de<br>12 mois.<br>Le parcours d&rsquo;accompagnement propos\u00e9 par l&rsquo;Incubateur D\u00e9capsuleur dur\u00e9e 12 mois, voici le<br>calcul du volume horaire total pour l&rsquo;ensemble du parcours :<\/li>\n<\/ul>\n\n\n\n<ol class=\"wp-block-list\">\n<li>Accompagnement Individuel : 24 heures<\/li>\n\n\n\n<li>Modules Collectifs : 30 heures<\/li>\n\n\n\n<li>Mentorat : 10 heures<\/li>\n\n\n\n<li>Rendez-vous Experts : jusqu&rsquo;\u00e0 6 heures<\/li>\n\n\n\n<li>Immersion dans les lieux des R\u00e9seaux : 3 heures<br>Le volume horaire total sur une p\u00e9riode de 12 mois est donc : 24 + 30 + 10 + 6 + 3 = 73 heures .<br>En tant que structure ESS creusoise comment je peux m\u2019impliquer dans les parcours<br>d\u2019accompagnements de l\u2019incubateur ?<br>Vous pouvez vous impliquer \u00e0 plusieurs niveaux :<\/li>\n<\/ol>\n\n\n\n<ul class=\"wp-block-list\">\n<li>Les modules collectifs<\/li>\n\n\n\n<li>Le mentorat<\/li>\n\n\n\n<li>Immersion dans les R\u00e9seaux<br>Indemnisation de la participation :<br>L\u2019id\u00e9e de participer vous permettra de contribuer \u00e0 une dynamique collective territoriale<br>mais vous permettra de percevoir une contribution financi\u00e8re pour celle ci<\/li>\n\n\n\n<li>Les modules collectifs (80\u20ac\/h)<\/li>\n\n\n\n<li>Le mentorat (40\u20ac\/h)<\/li>\n\n\n\n<li>Immersion dans les R\u00e9seaux (40\u20ac\/h)<br><br>Vous souhaitez vous impliquer dans l\u2019accompagnement du D\u00e9capsuleur ?<br>Prenons un temps pour en parler voir comment nous pouvons impliquer dans ces parcours.<\/li>\n<\/ul>\n\n\n\n<figure class=\"wp-block-image size-large is-resized\"><img loading=\"lazy\" decoding=\"async\" width=\"233\" height=\"330\" src=\"https:\/\/aliso.fr\/reseau\/wp-content\/uploads\/sites\/4\/2025\/06\/decapsuleur-1-233x330.png\" alt=\"\" class=\"wp-image-3024\" style=\"width:393px;height:auto\" srcset=\"https:\/\/aliso.fr\/reseau\/wp-content\/uploads\/sites\/4\/2025\/06\/decapsuleur-1-233x330.png 233w, https:\/\/aliso.fr\/reseau\/wp-content\/uploads\/sites\/4\/2025\/06\/decapsuleur-1-134x190.png 134w, https:\/\/aliso.fr\/reseau\/wp-content\/uploads\/sites\/4\/2025\/06\/decapsuleur-1-768x1086.png 768w, https:\/\/aliso.fr\/reseau\/wp-content\/uploads\/sites\/4\/2025\/06\/decapsuleur-1-1086x1536.png 1086w, https:\/\/aliso.fr\/reseau\/wp-content\/uploads\/sites\/4\/2025\/06\/decapsuleur-1-1320x1867.png 1320w, https:\/\/aliso.fr\/reseau\/wp-content\/uploads\/sites\/4\/2025\/06\/decapsuleur-1.png 1414w\" sizes=\"auto, (max-width: 233px) 100vw, 233px\" \/><\/figure>\n\n\n\n<figure class=\"wp-block-image size-large is-resized\"><img loading=\"lazy\" decoding=\"async\" width=\"233\" height=\"330\" src=\"https:\/\/aliso.fr\/reseau\/wp-content\/uploads\/sites\/4\/2025\/06\/decapsuleur2-1-233x330.png\" alt=\"\" class=\"wp-image-3025\" style=\"width:386px;height:auto\" srcset=\"https:\/\/aliso.fr\/reseau\/wp-content\/uploads\/sites\/4\/2025\/06\/decapsuleur2-1-233x330.png 233w, https:\/\/aliso.fr\/reseau\/wp-content\/uploads\/sites\/4\/2025\/06\/decapsuleur2-1-134x190.png 134w, https:\/\/aliso.fr\/reseau\/wp-content\/uploads\/sites\/4\/2025\/06\/decapsuleur2-1-768x1086.png 768w, https:\/\/aliso.fr\/reseau\/wp-content\/uploads\/sites\/4\/2025\/06\/decapsuleur2-1-1086x1536.png 1086w, https:\/\/aliso.fr\/reseau\/wp-content\/uploads\/sites\/4\/2025\/06\/decapsuleur2-1-1320x1867.png 1320w, https:\/\/aliso.fr\/reseau\/wp-content\/uploads\/sites\/4\/2025\/06\/decapsuleur2-1.png 1414w\" sizes=\"auto, (max-width: 233px) 100vw, 233px\" \/><\/figure>\n","protected":false},"excerpt":{"rendered":"<p>Vous souhaitez participer \u00e0 l\u2019accompagnement de porteur de projet dans le cadre del\u2019incubateur ESS Le D\u00e9capsuleur ? L&rsquo;Incubateur D\u00e9capsuleur est un acteur cl\u00e9 de l&rsquo;ESS en Creuse. Notre missionest de soutenir et de faire grandir les projets collectifs pour contribuer au d\u00e9veloppement del&rsquo;\u00e9conomie sociale et solidaire (ESS) dans la r\u00e9gion. Nous croyons en un monde&#8230; <a class=\"excerpt-read-more button\" href=\"https:\/\/aliso.fr\/reseau\/le-decapsuleur-comment-ca-vous-concerne\/\" title=\"ReadLe D\u00e9capsuleur : comment \u00e7a vous concerne ?\">En savoir plus &raquo;<\/a><\/p>\n","protected":false},"author":3,"featured_media":3023,"comment_status":"closed","ping_status":"open","sticky":false,"template":"","format":"standard","meta":{"footnotes":""},"categories":[3,7],"tags":[],"class_list":["post-3022","post","type-post","status-publish","format-standard","has-post-thumbnail","hentry","category-actualite","category-nos-actions"],"yoast_head":"<!-- This site is optimized with the Yoast SEO plugin v27.4 - https:\/\/yoast.com\/product\/yoast-seo-wordpress\/ -->\n<title>Le D\u00e9capsuleur : comment \u00e7a vous concerne ? - Aliso R\u00e9seau<\/title>\n<meta name=\"robots\" content=\"index, follow, max-snippet:-1, max-image-preview:large, max-video-preview:-1\" \/>\n<link rel=\"canonical\" href=\"https:\/\/aliso.fr\/reseau\/le-decapsuleur-comment-ca-vous-concerne\/\" \/>\n<meta property=\"og:locale\" content=\"fr_FR\" \/>\n<meta property=\"og:type\" content=\"article\" \/>\n<meta property=\"og:title\" content=\"Le D\u00e9capsuleur : comment \u00e7a vous concerne ? - Aliso R\u00e9seau\" \/>\n<meta property=\"og:description\" content=\"Vous souhaitez participer \u00e0 l\u2019accompagnement de porteur de projet dans le cadre del\u2019incubateur ESS Le D\u00e9capsuleur ? L&rsquo;Incubateur D\u00e9capsuleur est un acteur cl\u00e9 de l&rsquo;ESS en Creuse. Notre missionest de soutenir et de faire grandir les projets collectifs pour contribuer au d\u00e9veloppement del&rsquo;\u00e9conomie sociale et solidaire (ESS) dans la r\u00e9gion. Nous croyons en un monde... En savoir plus &raquo;\" \/>\n<meta property=\"og:url\" content=\"https:\/\/aliso.fr\/reseau\/le-decapsuleur-comment-ca-vous-concerne\/\" \/>\n<meta property=\"og:site_name\" content=\"Aliso R\u00e9seau\" \/>\n<meta property=\"article:published_time\" content=\"2025-06-18T08:23:45+00:00\" \/>\n<meta property=\"article:modified_time\" content=\"2025-06-18T08:24:20+00:00\" \/>\n<meta property=\"og:image\" content=\"https:\/\/aliso.fr\/reseau\/wp-content\/uploads\/sites\/4\/2025\/06\/Capture-decran-2025-06-18-101257.png\" \/>\n\t<meta property=\"og:image:width\" content=\"839\" \/>\n\t<meta property=\"og:image:height\" content=\"402\" \/>\n\t<meta property=\"og:image:type\" content=\"image\/png\" \/>\n<meta name=\"author\" content=\"laure\" \/>\n<meta name=\"twitter:card\" content=\"summary_large_image\" \/>\n<script type=\"application\/ld+json\" class=\"yoast-schema-graph\">{\"@context\":\"https:\\\/\\\/schema.org\",\"@graph\":[{\"@type\":\"Article\",\"@id\":\"https:\\\/\\\/aliso.fr\\\/reseau\\\/le-decapsuleur-comment-ca-vous-concerne\\\/#article\",\"isPartOf\":{\"@id\":\"https:\\\/\\\/aliso.fr\\\/reseau\\\/le-decapsuleur-comment-ca-vous-concerne\\\/\"},\"author\":{\"name\":\"laure\",\"@id\":\"https:\\\/\\\/aliso.fr\\\/reseau\\\/#\\\/schema\\\/person\\\/056af145b9c52eee21a9f739489104a5\"},\"headline\":\"Le D\u00e9capsuleur : comment \u00e7a vous concerne ?\",\"datePublished\":\"2025-06-18T08:23:45+00:00\",\"dateModified\":\"2025-06-18T08:24:20+00:00\",\"mainEntityOfPage\":{\"@id\":\"https:\\\/\\\/aliso.fr\\\/reseau\\\/le-decapsuleur-comment-ca-vous-concerne\\\/\"},\"wordCount\":836,\"publisher\":{\"@id\":\"https:\\\/\\\/aliso.fr\\\/reseau\\\/#organization\"},\"image\":{\"@id\":\"https:\\\/\\\/aliso.fr\\\/reseau\\\/le-decapsuleur-comment-ca-vous-concerne\\\/#primaryimage\"},\"thumbnailUrl\":\"https:\\\/\\\/aliso.fr\\\/reseau\\\/wp-content\\\/uploads\\\/sites\\\/4\\\/2025\\\/06\\\/Capture-decran-2025-06-18-101257.png\",\"articleSection\":[\"Actualit\u00e9\",\"Nos actions\"],\"inLanguage\":\"fr-FR\"},{\"@type\":\"WebPage\",\"@id\":\"https:\\\/\\\/aliso.fr\\\/reseau\\\/le-decapsuleur-comment-ca-vous-concerne\\\/\",\"url\":\"https:\\\/\\\/aliso.fr\\\/reseau\\\/le-decapsuleur-comment-ca-vous-concerne\\\/\",\"name\":\"Le D\u00e9capsuleur : comment \u00e7a vous concerne ? - Aliso R\u00e9seau\",\"isPartOf\":{\"@id\":\"https:\\\/\\\/aliso.fr\\\/reseau\\\/#website\"},\"primaryImageOfPage\":{\"@id\":\"https:\\\/\\\/aliso.fr\\\/reseau\\\/le-decapsuleur-comment-ca-vous-concerne\\\/#primaryimage\"},\"image\":{\"@id\":\"https:\\\/\\\/aliso.fr\\\/reseau\\\/le-decapsuleur-comment-ca-vous-concerne\\\/#primaryimage\"},\"thumbnailUrl\":\"https:\\\/\\\/aliso.fr\\\/reseau\\\/wp-content\\\/uploads\\\/sites\\\/4\\\/2025\\\/06\\\/Capture-decran-2025-06-18-101257.png\",\"datePublished\":\"2025-06-18T08:23:45+00:00\",\"dateModified\":\"2025-06-18T08:24:20+00:00\",\"breadcrumb\":{\"@id\":\"https:\\\/\\\/aliso.fr\\\/reseau\\\/le-decapsuleur-comment-ca-vous-concerne\\\/#breadcrumb\"},\"inLanguage\":\"fr-FR\",\"potentialAction\":[{\"@type\":\"ReadAction\",\"target\":[\"https:\\\/\\\/aliso.fr\\\/reseau\\\/le-decapsuleur-comment-ca-vous-concerne\\\/\"]}]},{\"@type\":\"ImageObject\",\"inLanguage\":\"fr-FR\",\"@id\":\"https:\\\/\\\/aliso.fr\\\/reseau\\\/le-decapsuleur-comment-ca-vous-concerne\\\/#primaryimage\",\"url\":\"https:\\\/\\\/aliso.fr\\\/reseau\\\/wp-content\\\/uploads\\\/sites\\\/4\\\/2025\\\/06\\\/Capture-decran-2025-06-18-101257.png\",\"contentUrl\":\"https:\\\/\\\/aliso.fr\\\/reseau\\\/wp-content\\\/uploads\\\/sites\\\/4\\\/2025\\\/06\\\/Capture-decran-2025-06-18-101257.png\",\"width\":839,\"height\":402},{\"@type\":\"BreadcrumbList\",\"@id\":\"https:\\\/\\\/aliso.fr\\\/reseau\\\/le-decapsuleur-comment-ca-vous-concerne\\\/#breadcrumb\",\"itemListElement\":[{\"@type\":\"ListItem\",\"position\":1,\"name\":\"Accueil\",\"item\":\"https:\\\/\\\/aliso.fr\\\/reseau\\\/\"},{\"@type\":\"ListItem\",\"position\":2,\"name\":\"Actualit\u00e9\",\"item\":\"https:\\\/\\\/aliso.fr\\\/reseau\\\/actualite\\\/\"},{\"@type\":\"ListItem\",\"position\":3,\"name\":\"Le D\u00e9capsuleur : comment \u00e7a vous concerne ?\"}]},{\"@type\":\"WebSite\",\"@id\":\"https:\\\/\\\/aliso.fr\\\/reseau\\\/#website\",\"url\":\"https:\\\/\\\/aliso.fr\\\/reseau\\\/\",\"name\":\"Aliso R\u00e9seau\",\"description\":\"R\u00e9seau Creusois des acteurs du lien social\",\"publisher\":{\"@id\":\"https:\\\/\\\/aliso.fr\\\/reseau\\\/#organization\"},\"potentialAction\":[{\"@type\":\"SearchAction\",\"target\":{\"@type\":\"EntryPoint\",\"urlTemplate\":\"https:\\\/\\\/aliso.fr\\\/reseau\\\/?s={search_term_string}\"},\"query-input\":{\"@type\":\"PropertyValueSpecification\",\"valueRequired\":true,\"valueName\":\"search_term_string\"}}],\"inLanguage\":\"fr-FR\"},{\"@type\":\"Organization\",\"@id\":\"https:\\\/\\\/aliso.fr\\\/reseau\\\/#organization\",\"name\":\"Aliso R\u00e9seau\",\"url\":\"https:\\\/\\\/aliso.fr\\\/reseau\\\/\",\"logo\":{\"@type\":\"ImageObject\",\"inLanguage\":\"fr-FR\",\"@id\":\"https:\\\/\\\/aliso.fr\\\/reseau\\\/#\\\/schema\\\/logo\\\/image\\\/\",\"url\":\"https:\\\/\\\/aliso.fr\\\/reseau\\\/wp-content\\\/uploads\\\/sites\\\/4\\\/2022\\\/01\\\/Logo-ALISO-Reseau-2.png\",\"contentUrl\":\"https:\\\/\\\/aliso.fr\\\/reseau\\\/wp-content\\\/uploads\\\/sites\\\/4\\\/2022\\\/01\\\/Logo-ALISO-Reseau-2.png\",\"width\":900,\"height\":970,\"caption\":\"Aliso R\u00e9seau\"},\"image\":{\"@id\":\"https:\\\/\\\/aliso.fr\\\/reseau\\\/#\\\/schema\\\/logo\\\/image\\\/\"}},{\"@type\":\"Person\",\"@id\":\"https:\\\/\\\/aliso.fr\\\/reseau\\\/#\\\/schema\\\/person\\\/056af145b9c52eee21a9f739489104a5\",\"name\":\"laure\"}]}<\/script>\n<!-- \/ Yoast SEO plugin. -->","yoast_head_json":{"title":"Le D\u00e9capsuleur : comment \u00e7a vous concerne ? - Aliso R\u00e9seau","robots":{"index":"index","follow":"follow","max-snippet":"max-snippet:-1","max-image-preview":"max-image-preview:large","max-video-preview":"max-video-preview:-1"},"canonical":"https:\/\/aliso.fr\/reseau\/le-decapsuleur-comment-ca-vous-concerne\/","og_locale":"fr_FR","og_type":"article","og_title":"Le D\u00e9capsuleur : comment \u00e7a vous concerne ? - Aliso R\u00e9seau","og_description":"Vous souhaitez participer \u00e0 l\u2019accompagnement de porteur de projet dans le cadre del\u2019incubateur ESS Le D\u00e9capsuleur ? L&rsquo;Incubateur D\u00e9capsuleur est un acteur cl\u00e9 de l&rsquo;ESS en Creuse. Notre missionest de soutenir et de faire grandir les projets collectifs pour contribuer au d\u00e9veloppement del&rsquo;\u00e9conomie sociale et solidaire (ESS) dans la r\u00e9gion. Nous croyons en un monde... En savoir plus &raquo;","og_url":"https:\/\/aliso.fr\/reseau\/le-decapsuleur-comment-ca-vous-concerne\/","og_site_name":"Aliso R\u00e9seau","article_published_time":"2025-06-18T08:23:45+00:00","article_modified_time":"2025-06-18T08:24:20+00:00","og_image":[{"width":839,"height":402,"url":"https:\/\/aliso.fr\/reseau\/wp-content\/uploads\/sites\/4\/2025\/06\/Capture-decran-2025-06-18-101257.png","type":"image\/png"}],"author":"laure","twitter_card":"summary_large_image","schema":{"@context":"https:\/\/schema.org","@graph":[{"@type":"Article","@id":"https:\/\/aliso.fr\/reseau\/le-decapsuleur-comment-ca-vous-concerne\/#article","isPartOf":{"@id":"https:\/\/aliso.fr\/reseau\/le-decapsuleur-comment-ca-vous-concerne\/"},"author":{"name":"laure","@id":"https:\/\/aliso.fr\/reseau\/#\/schema\/person\/056af145b9c52eee21a9f739489104a5"},"headline":"Le D\u00e9capsuleur : comment \u00e7a vous concerne ?","datePublished":"2025-06-18T08:23:45+00:00","dateModified":"2025-06-18T08:24:20+00:00","mainEntityOfPage":{"@id":"https:\/\/aliso.fr\/reseau\/le-decapsuleur-comment-ca-vous-concerne\/"},"wordCount":836,"publisher":{"@id":"https:\/\/aliso.fr\/reseau\/#organization"},"image":{"@id":"https:\/\/aliso.fr\/reseau\/le-decapsuleur-comment-ca-vous-concerne\/#primaryimage"},"thumbnailUrl":"https:\/\/aliso.fr\/reseau\/wp-content\/uploads\/sites\/4\/2025\/06\/Capture-decran-2025-06-18-101257.png","articleSection":["Actualit\u00e9","Nos actions"],"inLanguage":"fr-FR"},{"@type":"WebPage","@id":"https:\/\/aliso.fr\/reseau\/le-decapsuleur-comment-ca-vous-concerne\/","url":"https:\/\/aliso.fr\/reseau\/le-decapsuleur-comment-ca-vous-concerne\/","name":"Le D\u00e9capsuleur : comment \u00e7a vous concerne ? - Aliso R\u00e9seau","isPartOf":{"@id":"https:\/\/aliso.fr\/reseau\/#website"},"primaryImageOfPage":{"@id":"https:\/\/aliso.fr\/reseau\/le-decapsuleur-comment-ca-vous-concerne\/#primaryimage"},"image":{"@id":"https:\/\/aliso.fr\/reseau\/le-decapsuleur-comment-ca-vous-concerne\/#primaryimage"},"thumbnailUrl":"https:\/\/aliso.fr\/reseau\/wp-content\/uploads\/sites\/4\/2025\/06\/Capture-decran-2025-06-18-101257.png","datePublished":"2025-06-18T08:23:45+00:00","dateModified":"2025-06-18T08:24:20+00:00","breadcrumb":{"@id":"https:\/\/aliso.fr\/reseau\/le-decapsuleur-comment-ca-vous-concerne\/#breadcrumb"},"inLanguage":"fr-FR","potentialAction":[{"@type":"ReadAction","target":["https:\/\/aliso.fr\/reseau\/le-decapsuleur-comment-ca-vous-concerne\/"]}]},{"@type":"ImageObject","inLanguage":"fr-FR","@id":"https:\/\/aliso.fr\/reseau\/le-decapsuleur-comment-ca-vous-concerne\/#primaryimage","url":"https:\/\/aliso.fr\/reseau\/wp-content\/uploads\/sites\/4\/2025\/06\/Capture-decran-2025-06-18-101257.png","contentUrl":"https:\/\/aliso.fr\/reseau\/wp-content\/uploads\/sites\/4\/2025\/06\/Capture-decran-2025-06-18-101257.png","width":839,"height":402},{"@type":"BreadcrumbList","@id":"https:\/\/aliso.fr\/reseau\/le-decapsuleur-comment-ca-vous-concerne\/#breadcrumb","itemListElement":[{"@type":"ListItem","position":1,"name":"Accueil","item":"https:\/\/aliso.fr\/reseau\/"},{"@type":"ListItem","position":2,"name":"Actualit\u00e9","item":"https:\/\/aliso.fr\/reseau\/actualite\/"},{"@type":"ListItem","position":3,"name":"Le D\u00e9capsuleur : comment \u00e7a vous concerne ?"}]},{"@type":"WebSite","@id":"https:\/\/aliso.fr\/reseau\/#website","url":"https:\/\/aliso.fr\/reseau\/","name":"Aliso R\u00e9seau","description":"R\u00e9seau Creusois des acteurs du lien social","publisher":{"@id":"https:\/\/aliso.fr\/reseau\/#organization"},"potentialAction":[{"@type":"SearchAction","target":{"@type":"EntryPoint","urlTemplate":"https:\/\/aliso.fr\/reseau\/?s={search_term_string}"},"query-input":{"@type":"PropertyValueSpecification","valueRequired":true,"valueName":"search_term_string"}}],"inLanguage":"fr-FR"},{"@type":"Organization","@id":"https:\/\/aliso.fr\/reseau\/#organization","name":"Aliso R\u00e9seau","url":"https:\/\/aliso.fr\/reseau\/","logo":{"@type":"ImageObject","inLanguage":"fr-FR","@id":"https:\/\/aliso.fr\/reseau\/#\/schema\/logo\/image\/","url":"https:\/\/aliso.fr\/reseau\/wp-content\/uploads\/sites\/4\/2022\/01\/Logo-ALISO-Reseau-2.png","contentUrl":"https:\/\/aliso.fr\/reseau\/wp-content\/uploads\/sites\/4\/2022\/01\/Logo-ALISO-Reseau-2.png","width":900,"height":970,"caption":"Aliso R\u00e9seau"},"image":{"@id":"https:\/\/aliso.fr\/reseau\/#\/schema\/logo\/image\/"}},{"@type":"Person","@id":"https:\/\/aliso.fr\/reseau\/#\/schema\/person\/056af145b9c52eee21a9f739489104a5","name":"laure"}]}},"_links":{"self":[{"href":"https:\/\/aliso.fr\/reseau\/wp-json\/wp\/v2\/posts\/3022","targetHints":{"allow":["GET"]}}],"collection":[{"href":"https:\/\/aliso.fr\/reseau\/wp-json\/wp\/v2\/posts"}],"about":[{"href":"https:\/\/aliso.fr\/reseau\/wp-json\/wp\/v2\/types\/post"}],"author":[{"embeddable":true,"href":"https:\/\/aliso.fr\/reseau\/wp-json\/wp\/v2\/users\/3"}],"replies":[{"embeddable":true,"href":"https:\/\/aliso.fr\/reseau\/wp-json\/wp\/v2\/comments?post=3022"}],"version-history":[{"count":2,"href":"https:\/\/aliso.fr\/reseau\/wp-json\/wp\/v2\/posts\/3022\/revisions"}],"predecessor-version":[{"id":3027,"href":"https:\/\/aliso.fr\/reseau\/wp-json\/wp\/v2\/posts\/3022\/revisions\/3027"}],"wp:featuredmedia":[{"embeddable":true,"href":"https:\/\/aliso.fr\/reseau\/wp-json\/wp\/v2\/media\/3023"}],"wp:attachment":[{"href":"https:\/\/aliso.fr\/reseau\/wp-json\/wp\/v2\/media?parent=3022"}],"wp:term":[{"taxonomy":"category","embeddable":true,"href":"https:\/\/aliso.fr\/reseau\/wp-json\/wp\/v2\/categories?post=3022"},{"taxonomy":"post_tag","embeddable":true,"href":"https:\/\/aliso.fr\/reseau\/wp-json\/wp\/v2\/tags?post=3022"}],"curies":[{"name":"wp","href":"https:\/\/api.w.org\/{rel}","templated":true}]}}