{"id":3039,"date":"2025-06-18T11:14:21","date_gmt":"2025-06-18T09:14:21","guid":{"rendered":"https:\/\/aliso.fr\/reseau\/?p=3039"},"modified":"2025-06-18T11:14:22","modified_gmt":"2025-06-18T09:14:22","slug":"bac-pro-animation-epa","status":"publish","type":"post","link":"https:\/\/aliso.fr\/reseau\/bac-pro-animation-epa\/","title":{"rendered":"BAC PRO ANIMATION &#8211; EPA"},"content":{"rendered":"\n<p><strong>Vous aimez accompagner de futur.e.s animateur.ice.s dans leur parcours de formation ? les accueillir en stage ? Vous avez besoin de compl\u00e9ter un peu vos \u00e9quipes le mercredi ? <\/strong><\/p>\n\n\n\n<p>L&rsquo;\u00e9quipe salari\u00e9e d&rsquo;ALISO a \u00e9t\u00e9 contact\u00e9e par la Directrice D\u00e9l\u00e9gu\u00e9e \u00e0 la formation professionnelle du lyc\u00e9e professionnel D.GAY de Bourganeuf, qui propose un Bac Pro en Animation &#8211; Enfance et Personnes \u00e2g\u00e9es, pour tenter de mettre en place des partenariats entre le Lyc\u00e9e et vos structures .<br>Plus de d\u00e9tails sur le contenu de la formation ci-dessous mais surtout un RDV en visio pour poser vos questions <strong><a href=\"https:\/\/us06web.zoom.us\/j\/89655937792?pwd=1Z93NyMah8vUCgzWzAgJVi1ahs9b5M.1\" target=\"_blank\" rel=\"noreferrer noopener\">Jeudi 26 Juin 2025 \u00e0 13h30<\/a><\/strong>.<\/p>\n\n\n\n<p>Les apprenants du Bac professionnel AEPA (Animation Enfant et Personnes \u00c2g\u00e9es) doivent effectuer 22 semaines de stages ( PFMP) lors des 3 ann\u00e9es de formation. Ces formations en milieux professionnels obligatoires pour la validation du dipl\u00f4me ont pour objectif:<\/p>\n\n\n\n<ul class=\"wp-block-list\">\n<li>De prendre en compte le contexte exercice<\/li>\n\n\n\n<li>De mettre en \u0153uvre une communication adapt\u00e9e au public<\/li>\n\n\n\n<li>De concevoir et r\u00e9aliser un projet d&rsquo;animation.<\/li>\n<\/ul>\n\n\n\n<p>Les PFMP sont aussi les lieux permettant la pr\u00e9paration \u00e0 trois \u00e9preuves d&rsquo;examen. <br>Dans le but d&rsquo;un apprentissage judicieux, j&rsquo;envisage la mise en place d&rsquo;une p\u00e9riode de stage fil\u00e9e sur les mercredis, c&rsquo;est \u00e0 dire 5 mercredis sur 5 semaines.<\/p>\n\n\n\n<p>Sachant qu&rsquo;il existe un groupe de 15 \u00e9l\u00e8ves, le premier groupe partirait <strong>les mercredis du\u00a01er octobre au 17 d\u00e9cembre 2025, et le deuxi\u00e8me groupe partirait les mercredis du 7 janvier au 25 mars 2026.<\/strong><br>Avant de soumettre ces propositions au CA du Lyc\u00e9e, l&rsquo;\u00e9quipe souhaite vous consulter et avoir vos retours. Connectez vous au lien de visio propos\u00e9 ci-dessus le 26 juin \u00e0 13h30.<\/p>\n\n\n\n<div data-wp-interactive=\"core\/file\" class=\"wp-block-file\"><object data-wp-bind--hidden=\"!state.hasPdfPreview\" hidden class=\"wp-block-file__embed\" data=\"https:\/\/aliso.fr\/reseau\/wp-content\/uploads\/sites\/4\/2025\/06\/PFMP-et-BCP-AEPA.pdf\" type=\"application\/pdf\" style=\"width:100%;height:600px\" aria-label=\"Contenu embarqu\u00e9 PFMP et BCP AEPA.\"><\/object><a id=\"wp-block-file--media-ae524186-e06e-4bd8-8baa-18509ec42555\" href=\"https:\/\/aliso.fr\/reseau\/wp-content\/uploads\/sites\/4\/2025\/06\/PFMP-et-BCP-AEPA.pdf\">PFMP et BCP AEPA<\/a><a href=\"https:\/\/aliso.fr\/reseau\/wp-content\/uploads\/sites\/4\/2025\/06\/PFMP-et-BCP-AEPA.pdf\" class=\"wp-block-file__button wp-element-button\" download aria-describedby=\"wp-block-file--media-ae524186-e06e-4bd8-8baa-18509ec42555\">T\u00e9l\u00e9charger<\/a><\/div>\n","protected":false},"excerpt":{"rendered":"<p>Vous aimez accompagner de futur.e.s animateur.ice.s dans leur parcours de formation ? les accueillir en stage ? Vous avez besoin de compl\u00e9ter un peu vos \u00e9quipes le mercredi ? L&rsquo;\u00e9quipe salari\u00e9e d&rsquo;ALISO a \u00e9t\u00e9 contact\u00e9e par la Directrice D\u00e9l\u00e9gu\u00e9e \u00e0 la formation professionnelle du lyc\u00e9e professionnel D.GAY de Bourganeuf, qui propose un Bac Pro en&#8230; <a class=\"excerpt-read-more button\" href=\"https:\/\/aliso.fr\/reseau\/bac-pro-animation-epa\/\" title=\"ReadBAC PRO ANIMATION &#8211; EPA\">En savoir plus &raquo;<\/a><\/p>\n","protected":false},"author":3,"featured_media":3041,"comment_status":"closed","ping_status":"open","sticky":false,"template":"","format":"standard","meta":{"footnotes":""},"categories":[3],"tags":[],"class_list":["post-3039","post","type-post","status-publish","format-standard","has-post-thumbnail","hentry","category-actualite"],"yoast_head":"<!-- This site is optimized with the Yoast SEO plugin v27.4 - https:\/\/yoast.com\/product\/yoast-seo-wordpress\/ -->\n<title>BAC PRO ANIMATION - EPA - Aliso R\u00e9seau<\/title>\n<meta name=\"robots\" content=\"index, follow, max-snippet:-1, max-image-preview:large, max-video-preview:-1\" \/>\n<link rel=\"canonical\" href=\"https:\/\/aliso.fr\/reseau\/bac-pro-animation-epa\/\" \/>\n<meta property=\"og:locale\" content=\"fr_FR\" \/>\n<meta property=\"og:type\" content=\"article\" \/>\n<meta property=\"og:title\" content=\"BAC PRO ANIMATION - EPA - Aliso R\u00e9seau\" \/>\n<meta property=\"og:description\" content=\"Vous aimez accompagner de futur.e.s animateur.ice.s dans leur parcours de formation ? les accueillir en stage ? Vous avez besoin de compl\u00e9ter un peu vos \u00e9quipes le mercredi ? L&rsquo;\u00e9quipe salari\u00e9e d&rsquo;ALISO a \u00e9t\u00e9 contact\u00e9e par la Directrice D\u00e9l\u00e9gu\u00e9e \u00e0 la formation professionnelle du lyc\u00e9e professionnel D.GAY de Bourganeuf, qui propose un Bac Pro en... En savoir plus &raquo;\" \/>\n<meta property=\"og:url\" content=\"https:\/\/aliso.fr\/reseau\/bac-pro-animation-epa\/\" \/>\n<meta property=\"og:site_name\" content=\"Aliso R\u00e9seau\" \/>\n<meta property=\"article:published_time\" content=\"2025-06-18T09:14:21+00:00\" \/>\n<meta property=\"article:modified_time\" content=\"2025-06-18T09:14:22+00:00\" \/>\n<meta property=\"og:image\" content=\"https:\/\/aliso.fr\/reseau\/wp-content\/uploads\/sites\/4\/2025\/06\/stagiaires-web-conseils-recrutement.jpg\" \/>\n\t<meta property=\"og:image:width\" content=\"509\" \/>\n\t<meta property=\"og:image:height\" content=\"340\" \/>\n\t<meta property=\"og:image:type\" content=\"image\/jpeg\" \/>\n<meta name=\"author\" content=\"laure\" \/>\n<meta name=\"twitter:card\" content=\"summary_large_image\" \/>\n<script type=\"application\/ld+json\" class=\"yoast-schema-graph\">{\"@context\":\"https:\\\/\\\/schema.org\",\"@graph\":[{\"@type\":\"Article\",\"@id\":\"https:\\\/\\\/aliso.fr\\\/reseau\\\/bac-pro-animation-epa\\\/#article\",\"isPartOf\":{\"@id\":\"https:\\\/\\\/aliso.fr\\\/reseau\\\/bac-pro-animation-epa\\\/\"},\"author\":{\"name\":\"laure\",\"@id\":\"https:\\\/\\\/aliso.fr\\\/reseau\\\/#\\\/schema\\\/person\\\/056af145b9c52eee21a9f739489104a5\"},\"headline\":\"BAC PRO ANIMATION &#8211; EPA\",\"datePublished\":\"2025-06-18T09:14:21+00:00\",\"dateModified\":\"2025-06-18T09:14:22+00:00\",\"mainEntityOfPage\":{\"@id\":\"https:\\\/\\\/aliso.fr\\\/reseau\\\/bac-pro-animation-epa\\\/\"},\"wordCount\":295,\"publisher\":{\"@id\":\"https:\\\/\\\/aliso.fr\\\/reseau\\\/#organization\"},\"image\":{\"@id\":\"https:\\\/\\\/aliso.fr\\\/reseau\\\/bac-pro-animation-epa\\\/#primaryimage\"},\"thumbnailUrl\":\"https:\\\/\\\/aliso.fr\\\/reseau\\\/wp-content\\\/uploads\\\/sites\\\/4\\\/2025\\\/06\\\/stagiaires-web-conseils-recrutement.jpg\",\"articleSection\":[\"Actualit\u00e9\"],\"inLanguage\":\"fr-FR\"},{\"@type\":\"WebPage\",\"@id\":\"https:\\\/\\\/aliso.fr\\\/reseau\\\/bac-pro-animation-epa\\\/\",\"url\":\"https:\\\/\\\/aliso.fr\\\/reseau\\\/bac-pro-animation-epa\\\/\",\"name\":\"BAC PRO ANIMATION - EPA - Aliso R\u00e9seau\",\"isPartOf\":{\"@id\":\"https:\\\/\\\/aliso.fr\\\/reseau\\\/#website\"},\"primaryImageOfPage\":{\"@id\":\"https:\\\/\\\/aliso.fr\\\/reseau\\\/bac-pro-animation-epa\\\/#primaryimage\"},\"image\":{\"@id\":\"https:\\\/\\\/aliso.fr\\\/reseau\\\/bac-pro-animation-epa\\\/#primaryimage\"},\"thumbnailUrl\":\"https:\\\/\\\/aliso.fr\\\/reseau\\\/wp-content\\\/uploads\\\/sites\\\/4\\\/2025\\\/06\\\/stagiaires-web-conseils-recrutement.jpg\",\"datePublished\":\"2025-06-18T09:14:21+00:00\",\"dateModified\":\"2025-06-18T09:14:22+00:00\",\"breadcrumb\":{\"@id\":\"https:\\\/\\\/aliso.fr\\\/reseau\\\/bac-pro-animation-epa\\\/#breadcrumb\"},\"inLanguage\":\"fr-FR\",\"potentialAction\":[{\"@type\":\"ReadAction\",\"target\":[\"https:\\\/\\\/aliso.fr\\\/reseau\\\/bac-pro-animation-epa\\\/\"]}]},{\"@type\":\"ImageObject\",\"inLanguage\":\"fr-FR\",\"@id\":\"https:\\\/\\\/aliso.fr\\\/reseau\\\/bac-pro-animation-epa\\\/#primaryimage\",\"url\":\"https:\\\/\\\/aliso.fr\\\/reseau\\\/wp-content\\\/uploads\\\/sites\\\/4\\\/2025\\\/06\\\/stagiaires-web-conseils-recrutement.jpg\",\"contentUrl\":\"https:\\\/\\\/aliso.fr\\\/reseau\\\/wp-content\\\/uploads\\\/sites\\\/4\\\/2025\\\/06\\\/stagiaires-web-conseils-recrutement.jpg\",\"width\":509,\"height\":340},{\"@type\":\"BreadcrumbList\",\"@id\":\"https:\\\/\\\/aliso.fr\\\/reseau\\\/bac-pro-animation-epa\\\/#breadcrumb\",\"itemListElement\":[{\"@type\":\"ListItem\",\"position\":1,\"name\":\"Accueil\",\"item\":\"https:\\\/\\\/aliso.fr\\\/reseau\\\/\"},{\"@type\":\"ListItem\",\"position\":2,\"name\":\"Actualit\u00e9\",\"item\":\"https:\\\/\\\/aliso.fr\\\/reseau\\\/actualite\\\/\"},{\"@type\":\"ListItem\",\"position\":3,\"name\":\"BAC PRO ANIMATION &#8211; EPA\"}]},{\"@type\":\"WebSite\",\"@id\":\"https:\\\/\\\/aliso.fr\\\/reseau\\\/#website\",\"url\":\"https:\\\/\\\/aliso.fr\\\/reseau\\\/\",\"name\":\"Aliso R\u00e9seau\",\"description\":\"R\u00e9seau Creusois des acteurs du lien social\",\"publisher\":{\"@id\":\"https:\\\/\\\/aliso.fr\\\/reseau\\\/#organization\"},\"potentialAction\":[{\"@type\":\"SearchAction\",\"target\":{\"@type\":\"EntryPoint\",\"urlTemplate\":\"https:\\\/\\\/aliso.fr\\\/reseau\\\/?s={search_term_string}\"},\"query-input\":{\"@type\":\"PropertyValueSpecification\",\"valueRequired\":true,\"valueName\":\"search_term_string\"}}],\"inLanguage\":\"fr-FR\"},{\"@type\":\"Organization\",\"@id\":\"https:\\\/\\\/aliso.fr\\\/reseau\\\/#organization\",\"name\":\"Aliso R\u00e9seau\",\"url\":\"https:\\\/\\\/aliso.fr\\\/reseau\\\/\",\"logo\":{\"@type\":\"ImageObject\",\"inLanguage\":\"fr-FR\",\"@id\":\"https:\\\/\\\/aliso.fr\\\/reseau\\\/#\\\/schema\\\/logo\\\/image\\\/\",\"url\":\"https:\\\/\\\/aliso.fr\\\/reseau\\\/wp-content\\\/uploads\\\/sites\\\/4\\\/2022\\\/01\\\/Logo-ALISO-Reseau-2.png\",\"contentUrl\":\"https:\\\/\\\/aliso.fr\\\/reseau\\\/wp-content\\\/uploads\\\/sites\\\/4\\\/2022\\\/01\\\/Logo-ALISO-Reseau-2.png\",\"width\":900,\"height\":970,\"caption\":\"Aliso R\u00e9seau\"},\"image\":{\"@id\":\"https:\\\/\\\/aliso.fr\\\/reseau\\\/#\\\/schema\\\/logo\\\/image\\\/\"}},{\"@type\":\"Person\",\"@id\":\"https:\\\/\\\/aliso.fr\\\/reseau\\\/#\\\/schema\\\/person\\\/056af145b9c52eee21a9f739489104a5\",\"name\":\"laure\"}]}<\/script>\n<!-- \/ Yoast SEO plugin. -->","yoast_head_json":{"title":"BAC PRO ANIMATION - EPA - Aliso R\u00e9seau","robots":{"index":"index","follow":"follow","max-snippet":"max-snippet:-1","max-image-preview":"max-image-preview:large","max-video-preview":"max-video-preview:-1"},"canonical":"https:\/\/aliso.fr\/reseau\/bac-pro-animation-epa\/","og_locale":"fr_FR","og_type":"article","og_title":"BAC PRO ANIMATION - EPA - Aliso R\u00e9seau","og_description":"Vous aimez accompagner de futur.e.s animateur.ice.s dans leur parcours de formation ? les accueillir en stage ? Vous avez besoin de compl\u00e9ter un peu vos \u00e9quipes le mercredi ? L&rsquo;\u00e9quipe salari\u00e9e d&rsquo;ALISO a \u00e9t\u00e9 contact\u00e9e par la Directrice D\u00e9l\u00e9gu\u00e9e \u00e0 la formation professionnelle du lyc\u00e9e professionnel D.GAY de Bourganeuf, qui propose un Bac Pro en... En savoir plus &raquo;","og_url":"https:\/\/aliso.fr\/reseau\/bac-pro-animation-epa\/","og_site_name":"Aliso R\u00e9seau","article_published_time":"2025-06-18T09:14:21+00:00","article_modified_time":"2025-06-18T09:14:22+00:00","og_image":[{"width":509,"height":340,"url":"https:\/\/aliso.fr\/reseau\/wp-content\/uploads\/sites\/4\/2025\/06\/stagiaires-web-conseils-recrutement.jpg","type":"image\/jpeg"}],"author":"laure","twitter_card":"summary_large_image","schema":{"@context":"https:\/\/schema.org","@graph":[{"@type":"Article","@id":"https:\/\/aliso.fr\/reseau\/bac-pro-animation-epa\/#article","isPartOf":{"@id":"https:\/\/aliso.fr\/reseau\/bac-pro-animation-epa\/"},"author":{"name":"laure","@id":"https:\/\/aliso.fr\/reseau\/#\/schema\/person\/056af145b9c52eee21a9f739489104a5"},"headline":"BAC PRO ANIMATION &#8211; EPA","datePublished":"2025-06-18T09:14:21+00:00","dateModified":"2025-06-18T09:14:22+00:00","mainEntityOfPage":{"@id":"https:\/\/aliso.fr\/reseau\/bac-pro-animation-epa\/"},"wordCount":295,"publisher":{"@id":"https:\/\/aliso.fr\/reseau\/#organization"},"image":{"@id":"https:\/\/aliso.fr\/reseau\/bac-pro-animation-epa\/#primaryimage"},"thumbnailUrl":"https:\/\/aliso.fr\/reseau\/wp-content\/uploads\/sites\/4\/2025\/06\/stagiaires-web-conseils-recrutement.jpg","articleSection":["Actualit\u00e9"],"inLanguage":"fr-FR"},{"@type":"WebPage","@id":"https:\/\/aliso.fr\/reseau\/bac-pro-animation-epa\/","url":"https:\/\/aliso.fr\/reseau\/bac-pro-animation-epa\/","name":"BAC PRO ANIMATION - EPA - Aliso R\u00e9seau","isPartOf":{"@id":"https:\/\/aliso.fr\/reseau\/#website"},"primaryImageOfPage":{"@id":"https:\/\/aliso.fr\/reseau\/bac-pro-animation-epa\/#primaryimage"},"image":{"@id":"https:\/\/aliso.fr\/reseau\/bac-pro-animation-epa\/#primaryimage"},"thumbnailUrl":"https:\/\/aliso.fr\/reseau\/wp-content\/uploads\/sites\/4\/2025\/06\/stagiaires-web-conseils-recrutement.jpg","datePublished":"2025-06-18T09:14:21+00:00","dateModified":"2025-06-18T09:14:22+00:00","breadcrumb":{"@id":"https:\/\/aliso.fr\/reseau\/bac-pro-animation-epa\/#breadcrumb"},"inLanguage":"fr-FR","potentialAction":[{"@type":"ReadAction","target":["https:\/\/aliso.fr\/reseau\/bac-pro-animation-epa\/"]}]},{"@type":"ImageObject","inLanguage":"fr-FR","@id":"https:\/\/aliso.fr\/reseau\/bac-pro-animation-epa\/#primaryimage","url":"https:\/\/aliso.fr\/reseau\/wp-content\/uploads\/sites\/4\/2025\/06\/stagiaires-web-conseils-recrutement.jpg","contentUrl":"https:\/\/aliso.fr\/reseau\/wp-content\/uploads\/sites\/4\/2025\/06\/stagiaires-web-conseils-recrutement.jpg","width":509,"height":340},{"@type":"BreadcrumbList","@id":"https:\/\/aliso.fr\/reseau\/bac-pro-animation-epa\/#breadcrumb","itemListElement":[{"@type":"ListItem","position":1,"name":"Accueil","item":"https:\/\/aliso.fr\/reseau\/"},{"@type":"ListItem","position":2,"name":"Actualit\u00e9","item":"https:\/\/aliso.fr\/reseau\/actualite\/"},{"@type":"ListItem","position":3,"name":"BAC PRO ANIMATION &#8211; EPA"}]},{"@type":"WebSite","@id":"https:\/\/aliso.fr\/reseau\/#website","url":"https:\/\/aliso.fr\/reseau\/","name":"Aliso R\u00e9seau","description":"R\u00e9seau Creusois des acteurs du lien social","publisher":{"@id":"https:\/\/aliso.fr\/reseau\/#organization"},"potentialAction":[{"@type":"SearchAction","target":{"@type":"EntryPoint","urlTemplate":"https:\/\/aliso.fr\/reseau\/?s={search_term_string}"},"query-input":{"@type":"PropertyValueSpecification","valueRequired":true,"valueName":"search_term_string"}}],"inLanguage":"fr-FR"},{"@type":"Organization","@id":"https:\/\/aliso.fr\/reseau\/#organization","name":"Aliso R\u00e9seau","url":"https:\/\/aliso.fr\/reseau\/","logo":{"@type":"ImageObject","inLanguage":"fr-FR","@id":"https:\/\/aliso.fr\/reseau\/#\/schema\/logo\/image\/","url":"https:\/\/aliso.fr\/reseau\/wp-content\/uploads\/sites\/4\/2022\/01\/Logo-ALISO-Reseau-2.png","contentUrl":"https:\/\/aliso.fr\/reseau\/wp-content\/uploads\/sites\/4\/2022\/01\/Logo-ALISO-Reseau-2.png","width":900,"height":970,"caption":"Aliso R\u00e9seau"},"image":{"@id":"https:\/\/aliso.fr\/reseau\/#\/schema\/logo\/image\/"}},{"@type":"Person","@id":"https:\/\/aliso.fr\/reseau\/#\/schema\/person\/056af145b9c52eee21a9f739489104a5","name":"laure"}]}},"_links":{"self":[{"href":"https:\/\/aliso.fr\/reseau\/wp-json\/wp\/v2\/posts\/3039","targetHints":{"allow":["GET"]}}],"collection":[{"href":"https:\/\/aliso.fr\/reseau\/wp-json\/wp\/v2\/posts"}],"about":[{"href":"https:\/\/aliso.fr\/reseau\/wp-json\/wp\/v2\/types\/post"}],"author":[{"embeddable":true,"href":"https:\/\/aliso.fr\/reseau\/wp-json\/wp\/v2\/users\/3"}],"replies":[{"embeddable":true,"href":"https:\/\/aliso.fr\/reseau\/wp-json\/wp\/v2\/comments?post=3039"}],"version-history":[{"count":1,"href":"https:\/\/aliso.fr\/reseau\/wp-json\/wp\/v2\/posts\/3039\/revisions"}],"predecessor-version":[{"id":3042,"href":"https:\/\/aliso.fr\/reseau\/wp-json\/wp\/v2\/posts\/3039\/revisions\/3042"}],"wp:featuredmedia":[{"embeddable":true,"href":"https:\/\/aliso.fr\/reseau\/wp-json\/wp\/v2\/media\/3041"}],"wp:attachment":[{"href":"https:\/\/aliso.fr\/reseau\/wp-json\/wp\/v2\/media?parent=3039"}],"wp:term":[{"taxonomy":"category","embeddable":true,"href":"https:\/\/aliso.fr\/reseau\/wp-json\/wp\/v2\/categories?post=3039"},{"taxonomy":"post_tag","embeddable":true,"href":"https:\/\/aliso.fr\/reseau\/wp-json\/wp\/v2\/tags?post=3039"}],"curies":[{"name":"wp","href":"https:\/\/api.w.org\/{rel}","templated":true}]}}