{"id":3049,"date":"2025-06-18T16:59:39","date_gmt":"2025-06-18T14:59:39","guid":{"rendered":"https:\/\/aliso.fr\/reseau\/?p=3049"},"modified":"2025-06-19T11:13:08","modified_gmt":"2025-06-19T09:13:08","slug":"bureau-aliso-2025","status":"publish","type":"post","link":"https:\/\/aliso.fr\/reseau\/bureau-aliso-2025\/","title":{"rendered":"BUREAU ALISO 2025"},"content":{"rendered":"\n<p>Suite au CA du 29 avril dernier, ont \u00e9t\u00e9 \u00e9lu.e.s au bureau d&rsquo;ALISO une pr\u00e9sidente, et des vices-pr\u00e9sident.e.s dont un tr\u00e9sorier.<\/p>\n\n\n\n<ul class=\"wp-block-list\">\n<li>Une pr\u00e9sidente : M\u00e9lanie (salari\u00e9e coordinatrice de l&rsquo;association VASI, \u00e0 Vidaillat)<\/li>\n\n\n\n<li>16 vices-pr\u00e9sident.e.s dont 3 bin\u00f4mes : ci-dessous<\/li>\n<\/ul>\n\n\n\n<p>un tr\u00e9sorier et vice-pr\u00e9sident : Silvain (salari\u00e9 animateur responsable de l&rsquo;animation globale de l&rsquo;association VILAJ \u00e0 Boussac)<\/p>\n\n\n\n<p>en bin\u00f4me, Sabine + Agn\u00e8s \u00a0(b\u00e9n\u00e9vole pr\u00e9sidente et salari\u00e9e en direction de l&rsquo;association d\u00e9partementale de l&rsquo;UDAF)<\/p>\n\n\n\n<p>Marine (salari\u00e9e coordinatrice \u00e0 l&rsquo;association des amis de la pierre de Masgot, \u00e0 Frans\u00e8ches)<\/p>\n\n\n\n<p>Pauline (Adh\u00e9rente individuelle, salari\u00e9e d&rsquo;association m\u00e9dicosociale hors r\u00e9seau, anciennement salari\u00e9e en animation et direction d&rsquo;associations du r\u00e9seau)<\/p>\n\n\n\n<p>Paco (b\u00e9n\u00e9vole administrateur du Caf\u00e9 de l\u2019Espace et fondateur salari\u00e9 animateur de l&rsquo;association de la Limou\u2019zine, itin\u00e9rante en Creuse)<\/p>\n\n\n\n<p>en bin\u00f4me, David + Isabelle (salari\u00e9.e.s en direction de l&rsquo;association Cl\u00e9 de Contacts \u00e0 Aubusson)<\/p>\n\n\n\n<p>en bin\u00f4me, Mich\u00e8le + JB\u00a0 (b\u00e9n\u00e9voles administrateur.ice.s de l&rsquo;association AGIR \u00e0 Auzances)<\/p>\n\n\n\n<p>Bab\u00e9 (b\u00e9n\u00e9vole administratrice de l&rsquo;association des Communs \u00e0 Gu\u00e9ret)<\/p>\n\n\n\n<p>Karine (salari\u00e9e directrice du FJT Belmont \u00e0 La Souterraine)<\/p>\n\n\n\n<p>Patricia (salari\u00e9e directrice de la R\u00e9sidence Habitat Jeunes de l&rsquo;association FOL23, \u00e0 Gu\u00e9ret )<\/p>\n\n\n\n<p>Florent (salari\u00e9 directeur de l&rsquo;association de La Palette des possibles \u00e0 Dun-le-Palestel)<\/p>\n\n\n\n<p>Philippe (salari\u00e9 directeur de l&rsquo;association AGORA \u00e0 Bourganeuf)<\/p>\n\n\n\n<p>Nad\u00e8ge (salari\u00e9e directrice de l&rsquo;association MJC Centre Social de La Souterraine)<br><br>Un trombinoscope \u00e0 jour et plus attrayant sera fait prochainement.<\/p>\n","protected":false},"excerpt":{"rendered":"<p>Suite au CA du 29 avril dernier, ont \u00e9t\u00e9 \u00e9lu.e.s au bureau d&rsquo;ALISO une pr\u00e9sidente, et des vices-pr\u00e9sident.e.s dont un tr\u00e9sorier. un tr\u00e9sorier et vice-pr\u00e9sident : Silvain (salari\u00e9 animateur responsable de l&rsquo;animation globale de l&rsquo;association VILAJ \u00e0 Boussac) en bin\u00f4me, Sabine + Agn\u00e8s \u00a0(b\u00e9n\u00e9vole pr\u00e9sidente et salari\u00e9e en direction de l&rsquo;association d\u00e9partementale de l&rsquo;UDAF) Marine&#8230; <a class=\"excerpt-read-more button\" href=\"https:\/\/aliso.fr\/reseau\/bureau-aliso-2025\/\" title=\"ReadBUREAU ALISO 2025\">En savoir plus &raquo;<\/a><\/p>\n","protected":false},"author":3,"featured_media":3050,"comment_status":"closed","ping_status":"open","sticky":false,"template":"","format":"standard","meta":{"footnotes":""},"categories":[3],"tags":[],"class_list":["post-3049","post","type-post","status-publish","format-standard","has-post-thumbnail","hentry","category-actualite"],"yoast_head":"<!-- This site is optimized with the Yoast SEO plugin v27.4 - https:\/\/yoast.com\/product\/yoast-seo-wordpress\/ -->\n<title>BUREAU ALISO 2025 - Aliso R\u00e9seau<\/title>\n<meta name=\"robots\" content=\"index, follow, max-snippet:-1, max-image-preview:large, max-video-preview:-1\" \/>\n<link rel=\"canonical\" href=\"https:\/\/aliso.fr\/reseau\/bureau-aliso-2025\/\" \/>\n<meta property=\"og:locale\" content=\"fr_FR\" \/>\n<meta property=\"og:type\" content=\"article\" \/>\n<meta property=\"og:title\" content=\"BUREAU ALISO 2025 - Aliso R\u00e9seau\" \/>\n<meta property=\"og:description\" content=\"Suite au CA du 29 avril dernier, ont \u00e9t\u00e9 \u00e9lu.e.s au bureau d&rsquo;ALISO une pr\u00e9sidente, et des vices-pr\u00e9sident.e.s dont un tr\u00e9sorier. un tr\u00e9sorier et vice-pr\u00e9sident : Silvain (salari\u00e9 animateur responsable de l&rsquo;animation globale de l&rsquo;association VILAJ \u00e0 Boussac) en bin\u00f4me, Sabine + Agn\u00e8s \u00a0(b\u00e9n\u00e9vole pr\u00e9sidente et salari\u00e9e en direction de l&rsquo;association d\u00e9partementale de l&rsquo;UDAF) Marine... En savoir plus &raquo;\" \/>\n<meta property=\"og:url\" content=\"https:\/\/aliso.fr\/reseau\/bureau-aliso-2025\/\" \/>\n<meta property=\"og:site_name\" content=\"Aliso R\u00e9seau\" \/>\n<meta property=\"article:published_time\" content=\"2025-06-18T14:59:39+00:00\" \/>\n<meta property=\"article:modified_time\" content=\"2025-06-19T09:13:08+00:00\" \/>\n<meta property=\"og:image\" content=\"https:\/\/aliso.fr\/reseau\/wp-content\/uploads\/sites\/4\/2025\/06\/Logo-ALISO-couleur.png\" \/>\n\t<meta property=\"og:image:width\" content=\"341\" \/>\n\t<meta property=\"og:image:height\" content=\"467\" \/>\n\t<meta property=\"og:image:type\" content=\"image\/png\" \/>\n<meta name=\"author\" content=\"laure\" \/>\n<meta name=\"twitter:card\" content=\"summary_large_image\" \/>\n<script type=\"application\/ld+json\" class=\"yoast-schema-graph\">{\"@context\":\"https:\\\/\\\/schema.org\",\"@graph\":[{\"@type\":\"Article\",\"@id\":\"https:\\\/\\\/aliso.fr\\\/reseau\\\/bureau-aliso-2025\\\/#article\",\"isPartOf\":{\"@id\":\"https:\\\/\\\/aliso.fr\\\/reseau\\\/bureau-aliso-2025\\\/\"},\"author\":{\"name\":\"laure\",\"@id\":\"https:\\\/\\\/aliso.fr\\\/reseau\\\/#\\\/schema\\\/person\\\/056af145b9c52eee21a9f739489104a5\"},\"headline\":\"BUREAU ALISO 2025\",\"datePublished\":\"2025-06-18T14:59:39+00:00\",\"dateModified\":\"2025-06-19T09:13:08+00:00\",\"mainEntityOfPage\":{\"@id\":\"https:\\\/\\\/aliso.fr\\\/reseau\\\/bureau-aliso-2025\\\/\"},\"wordCount\":273,\"publisher\":{\"@id\":\"https:\\\/\\\/aliso.fr\\\/reseau\\\/#organization\"},\"image\":{\"@id\":\"https:\\\/\\\/aliso.fr\\\/reseau\\\/bureau-aliso-2025\\\/#primaryimage\"},\"thumbnailUrl\":\"https:\\\/\\\/aliso.fr\\\/reseau\\\/wp-content\\\/uploads\\\/sites\\\/4\\\/2025\\\/06\\\/Logo-ALISO-couleur.png\",\"articleSection\":[\"Actualit\u00e9\"],\"inLanguage\":\"fr-FR\"},{\"@type\":\"WebPage\",\"@id\":\"https:\\\/\\\/aliso.fr\\\/reseau\\\/bureau-aliso-2025\\\/\",\"url\":\"https:\\\/\\\/aliso.fr\\\/reseau\\\/bureau-aliso-2025\\\/\",\"name\":\"BUREAU ALISO 2025 - Aliso R\u00e9seau\",\"isPartOf\":{\"@id\":\"https:\\\/\\\/aliso.fr\\\/reseau\\\/#website\"},\"primaryImageOfPage\":{\"@id\":\"https:\\\/\\\/aliso.fr\\\/reseau\\\/bureau-aliso-2025\\\/#primaryimage\"},\"image\":{\"@id\":\"https:\\\/\\\/aliso.fr\\\/reseau\\\/bureau-aliso-2025\\\/#primaryimage\"},\"thumbnailUrl\":\"https:\\\/\\\/aliso.fr\\\/reseau\\\/wp-content\\\/uploads\\\/sites\\\/4\\\/2025\\\/06\\\/Logo-ALISO-couleur.png\",\"datePublished\":\"2025-06-18T14:59:39+00:00\",\"dateModified\":\"2025-06-19T09:13:08+00:00\",\"breadcrumb\":{\"@id\":\"https:\\\/\\\/aliso.fr\\\/reseau\\\/bureau-aliso-2025\\\/#breadcrumb\"},\"inLanguage\":\"fr-FR\",\"potentialAction\":[{\"@type\":\"ReadAction\",\"target\":[\"https:\\\/\\\/aliso.fr\\\/reseau\\\/bureau-aliso-2025\\\/\"]}]},{\"@type\":\"ImageObject\",\"inLanguage\":\"fr-FR\",\"@id\":\"https:\\\/\\\/aliso.fr\\\/reseau\\\/bureau-aliso-2025\\\/#primaryimage\",\"url\":\"https:\\\/\\\/aliso.fr\\\/reseau\\\/wp-content\\\/uploads\\\/sites\\\/4\\\/2025\\\/06\\\/Logo-ALISO-couleur.png\",\"contentUrl\":\"https:\\\/\\\/aliso.fr\\\/reseau\\\/wp-content\\\/uploads\\\/sites\\\/4\\\/2025\\\/06\\\/Logo-ALISO-couleur.png\",\"width\":341,\"height\":467},{\"@type\":\"BreadcrumbList\",\"@id\":\"https:\\\/\\\/aliso.fr\\\/reseau\\\/bureau-aliso-2025\\\/#breadcrumb\",\"itemListElement\":[{\"@type\":\"ListItem\",\"position\":1,\"name\":\"Accueil\",\"item\":\"https:\\\/\\\/aliso.fr\\\/reseau\\\/\"},{\"@type\":\"ListItem\",\"position\":2,\"name\":\"Actualit\u00e9\",\"item\":\"https:\\\/\\\/aliso.fr\\\/reseau\\\/actualite\\\/\"},{\"@type\":\"ListItem\",\"position\":3,\"name\":\"BUREAU ALISO 2025\"}]},{\"@type\":\"WebSite\",\"@id\":\"https:\\\/\\\/aliso.fr\\\/reseau\\\/#website\",\"url\":\"https:\\\/\\\/aliso.fr\\\/reseau\\\/\",\"name\":\"Aliso R\u00e9seau\",\"description\":\"R\u00e9seau Creusois des acteurs du lien social\",\"publisher\":{\"@id\":\"https:\\\/\\\/aliso.fr\\\/reseau\\\/#organization\"},\"potentialAction\":[{\"@type\":\"SearchAction\",\"target\":{\"@type\":\"EntryPoint\",\"urlTemplate\":\"https:\\\/\\\/aliso.fr\\\/reseau\\\/?s={search_term_string}\"},\"query-input\":{\"@type\":\"PropertyValueSpecification\",\"valueRequired\":true,\"valueName\":\"search_term_string\"}}],\"inLanguage\":\"fr-FR\"},{\"@type\":\"Organization\",\"@id\":\"https:\\\/\\\/aliso.fr\\\/reseau\\\/#organization\",\"name\":\"Aliso R\u00e9seau\",\"url\":\"https:\\\/\\\/aliso.fr\\\/reseau\\\/\",\"logo\":{\"@type\":\"ImageObject\",\"inLanguage\":\"fr-FR\",\"@id\":\"https:\\\/\\\/aliso.fr\\\/reseau\\\/#\\\/schema\\\/logo\\\/image\\\/\",\"url\":\"https:\\\/\\\/aliso.fr\\\/reseau\\\/wp-content\\\/uploads\\\/sites\\\/4\\\/2022\\\/01\\\/Logo-ALISO-Reseau-2.png\",\"contentUrl\":\"https:\\\/\\\/aliso.fr\\\/reseau\\\/wp-content\\\/uploads\\\/sites\\\/4\\\/2022\\\/01\\\/Logo-ALISO-Reseau-2.png\",\"width\":900,\"height\":970,\"caption\":\"Aliso R\u00e9seau\"},\"image\":{\"@id\":\"https:\\\/\\\/aliso.fr\\\/reseau\\\/#\\\/schema\\\/logo\\\/image\\\/\"}},{\"@type\":\"Person\",\"@id\":\"https:\\\/\\\/aliso.fr\\\/reseau\\\/#\\\/schema\\\/person\\\/056af145b9c52eee21a9f739489104a5\",\"name\":\"laure\"}]}<\/script>\n<!-- \/ Yoast SEO plugin. -->","yoast_head_json":{"title":"BUREAU ALISO 2025 - Aliso R\u00e9seau","robots":{"index":"index","follow":"follow","max-snippet":"max-snippet:-1","max-image-preview":"max-image-preview:large","max-video-preview":"max-video-preview:-1"},"canonical":"https:\/\/aliso.fr\/reseau\/bureau-aliso-2025\/","og_locale":"fr_FR","og_type":"article","og_title":"BUREAU ALISO 2025 - Aliso R\u00e9seau","og_description":"Suite au CA du 29 avril dernier, ont \u00e9t\u00e9 \u00e9lu.e.s au bureau d&rsquo;ALISO une pr\u00e9sidente, et des vices-pr\u00e9sident.e.s dont un tr\u00e9sorier. un tr\u00e9sorier et vice-pr\u00e9sident : Silvain (salari\u00e9 animateur responsable de l&rsquo;animation globale de l&rsquo;association VILAJ \u00e0 Boussac) en bin\u00f4me, Sabine + Agn\u00e8s \u00a0(b\u00e9n\u00e9vole pr\u00e9sidente et salari\u00e9e en direction de l&rsquo;association d\u00e9partementale de l&rsquo;UDAF) Marine... En savoir plus &raquo;","og_url":"https:\/\/aliso.fr\/reseau\/bureau-aliso-2025\/","og_site_name":"Aliso R\u00e9seau","article_published_time":"2025-06-18T14:59:39+00:00","article_modified_time":"2025-06-19T09:13:08+00:00","og_image":[{"width":341,"height":467,"url":"https:\/\/aliso.fr\/reseau\/wp-content\/uploads\/sites\/4\/2025\/06\/Logo-ALISO-couleur.png","type":"image\/png"}],"author":"laure","twitter_card":"summary_large_image","schema":{"@context":"https:\/\/schema.org","@graph":[{"@type":"Article","@id":"https:\/\/aliso.fr\/reseau\/bureau-aliso-2025\/#article","isPartOf":{"@id":"https:\/\/aliso.fr\/reseau\/bureau-aliso-2025\/"},"author":{"name":"laure","@id":"https:\/\/aliso.fr\/reseau\/#\/schema\/person\/056af145b9c52eee21a9f739489104a5"},"headline":"BUREAU ALISO 2025","datePublished":"2025-06-18T14:59:39+00:00","dateModified":"2025-06-19T09:13:08+00:00","mainEntityOfPage":{"@id":"https:\/\/aliso.fr\/reseau\/bureau-aliso-2025\/"},"wordCount":273,"publisher":{"@id":"https:\/\/aliso.fr\/reseau\/#organization"},"image":{"@id":"https:\/\/aliso.fr\/reseau\/bureau-aliso-2025\/#primaryimage"},"thumbnailUrl":"https:\/\/aliso.fr\/reseau\/wp-content\/uploads\/sites\/4\/2025\/06\/Logo-ALISO-couleur.png","articleSection":["Actualit\u00e9"],"inLanguage":"fr-FR"},{"@type":"WebPage","@id":"https:\/\/aliso.fr\/reseau\/bureau-aliso-2025\/","url":"https:\/\/aliso.fr\/reseau\/bureau-aliso-2025\/","name":"BUREAU ALISO 2025 - Aliso R\u00e9seau","isPartOf":{"@id":"https:\/\/aliso.fr\/reseau\/#website"},"primaryImageOfPage":{"@id":"https:\/\/aliso.fr\/reseau\/bureau-aliso-2025\/#primaryimage"},"image":{"@id":"https:\/\/aliso.fr\/reseau\/bureau-aliso-2025\/#primaryimage"},"thumbnailUrl":"https:\/\/aliso.fr\/reseau\/wp-content\/uploads\/sites\/4\/2025\/06\/Logo-ALISO-couleur.png","datePublished":"2025-06-18T14:59:39+00:00","dateModified":"2025-06-19T09:13:08+00:00","breadcrumb":{"@id":"https:\/\/aliso.fr\/reseau\/bureau-aliso-2025\/#breadcrumb"},"inLanguage":"fr-FR","potentialAction":[{"@type":"ReadAction","target":["https:\/\/aliso.fr\/reseau\/bureau-aliso-2025\/"]}]},{"@type":"ImageObject","inLanguage":"fr-FR","@id":"https:\/\/aliso.fr\/reseau\/bureau-aliso-2025\/#primaryimage","url":"https:\/\/aliso.fr\/reseau\/wp-content\/uploads\/sites\/4\/2025\/06\/Logo-ALISO-couleur.png","contentUrl":"https:\/\/aliso.fr\/reseau\/wp-content\/uploads\/sites\/4\/2025\/06\/Logo-ALISO-couleur.png","width":341,"height":467},{"@type":"BreadcrumbList","@id":"https:\/\/aliso.fr\/reseau\/bureau-aliso-2025\/#breadcrumb","itemListElement":[{"@type":"ListItem","position":1,"name":"Accueil","item":"https:\/\/aliso.fr\/reseau\/"},{"@type":"ListItem","position":2,"name":"Actualit\u00e9","item":"https:\/\/aliso.fr\/reseau\/actualite\/"},{"@type":"ListItem","position":3,"name":"BUREAU ALISO 2025"}]},{"@type":"WebSite","@id":"https:\/\/aliso.fr\/reseau\/#website","url":"https:\/\/aliso.fr\/reseau\/","name":"Aliso R\u00e9seau","description":"R\u00e9seau Creusois des acteurs du lien social","publisher":{"@id":"https:\/\/aliso.fr\/reseau\/#organization"},"potentialAction":[{"@type":"SearchAction","target":{"@type":"EntryPoint","urlTemplate":"https:\/\/aliso.fr\/reseau\/?s={search_term_string}"},"query-input":{"@type":"PropertyValueSpecification","valueRequired":true,"valueName":"search_term_string"}}],"inLanguage":"fr-FR"},{"@type":"Organization","@id":"https:\/\/aliso.fr\/reseau\/#organization","name":"Aliso R\u00e9seau","url":"https:\/\/aliso.fr\/reseau\/","logo":{"@type":"ImageObject","inLanguage":"fr-FR","@id":"https:\/\/aliso.fr\/reseau\/#\/schema\/logo\/image\/","url":"https:\/\/aliso.fr\/reseau\/wp-content\/uploads\/sites\/4\/2022\/01\/Logo-ALISO-Reseau-2.png","contentUrl":"https:\/\/aliso.fr\/reseau\/wp-content\/uploads\/sites\/4\/2022\/01\/Logo-ALISO-Reseau-2.png","width":900,"height":970,"caption":"Aliso R\u00e9seau"},"image":{"@id":"https:\/\/aliso.fr\/reseau\/#\/schema\/logo\/image\/"}},{"@type":"Person","@id":"https:\/\/aliso.fr\/reseau\/#\/schema\/person\/056af145b9c52eee21a9f739489104a5","name":"laure"}]}},"_links":{"self":[{"href":"https:\/\/aliso.fr\/reseau\/wp-json\/wp\/v2\/posts\/3049","targetHints":{"allow":["GET"]}}],"collection":[{"href":"https:\/\/aliso.fr\/reseau\/wp-json\/wp\/v2\/posts"}],"about":[{"href":"https:\/\/aliso.fr\/reseau\/wp-json\/wp\/v2\/types\/post"}],"author":[{"embeddable":true,"href":"https:\/\/aliso.fr\/reseau\/wp-json\/wp\/v2\/users\/3"}],"replies":[{"embeddable":true,"href":"https:\/\/aliso.fr\/reseau\/wp-json\/wp\/v2\/comments?post=3049"}],"version-history":[{"count":3,"href":"https:\/\/aliso.fr\/reseau\/wp-json\/wp\/v2\/posts\/3049\/revisions"}],"predecessor-version":[{"id":3056,"href":"https:\/\/aliso.fr\/reseau\/wp-json\/wp\/v2\/posts\/3049\/revisions\/3056"}],"wp:featuredmedia":[{"embeddable":true,"href":"https:\/\/aliso.fr\/reseau\/wp-json\/wp\/v2\/media\/3050"}],"wp:attachment":[{"href":"https:\/\/aliso.fr\/reseau\/wp-json\/wp\/v2\/media?parent=3049"}],"wp:term":[{"taxonomy":"category","embeddable":true,"href":"https:\/\/aliso.fr\/reseau\/wp-json\/wp\/v2\/categories?post=3049"},{"taxonomy":"post_tag","embeddable":true,"href":"https:\/\/aliso.fr\/reseau\/wp-json\/wp\/v2\/tags?post=3049"}],"curies":[{"name":"wp","href":"https:\/\/api.w.org\/{rel}","templated":true}]}}