{"id":3060,"date":"2025-07-09T12:14:49","date_gmt":"2025-07-09T10:14:49","guid":{"rendered":"https:\/\/aliso.fr\/reseau\/?p=3060"},"modified":"2025-07-09T14:30:06","modified_gmt":"2025-07-09T12:30:06","slug":"aliso-signataire-dune-nouvelle-tribune","status":"publish","type":"post","link":"https:\/\/aliso.fr\/reseau\/aliso-signataire-dune-nouvelle-tribune\/","title":{"rendered":"ALISO SIGNATAIRE D&rsquo;UNE NOUVELLE TRIBUNE"},"content":{"rendered":"\n<p>ALISO prend la parole et continue de se positionner dans l&rsquo;espace public aux c\u00f4t\u00e9s d&rsquo;autres r\u00e9seaux locaux, une occasion de r\u00e9affirmer ses valeurs et ses intentions.<\/p>\n\n\n\n<p>R\u00e9cemment interrog\u00e9 sur le Plan Particulier pour la Creuse, le d\u00e9put\u00e9 du d\u00e9partement (UDR), Bartolom\u00e9 Lenoir avait employ\u00e9 ces mots : \u00ab\u00a0J<em>e suis favorable \u00e0 tout investissement dans la Creuse, mais il faut vraiment que l\u2019argent soit investi dans le soutien de l\u2019activit\u00e9, qu\u2019il n\u2019y ait pas trop d\u2019interm\u00e9diaires. Je serai vigilant sur deux axes : les lieux hybrides et tiers-lieux, car j\u2019ai peur que \u00e7a finance des associations d\u2019extr\u00eame gauche. L\u2019autre, c\u2019est sur l\u2019agriculture : je ne veux pas que \u00e7a finance une transition de l\u2019\u00e9levage vers d\u2019autres styles d\u2019exploitation.\u00a0\u00bb<\/em>  <a href=\"https:\/\/france3-regions.franceinfo.fr\/nouvelle-aquitaine\/creuse\/gueret\/on-sent-deja-les-effets-de-ce-2eme-plan-particulier-pour-la-creuse-il-y-a-un-fremissement-sur-l-installation-de-trentenaires-avec-des-enfants-et-je-crois-que-c-est-vraiment-notre-chance-analyse-la-prefete-de-la-creuse-3170745.html\" target=\"_blank\" rel=\"noreferrer noopener\">Pour retrouver le sujet dans sa globalit\u00e9, c&rsquo;est ici. <\/a><\/p>\n\n\n\n<p>Ces quelques mots ont fait r\u00e9agir de nombreux acteurs en lien de pr\u00e8s ou de loin avec les lieux d&rsquo;accueil, lieux hybrides et tiers-lieux en question. Une tribune a \u00e9t\u00e9 \u00e9crite, rappelant leurs fonctions et leurs syst\u00e8mes de valeurs. Des membres du r\u00e9seau ALISO se sont reconnus dans les propos de ces propos \u00e9crits fin juin 2025.<br>Pour la lire, <a href=\"https:\/\/nuage.aliso.fr\/index.php\/s\/4WFmWwJEeeEJnBN\" target=\"_blank\" rel=\"noreferrer noopener\">c&rsquo;est ici. <\/a> Pour la signer, <a href=\"https:\/\/forms.office.com\/e\/RWuU3HRCn5\" target=\"_blank\" rel=\"noreferrer noopener\">c&rsquo;est l\u00e0.<\/a><br><br>RPG a d\u00e9cid\u00e9 de donner la parole \u00e0 4 structures associatives qui en sont signataires : ALISO, TELA, L&rsquo;ARCHIPEL et Epicentre.<\/p>\n\n\n\n<p>&gt;&gt; Vous pouvez l&rsquo;\u00e9couter <a href=\"https:\/\/www.radiopaysdegueret.fr\/rpg-reportages\/tribune-des-tiers-lieux-et-lieux-hybrides\">ici<\/a> &lt;&lt;<br><\/p>\n","protected":false},"excerpt":{"rendered":"<p>ALISO prend la parole et continue de se positionner dans l&rsquo;espace public aux c\u00f4t\u00e9s d&rsquo;autres r\u00e9seaux locaux, une occasion de r\u00e9affirmer ses valeurs et ses intentions. R\u00e9cemment interrog\u00e9 sur le Plan Particulier pour la Creuse, le d\u00e9put\u00e9 du d\u00e9partement (UDR), Bartolom\u00e9 Lenoir avait employ\u00e9 ces mots : \u00ab\u00a0Je suis favorable \u00e0 tout investissement dans la&#8230; <a class=\"excerpt-read-more button\" href=\"https:\/\/aliso.fr\/reseau\/aliso-signataire-dune-nouvelle-tribune\/\" title=\"ReadALISO SIGNATAIRE D&rsquo;UNE NOUVELLE TRIBUNE\">En savoir plus &raquo;<\/a><\/p>\n","protected":false},"author":3,"featured_media":3061,"comment_status":"closed","ping_status":"open","sticky":false,"template":"","format":"standard","meta":{"footnotes":""},"categories":[3],"tags":[],"class_list":["post-3060","post","type-post","status-publish","format-standard","has-post-thumbnail","hentry","category-actualite"],"yoast_head":"<!-- This site is optimized with the Yoast SEO plugin v27.4 - https:\/\/yoast.com\/product\/yoast-seo-wordpress\/ -->\n<title>ALISO SIGNATAIRE D&#039;UNE NOUVELLE TRIBUNE - Aliso R\u00e9seau<\/title>\n<meta name=\"robots\" content=\"index, follow, max-snippet:-1, max-image-preview:large, max-video-preview:-1\" \/>\n<link rel=\"canonical\" href=\"https:\/\/aliso.fr\/reseau\/aliso-signataire-dune-nouvelle-tribune\/\" \/>\n<meta property=\"og:locale\" content=\"fr_FR\" \/>\n<meta property=\"og:type\" content=\"article\" \/>\n<meta property=\"og:title\" content=\"ALISO SIGNATAIRE D&#039;UNE NOUVELLE TRIBUNE - Aliso R\u00e9seau\" \/>\n<meta property=\"og:description\" content=\"ALISO prend la parole et continue de se positionner dans l&rsquo;espace public aux c\u00f4t\u00e9s d&rsquo;autres r\u00e9seaux locaux, une occasion de r\u00e9affirmer ses valeurs et ses intentions. R\u00e9cemment interrog\u00e9 sur le Plan Particulier pour la Creuse, le d\u00e9put\u00e9 du d\u00e9partement (UDR), Bartolom\u00e9 Lenoir avait employ\u00e9 ces mots : \u00ab\u00a0Je suis favorable \u00e0 tout investissement dans la... En savoir plus &raquo;\" \/>\n<meta property=\"og:url\" content=\"https:\/\/aliso.fr\/reseau\/aliso-signataire-dune-nouvelle-tribune\/\" \/>\n<meta property=\"og:site_name\" content=\"Aliso R\u00e9seau\" \/>\n<meta property=\"article:published_time\" content=\"2025-07-09T10:14:49+00:00\" \/>\n<meta property=\"article:modified_time\" content=\"2025-07-09T12:30:06+00:00\" \/>\n<meta property=\"og:image\" content=\"https:\/\/aliso.fr\/reseau\/wp-content\/uploads\/sites\/4\/2025\/07\/loudspeaker-309554_1280.webp\" \/>\n\t<meta property=\"og:image:width\" content=\"1280\" \/>\n\t<meta property=\"og:image:height\" content=\"1280\" \/>\n\t<meta property=\"og:image:type\" content=\"image\/webp\" \/>\n<meta name=\"author\" content=\"laure\" \/>\n<meta name=\"twitter:card\" content=\"summary_large_image\" \/>\n<script type=\"application\/ld+json\" class=\"yoast-schema-graph\">{\"@context\":\"https:\\\/\\\/schema.org\",\"@graph\":[{\"@type\":\"Article\",\"@id\":\"https:\\\/\\\/aliso.fr\\\/reseau\\\/aliso-signataire-dune-nouvelle-tribune\\\/#article\",\"isPartOf\":{\"@id\":\"https:\\\/\\\/aliso.fr\\\/reseau\\\/aliso-signataire-dune-nouvelle-tribune\\\/\"},\"author\":{\"name\":\"laure\",\"@id\":\"https:\\\/\\\/aliso.fr\\\/reseau\\\/#\\\/schema\\\/person\\\/056af145b9c52eee21a9f739489104a5\"},\"headline\":\"ALISO SIGNATAIRE D&rsquo;UNE NOUVELLE TRIBUNE\",\"datePublished\":\"2025-07-09T10:14:49+00:00\",\"dateModified\":\"2025-07-09T12:30:06+00:00\",\"mainEntityOfPage\":{\"@id\":\"https:\\\/\\\/aliso.fr\\\/reseau\\\/aliso-signataire-dune-nouvelle-tribune\\\/\"},\"wordCount\":255,\"publisher\":{\"@id\":\"https:\\\/\\\/aliso.fr\\\/reseau\\\/#organization\"},\"image\":{\"@id\":\"https:\\\/\\\/aliso.fr\\\/reseau\\\/aliso-signataire-dune-nouvelle-tribune\\\/#primaryimage\"},\"thumbnailUrl\":\"https:\\\/\\\/aliso.fr\\\/reseau\\\/wp-content\\\/uploads\\\/sites\\\/4\\\/2025\\\/07\\\/loudspeaker-309554_1280.webp\",\"articleSection\":[\"Actualit\u00e9\"],\"inLanguage\":\"fr-FR\"},{\"@type\":\"WebPage\",\"@id\":\"https:\\\/\\\/aliso.fr\\\/reseau\\\/aliso-signataire-dune-nouvelle-tribune\\\/\",\"url\":\"https:\\\/\\\/aliso.fr\\\/reseau\\\/aliso-signataire-dune-nouvelle-tribune\\\/\",\"name\":\"ALISO SIGNATAIRE D'UNE NOUVELLE TRIBUNE - Aliso R\u00e9seau\",\"isPartOf\":{\"@id\":\"https:\\\/\\\/aliso.fr\\\/reseau\\\/#website\"},\"primaryImageOfPage\":{\"@id\":\"https:\\\/\\\/aliso.fr\\\/reseau\\\/aliso-signataire-dune-nouvelle-tribune\\\/#primaryimage\"},\"image\":{\"@id\":\"https:\\\/\\\/aliso.fr\\\/reseau\\\/aliso-signataire-dune-nouvelle-tribune\\\/#primaryimage\"},\"thumbnailUrl\":\"https:\\\/\\\/aliso.fr\\\/reseau\\\/wp-content\\\/uploads\\\/sites\\\/4\\\/2025\\\/07\\\/loudspeaker-309554_1280.webp\",\"datePublished\":\"2025-07-09T10:14:49+00:00\",\"dateModified\":\"2025-07-09T12:30:06+00:00\",\"breadcrumb\":{\"@id\":\"https:\\\/\\\/aliso.fr\\\/reseau\\\/aliso-signataire-dune-nouvelle-tribune\\\/#breadcrumb\"},\"inLanguage\":\"fr-FR\",\"potentialAction\":[{\"@type\":\"ReadAction\",\"target\":[\"https:\\\/\\\/aliso.fr\\\/reseau\\\/aliso-signataire-dune-nouvelle-tribune\\\/\"]}]},{\"@type\":\"ImageObject\",\"inLanguage\":\"fr-FR\",\"@id\":\"https:\\\/\\\/aliso.fr\\\/reseau\\\/aliso-signataire-dune-nouvelle-tribune\\\/#primaryimage\",\"url\":\"https:\\\/\\\/aliso.fr\\\/reseau\\\/wp-content\\\/uploads\\\/sites\\\/4\\\/2025\\\/07\\\/loudspeaker-309554_1280.webp\",\"contentUrl\":\"https:\\\/\\\/aliso.fr\\\/reseau\\\/wp-content\\\/uploads\\\/sites\\\/4\\\/2025\\\/07\\\/loudspeaker-309554_1280.webp\",\"width\":1280,\"height\":1280},{\"@type\":\"BreadcrumbList\",\"@id\":\"https:\\\/\\\/aliso.fr\\\/reseau\\\/aliso-signataire-dune-nouvelle-tribune\\\/#breadcrumb\",\"itemListElement\":[{\"@type\":\"ListItem\",\"position\":1,\"name\":\"Accueil\",\"item\":\"https:\\\/\\\/aliso.fr\\\/reseau\\\/\"},{\"@type\":\"ListItem\",\"position\":2,\"name\":\"Actualit\u00e9\",\"item\":\"https:\\\/\\\/aliso.fr\\\/reseau\\\/actualite\\\/\"},{\"@type\":\"ListItem\",\"position\":3,\"name\":\"ALISO SIGNATAIRE D&rsquo;UNE NOUVELLE TRIBUNE\"}]},{\"@type\":\"WebSite\",\"@id\":\"https:\\\/\\\/aliso.fr\\\/reseau\\\/#website\",\"url\":\"https:\\\/\\\/aliso.fr\\\/reseau\\\/\",\"name\":\"Aliso R\u00e9seau\",\"description\":\"R\u00e9seau Creusois des acteurs du lien social\",\"publisher\":{\"@id\":\"https:\\\/\\\/aliso.fr\\\/reseau\\\/#organization\"},\"potentialAction\":[{\"@type\":\"SearchAction\",\"target\":{\"@type\":\"EntryPoint\",\"urlTemplate\":\"https:\\\/\\\/aliso.fr\\\/reseau\\\/?s={search_term_string}\"},\"query-input\":{\"@type\":\"PropertyValueSpecification\",\"valueRequired\":true,\"valueName\":\"search_term_string\"}}],\"inLanguage\":\"fr-FR\"},{\"@type\":\"Organization\",\"@id\":\"https:\\\/\\\/aliso.fr\\\/reseau\\\/#organization\",\"name\":\"Aliso R\u00e9seau\",\"url\":\"https:\\\/\\\/aliso.fr\\\/reseau\\\/\",\"logo\":{\"@type\":\"ImageObject\",\"inLanguage\":\"fr-FR\",\"@id\":\"https:\\\/\\\/aliso.fr\\\/reseau\\\/#\\\/schema\\\/logo\\\/image\\\/\",\"url\":\"https:\\\/\\\/aliso.fr\\\/reseau\\\/wp-content\\\/uploads\\\/sites\\\/4\\\/2022\\\/01\\\/Logo-ALISO-Reseau-2.png\",\"contentUrl\":\"https:\\\/\\\/aliso.fr\\\/reseau\\\/wp-content\\\/uploads\\\/sites\\\/4\\\/2022\\\/01\\\/Logo-ALISO-Reseau-2.png\",\"width\":900,\"height\":970,\"caption\":\"Aliso R\u00e9seau\"},\"image\":{\"@id\":\"https:\\\/\\\/aliso.fr\\\/reseau\\\/#\\\/schema\\\/logo\\\/image\\\/\"}},{\"@type\":\"Person\",\"@id\":\"https:\\\/\\\/aliso.fr\\\/reseau\\\/#\\\/schema\\\/person\\\/056af145b9c52eee21a9f739489104a5\",\"name\":\"laure\"}]}<\/script>\n<!-- \/ Yoast SEO plugin. -->","yoast_head_json":{"title":"ALISO SIGNATAIRE D'UNE NOUVELLE TRIBUNE - Aliso R\u00e9seau","robots":{"index":"index","follow":"follow","max-snippet":"max-snippet:-1","max-image-preview":"max-image-preview:large","max-video-preview":"max-video-preview:-1"},"canonical":"https:\/\/aliso.fr\/reseau\/aliso-signataire-dune-nouvelle-tribune\/","og_locale":"fr_FR","og_type":"article","og_title":"ALISO SIGNATAIRE D'UNE NOUVELLE TRIBUNE - Aliso R\u00e9seau","og_description":"ALISO prend la parole et continue de se positionner dans l&rsquo;espace public aux c\u00f4t\u00e9s d&rsquo;autres r\u00e9seaux locaux, une occasion de r\u00e9affirmer ses valeurs et ses intentions. R\u00e9cemment interrog\u00e9 sur le Plan Particulier pour la Creuse, le d\u00e9put\u00e9 du d\u00e9partement (UDR), Bartolom\u00e9 Lenoir avait employ\u00e9 ces mots : \u00ab\u00a0Je suis favorable \u00e0 tout investissement dans la... En savoir plus &raquo;","og_url":"https:\/\/aliso.fr\/reseau\/aliso-signataire-dune-nouvelle-tribune\/","og_site_name":"Aliso R\u00e9seau","article_published_time":"2025-07-09T10:14:49+00:00","article_modified_time":"2025-07-09T12:30:06+00:00","og_image":[{"width":1280,"height":1280,"url":"https:\/\/aliso.fr\/reseau\/wp-content\/uploads\/sites\/4\/2025\/07\/loudspeaker-309554_1280.webp","type":"image\/webp"}],"author":"laure","twitter_card":"summary_large_image","schema":{"@context":"https:\/\/schema.org","@graph":[{"@type":"Article","@id":"https:\/\/aliso.fr\/reseau\/aliso-signataire-dune-nouvelle-tribune\/#article","isPartOf":{"@id":"https:\/\/aliso.fr\/reseau\/aliso-signataire-dune-nouvelle-tribune\/"},"author":{"name":"laure","@id":"https:\/\/aliso.fr\/reseau\/#\/schema\/person\/056af145b9c52eee21a9f739489104a5"},"headline":"ALISO SIGNATAIRE D&rsquo;UNE NOUVELLE TRIBUNE","datePublished":"2025-07-09T10:14:49+00:00","dateModified":"2025-07-09T12:30:06+00:00","mainEntityOfPage":{"@id":"https:\/\/aliso.fr\/reseau\/aliso-signataire-dune-nouvelle-tribune\/"},"wordCount":255,"publisher":{"@id":"https:\/\/aliso.fr\/reseau\/#organization"},"image":{"@id":"https:\/\/aliso.fr\/reseau\/aliso-signataire-dune-nouvelle-tribune\/#primaryimage"},"thumbnailUrl":"https:\/\/aliso.fr\/reseau\/wp-content\/uploads\/sites\/4\/2025\/07\/loudspeaker-309554_1280.webp","articleSection":["Actualit\u00e9"],"inLanguage":"fr-FR"},{"@type":"WebPage","@id":"https:\/\/aliso.fr\/reseau\/aliso-signataire-dune-nouvelle-tribune\/","url":"https:\/\/aliso.fr\/reseau\/aliso-signataire-dune-nouvelle-tribune\/","name":"ALISO SIGNATAIRE D'UNE NOUVELLE TRIBUNE - Aliso R\u00e9seau","isPartOf":{"@id":"https:\/\/aliso.fr\/reseau\/#website"},"primaryImageOfPage":{"@id":"https:\/\/aliso.fr\/reseau\/aliso-signataire-dune-nouvelle-tribune\/#primaryimage"},"image":{"@id":"https:\/\/aliso.fr\/reseau\/aliso-signataire-dune-nouvelle-tribune\/#primaryimage"},"thumbnailUrl":"https:\/\/aliso.fr\/reseau\/wp-content\/uploads\/sites\/4\/2025\/07\/loudspeaker-309554_1280.webp","datePublished":"2025-07-09T10:14:49+00:00","dateModified":"2025-07-09T12:30:06+00:00","breadcrumb":{"@id":"https:\/\/aliso.fr\/reseau\/aliso-signataire-dune-nouvelle-tribune\/#breadcrumb"},"inLanguage":"fr-FR","potentialAction":[{"@type":"ReadAction","target":["https:\/\/aliso.fr\/reseau\/aliso-signataire-dune-nouvelle-tribune\/"]}]},{"@type":"ImageObject","inLanguage":"fr-FR","@id":"https:\/\/aliso.fr\/reseau\/aliso-signataire-dune-nouvelle-tribune\/#primaryimage","url":"https:\/\/aliso.fr\/reseau\/wp-content\/uploads\/sites\/4\/2025\/07\/loudspeaker-309554_1280.webp","contentUrl":"https:\/\/aliso.fr\/reseau\/wp-content\/uploads\/sites\/4\/2025\/07\/loudspeaker-309554_1280.webp","width":1280,"height":1280},{"@type":"BreadcrumbList","@id":"https:\/\/aliso.fr\/reseau\/aliso-signataire-dune-nouvelle-tribune\/#breadcrumb","itemListElement":[{"@type":"ListItem","position":1,"name":"Accueil","item":"https:\/\/aliso.fr\/reseau\/"},{"@type":"ListItem","position":2,"name":"Actualit\u00e9","item":"https:\/\/aliso.fr\/reseau\/actualite\/"},{"@type":"ListItem","position":3,"name":"ALISO SIGNATAIRE D&rsquo;UNE NOUVELLE TRIBUNE"}]},{"@type":"WebSite","@id":"https:\/\/aliso.fr\/reseau\/#website","url":"https:\/\/aliso.fr\/reseau\/","name":"Aliso R\u00e9seau","description":"R\u00e9seau Creusois des acteurs du lien social","publisher":{"@id":"https:\/\/aliso.fr\/reseau\/#organization"},"potentialAction":[{"@type":"SearchAction","target":{"@type":"EntryPoint","urlTemplate":"https:\/\/aliso.fr\/reseau\/?s={search_term_string}"},"query-input":{"@type":"PropertyValueSpecification","valueRequired":true,"valueName":"search_term_string"}}],"inLanguage":"fr-FR"},{"@type":"Organization","@id":"https:\/\/aliso.fr\/reseau\/#organization","name":"Aliso R\u00e9seau","url":"https:\/\/aliso.fr\/reseau\/","logo":{"@type":"ImageObject","inLanguage":"fr-FR","@id":"https:\/\/aliso.fr\/reseau\/#\/schema\/logo\/image\/","url":"https:\/\/aliso.fr\/reseau\/wp-content\/uploads\/sites\/4\/2022\/01\/Logo-ALISO-Reseau-2.png","contentUrl":"https:\/\/aliso.fr\/reseau\/wp-content\/uploads\/sites\/4\/2022\/01\/Logo-ALISO-Reseau-2.png","width":900,"height":970,"caption":"Aliso R\u00e9seau"},"image":{"@id":"https:\/\/aliso.fr\/reseau\/#\/schema\/logo\/image\/"}},{"@type":"Person","@id":"https:\/\/aliso.fr\/reseau\/#\/schema\/person\/056af145b9c52eee21a9f739489104a5","name":"laure"}]}},"_links":{"self":[{"href":"https:\/\/aliso.fr\/reseau\/wp-json\/wp\/v2\/posts\/3060","targetHints":{"allow":["GET"]}}],"collection":[{"href":"https:\/\/aliso.fr\/reseau\/wp-json\/wp\/v2\/posts"}],"about":[{"href":"https:\/\/aliso.fr\/reseau\/wp-json\/wp\/v2\/types\/post"}],"author":[{"embeddable":true,"href":"https:\/\/aliso.fr\/reseau\/wp-json\/wp\/v2\/users\/3"}],"replies":[{"embeddable":true,"href":"https:\/\/aliso.fr\/reseau\/wp-json\/wp\/v2\/comments?post=3060"}],"version-history":[{"count":2,"href":"https:\/\/aliso.fr\/reseau\/wp-json\/wp\/v2\/posts\/3060\/revisions"}],"predecessor-version":[{"id":3071,"href":"https:\/\/aliso.fr\/reseau\/wp-json\/wp\/v2\/posts\/3060\/revisions\/3071"}],"wp:featuredmedia":[{"embeddable":true,"href":"https:\/\/aliso.fr\/reseau\/wp-json\/wp\/v2\/media\/3061"}],"wp:attachment":[{"href":"https:\/\/aliso.fr\/reseau\/wp-json\/wp\/v2\/media?parent=3060"}],"wp:term":[{"taxonomy":"category","embeddable":true,"href":"https:\/\/aliso.fr\/reseau\/wp-json\/wp\/v2\/categories?post=3060"},{"taxonomy":"post_tag","embeddable":true,"href":"https:\/\/aliso.fr\/reseau\/wp-json\/wp\/v2\/tags?post=3060"}],"curies":[{"name":"wp","href":"https:\/\/api.w.org\/{rel}","templated":true}]}}