{"id":3063,"date":"2025-07-09T12:25:26","date_gmt":"2025-07-09T10:25:26","guid":{"rendered":"https:\/\/aliso.fr\/reseau\/?p=3063"},"modified":"2025-07-10T09:53:02","modified_gmt":"2025-07-10T07:53:02","slug":"formation-aliso-2025-2026","status":"publish","type":"post","link":"https:\/\/aliso.fr\/reseau\/formation-aliso-2025-2026\/","title":{"rendered":"FORMATIONS ALISO 2025-2026"},"content":{"rendered":"\n<p>Comme chaque ann\u00e9e, ALISO propose au r\u00e9seau un programme de 10 formations toutes issues de vos demandes. La prise en charge des frais p\u00e9dagogiques est assur\u00e9e par Uniformation (pour tous ceux qui sont \u00e0 jour de leur cotisation).<br><\/p>\n\n\n\n<p>MAIS cette ann\u00e9e, deux grandes nouveaut\u00e9s:<\/p>\n\n\n\n<ul class=\"wp-block-list\">\n<li>l&rsquo;inscription stagiaire se fera via le logiciel de formation auquel nous venons de nous abonner. DIGIFORMA.\ud83d\ude0e Chaque formation aura donc son propre lien d&rsquo;inscription et les mails avec les documents officiels transiteront par cette plateforme. Je devrais m\u00eame pouvoir cr\u00e9er un espace catalogue pour toutes les voir.<\/li>\n\n\n\n<li>Cette ann\u00e9e, Uniformation accepte de prendre en charge les frais de d\u00e9placement et de restauration des stagiaires. La proc\u00e9dure est simple. Apr\u00e8s avoir rembours\u00e9 ses frais au salari\u00e9, vous ferez une demande en ligne sur votre espace personnel Uniformation pour chaque session. Le mode d&#8217;emploi sera joint aux inscriptions.<\/li>\n<\/ul>\n\n\n\n<p>Voici la <a href=\"https:\/\/nuage.aliso.fr\/index.php\/s\/6tQQ7QMZ6Nwaba5\">liste des formations <\/a>\u00e0 faire circuler \u00e0 vos salari\u00e9s et administrateurs.<\/p>\n\n\n\n<p>Les inscriptions, quand elles seront ouvertes, doivent se faire <strong>minimum 3 semaines avant le jour J<\/strong> sous peine d&rsquo;annulation de la session.<\/p>\n\n\n\n<p>Pour plus d&rsquo;info, contactez <a href=\"https:\/\/aliso.fr\/contactez-aliso\/\" target=\"_blank\" rel=\"noreferrer noopener\">Christelle <\/a><\/p>\n\n\n\n<p><\/p>\n","protected":false},"excerpt":{"rendered":"<p>Comme chaque ann\u00e9e, ALISO propose au r\u00e9seau un programme de 10 formations toutes issues de vos demandes. La prise en charge des frais p\u00e9dagogiques est assur\u00e9e par Uniformation (pour tous ceux qui sont \u00e0 jour de leur cotisation). MAIS cette ann\u00e9e, deux grandes nouveaut\u00e9s: Voici la liste des formations \u00e0 faire circuler \u00e0 vos salari\u00e9s&#8230; <a class=\"excerpt-read-more button\" href=\"https:\/\/aliso.fr\/reseau\/formation-aliso-2025-2026\/\" title=\"ReadFORMATIONS ALISO 2025-2026\">En savoir plus &raquo;<\/a><\/p>\n","protected":false},"author":3,"featured_media":2709,"comment_status":"closed","ping_status":"open","sticky":false,"template":"","format":"standard","meta":{"footnotes":""},"categories":[3],"tags":[],"class_list":["post-3063","post","type-post","status-publish","format-standard","has-post-thumbnail","hentry","category-actualite"],"yoast_head":"<!-- This site is optimized with the Yoast SEO plugin v27.4 - https:\/\/yoast.com\/product\/yoast-seo-wordpress\/ -->\n<title>FORMATIONS ALISO 2025-2026 - Aliso R\u00e9seau<\/title>\n<meta name=\"robots\" content=\"index, follow, max-snippet:-1, max-image-preview:large, max-video-preview:-1\" \/>\n<link rel=\"canonical\" href=\"https:\/\/aliso.fr\/reseau\/formation-aliso-2025-2026\/\" \/>\n<meta property=\"og:locale\" content=\"fr_FR\" \/>\n<meta property=\"og:type\" content=\"article\" \/>\n<meta property=\"og:title\" content=\"FORMATIONS ALISO 2025-2026 - Aliso R\u00e9seau\" \/>\n<meta property=\"og:description\" content=\"Comme chaque ann\u00e9e, ALISO propose au r\u00e9seau un programme de 10 formations toutes issues de vos demandes. La prise en charge des frais p\u00e9dagogiques est assur\u00e9e par Uniformation (pour tous ceux qui sont \u00e0 jour de leur cotisation). MAIS cette ann\u00e9e, deux grandes nouveaut\u00e9s: Voici la liste des formations \u00e0 faire circuler \u00e0 vos salari\u00e9s... En savoir plus &raquo;\" \/>\n<meta property=\"og:url\" content=\"https:\/\/aliso.fr\/reseau\/formation-aliso-2025-2026\/\" \/>\n<meta property=\"og:site_name\" content=\"Aliso R\u00e9seau\" \/>\n<meta property=\"article:published_time\" content=\"2025-07-09T10:25:26+00:00\" \/>\n<meta property=\"article:modified_time\" content=\"2025-07-10T07:53:02+00:00\" \/>\n<meta property=\"og:image\" content=\"https:\/\/aliso.fr\/reseau\/wp-content\/uploads\/sites\/4\/\/2025\/01\/ALiso-frmation-edited.png\" \/>\n\t<meta property=\"og:image:width\" content=\"1\" \/>\n\t<meta property=\"og:image:height\" content=\"1\" \/>\n\t<meta property=\"og:image:type\" content=\"image\/png\" \/>\n<meta name=\"author\" content=\"laure\" \/>\n<meta name=\"twitter:card\" content=\"summary_large_image\" \/>\n<script type=\"application\/ld+json\" class=\"yoast-schema-graph\">{\"@context\":\"https:\\\/\\\/schema.org\",\"@graph\":[{\"@type\":\"Article\",\"@id\":\"https:\\\/\\\/aliso.fr\\\/reseau\\\/formation-aliso-2025-2026\\\/#article\",\"isPartOf\":{\"@id\":\"https:\\\/\\\/aliso.fr\\\/reseau\\\/formation-aliso-2025-2026\\\/\"},\"author\":{\"name\":\"laure\",\"@id\":\"https:\\\/\\\/aliso.fr\\\/reseau\\\/#\\\/schema\\\/person\\\/056af145b9c52eee21a9f739489104a5\"},\"headline\":\"FORMATIONS ALISO 2025-2026\",\"datePublished\":\"2025-07-09T10:25:26+00:00\",\"dateModified\":\"2025-07-10T07:53:02+00:00\",\"mainEntityOfPage\":{\"@id\":\"https:\\\/\\\/aliso.fr\\\/reseau\\\/formation-aliso-2025-2026\\\/\"},\"wordCount\":196,\"publisher\":{\"@id\":\"https:\\\/\\\/aliso.fr\\\/reseau\\\/#organization\"},\"image\":{\"@id\":\"https:\\\/\\\/aliso.fr\\\/reseau\\\/formation-aliso-2025-2026\\\/#primaryimage\"},\"thumbnailUrl\":\"https:\\\/\\\/aliso.fr\\\/reseau\\\/wp-content\\\/uploads\\\/sites\\\/4\\\/\\\/2025\\\/01\\\/ALiso-frmation-edited.png\",\"articleSection\":[\"Actualit\u00e9\"],\"inLanguage\":\"fr-FR\"},{\"@type\":\"WebPage\",\"@id\":\"https:\\\/\\\/aliso.fr\\\/reseau\\\/formation-aliso-2025-2026\\\/\",\"url\":\"https:\\\/\\\/aliso.fr\\\/reseau\\\/formation-aliso-2025-2026\\\/\",\"name\":\"FORMATIONS ALISO 2025-2026 - Aliso R\u00e9seau\",\"isPartOf\":{\"@id\":\"https:\\\/\\\/aliso.fr\\\/reseau\\\/#website\"},\"primaryImageOfPage\":{\"@id\":\"https:\\\/\\\/aliso.fr\\\/reseau\\\/formation-aliso-2025-2026\\\/#primaryimage\"},\"image\":{\"@id\":\"https:\\\/\\\/aliso.fr\\\/reseau\\\/formation-aliso-2025-2026\\\/#primaryimage\"},\"thumbnailUrl\":\"https:\\\/\\\/aliso.fr\\\/reseau\\\/wp-content\\\/uploads\\\/sites\\\/4\\\/\\\/2025\\\/01\\\/ALiso-frmation-edited.png\",\"datePublished\":\"2025-07-09T10:25:26+00:00\",\"dateModified\":\"2025-07-10T07:53:02+00:00\",\"breadcrumb\":{\"@id\":\"https:\\\/\\\/aliso.fr\\\/reseau\\\/formation-aliso-2025-2026\\\/#breadcrumb\"},\"inLanguage\":\"fr-FR\",\"potentialAction\":[{\"@type\":\"ReadAction\",\"target\":[\"https:\\\/\\\/aliso.fr\\\/reseau\\\/formation-aliso-2025-2026\\\/\"]}]},{\"@type\":\"ImageObject\",\"inLanguage\":\"fr-FR\",\"@id\":\"https:\\\/\\\/aliso.fr\\\/reseau\\\/formation-aliso-2025-2026\\\/#primaryimage\",\"url\":\"https:\\\/\\\/aliso.fr\\\/reseau\\\/wp-content\\\/uploads\\\/sites\\\/4\\\/\\\/2025\\\/01\\\/ALiso-frmation-edited.png\",\"contentUrl\":\"https:\\\/\\\/aliso.fr\\\/reseau\\\/wp-content\\\/uploads\\\/sites\\\/4\\\/\\\/2025\\\/01\\\/ALiso-frmation-edited.png\"},{\"@type\":\"BreadcrumbList\",\"@id\":\"https:\\\/\\\/aliso.fr\\\/reseau\\\/formation-aliso-2025-2026\\\/#breadcrumb\",\"itemListElement\":[{\"@type\":\"ListItem\",\"position\":1,\"name\":\"Accueil\",\"item\":\"https:\\\/\\\/aliso.fr\\\/reseau\\\/\"},{\"@type\":\"ListItem\",\"position\":2,\"name\":\"Actualit\u00e9\",\"item\":\"https:\\\/\\\/aliso.fr\\\/reseau\\\/actualite\\\/\"},{\"@type\":\"ListItem\",\"position\":3,\"name\":\"FORMATIONS ALISO 2025-2026\"}]},{\"@type\":\"WebSite\",\"@id\":\"https:\\\/\\\/aliso.fr\\\/reseau\\\/#website\",\"url\":\"https:\\\/\\\/aliso.fr\\\/reseau\\\/\",\"name\":\"Aliso R\u00e9seau\",\"description\":\"R\u00e9seau Creusois des acteurs du lien social\",\"publisher\":{\"@id\":\"https:\\\/\\\/aliso.fr\\\/reseau\\\/#organization\"},\"potentialAction\":[{\"@type\":\"SearchAction\",\"target\":{\"@type\":\"EntryPoint\",\"urlTemplate\":\"https:\\\/\\\/aliso.fr\\\/reseau\\\/?s={search_term_string}\"},\"query-input\":{\"@type\":\"PropertyValueSpecification\",\"valueRequired\":true,\"valueName\":\"search_term_string\"}}],\"inLanguage\":\"fr-FR\"},{\"@type\":\"Organization\",\"@id\":\"https:\\\/\\\/aliso.fr\\\/reseau\\\/#organization\",\"name\":\"Aliso R\u00e9seau\",\"url\":\"https:\\\/\\\/aliso.fr\\\/reseau\\\/\",\"logo\":{\"@type\":\"ImageObject\",\"inLanguage\":\"fr-FR\",\"@id\":\"https:\\\/\\\/aliso.fr\\\/reseau\\\/#\\\/schema\\\/logo\\\/image\\\/\",\"url\":\"https:\\\/\\\/aliso.fr\\\/reseau\\\/wp-content\\\/uploads\\\/sites\\\/4\\\/2022\\\/01\\\/Logo-ALISO-Reseau-2.png\",\"contentUrl\":\"https:\\\/\\\/aliso.fr\\\/reseau\\\/wp-content\\\/uploads\\\/sites\\\/4\\\/2022\\\/01\\\/Logo-ALISO-Reseau-2.png\",\"width\":900,\"height\":970,\"caption\":\"Aliso R\u00e9seau\"},\"image\":{\"@id\":\"https:\\\/\\\/aliso.fr\\\/reseau\\\/#\\\/schema\\\/logo\\\/image\\\/\"}},{\"@type\":\"Person\",\"@id\":\"https:\\\/\\\/aliso.fr\\\/reseau\\\/#\\\/schema\\\/person\\\/056af145b9c52eee21a9f739489104a5\",\"name\":\"laure\"}]}<\/script>\n<!-- \/ Yoast SEO plugin. -->","yoast_head_json":{"title":"FORMATIONS ALISO 2025-2026 - Aliso R\u00e9seau","robots":{"index":"index","follow":"follow","max-snippet":"max-snippet:-1","max-image-preview":"max-image-preview:large","max-video-preview":"max-video-preview:-1"},"canonical":"https:\/\/aliso.fr\/reseau\/formation-aliso-2025-2026\/","og_locale":"fr_FR","og_type":"article","og_title":"FORMATIONS ALISO 2025-2026 - Aliso R\u00e9seau","og_description":"Comme chaque ann\u00e9e, ALISO propose au r\u00e9seau un programme de 10 formations toutes issues de vos demandes. La prise en charge des frais p\u00e9dagogiques est assur\u00e9e par Uniformation (pour tous ceux qui sont \u00e0 jour de leur cotisation). MAIS cette ann\u00e9e, deux grandes nouveaut\u00e9s: Voici la liste des formations \u00e0 faire circuler \u00e0 vos salari\u00e9s... En savoir plus &raquo;","og_url":"https:\/\/aliso.fr\/reseau\/formation-aliso-2025-2026\/","og_site_name":"Aliso R\u00e9seau","article_published_time":"2025-07-09T10:25:26+00:00","article_modified_time":"2025-07-10T07:53:02+00:00","og_image":[{"url":"https:\/\/aliso.fr\/reseau\/wp-content\/uploads\/sites\/4\/\/2025\/01\/ALiso-frmation-edited.png","width":1,"height":1,"type":"image\/png"}],"author":"laure","twitter_card":"summary_large_image","schema":{"@context":"https:\/\/schema.org","@graph":[{"@type":"Article","@id":"https:\/\/aliso.fr\/reseau\/formation-aliso-2025-2026\/#article","isPartOf":{"@id":"https:\/\/aliso.fr\/reseau\/formation-aliso-2025-2026\/"},"author":{"name":"laure","@id":"https:\/\/aliso.fr\/reseau\/#\/schema\/person\/056af145b9c52eee21a9f739489104a5"},"headline":"FORMATIONS ALISO 2025-2026","datePublished":"2025-07-09T10:25:26+00:00","dateModified":"2025-07-10T07:53:02+00:00","mainEntityOfPage":{"@id":"https:\/\/aliso.fr\/reseau\/formation-aliso-2025-2026\/"},"wordCount":196,"publisher":{"@id":"https:\/\/aliso.fr\/reseau\/#organization"},"image":{"@id":"https:\/\/aliso.fr\/reseau\/formation-aliso-2025-2026\/#primaryimage"},"thumbnailUrl":"https:\/\/aliso.fr\/reseau\/wp-content\/uploads\/sites\/4\/\/2025\/01\/ALiso-frmation-edited.png","articleSection":["Actualit\u00e9"],"inLanguage":"fr-FR"},{"@type":"WebPage","@id":"https:\/\/aliso.fr\/reseau\/formation-aliso-2025-2026\/","url":"https:\/\/aliso.fr\/reseau\/formation-aliso-2025-2026\/","name":"FORMATIONS ALISO 2025-2026 - Aliso R\u00e9seau","isPartOf":{"@id":"https:\/\/aliso.fr\/reseau\/#website"},"primaryImageOfPage":{"@id":"https:\/\/aliso.fr\/reseau\/formation-aliso-2025-2026\/#primaryimage"},"image":{"@id":"https:\/\/aliso.fr\/reseau\/formation-aliso-2025-2026\/#primaryimage"},"thumbnailUrl":"https:\/\/aliso.fr\/reseau\/wp-content\/uploads\/sites\/4\/\/2025\/01\/ALiso-frmation-edited.png","datePublished":"2025-07-09T10:25:26+00:00","dateModified":"2025-07-10T07:53:02+00:00","breadcrumb":{"@id":"https:\/\/aliso.fr\/reseau\/formation-aliso-2025-2026\/#breadcrumb"},"inLanguage":"fr-FR","potentialAction":[{"@type":"ReadAction","target":["https:\/\/aliso.fr\/reseau\/formation-aliso-2025-2026\/"]}]},{"@type":"ImageObject","inLanguage":"fr-FR","@id":"https:\/\/aliso.fr\/reseau\/formation-aliso-2025-2026\/#primaryimage","url":"https:\/\/aliso.fr\/reseau\/wp-content\/uploads\/sites\/4\/\/2025\/01\/ALiso-frmation-edited.png","contentUrl":"https:\/\/aliso.fr\/reseau\/wp-content\/uploads\/sites\/4\/\/2025\/01\/ALiso-frmation-edited.png"},{"@type":"BreadcrumbList","@id":"https:\/\/aliso.fr\/reseau\/formation-aliso-2025-2026\/#breadcrumb","itemListElement":[{"@type":"ListItem","position":1,"name":"Accueil","item":"https:\/\/aliso.fr\/reseau\/"},{"@type":"ListItem","position":2,"name":"Actualit\u00e9","item":"https:\/\/aliso.fr\/reseau\/actualite\/"},{"@type":"ListItem","position":3,"name":"FORMATIONS ALISO 2025-2026"}]},{"@type":"WebSite","@id":"https:\/\/aliso.fr\/reseau\/#website","url":"https:\/\/aliso.fr\/reseau\/","name":"Aliso R\u00e9seau","description":"R\u00e9seau Creusois des acteurs du lien social","publisher":{"@id":"https:\/\/aliso.fr\/reseau\/#organization"},"potentialAction":[{"@type":"SearchAction","target":{"@type":"EntryPoint","urlTemplate":"https:\/\/aliso.fr\/reseau\/?s={search_term_string}"},"query-input":{"@type":"PropertyValueSpecification","valueRequired":true,"valueName":"search_term_string"}}],"inLanguage":"fr-FR"},{"@type":"Organization","@id":"https:\/\/aliso.fr\/reseau\/#organization","name":"Aliso R\u00e9seau","url":"https:\/\/aliso.fr\/reseau\/","logo":{"@type":"ImageObject","inLanguage":"fr-FR","@id":"https:\/\/aliso.fr\/reseau\/#\/schema\/logo\/image\/","url":"https:\/\/aliso.fr\/reseau\/wp-content\/uploads\/sites\/4\/2022\/01\/Logo-ALISO-Reseau-2.png","contentUrl":"https:\/\/aliso.fr\/reseau\/wp-content\/uploads\/sites\/4\/2022\/01\/Logo-ALISO-Reseau-2.png","width":900,"height":970,"caption":"Aliso R\u00e9seau"},"image":{"@id":"https:\/\/aliso.fr\/reseau\/#\/schema\/logo\/image\/"}},{"@type":"Person","@id":"https:\/\/aliso.fr\/reseau\/#\/schema\/person\/056af145b9c52eee21a9f739489104a5","name":"laure"}]}},"_links":{"self":[{"href":"https:\/\/aliso.fr\/reseau\/wp-json\/wp\/v2\/posts\/3063","targetHints":{"allow":["GET"]}}],"collection":[{"href":"https:\/\/aliso.fr\/reseau\/wp-json\/wp\/v2\/posts"}],"about":[{"href":"https:\/\/aliso.fr\/reseau\/wp-json\/wp\/v2\/types\/post"}],"author":[{"embeddable":true,"href":"https:\/\/aliso.fr\/reseau\/wp-json\/wp\/v2\/users\/3"}],"replies":[{"embeddable":true,"href":"https:\/\/aliso.fr\/reseau\/wp-json\/wp\/v2\/comments?post=3063"}],"version-history":[{"count":2,"href":"https:\/\/aliso.fr\/reseau\/wp-json\/wp\/v2\/posts\/3063\/revisions"}],"predecessor-version":[{"id":3086,"href":"https:\/\/aliso.fr\/reseau\/wp-json\/wp\/v2\/posts\/3063\/revisions\/3086"}],"wp:featuredmedia":[{"embeddable":true,"href":"https:\/\/aliso.fr\/reseau\/wp-json\/wp\/v2\/media\/2709"}],"wp:attachment":[{"href":"https:\/\/aliso.fr\/reseau\/wp-json\/wp\/v2\/media?parent=3063"}],"wp:term":[{"taxonomy":"category","embeddable":true,"href":"https:\/\/aliso.fr\/reseau\/wp-json\/wp\/v2\/categories?post=3063"},{"taxonomy":"post_tag","embeddable":true,"href":"https:\/\/aliso.fr\/reseau\/wp-json\/wp\/v2\/tags?post=3063"}],"curies":[{"name":"wp","href":"https:\/\/api.w.org\/{rel}","templated":true}]}}