{"id":3068,"date":"2025-12-16T10:41:00","date_gmt":"2025-12-16T09:41:00","guid":{"rendered":"https:\/\/aliso.fr\/reseau\/?p=3068"},"modified":"2025-12-16T16:35:58","modified_gmt":"2025-12-16T15:35:58","slug":"alisopop-2025-on-en-reparle","status":"publish","type":"post","link":"https:\/\/aliso.fr\/reseau\/alisopop-2025-on-en-reparle\/","title":{"rendered":"VERS ALISO&rsquo;POP 2026 &#8211; R\u00e9union le 22\/01\/26"},"content":{"rendered":"\n<p>Rendez-vous <strong>Jeudi 22 janvier 2026 entre 14h et 16h30, dans le salon d&rsquo;ALISO \u00e0 Gu\u00e9ret<\/strong>, au 2 rue traversi\u00e8re pour avancer sur les pr\u00e9paratifs de la prochaine \u00e9dition d&rsquo;ALISO&rsquo;POP.<br>ALISO&rsquo;POP c&rsquo;est \u00e0 la fois un moment d&rsquo;interconnaissance, de travail et de construction de culture commune autour de l&rsquo;\u00e9ducation populaire.<br>Ca se passera un vendredi de juin. La date reste \u00e0 valider.<br>O\u00f9 \u00e7a ? Eh ben justement on en parle le 22. <br>Pour se raconter quoi ? On en parle aussi le 22 et vous avez s\u00fbrement un avis \u00e0 donner.<br>ALISO&rsquo;POP c&rsquo;est la journ\u00e9e du r\u00e9seau par et pour le r\u00e9seau. <br>Venez \u00e9changer, partager vos id\u00e9es, vos r\u00e9actions, propositions ! <br>Les pr\u00e9paratifs de ce temps sont aussi un temps tout \u00e0 fait riche o\u00f9 on se rencontre et on discute de nombreux sujets qui font bouger la vie du r\u00e9seau.<\/p>\n\n\n\n<p>A tr\u00e8s bient\u00f4t. J&rsquo;attends de vos nouvelles ! <br>Laure <br><\/p>\n\n\n\n<figure class=\"wp-block-gallery has-nested-images columns-default is-cropped wp-block-gallery-1 is-layout-flex wp-block-gallery-is-layout-flex\">\n<figure class=\"wp-block-image size-large is-resized\"><img loading=\"lazy\" decoding=\"async\" width=\"234\" height=\"330\" data-id=\"3075\" src=\"https:\/\/aliso.fr\/reseau\/wp-content\/uploads\/sites\/4\/2025\/07\/20250613_160318PDF_250709_153100-1-234x330.jpg\" alt=\"\" class=\"wp-image-3075\" style=\"width:291px;height:auto\" srcset=\"https:\/\/aliso.fr\/reseau\/wp-content\/uploads\/sites\/4\/2025\/07\/20250613_160318PDF_250709_153100-1-234x330.jpg 234w, https:\/\/aliso.fr\/reseau\/wp-content\/uploads\/sites\/4\/2025\/07\/20250613_160318PDF_250709_153100-1-134x190.jpg 134w, https:\/\/aliso.fr\/reseau\/wp-content\/uploads\/sites\/4\/2025\/07\/20250613_160318PDF_250709_153100-1-768x1085.jpg 768w, https:\/\/aliso.fr\/reseau\/wp-content\/uploads\/sites\/4\/2025\/07\/20250613_160318PDF_250709_153100-1.jpg 1080w\" sizes=\"auto, (max-width: 234px) 100vw, 234px\" \/><\/figure>\n\n\n\n<figure class=\"wp-block-image size-large\"><img loading=\"lazy\" decoding=\"async\" width=\"234\" height=\"330\" data-id=\"3076\" src=\"https:\/\/aliso.fr\/reseau\/wp-content\/uploads\/sites\/4\/2025\/07\/atelier-2-aliso-pop-25-234x330.jpg\" alt=\"\" class=\"wp-image-3076\" srcset=\"https:\/\/aliso.fr\/reseau\/wp-content\/uploads\/sites\/4\/2025\/07\/atelier-2-aliso-pop-25-234x330.jpg 234w, https:\/\/aliso.fr\/reseau\/wp-content\/uploads\/sites\/4\/2025\/07\/atelier-2-aliso-pop-25-134x190.jpg 134w, https:\/\/aliso.fr\/reseau\/wp-content\/uploads\/sites\/4\/2025\/07\/atelier-2-aliso-pop-25-768x1085.jpg 768w, https:\/\/aliso.fr\/reseau\/wp-content\/uploads\/sites\/4\/2025\/07\/atelier-2-aliso-pop-25.jpg 1080w\" sizes=\"auto, (max-width: 234px) 100vw, 234px\" \/><\/figure>\n\n\n\n<figure class=\"wp-block-image size-large\"><img loading=\"lazy\" decoding=\"async\" width=\"440\" height=\"330\" data-id=\"3077\" src=\"https:\/\/aliso.fr\/reseau\/wp-content\/uploads\/sites\/4\/2025\/07\/20250613_103141-440x330.jpg\" alt=\"\" class=\"wp-image-3077\" srcset=\"https:\/\/aliso.fr\/reseau\/wp-content\/uploads\/sites\/4\/2025\/07\/20250613_103141-440x330.jpg 440w, https:\/\/aliso.fr\/reseau\/wp-content\/uploads\/sites\/4\/2025\/07\/20250613_103141-253x190.jpg 253w, https:\/\/aliso.fr\/reseau\/wp-content\/uploads\/sites\/4\/2025\/07\/20250613_103141-768x576.jpg 768w, https:\/\/aliso.fr\/reseau\/wp-content\/uploads\/sites\/4\/2025\/07\/20250613_103141-1536x1152.jpg 1536w, https:\/\/aliso.fr\/reseau\/wp-content\/uploads\/sites\/4\/2025\/07\/20250613_103141-2048x1536.jpg 2048w, https:\/\/aliso.fr\/reseau\/wp-content\/uploads\/sites\/4\/2025\/07\/20250613_103141-1320x990.jpg 1320w\" sizes=\"auto, (max-width: 440px) 100vw, 440px\" \/><\/figure>\n<\/figure>\n\n\n\n<p>Quoiqu&rsquo;il en soit, voici ce qu&rsquo;on peut se redire de cette \u00e9dition 2025 : <a href=\"https:\/\/nuage.aliso.fr\/index.php\/s\/3SrY98JbJcppK6F\">retrouvez l&rsquo;<\/a><a href=\"https:\/\/nuage.aliso.fr\/index.php\/s\/3SrY98JbJcppK6F\" target=\"_blank\" rel=\"noreferrer noopener\">int\u00e9gralit\u00e9 <\/a><a href=\"https:\/\/nuage.aliso.fr\/index.php\/s\/3SrY98JbJcppK6F\">du bilan sur ce lien <\/a> et la ressource qui y a \u00e9t\u00e9 partag\u00e9e au bas cette page.<\/p>\n\n\n\n<p><br><br>Merci \u00e0 toutes et tous pour votre participation et tout particuli\u00e8rement \u00e0 Tiss&rsquo;\u00e2ges pour son engagement \u00e0 nous accueillir \u00e0 Ch\u00e2telus-Malvaleix, \u00e0 D\u00e9clic, Promotion Sant\u00e9 Nouvelle-Aquitaine, la Mission Locale et la MJC CS pour leur contribution aux pr\u00e9paratifs. Merci \u00e9galement \u00e0 La Limouz&rsquo;Ine pour l&rsquo;animation une nouvelle fois de l&rsquo;arpentage, \u00e0 Evanne pour sa contribution pr\u00e9cieuse dans la pr\u00e9paration et l&rsquo;animation de cette journ\u00e9e, \u00e0 Olivia et H\u00e9l\u00e8ne du CRAJEP NA pour les kilom\u00e8tres parcourus jusqu&rsquo;\u00e0 nous et la ressource partag\u00e9e, \u00e0 La compagnie ET T.O.C ! pour sa confiance, sa fid\u00e9lit\u00e9 et la qualit\u00e9 de son travail.<\/p>\n\n\n\n<p>Cette ann\u00e9e, la journ\u00e9e \u00e9tait dense, peu g\u00e9n\u00e9reuse en moments de r\u00e9pit ou de l\u00e9g\u00e8ret\u00e9. On a du faire des choix pour faire rentrer beaucoup de questions et d&rsquo;envies dans une seule journ\u00e9e qui r\u00e9unit autant de diversit\u00e9s de r\u00e9alit\u00e9s parmi vos structures. Et vous avez \u00e9t\u00e9 plut\u00f4t super pr\u00e9sents alors on est globalement tr\u00e8s content.<br><\/p>\n\n\n\n<p>Et voici ce que vous avez bien voulu partager comme r\u00e9f\u00e9rences ensemble au regard de la th\u00e9matique du jour : <\/p>\n\n\n\n<figure class=\"wp-block-image size-large is-resized\"><img loading=\"lazy\" decoding=\"async\" width=\"467\" height=\"330\" src=\"https:\/\/aliso.fr\/reseau\/wp-content\/uploads\/sites\/4\/2025\/07\/En-tete-467x330.jpg\" alt=\"\" class=\"wp-image-3073\" style=\"width:840px;height:auto\" srcset=\"https:\/\/aliso.fr\/reseau\/wp-content\/uploads\/sites\/4\/2025\/07\/En-tete-467x330.jpg 467w, https:\/\/aliso.fr\/reseau\/wp-content\/uploads\/sites\/4\/2025\/07\/En-tete-269x190.jpg 269w, https:\/\/aliso.fr\/reseau\/wp-content\/uploads\/sites\/4\/2025\/07\/En-tete-768x543.jpg 768w, https:\/\/aliso.fr\/reseau\/wp-content\/uploads\/sites\/4\/2025\/07\/En-tete-1536x1086.jpg 1536w, https:\/\/aliso.fr\/reseau\/wp-content\/uploads\/sites\/4\/2025\/07\/En-tete-1320x933.jpg 1320w, https:\/\/aliso.fr\/reseau\/wp-content\/uploads\/sites\/4\/2025\/07\/En-tete.jpg 2000w\" sizes=\"auto, (max-width: 467px) 100vw, 467px\" \/><\/figure>\n\n\n\n<p><strong>C\u00f4t\u00e9 ressources de la journ\u00e9e, voici encore quelques liens (\u00e0 compl\u00e9ter) : <\/strong><br>&#8211; pr\u00e9sent\u00e9e dans l&rsquo;atelier du matin \u00ab\u00a0r\u00e9sistance et libert\u00e9s associatives : quel positionnement ?\u00a0\u00bb<br><a href=\"https:\/\/www.campdesmilles.org\/mur-interactif\/zoom.php?lang=fr\" target=\"_blank\" rel=\"noreferrer noopener\">https:\/\/www.campdesmilles.org\/mur-interactif\/zoom.php?lang=fr<\/a>  &#8211; la visite de ce lieu avec un groupe offre la prise en charge du voyage par la SNCF.<br>&#8211; inspiration et appui pour l&rsquo;arpentage : Une soci\u00e9t\u00e9 inclusive, parlons-en ! Livre de Charles Gardou<br>&#8211; livret cr\u00e9\u00e9 par la CNAJEP et propos\u00e9 dans l&rsquo;atelier en qu\u00eate d&#8217;empathie : <a href=\"https:\/\/www.cnajep.asso.fr\/actualites\/actus-du-cnajep\/un-outil-pour-lutter-contre-les-idees-des-extremes-droites\/\" target=\"_blank\" rel=\"noreferrer noopener\">https:\/\/www.cnajep.asso.fr\/actualites\/actus-du-cnajep\/un-outil-pour-lutter-contre-les-idees-des-extremes-droites\/<\/a><br>&#8211; si vous voulez travailler avec ET TOC ! ou vous exercer : <a href=\"https:\/\/mobilizon.fr\/p\/Presentation-de-la-compagnie-Et-Toc-r3Y8wD8nF9NLZ7bcHRnPje\">https:\/\/mobilizon.fr\/p\/Presentation-de-la-compagnie-Et-Toc-r3Y8wD8nF9NLZ7bcHRnPje<\/a><br>&#8211; On en profite pour faire un p&rsquo;tit topo sur le th\u00e9\u00e2tre de l&rsquo;opprim\u00e9 comme m\u00e9thode : <a href=\"https:\/\/fr.wikipedia.org\/wiki\/Th%C3%A9%C3%A2tre_de_l%27Opprim%C3%A9\">https:\/\/fr.wikipedia.org\/wiki\/Th%C3%A9%C3%A2tre_de_l%27Opprim%C3%A9<\/a><br>&#8211; si vous voulez aborder des sujets par le biais d&rsquo;un arpentage chez vous : <a href=\"https:\/\/lalimouzine.fr\/fr\/\">https:\/\/lalimouzine.fr\/fr\/<\/a><br>&#8211; pour ceux qui regrettent de ne pas avoir lu toutes ces d\u00e9finitions&#8230;au nombre d&rsquo;environ 130&#8230;. on en fera qqchose de plus facile \u00e0 partager \u00e0 l&rsquo;avenir \ud83d\ude09<\/p>\n\n\n\n<p><\/p>\n","protected":false},"excerpt":{"rendered":"<p>Rendez-vous Jeudi 22 janvier 2026 entre 14h et 16h30, dans le salon d&rsquo;ALISO \u00e0 Gu\u00e9ret, au 2 rue traversi\u00e8re pour avancer sur les pr\u00e9paratifs de la prochaine \u00e9dition d&rsquo;ALISO&rsquo;POP.ALISO&rsquo;POP c&rsquo;est \u00e0 la fois un moment d&rsquo;interconnaissance, de travail et de construction de culture commune autour de l&rsquo;\u00e9ducation populaire.Ca se passera un vendredi de juin. La&#8230; <a class=\"excerpt-read-more button\" href=\"https:\/\/aliso.fr\/reseau\/alisopop-2025-on-en-reparle\/\" title=\"ReadVERS ALISO&rsquo;POP 2026 &#8211; R\u00e9union le 22\/01\/26\">En savoir plus &raquo;<\/a><\/p>\n","protected":false},"author":3,"featured_media":3074,"comment_status":"closed","ping_status":"open","sticky":false,"template":"","format":"standard","meta":{"footnotes":""},"categories":[3,7],"tags":[],"class_list":["post-3068","post","type-post","status-publish","format-standard","has-post-thumbnail","hentry","category-actualite","category-nos-actions"],"yoast_head":"<!-- This site is optimized with the Yoast SEO plugin v27.4 - https:\/\/yoast.com\/product\/yoast-seo-wordpress\/ -->\n<title>VERS ALISO&#039;POP 2026 - R\u00e9union le 22\/01\/26 - Aliso R\u00e9seau<\/title>\n<meta name=\"robots\" content=\"index, follow, max-snippet:-1, max-image-preview:large, max-video-preview:-1\" \/>\n<link rel=\"canonical\" href=\"https:\/\/aliso.fr\/reseau\/alisopop-2025-on-en-reparle\/\" \/>\n<meta property=\"og:locale\" content=\"fr_FR\" \/>\n<meta property=\"og:type\" content=\"article\" \/>\n<meta property=\"og:title\" content=\"VERS ALISO&#039;POP 2026 - R\u00e9union le 22\/01\/26 - Aliso R\u00e9seau\" \/>\n<meta property=\"og:description\" content=\"Rendez-vous Jeudi 22 janvier 2026 entre 14h et 16h30, dans le salon d&rsquo;ALISO \u00e0 Gu\u00e9ret, au 2 rue traversi\u00e8re pour avancer sur les pr\u00e9paratifs de la prochaine \u00e9dition d&rsquo;ALISO&rsquo;POP.ALISO&rsquo;POP c&rsquo;est \u00e0 la fois un moment d&rsquo;interconnaissance, de travail et de construction de culture commune autour de l&rsquo;\u00e9ducation populaire.Ca se passera un vendredi de juin. La... En savoir plus &raquo;\" \/>\n<meta property=\"og:url\" content=\"https:\/\/aliso.fr\/reseau\/alisopop-2025-on-en-reparle\/\" \/>\n<meta property=\"og:site_name\" content=\"Aliso R\u00e9seau\" \/>\n<meta property=\"article:published_time\" content=\"2025-12-16T09:41:00+00:00\" \/>\n<meta property=\"article:modified_time\" content=\"2025-12-16T15:35:58+00:00\" \/>\n<meta property=\"og:image\" content=\"https:\/\/aliso.fr\/reseau\/wp-content\/uploads\/sites\/4\/2025\/07\/20250613_160318PDF_250709_153100.jpg\" \/>\n\t<meta property=\"og:image:width\" content=\"1080\" \/>\n\t<meta property=\"og:image:height\" content=\"1526\" \/>\n\t<meta property=\"og:image:type\" content=\"image\/jpeg\" \/>\n<meta name=\"author\" content=\"laure\" \/>\n<meta name=\"twitter:card\" content=\"summary_large_image\" \/>\n<script type=\"application\/ld+json\" class=\"yoast-schema-graph\">{\"@context\":\"https:\\\/\\\/schema.org\",\"@graph\":[{\"@type\":\"Article\",\"@id\":\"https:\\\/\\\/aliso.fr\\\/reseau\\\/alisopop-2025-on-en-reparle\\\/#article\",\"isPartOf\":{\"@id\":\"https:\\\/\\\/aliso.fr\\\/reseau\\\/alisopop-2025-on-en-reparle\\\/\"},\"author\":{\"name\":\"laure\",\"@id\":\"https:\\\/\\\/aliso.fr\\\/reseau\\\/#\\\/schema\\\/person\\\/056af145b9c52eee21a9f739489104a5\"},\"headline\":\"VERS ALISO&rsquo;POP 2026 &#8211; R\u00e9union le 22\\\/01\\\/26\",\"datePublished\":\"2025-12-16T09:41:00+00:00\",\"dateModified\":\"2025-12-16T15:35:58+00:00\",\"mainEntityOfPage\":{\"@id\":\"https:\\\/\\\/aliso.fr\\\/reseau\\\/alisopop-2025-on-en-reparle\\\/\"},\"wordCount\":604,\"publisher\":{\"@id\":\"https:\\\/\\\/aliso.fr\\\/reseau\\\/#organization\"},\"image\":{\"@id\":\"https:\\\/\\\/aliso.fr\\\/reseau\\\/alisopop-2025-on-en-reparle\\\/#primaryimage\"},\"thumbnailUrl\":\"https:\\\/\\\/aliso.fr\\\/reseau\\\/wp-content\\\/uploads\\\/sites\\\/4\\\/2025\\\/07\\\/20250613_160318PDF_250709_153100.jpg\",\"articleSection\":[\"Actualit\u00e9\",\"Nos actions\"],\"inLanguage\":\"fr-FR\"},{\"@type\":\"WebPage\",\"@id\":\"https:\\\/\\\/aliso.fr\\\/reseau\\\/alisopop-2025-on-en-reparle\\\/\",\"url\":\"https:\\\/\\\/aliso.fr\\\/reseau\\\/alisopop-2025-on-en-reparle\\\/\",\"name\":\"VERS ALISO'POP 2026 - R\u00e9union le 22\\\/01\\\/26 - Aliso R\u00e9seau\",\"isPartOf\":{\"@id\":\"https:\\\/\\\/aliso.fr\\\/reseau\\\/#website\"},\"primaryImageOfPage\":{\"@id\":\"https:\\\/\\\/aliso.fr\\\/reseau\\\/alisopop-2025-on-en-reparle\\\/#primaryimage\"},\"image\":{\"@id\":\"https:\\\/\\\/aliso.fr\\\/reseau\\\/alisopop-2025-on-en-reparle\\\/#primaryimage\"},\"thumbnailUrl\":\"https:\\\/\\\/aliso.fr\\\/reseau\\\/wp-content\\\/uploads\\\/sites\\\/4\\\/2025\\\/07\\\/20250613_160318PDF_250709_153100.jpg\",\"datePublished\":\"2025-12-16T09:41:00+00:00\",\"dateModified\":\"2025-12-16T15:35:58+00:00\",\"breadcrumb\":{\"@id\":\"https:\\\/\\\/aliso.fr\\\/reseau\\\/alisopop-2025-on-en-reparle\\\/#breadcrumb\"},\"inLanguage\":\"fr-FR\",\"potentialAction\":[{\"@type\":\"ReadAction\",\"target\":[\"https:\\\/\\\/aliso.fr\\\/reseau\\\/alisopop-2025-on-en-reparle\\\/\"]}]},{\"@type\":\"ImageObject\",\"inLanguage\":\"fr-FR\",\"@id\":\"https:\\\/\\\/aliso.fr\\\/reseau\\\/alisopop-2025-on-en-reparle\\\/#primaryimage\",\"url\":\"https:\\\/\\\/aliso.fr\\\/reseau\\\/wp-content\\\/uploads\\\/sites\\\/4\\\/2025\\\/07\\\/20250613_160318PDF_250709_153100.jpg\",\"contentUrl\":\"https:\\\/\\\/aliso.fr\\\/reseau\\\/wp-content\\\/uploads\\\/sites\\\/4\\\/2025\\\/07\\\/20250613_160318PDF_250709_153100.jpg\",\"width\":1080,\"height\":1526},{\"@type\":\"BreadcrumbList\",\"@id\":\"https:\\\/\\\/aliso.fr\\\/reseau\\\/alisopop-2025-on-en-reparle\\\/#breadcrumb\",\"itemListElement\":[{\"@type\":\"ListItem\",\"position\":1,\"name\":\"Accueil\",\"item\":\"https:\\\/\\\/aliso.fr\\\/reseau\\\/\"},{\"@type\":\"ListItem\",\"position\":2,\"name\":\"Actualit\u00e9\",\"item\":\"https:\\\/\\\/aliso.fr\\\/reseau\\\/actualite\\\/\"},{\"@type\":\"ListItem\",\"position\":3,\"name\":\"VERS ALISO&rsquo;POP 2026 &#8211; R\u00e9union le 22\\\/01\\\/26\"}]},{\"@type\":\"WebSite\",\"@id\":\"https:\\\/\\\/aliso.fr\\\/reseau\\\/#website\",\"url\":\"https:\\\/\\\/aliso.fr\\\/reseau\\\/\",\"name\":\"Aliso R\u00e9seau\",\"description\":\"R\u00e9seau Creusois des acteurs du lien social\",\"publisher\":{\"@id\":\"https:\\\/\\\/aliso.fr\\\/reseau\\\/#organization\"},\"potentialAction\":[{\"@type\":\"SearchAction\",\"target\":{\"@type\":\"EntryPoint\",\"urlTemplate\":\"https:\\\/\\\/aliso.fr\\\/reseau\\\/?s={search_term_string}\"},\"query-input\":{\"@type\":\"PropertyValueSpecification\",\"valueRequired\":true,\"valueName\":\"search_term_string\"}}],\"inLanguage\":\"fr-FR\"},{\"@type\":\"Organization\",\"@id\":\"https:\\\/\\\/aliso.fr\\\/reseau\\\/#organization\",\"name\":\"Aliso R\u00e9seau\",\"url\":\"https:\\\/\\\/aliso.fr\\\/reseau\\\/\",\"logo\":{\"@type\":\"ImageObject\",\"inLanguage\":\"fr-FR\",\"@id\":\"https:\\\/\\\/aliso.fr\\\/reseau\\\/#\\\/schema\\\/logo\\\/image\\\/\",\"url\":\"https:\\\/\\\/aliso.fr\\\/reseau\\\/wp-content\\\/uploads\\\/sites\\\/4\\\/2022\\\/01\\\/Logo-ALISO-Reseau-2.png\",\"contentUrl\":\"https:\\\/\\\/aliso.fr\\\/reseau\\\/wp-content\\\/uploads\\\/sites\\\/4\\\/2022\\\/01\\\/Logo-ALISO-Reseau-2.png\",\"width\":900,\"height\":970,\"caption\":\"Aliso R\u00e9seau\"},\"image\":{\"@id\":\"https:\\\/\\\/aliso.fr\\\/reseau\\\/#\\\/schema\\\/logo\\\/image\\\/\"}},{\"@type\":\"Person\",\"@id\":\"https:\\\/\\\/aliso.fr\\\/reseau\\\/#\\\/schema\\\/person\\\/056af145b9c52eee21a9f739489104a5\",\"name\":\"laure\"}]}<\/script>\n<!-- \/ Yoast SEO plugin. -->","yoast_head_json":{"title":"VERS ALISO'POP 2026 - R\u00e9union le 22\/01\/26 - Aliso R\u00e9seau","robots":{"index":"index","follow":"follow","max-snippet":"max-snippet:-1","max-image-preview":"max-image-preview:large","max-video-preview":"max-video-preview:-1"},"canonical":"https:\/\/aliso.fr\/reseau\/alisopop-2025-on-en-reparle\/","og_locale":"fr_FR","og_type":"article","og_title":"VERS ALISO'POP 2026 - R\u00e9union le 22\/01\/26 - Aliso R\u00e9seau","og_description":"Rendez-vous Jeudi 22 janvier 2026 entre 14h et 16h30, dans le salon d&rsquo;ALISO \u00e0 Gu\u00e9ret, au 2 rue traversi\u00e8re pour avancer sur les pr\u00e9paratifs de la prochaine \u00e9dition d&rsquo;ALISO&rsquo;POP.ALISO&rsquo;POP c&rsquo;est \u00e0 la fois un moment d&rsquo;interconnaissance, de travail et de construction de culture commune autour de l&rsquo;\u00e9ducation populaire.Ca se passera un vendredi de juin. La... En savoir plus &raquo;","og_url":"https:\/\/aliso.fr\/reseau\/alisopop-2025-on-en-reparle\/","og_site_name":"Aliso R\u00e9seau","article_published_time":"2025-12-16T09:41:00+00:00","article_modified_time":"2025-12-16T15:35:58+00:00","og_image":[{"width":1080,"height":1526,"url":"https:\/\/aliso.fr\/reseau\/wp-content\/uploads\/sites\/4\/2025\/07\/20250613_160318PDF_250709_153100.jpg","type":"image\/jpeg"}],"author":"laure","twitter_card":"summary_large_image","schema":{"@context":"https:\/\/schema.org","@graph":[{"@type":"Article","@id":"https:\/\/aliso.fr\/reseau\/alisopop-2025-on-en-reparle\/#article","isPartOf":{"@id":"https:\/\/aliso.fr\/reseau\/alisopop-2025-on-en-reparle\/"},"author":{"name":"laure","@id":"https:\/\/aliso.fr\/reseau\/#\/schema\/person\/056af145b9c52eee21a9f739489104a5"},"headline":"VERS ALISO&rsquo;POP 2026 &#8211; R\u00e9union le 22\/01\/26","datePublished":"2025-12-16T09:41:00+00:00","dateModified":"2025-12-16T15:35:58+00:00","mainEntityOfPage":{"@id":"https:\/\/aliso.fr\/reseau\/alisopop-2025-on-en-reparle\/"},"wordCount":604,"publisher":{"@id":"https:\/\/aliso.fr\/reseau\/#organization"},"image":{"@id":"https:\/\/aliso.fr\/reseau\/alisopop-2025-on-en-reparle\/#primaryimage"},"thumbnailUrl":"https:\/\/aliso.fr\/reseau\/wp-content\/uploads\/sites\/4\/2025\/07\/20250613_160318PDF_250709_153100.jpg","articleSection":["Actualit\u00e9","Nos actions"],"inLanguage":"fr-FR"},{"@type":"WebPage","@id":"https:\/\/aliso.fr\/reseau\/alisopop-2025-on-en-reparle\/","url":"https:\/\/aliso.fr\/reseau\/alisopop-2025-on-en-reparle\/","name":"VERS ALISO'POP 2026 - R\u00e9union le 22\/01\/26 - Aliso R\u00e9seau","isPartOf":{"@id":"https:\/\/aliso.fr\/reseau\/#website"},"primaryImageOfPage":{"@id":"https:\/\/aliso.fr\/reseau\/alisopop-2025-on-en-reparle\/#primaryimage"},"image":{"@id":"https:\/\/aliso.fr\/reseau\/alisopop-2025-on-en-reparle\/#primaryimage"},"thumbnailUrl":"https:\/\/aliso.fr\/reseau\/wp-content\/uploads\/sites\/4\/2025\/07\/20250613_160318PDF_250709_153100.jpg","datePublished":"2025-12-16T09:41:00+00:00","dateModified":"2025-12-16T15:35:58+00:00","breadcrumb":{"@id":"https:\/\/aliso.fr\/reseau\/alisopop-2025-on-en-reparle\/#breadcrumb"},"inLanguage":"fr-FR","potentialAction":[{"@type":"ReadAction","target":["https:\/\/aliso.fr\/reseau\/alisopop-2025-on-en-reparle\/"]}]},{"@type":"ImageObject","inLanguage":"fr-FR","@id":"https:\/\/aliso.fr\/reseau\/alisopop-2025-on-en-reparle\/#primaryimage","url":"https:\/\/aliso.fr\/reseau\/wp-content\/uploads\/sites\/4\/2025\/07\/20250613_160318PDF_250709_153100.jpg","contentUrl":"https:\/\/aliso.fr\/reseau\/wp-content\/uploads\/sites\/4\/2025\/07\/20250613_160318PDF_250709_153100.jpg","width":1080,"height":1526},{"@type":"BreadcrumbList","@id":"https:\/\/aliso.fr\/reseau\/alisopop-2025-on-en-reparle\/#breadcrumb","itemListElement":[{"@type":"ListItem","position":1,"name":"Accueil","item":"https:\/\/aliso.fr\/reseau\/"},{"@type":"ListItem","position":2,"name":"Actualit\u00e9","item":"https:\/\/aliso.fr\/reseau\/actualite\/"},{"@type":"ListItem","position":3,"name":"VERS ALISO&rsquo;POP 2026 &#8211; R\u00e9union le 22\/01\/26"}]},{"@type":"WebSite","@id":"https:\/\/aliso.fr\/reseau\/#website","url":"https:\/\/aliso.fr\/reseau\/","name":"Aliso R\u00e9seau","description":"R\u00e9seau Creusois des acteurs du lien social","publisher":{"@id":"https:\/\/aliso.fr\/reseau\/#organization"},"potentialAction":[{"@type":"SearchAction","target":{"@type":"EntryPoint","urlTemplate":"https:\/\/aliso.fr\/reseau\/?s={search_term_string}"},"query-input":{"@type":"PropertyValueSpecification","valueRequired":true,"valueName":"search_term_string"}}],"inLanguage":"fr-FR"},{"@type":"Organization","@id":"https:\/\/aliso.fr\/reseau\/#organization","name":"Aliso R\u00e9seau","url":"https:\/\/aliso.fr\/reseau\/","logo":{"@type":"ImageObject","inLanguage":"fr-FR","@id":"https:\/\/aliso.fr\/reseau\/#\/schema\/logo\/image\/","url":"https:\/\/aliso.fr\/reseau\/wp-content\/uploads\/sites\/4\/2022\/01\/Logo-ALISO-Reseau-2.png","contentUrl":"https:\/\/aliso.fr\/reseau\/wp-content\/uploads\/sites\/4\/2022\/01\/Logo-ALISO-Reseau-2.png","width":900,"height":970,"caption":"Aliso R\u00e9seau"},"image":{"@id":"https:\/\/aliso.fr\/reseau\/#\/schema\/logo\/image\/"}},{"@type":"Person","@id":"https:\/\/aliso.fr\/reseau\/#\/schema\/person\/056af145b9c52eee21a9f739489104a5","name":"laure"}]}},"_links":{"self":[{"href":"https:\/\/aliso.fr\/reseau\/wp-json\/wp\/v2\/posts\/3068","targetHints":{"allow":["GET"]}}],"collection":[{"href":"https:\/\/aliso.fr\/reseau\/wp-json\/wp\/v2\/posts"}],"about":[{"href":"https:\/\/aliso.fr\/reseau\/wp-json\/wp\/v2\/types\/post"}],"author":[{"embeddable":true,"href":"https:\/\/aliso.fr\/reseau\/wp-json\/wp\/v2\/users\/3"}],"replies":[{"embeddable":true,"href":"https:\/\/aliso.fr\/reseau\/wp-json\/wp\/v2\/comments?post=3068"}],"version-history":[{"count":5,"href":"https:\/\/aliso.fr\/reseau\/wp-json\/wp\/v2\/posts\/3068\/revisions"}],"predecessor-version":[{"id":3278,"href":"https:\/\/aliso.fr\/reseau\/wp-json\/wp\/v2\/posts\/3068\/revisions\/3278"}],"wp:featuredmedia":[{"embeddable":true,"href":"https:\/\/aliso.fr\/reseau\/wp-json\/wp\/v2\/media\/3074"}],"wp:attachment":[{"href":"https:\/\/aliso.fr\/reseau\/wp-json\/wp\/v2\/media?parent=3068"}],"wp:term":[{"taxonomy":"category","embeddable":true,"href":"https:\/\/aliso.fr\/reseau\/wp-json\/wp\/v2\/categories?post=3068"},{"taxonomy":"post_tag","embeddable":true,"href":"https:\/\/aliso.fr\/reseau\/wp-json\/wp\/v2\/tags?post=3068"}],"curies":[{"name":"wp","href":"https:\/\/api.w.org\/{rel}","templated":true}]}}