{"id":3081,"date":"2025-07-09T15:49:20","date_gmt":"2025-07-09T13:49:20","guid":{"rendered":"https:\/\/aliso.fr\/reseau\/?p=3081"},"modified":"2025-09-30T16:05:06","modified_gmt":"2025-09-30T14:05:06","slug":"notez-la-date-jeudi-16-octobre","status":"publish","type":"post","link":"https:\/\/aliso.fr\/reseau\/notez-la-date-jeudi-16-octobre\/","title":{"rendered":"INSCRIVEZ-VOUS : JEUDI 16 OCTOBRE !"},"content":{"rendered":"\n<p>Nous vous convions \u00e0 une journ\u00e9e de Recherche Ouverte ayant pour th\u00e9matique :<strong> Les Associations fa\u00e7onnent le territoire &#8230; et inversement.<\/strong><br>Co-organis\u00e9e par ALISO et son DLA, la D\u00e9l\u00e9gation de la Vie associative de l\u2019\u00c9tat et les participant.es aux recherches,<br>et suite \u00e0 la mise en commun de diff\u00e9rentes actions de recherches, voici une journ\u00e9e pour partir de vos v\u00e9cus d&rsquo;engagement, y r\u00e9fl\u00e9chir et partager les conditions de l&rsquo;engagement citoyen \u00e0 venir.<\/p>\n\n\n\n<ul class=\"wp-block-list\">\n<li>Quels sont les facteurs qui favorisent la p\u00e9rennit\u00e9 (et la survie) des associations dans le temps ?<\/li>\n\n\n\n<li>Quels effets \u00e0 l&rsquo;engagement associatif sur nos vies et sur notre territoire ?<br><\/li>\n\n\n\n<li>Ou encore est-ce que les associations contribuent \u00e0 un commun sur notre territoire ?<br><\/li>\n<\/ul>\n\n\n\n<p>Pour vous approprier pleinement ce sujet nous vous donnons rendez-vous le :<\/p>\n\n\n\n<blockquote class=\"wp-block-quote is-layout-flow wp-block-quote-is-layout-flow\">\n<p><strong>16 Octobre 2025<\/strong><br><strong>de 9h30 \u00e0 17h<\/strong><br><strong>\u00e0 la salle de la Mairie<\/strong><br><strong>(le repas est pris en charge)<\/strong><\/p>\n<\/blockquote>\n\n\n\n<p><em>Pour des questions de logistique, nous vous invitons \u00e0 vous inscrire d\u00e8s que possible notamment pour les repas (lien d&rsquo;inscription dans l&rsquo;invitation, qui suit &#8230;.)<\/em><br><br>&gt;&gt;&gt; Article plus complet et inscriptions &#8211;&gt; <a href=\"https:\/\/aliso.fr\/initiatives\/16-oct-journee-recherche-ouverte-les-associations-faconnent-le-territoire-et-inversement\/\">ici<\/a><\/p>\n\n\n<div class=\"wp-block-image\">\n<figure class=\"aligncenter size-large is-resized\"><img loading=\"lazy\" decoding=\"async\" width=\"259\" height=\"330\" src=\"https:\/\/aliso.fr\/reseau\/wp-content\/uploads\/sites\/4\/2025\/07\/programme-JRO-16-oct-1-259x330.png\" alt=\"\" class=\"wp-image-3083\" style=\"width:479px;height:auto\" srcset=\"https:\/\/aliso.fr\/reseau\/wp-content\/uploads\/sites\/4\/2025\/07\/programme-JRO-16-oct-1-259x330.png 259w, https:\/\/aliso.fr\/reseau\/wp-content\/uploads\/sites\/4\/2025\/07\/programme-JRO-16-oct-1-149x190.png 149w, https:\/\/aliso.fr\/reseau\/wp-content\/uploads\/sites\/4\/2025\/07\/programme-JRO-16-oct-1.png 567w\" sizes=\"auto, (max-width: 259px) 100vw, 259px\" \/><\/figure>\n<\/div>","protected":false},"excerpt":{"rendered":"<p>Nous vous convions \u00e0 une journ\u00e9e de Recherche Ouverte ayant pour th\u00e9matique : Les Associations fa\u00e7onnent le territoire &#8230; et inversement.Co-organis\u00e9e par ALISO et son DLA, la D\u00e9l\u00e9gation de la Vie associative de l\u2019\u00c9tat et les participant.es aux recherches,et suite \u00e0 la mise en commun de diff\u00e9rentes actions de recherches, voici une journ\u00e9e pour partir&#8230; <a class=\"excerpt-read-more button\" href=\"https:\/\/aliso.fr\/reseau\/notez-la-date-jeudi-16-octobre\/\" title=\"ReadINSCRIVEZ-VOUS : JEUDI 16 OCTOBRE !\">En savoir plus &raquo;<\/a><\/p>\n","protected":false},"author":3,"featured_media":3082,"comment_status":"closed","ping_status":"open","sticky":false,"template":"","format":"standard","meta":{"footnotes":""},"categories":[3,7],"tags":[],"class_list":["post-3081","post","type-post","status-publish","format-standard","has-post-thumbnail","hentry","category-actualite","category-nos-actions"],"yoast_head":"<!-- This site is optimized with the Yoast SEO plugin v27.4 - https:\/\/yoast.com\/product\/yoast-seo-wordpress\/ -->\n<title>INSCRIVEZ-VOUS : JEUDI 16 OCTOBRE ! - Aliso R\u00e9seau<\/title>\n<meta name=\"robots\" content=\"index, follow, max-snippet:-1, max-image-preview:large, max-video-preview:-1\" \/>\n<link rel=\"canonical\" href=\"https:\/\/aliso.fr\/reseau\/notez-la-date-jeudi-16-octobre\/\" \/>\n<meta property=\"og:locale\" content=\"fr_FR\" \/>\n<meta property=\"og:type\" content=\"article\" \/>\n<meta property=\"og:title\" content=\"INSCRIVEZ-VOUS : JEUDI 16 OCTOBRE ! - Aliso R\u00e9seau\" \/>\n<meta property=\"og:description\" content=\"Nous vous convions \u00e0 une journ\u00e9e de Recherche Ouverte ayant pour th\u00e9matique : Les Associations fa\u00e7onnent le territoire &#8230; et inversement.Co-organis\u00e9e par ALISO et son DLA, la D\u00e9l\u00e9gation de la Vie associative de l\u2019\u00c9tat et les participant.es aux recherches,et suite \u00e0 la mise en commun de diff\u00e9rentes actions de recherches, voici une journ\u00e9e pour partir... En savoir plus &raquo;\" \/>\n<meta property=\"og:url\" content=\"https:\/\/aliso.fr\/reseau\/notez-la-date-jeudi-16-octobre\/\" \/>\n<meta property=\"og:site_name\" content=\"Aliso R\u00e9seau\" \/>\n<meta property=\"article:published_time\" content=\"2025-07-09T13:49:20+00:00\" \/>\n<meta property=\"article:modified_time\" content=\"2025-09-30T14:05:06+00:00\" \/>\n<meta property=\"og:image\" content=\"https:\/\/aliso.fr\/reseau\/wp-content\/uploads\/sites\/4\/2025\/07\/programme-JRO-16-oct.png\" \/>\n\t<meta property=\"og:image:width\" content=\"567\" \/>\n\t<meta property=\"og:image:height\" content=\"722\" \/>\n\t<meta property=\"og:image:type\" content=\"image\/png\" \/>\n<meta name=\"author\" content=\"laure\" \/>\n<meta name=\"twitter:card\" content=\"summary_large_image\" \/>\n<script type=\"application\/ld+json\" class=\"yoast-schema-graph\">{\"@context\":\"https:\\\/\\\/schema.org\",\"@graph\":[{\"@type\":\"Article\",\"@id\":\"https:\\\/\\\/aliso.fr\\\/reseau\\\/notez-la-date-jeudi-16-octobre\\\/#article\",\"isPartOf\":{\"@id\":\"https:\\\/\\\/aliso.fr\\\/reseau\\\/notez-la-date-jeudi-16-octobre\\\/\"},\"author\":{\"name\":\"laure\",\"@id\":\"https:\\\/\\\/aliso.fr\\\/reseau\\\/#\\\/schema\\\/person\\\/056af145b9c52eee21a9f739489104a5\"},\"headline\":\"INSCRIVEZ-VOUS : JEUDI 16 OCTOBRE !\",\"datePublished\":\"2025-07-09T13:49:20+00:00\",\"dateModified\":\"2025-09-30T14:05:06+00:00\",\"mainEntityOfPage\":{\"@id\":\"https:\\\/\\\/aliso.fr\\\/reseau\\\/notez-la-date-jeudi-16-octobre\\\/\"},\"wordCount\":189,\"publisher\":{\"@id\":\"https:\\\/\\\/aliso.fr\\\/reseau\\\/#organization\"},\"image\":{\"@id\":\"https:\\\/\\\/aliso.fr\\\/reseau\\\/notez-la-date-jeudi-16-octobre\\\/#primaryimage\"},\"thumbnailUrl\":\"https:\\\/\\\/aliso.fr\\\/reseau\\\/wp-content\\\/uploads\\\/sites\\\/4\\\/2025\\\/07\\\/programme-JRO-16-oct.png\",\"articleSection\":[\"Actualit\u00e9\",\"Nos actions\"],\"inLanguage\":\"fr-FR\"},{\"@type\":\"WebPage\",\"@id\":\"https:\\\/\\\/aliso.fr\\\/reseau\\\/notez-la-date-jeudi-16-octobre\\\/\",\"url\":\"https:\\\/\\\/aliso.fr\\\/reseau\\\/notez-la-date-jeudi-16-octobre\\\/\",\"name\":\"INSCRIVEZ-VOUS : JEUDI 16 OCTOBRE ! - Aliso R\u00e9seau\",\"isPartOf\":{\"@id\":\"https:\\\/\\\/aliso.fr\\\/reseau\\\/#website\"},\"primaryImageOfPage\":{\"@id\":\"https:\\\/\\\/aliso.fr\\\/reseau\\\/notez-la-date-jeudi-16-octobre\\\/#primaryimage\"},\"image\":{\"@id\":\"https:\\\/\\\/aliso.fr\\\/reseau\\\/notez-la-date-jeudi-16-octobre\\\/#primaryimage\"},\"thumbnailUrl\":\"https:\\\/\\\/aliso.fr\\\/reseau\\\/wp-content\\\/uploads\\\/sites\\\/4\\\/2025\\\/07\\\/programme-JRO-16-oct.png\",\"datePublished\":\"2025-07-09T13:49:20+00:00\",\"dateModified\":\"2025-09-30T14:05:06+00:00\",\"breadcrumb\":{\"@id\":\"https:\\\/\\\/aliso.fr\\\/reseau\\\/notez-la-date-jeudi-16-octobre\\\/#breadcrumb\"},\"inLanguage\":\"fr-FR\",\"potentialAction\":[{\"@type\":\"ReadAction\",\"target\":[\"https:\\\/\\\/aliso.fr\\\/reseau\\\/notez-la-date-jeudi-16-octobre\\\/\"]}]},{\"@type\":\"ImageObject\",\"inLanguage\":\"fr-FR\",\"@id\":\"https:\\\/\\\/aliso.fr\\\/reseau\\\/notez-la-date-jeudi-16-octobre\\\/#primaryimage\",\"url\":\"https:\\\/\\\/aliso.fr\\\/reseau\\\/wp-content\\\/uploads\\\/sites\\\/4\\\/2025\\\/07\\\/programme-JRO-16-oct.png\",\"contentUrl\":\"https:\\\/\\\/aliso.fr\\\/reseau\\\/wp-content\\\/uploads\\\/sites\\\/4\\\/2025\\\/07\\\/programme-JRO-16-oct.png\",\"width\":567,\"height\":722},{\"@type\":\"BreadcrumbList\",\"@id\":\"https:\\\/\\\/aliso.fr\\\/reseau\\\/notez-la-date-jeudi-16-octobre\\\/#breadcrumb\",\"itemListElement\":[{\"@type\":\"ListItem\",\"position\":1,\"name\":\"Accueil\",\"item\":\"https:\\\/\\\/aliso.fr\\\/reseau\\\/\"},{\"@type\":\"ListItem\",\"position\":2,\"name\":\"Actualit\u00e9\",\"item\":\"https:\\\/\\\/aliso.fr\\\/reseau\\\/actualite\\\/\"},{\"@type\":\"ListItem\",\"position\":3,\"name\":\"INSCRIVEZ-VOUS : JEUDI 16 OCTOBRE !\"}]},{\"@type\":\"WebSite\",\"@id\":\"https:\\\/\\\/aliso.fr\\\/reseau\\\/#website\",\"url\":\"https:\\\/\\\/aliso.fr\\\/reseau\\\/\",\"name\":\"Aliso R\u00e9seau\",\"description\":\"R\u00e9seau Creusois des acteurs du lien social\",\"publisher\":{\"@id\":\"https:\\\/\\\/aliso.fr\\\/reseau\\\/#organization\"},\"potentialAction\":[{\"@type\":\"SearchAction\",\"target\":{\"@type\":\"EntryPoint\",\"urlTemplate\":\"https:\\\/\\\/aliso.fr\\\/reseau\\\/?s={search_term_string}\"},\"query-input\":{\"@type\":\"PropertyValueSpecification\",\"valueRequired\":true,\"valueName\":\"search_term_string\"}}],\"inLanguage\":\"fr-FR\"},{\"@type\":\"Organization\",\"@id\":\"https:\\\/\\\/aliso.fr\\\/reseau\\\/#organization\",\"name\":\"Aliso R\u00e9seau\",\"url\":\"https:\\\/\\\/aliso.fr\\\/reseau\\\/\",\"logo\":{\"@type\":\"ImageObject\",\"inLanguage\":\"fr-FR\",\"@id\":\"https:\\\/\\\/aliso.fr\\\/reseau\\\/#\\\/schema\\\/logo\\\/image\\\/\",\"url\":\"https:\\\/\\\/aliso.fr\\\/reseau\\\/wp-content\\\/uploads\\\/sites\\\/4\\\/2022\\\/01\\\/Logo-ALISO-Reseau-2.png\",\"contentUrl\":\"https:\\\/\\\/aliso.fr\\\/reseau\\\/wp-content\\\/uploads\\\/sites\\\/4\\\/2022\\\/01\\\/Logo-ALISO-Reseau-2.png\",\"width\":900,\"height\":970,\"caption\":\"Aliso R\u00e9seau\"},\"image\":{\"@id\":\"https:\\\/\\\/aliso.fr\\\/reseau\\\/#\\\/schema\\\/logo\\\/image\\\/\"}},{\"@type\":\"Person\",\"@id\":\"https:\\\/\\\/aliso.fr\\\/reseau\\\/#\\\/schema\\\/person\\\/056af145b9c52eee21a9f739489104a5\",\"name\":\"laure\"}]}<\/script>\n<!-- \/ Yoast SEO plugin. -->","yoast_head_json":{"title":"INSCRIVEZ-VOUS : JEUDI 16 OCTOBRE ! - Aliso R\u00e9seau","robots":{"index":"index","follow":"follow","max-snippet":"max-snippet:-1","max-image-preview":"max-image-preview:large","max-video-preview":"max-video-preview:-1"},"canonical":"https:\/\/aliso.fr\/reseau\/notez-la-date-jeudi-16-octobre\/","og_locale":"fr_FR","og_type":"article","og_title":"INSCRIVEZ-VOUS : JEUDI 16 OCTOBRE ! - Aliso R\u00e9seau","og_description":"Nous vous convions \u00e0 une journ\u00e9e de Recherche Ouverte ayant pour th\u00e9matique : Les Associations fa\u00e7onnent le territoire &#8230; et inversement.Co-organis\u00e9e par ALISO et son DLA, la D\u00e9l\u00e9gation de la Vie associative de l\u2019\u00c9tat et les participant.es aux recherches,et suite \u00e0 la mise en commun de diff\u00e9rentes actions de recherches, voici une journ\u00e9e pour partir... En savoir plus &raquo;","og_url":"https:\/\/aliso.fr\/reseau\/notez-la-date-jeudi-16-octobre\/","og_site_name":"Aliso R\u00e9seau","article_published_time":"2025-07-09T13:49:20+00:00","article_modified_time":"2025-09-30T14:05:06+00:00","og_image":[{"width":567,"height":722,"url":"https:\/\/aliso.fr\/reseau\/wp-content\/uploads\/sites\/4\/2025\/07\/programme-JRO-16-oct.png","type":"image\/png"}],"author":"laure","twitter_card":"summary_large_image","schema":{"@context":"https:\/\/schema.org","@graph":[{"@type":"Article","@id":"https:\/\/aliso.fr\/reseau\/notez-la-date-jeudi-16-octobre\/#article","isPartOf":{"@id":"https:\/\/aliso.fr\/reseau\/notez-la-date-jeudi-16-octobre\/"},"author":{"name":"laure","@id":"https:\/\/aliso.fr\/reseau\/#\/schema\/person\/056af145b9c52eee21a9f739489104a5"},"headline":"INSCRIVEZ-VOUS : JEUDI 16 OCTOBRE !","datePublished":"2025-07-09T13:49:20+00:00","dateModified":"2025-09-30T14:05:06+00:00","mainEntityOfPage":{"@id":"https:\/\/aliso.fr\/reseau\/notez-la-date-jeudi-16-octobre\/"},"wordCount":189,"publisher":{"@id":"https:\/\/aliso.fr\/reseau\/#organization"},"image":{"@id":"https:\/\/aliso.fr\/reseau\/notez-la-date-jeudi-16-octobre\/#primaryimage"},"thumbnailUrl":"https:\/\/aliso.fr\/reseau\/wp-content\/uploads\/sites\/4\/2025\/07\/programme-JRO-16-oct.png","articleSection":["Actualit\u00e9","Nos actions"],"inLanguage":"fr-FR"},{"@type":"WebPage","@id":"https:\/\/aliso.fr\/reseau\/notez-la-date-jeudi-16-octobre\/","url":"https:\/\/aliso.fr\/reseau\/notez-la-date-jeudi-16-octobre\/","name":"INSCRIVEZ-VOUS : JEUDI 16 OCTOBRE ! - Aliso R\u00e9seau","isPartOf":{"@id":"https:\/\/aliso.fr\/reseau\/#website"},"primaryImageOfPage":{"@id":"https:\/\/aliso.fr\/reseau\/notez-la-date-jeudi-16-octobre\/#primaryimage"},"image":{"@id":"https:\/\/aliso.fr\/reseau\/notez-la-date-jeudi-16-octobre\/#primaryimage"},"thumbnailUrl":"https:\/\/aliso.fr\/reseau\/wp-content\/uploads\/sites\/4\/2025\/07\/programme-JRO-16-oct.png","datePublished":"2025-07-09T13:49:20+00:00","dateModified":"2025-09-30T14:05:06+00:00","breadcrumb":{"@id":"https:\/\/aliso.fr\/reseau\/notez-la-date-jeudi-16-octobre\/#breadcrumb"},"inLanguage":"fr-FR","potentialAction":[{"@type":"ReadAction","target":["https:\/\/aliso.fr\/reseau\/notez-la-date-jeudi-16-octobre\/"]}]},{"@type":"ImageObject","inLanguage":"fr-FR","@id":"https:\/\/aliso.fr\/reseau\/notez-la-date-jeudi-16-octobre\/#primaryimage","url":"https:\/\/aliso.fr\/reseau\/wp-content\/uploads\/sites\/4\/2025\/07\/programme-JRO-16-oct.png","contentUrl":"https:\/\/aliso.fr\/reseau\/wp-content\/uploads\/sites\/4\/2025\/07\/programme-JRO-16-oct.png","width":567,"height":722},{"@type":"BreadcrumbList","@id":"https:\/\/aliso.fr\/reseau\/notez-la-date-jeudi-16-octobre\/#breadcrumb","itemListElement":[{"@type":"ListItem","position":1,"name":"Accueil","item":"https:\/\/aliso.fr\/reseau\/"},{"@type":"ListItem","position":2,"name":"Actualit\u00e9","item":"https:\/\/aliso.fr\/reseau\/actualite\/"},{"@type":"ListItem","position":3,"name":"INSCRIVEZ-VOUS : JEUDI 16 OCTOBRE !"}]},{"@type":"WebSite","@id":"https:\/\/aliso.fr\/reseau\/#website","url":"https:\/\/aliso.fr\/reseau\/","name":"Aliso R\u00e9seau","description":"R\u00e9seau Creusois des acteurs du lien social","publisher":{"@id":"https:\/\/aliso.fr\/reseau\/#organization"},"potentialAction":[{"@type":"SearchAction","target":{"@type":"EntryPoint","urlTemplate":"https:\/\/aliso.fr\/reseau\/?s={search_term_string}"},"query-input":{"@type":"PropertyValueSpecification","valueRequired":true,"valueName":"search_term_string"}}],"inLanguage":"fr-FR"},{"@type":"Organization","@id":"https:\/\/aliso.fr\/reseau\/#organization","name":"Aliso R\u00e9seau","url":"https:\/\/aliso.fr\/reseau\/","logo":{"@type":"ImageObject","inLanguage":"fr-FR","@id":"https:\/\/aliso.fr\/reseau\/#\/schema\/logo\/image\/","url":"https:\/\/aliso.fr\/reseau\/wp-content\/uploads\/sites\/4\/2022\/01\/Logo-ALISO-Reseau-2.png","contentUrl":"https:\/\/aliso.fr\/reseau\/wp-content\/uploads\/sites\/4\/2022\/01\/Logo-ALISO-Reseau-2.png","width":900,"height":970,"caption":"Aliso R\u00e9seau"},"image":{"@id":"https:\/\/aliso.fr\/reseau\/#\/schema\/logo\/image\/"}},{"@type":"Person","@id":"https:\/\/aliso.fr\/reseau\/#\/schema\/person\/056af145b9c52eee21a9f739489104a5","name":"laure"}]}},"_links":{"self":[{"href":"https:\/\/aliso.fr\/reseau\/wp-json\/wp\/v2\/posts\/3081","targetHints":{"allow":["GET"]}}],"collection":[{"href":"https:\/\/aliso.fr\/reseau\/wp-json\/wp\/v2\/posts"}],"about":[{"href":"https:\/\/aliso.fr\/reseau\/wp-json\/wp\/v2\/types\/post"}],"author":[{"embeddable":true,"href":"https:\/\/aliso.fr\/reseau\/wp-json\/wp\/v2\/users\/3"}],"replies":[{"embeddable":true,"href":"https:\/\/aliso.fr\/reseau\/wp-json\/wp\/v2\/comments?post=3081"}],"version-history":[{"count":4,"href":"https:\/\/aliso.fr\/reseau\/wp-json\/wp\/v2\/posts\/3081\/revisions"}],"predecessor-version":[{"id":3150,"href":"https:\/\/aliso.fr\/reseau\/wp-json\/wp\/v2\/posts\/3081\/revisions\/3150"}],"wp:featuredmedia":[{"embeddable":true,"href":"https:\/\/aliso.fr\/reseau\/wp-json\/wp\/v2\/media\/3082"}],"wp:attachment":[{"href":"https:\/\/aliso.fr\/reseau\/wp-json\/wp\/v2\/media?parent=3081"}],"wp:term":[{"taxonomy":"category","embeddable":true,"href":"https:\/\/aliso.fr\/reseau\/wp-json\/wp\/v2\/categories?post=3081"},{"taxonomy":"post_tag","embeddable":true,"href":"https:\/\/aliso.fr\/reseau\/wp-json\/wp\/v2\/tags?post=3081"}],"curies":[{"name":"wp","href":"https:\/\/api.w.org\/{rel}","templated":true}]}}