{"id":3115,"date":"2025-09-03T11:18:09","date_gmt":"2025-09-03T09:18:09","guid":{"rendered":"https:\/\/aliso.fr\/reseau\/?p=3115"},"modified":"2025-09-04T11:31:42","modified_gmt":"2025-09-04T09:31:42","slug":"la-participation-des-jeunes-a-la-vie-politique-et-sociale-recherche","status":"publish","type":"post","link":"https:\/\/aliso.fr\/reseau\/la-participation-des-jeunes-a-la-vie-politique-et-sociale-recherche\/","title":{"rendered":"LA PARTICIPATION DES JEUNES A LA VIE POLITIQUE ET SOCIALE &#8211; RECHERCHE"},"content":{"rendered":"\n<p class=\"has-text-align-center\"><img loading=\"lazy\" decoding=\"async\" width=\"260\" height=\"371\" src=\"https:\/\/aliso.fr\/3a7020d1-55ca-4d76-9520-a61b7ccf4257\" class=\"\"><\/img><\/p>\n\n\n\n<p>ALISO est administratrice et adh\u00e9rente au CRAJEP NA, qui vous propose de la ressource ! <\/p>\n\n\n\n<p>Petit rappel : <em>Le <strong>CRAJEP Nouvelle-Aquitaine<\/strong> (Comit\u00e9 R\u00e9gional des Associations de Jeunesse et d\u2019\u00c9ducation Populaire) est une coordination volontaire d&rsquo;associations, d&rsquo;unions, de f\u00e9d\u00e9rations et de mouvements r\u00e9gionaux. Il se fixe pour objectif l&rsquo;information r\u00e9ciproque, la concertation, la r\u00e9flexion, l&rsquo;expression et l&rsquo;action commune d&rsquo;associations de jeunesse et d&rsquo;\u00e9ducation populaire.\u00a0<\/em><\/p>\n\n\n\n<p><em>En 2024, dans le cadre de son projet intitul\u00e9 \u00ab\u00a0Jep&rsquo;Lab\u00a0\u00bb (<a href=\"https:\/\/www.crajep-nouvelleaquitaine.com\/nos-actions\/jep-lab\/\">https:\/\/www.crajep-nouvelleaquitaine.com\/nos-actions\/jep-lab\/<\/a>) , un laboratoire d&rsquo;\u00e9ducation populaire visant \u00e0 connecter citoyens, chercheurs, association et action publique, le CRAJEP Nouvelle-Aquitaine cl\u00f4turait son chantier intitul\u00e9 \u00ab\u00a0La participation des jeunes \u00e0 la vie sociale et politique en Nouvelle-Aquitaine : quelles in\u00e9galit\u00e9s ?\u00a0\u00bb. Ce chantier a abouti \u00e0 la production d&rsquo;un livret incluant les contributions th\u00e9oriques des chercheurs associ\u00e9s ainsi que les t\u00e9moignages et r\u00e9cits de jeunes. L&rsquo;objectif de cette d\u00e9marche \u00e9tait de cr\u00e9er un contenu riche et accessible, permettant \u00e0 chacun.e, qu&rsquo;il ou elle soit professionnel-le, \u00e9lu-e, technicien-ne ou simple citoyen-ne int\u00e9ress\u00e9-e, de puiser des informations selon ses besoins et int\u00e9r\u00eats.<\/em><\/p>\n\n\n\n<p><em>Le Crajep NA organise des restitutions de ce chantier en Nouvelle-Aquitaine \u00e0 destination des professionnel-les de la jeunesse entre les mois de septembre et novembre sur une demi-journ\u00e9e et dans 3 villes de Nouvelle-Aquitaine: Limoges, Poitiers et Pau.&nbsp;Les participant.es recevront un exemplaire physique du livret et un accueil caf\u00e9 sera propos\u00e9.<\/em><\/p>\n\n\n\n<p><strong><em>La restitution \u00e0 Limoges se d\u00e9roulera le 25 septembre matin, de 9h30 \u00e0 12h30 au Tiers-Lieu B\u00e2timent 25,\u00a0<\/em>64 Rue Armand Barb\u00e8s.\u00a0<\/strong><\/p>\n\n\n\n<p><em>Pour y participer, vous devez vous inscrire en compl\u00e9tant le formulaire suivant:&nbsp; <a href=\"https:\/\/framaforms.org\/restitution-du-chantier-jeplab-la-participation-des-jeunes-a-la-vie-sociale-et-politique-en-nouvelle\">https:\/\/framaforms.org\/restitution-du-chantier-jeplab-la-participation-des-jeunes-a-la-vie-sociale-et-politique-en-nouvelle<\/a><\/em><\/p>\n\n\n\n<p><em>Des questions? Contact: <a href=\"&#109;&#x61;&#x69;l&#116;&#x6f;:&#100;&#x63;&#x6f;&#114;&#x64;&#x69;e&#114;&#x40;c&#114;&#x61;&#x6a;&#101;&#x70;&#x2d;n&#111;&#x75;v&#101;&#x6c;&#x6c;&#101;&#x61;&#x71;u&#105;&#x74;a&#105;&#x6e;&#x65;&#46;&#x6f;&#x72;g\">&#100;&#x63;&#111;&#x72;&#100;&#x69;e&#x72;&#64;&#99;&#x72;&#97;&#x6a;&#101;&#x70;-&#x6e;o&#117;&#x76;&#101;&#x6c;&#108;&#x65;&#97;&#x71;u&#x69;t&#97;&#x69;&#110;&#x65;&#46;&#x6f;r&#x67;<\/a> \/ tel: 06 65 92 15 15&nbsp; &nbsp;&nbsp;<\/em><\/p>\n\n\n\n<p><em>Merci d&rsquo;avance pour votre participation<\/em><\/p>\n\n\n\n<p><strong>Denis CORDIER<\/strong><br>Charg\u00e9 de mission CRAJEP Nouvelle-Aquitaine<br>Coordinateur du&nbsp;Collectif EducPopNum&nbsp;et du JEP&rsquo;Lab<br>06.65.92.15.15 \/&nbsp;<a href=\"&#x6d;&#x61;&#x69;&#x6c;&#x74;&#x6f;&#x3a;&#x66;&#x62;&#x69;&#x73;&#x69;&#x61;&#x75;&#120;&#64;&#99;&#114;&#97;&#106;&#101;&#112;&#45;&#110;&#111;uvelleaq&#x75;&#x69;&#x74;&#x61;&#x69;&#x6e;&#x65;&#x2e;&#x6f;&#x72;&#x67;\">dco&#114;&#100;&#105;&#x65;&#x72;&#x40;&#x63;&#x72;&#x61;jep&#45;&#110;&#111;&#117;&#x76;&#x65;&#x6c;&#x6c;&#x65;&#x61;qui&#116;&#97;&#105;&#x6e;&#x65;&#x2e;&#x6f;&#x72;&#x67;<\/a><\/p>\n\n\n\n<p><br><em>Comit\u00e9 R\u00e9gional des Associations de Jeunesse et d\u2019\u00c9ducation Populaire de Nouvelle-Aquitaine<br>Si\u00e8ge social :&nbsp;44, boulevard George V \u2013 33000 Bordeaux<br><a href=\"http:\/\/www.crajep-nouvelleaquitaine.com\/\">www.crajep-nouvelleaquitaine.com<\/a><\/em><\/p>\n","protected":false},"excerpt":{"rendered":"<p>ALISO est administratrice et adh\u00e9rente au CRAJEP NA, qui vous propose de la ressource ! Petit rappel : Le CRAJEP Nouvelle-Aquitaine (Comit\u00e9 R\u00e9gional des Associations de Jeunesse et d\u2019\u00c9ducation Populaire) est une coordination volontaire d&rsquo;associations, d&rsquo;unions, de f\u00e9d\u00e9rations et de mouvements r\u00e9gionaux. Il se fixe pour objectif l&rsquo;information r\u00e9ciproque, la concertation, la r\u00e9flexion, l&rsquo;expression et&#8230; <a class=\"excerpt-read-more button\" href=\"https:\/\/aliso.fr\/reseau\/la-participation-des-jeunes-a-la-vie-politique-et-sociale-recherche\/\" title=\"ReadLA PARTICIPATION DES JEUNES A LA VIE POLITIQUE ET SOCIALE &#8211; RECHERCHE\">En savoir plus &raquo;<\/a><\/p>\n","protected":false},"author":3,"featured_media":3116,"comment_status":"closed","ping_status":"open","sticky":false,"template":"","format":"standard","meta":{"footnotes":""},"categories":[3],"tags":[],"class_list":["post-3115","post","type-post","status-publish","format-standard","has-post-thumbnail","hentry","category-actualite"],"yoast_head":"<!-- This site is optimized with the Yoast SEO plugin v27.4 - https:\/\/yoast.com\/product\/yoast-seo-wordpress\/ -->\n<title>LA PARTICIPATION DES JEUNES A LA VIE POLITIQUE ET SOCIALE - RECHERCHE - Aliso R\u00e9seau<\/title>\n<meta name=\"robots\" content=\"index, follow, max-snippet:-1, max-image-preview:large, max-video-preview:-1\" \/>\n<link rel=\"canonical\" href=\"https:\/\/aliso.fr\/reseau\/la-participation-des-jeunes-a-la-vie-politique-et-sociale-recherche\/\" \/>\n<meta property=\"og:locale\" content=\"fr_FR\" \/>\n<meta property=\"og:type\" content=\"article\" \/>\n<meta property=\"og:title\" content=\"LA PARTICIPATION DES JEUNES A LA VIE POLITIQUE ET SOCIALE - RECHERCHE - Aliso R\u00e9seau\" \/>\n<meta property=\"og:description\" content=\"ALISO est administratrice et adh\u00e9rente au CRAJEP NA, qui vous propose de la ressource ! Petit rappel : Le CRAJEP Nouvelle-Aquitaine (Comit\u00e9 R\u00e9gional des Associations de Jeunesse et d\u2019\u00c9ducation Populaire) est une coordination volontaire d&rsquo;associations, d&rsquo;unions, de f\u00e9d\u00e9rations et de mouvements r\u00e9gionaux. Il se fixe pour objectif l&rsquo;information r\u00e9ciproque, la concertation, la r\u00e9flexion, l&rsquo;expression et... En savoir plus &raquo;\" \/>\n<meta property=\"og:url\" content=\"https:\/\/aliso.fr\/reseau\/la-participation-des-jeunes-a-la-vie-politique-et-sociale-recherche\/\" \/>\n<meta property=\"og:site_name\" content=\"Aliso R\u00e9seau\" \/>\n<meta property=\"article:published_time\" content=\"2025-09-03T09:18:09+00:00\" \/>\n<meta property=\"article:modified_time\" content=\"2025-09-04T09:31:42+00:00\" \/>\n<meta property=\"og:image\" content=\"https:\/\/aliso.fr\/reseau\/wp-content\/uploads\/sites\/4\/2025\/09\/jeplab.jpg\" \/>\n\t<meta property=\"og:image:width\" content=\"260\" \/>\n\t<meta property=\"og:image:height\" content=\"371\" \/>\n\t<meta property=\"og:image:type\" content=\"image\/jpeg\" \/>\n<meta name=\"author\" content=\"laure\" \/>\n<meta name=\"twitter:card\" content=\"summary_large_image\" \/>\n<script type=\"application\/ld+json\" class=\"yoast-schema-graph\">{\"@context\":\"https:\\\/\\\/schema.org\",\"@graph\":[{\"@type\":\"Article\",\"@id\":\"https:\\\/\\\/aliso.fr\\\/reseau\\\/la-participation-des-jeunes-a-la-vie-politique-et-sociale-recherche\\\/#article\",\"isPartOf\":{\"@id\":\"https:\\\/\\\/aliso.fr\\\/reseau\\\/la-participation-des-jeunes-a-la-vie-politique-et-sociale-recherche\\\/\"},\"author\":{\"name\":\"laure\",\"@id\":\"https:\\\/\\\/aliso.fr\\\/reseau\\\/#\\\/schema\\\/person\\\/056af145b9c52eee21a9f739489104a5\"},\"headline\":\"LA PARTICIPATION DES JEUNES A LA VIE POLITIQUE ET SOCIALE &#8211; RECHERCHE\",\"datePublished\":\"2025-09-03T09:18:09+00:00\",\"dateModified\":\"2025-09-04T09:31:42+00:00\",\"mainEntityOfPage\":{\"@id\":\"https:\\\/\\\/aliso.fr\\\/reseau\\\/la-participation-des-jeunes-a-la-vie-politique-et-sociale-recherche\\\/\"},\"wordCount\":361,\"publisher\":{\"@id\":\"https:\\\/\\\/aliso.fr\\\/reseau\\\/#organization\"},\"image\":{\"@id\":\"https:\\\/\\\/aliso.fr\\\/reseau\\\/la-participation-des-jeunes-a-la-vie-politique-et-sociale-recherche\\\/#primaryimage\"},\"thumbnailUrl\":\"https:\\\/\\\/aliso.fr\\\/reseau\\\/wp-content\\\/uploads\\\/sites\\\/4\\\/2025\\\/09\\\/jeplab.jpg\",\"articleSection\":[\"Actualit\u00e9\"],\"inLanguage\":\"fr-FR\"},{\"@type\":\"WebPage\",\"@id\":\"https:\\\/\\\/aliso.fr\\\/reseau\\\/la-participation-des-jeunes-a-la-vie-politique-et-sociale-recherche\\\/\",\"url\":\"https:\\\/\\\/aliso.fr\\\/reseau\\\/la-participation-des-jeunes-a-la-vie-politique-et-sociale-recherche\\\/\",\"name\":\"LA PARTICIPATION DES JEUNES A LA VIE POLITIQUE ET SOCIALE - RECHERCHE - Aliso R\u00e9seau\",\"isPartOf\":{\"@id\":\"https:\\\/\\\/aliso.fr\\\/reseau\\\/#website\"},\"primaryImageOfPage\":{\"@id\":\"https:\\\/\\\/aliso.fr\\\/reseau\\\/la-participation-des-jeunes-a-la-vie-politique-et-sociale-recherche\\\/#primaryimage\"},\"image\":{\"@id\":\"https:\\\/\\\/aliso.fr\\\/reseau\\\/la-participation-des-jeunes-a-la-vie-politique-et-sociale-recherche\\\/#primaryimage\"},\"thumbnailUrl\":\"https:\\\/\\\/aliso.fr\\\/reseau\\\/wp-content\\\/uploads\\\/sites\\\/4\\\/2025\\\/09\\\/jeplab.jpg\",\"datePublished\":\"2025-09-03T09:18:09+00:00\",\"dateModified\":\"2025-09-04T09:31:42+00:00\",\"breadcrumb\":{\"@id\":\"https:\\\/\\\/aliso.fr\\\/reseau\\\/la-participation-des-jeunes-a-la-vie-politique-et-sociale-recherche\\\/#breadcrumb\"},\"inLanguage\":\"fr-FR\",\"potentialAction\":[{\"@type\":\"ReadAction\",\"target\":[\"https:\\\/\\\/aliso.fr\\\/reseau\\\/la-participation-des-jeunes-a-la-vie-politique-et-sociale-recherche\\\/\"]}]},{\"@type\":\"ImageObject\",\"inLanguage\":\"fr-FR\",\"@id\":\"https:\\\/\\\/aliso.fr\\\/reseau\\\/la-participation-des-jeunes-a-la-vie-politique-et-sociale-recherche\\\/#primaryimage\",\"url\":\"https:\\\/\\\/aliso.fr\\\/reseau\\\/wp-content\\\/uploads\\\/sites\\\/4\\\/2025\\\/09\\\/jeplab.jpg\",\"contentUrl\":\"https:\\\/\\\/aliso.fr\\\/reseau\\\/wp-content\\\/uploads\\\/sites\\\/4\\\/2025\\\/09\\\/jeplab.jpg\",\"width\":260,\"height\":371},{\"@type\":\"BreadcrumbList\",\"@id\":\"https:\\\/\\\/aliso.fr\\\/reseau\\\/la-participation-des-jeunes-a-la-vie-politique-et-sociale-recherche\\\/#breadcrumb\",\"itemListElement\":[{\"@type\":\"ListItem\",\"position\":1,\"name\":\"Accueil\",\"item\":\"https:\\\/\\\/aliso.fr\\\/reseau\\\/\"},{\"@type\":\"ListItem\",\"position\":2,\"name\":\"Actualit\u00e9\",\"item\":\"https:\\\/\\\/aliso.fr\\\/reseau\\\/actualite\\\/\"},{\"@type\":\"ListItem\",\"position\":3,\"name\":\"LA PARTICIPATION DES JEUNES A LA VIE POLITIQUE ET SOCIALE &#8211; RECHERCHE\"}]},{\"@type\":\"WebSite\",\"@id\":\"https:\\\/\\\/aliso.fr\\\/reseau\\\/#website\",\"url\":\"https:\\\/\\\/aliso.fr\\\/reseau\\\/\",\"name\":\"Aliso R\u00e9seau\",\"description\":\"R\u00e9seau Creusois des acteurs du lien social\",\"publisher\":{\"@id\":\"https:\\\/\\\/aliso.fr\\\/reseau\\\/#organization\"},\"potentialAction\":[{\"@type\":\"SearchAction\",\"target\":{\"@type\":\"EntryPoint\",\"urlTemplate\":\"https:\\\/\\\/aliso.fr\\\/reseau\\\/?s={search_term_string}\"},\"query-input\":{\"@type\":\"PropertyValueSpecification\",\"valueRequired\":true,\"valueName\":\"search_term_string\"}}],\"inLanguage\":\"fr-FR\"},{\"@type\":\"Organization\",\"@id\":\"https:\\\/\\\/aliso.fr\\\/reseau\\\/#organization\",\"name\":\"Aliso R\u00e9seau\",\"url\":\"https:\\\/\\\/aliso.fr\\\/reseau\\\/\",\"logo\":{\"@type\":\"ImageObject\",\"inLanguage\":\"fr-FR\",\"@id\":\"https:\\\/\\\/aliso.fr\\\/reseau\\\/#\\\/schema\\\/logo\\\/image\\\/\",\"url\":\"https:\\\/\\\/aliso.fr\\\/reseau\\\/wp-content\\\/uploads\\\/sites\\\/4\\\/2022\\\/01\\\/Logo-ALISO-Reseau-2.png\",\"contentUrl\":\"https:\\\/\\\/aliso.fr\\\/reseau\\\/wp-content\\\/uploads\\\/sites\\\/4\\\/2022\\\/01\\\/Logo-ALISO-Reseau-2.png\",\"width\":900,\"height\":970,\"caption\":\"Aliso R\u00e9seau\"},\"image\":{\"@id\":\"https:\\\/\\\/aliso.fr\\\/reseau\\\/#\\\/schema\\\/logo\\\/image\\\/\"}},{\"@type\":\"Person\",\"@id\":\"https:\\\/\\\/aliso.fr\\\/reseau\\\/#\\\/schema\\\/person\\\/056af145b9c52eee21a9f739489104a5\",\"name\":\"laure\"}]}<\/script>\n<!-- \/ Yoast SEO plugin. -->","yoast_head_json":{"title":"LA PARTICIPATION DES JEUNES A LA VIE POLITIQUE ET SOCIALE - RECHERCHE - Aliso R\u00e9seau","robots":{"index":"index","follow":"follow","max-snippet":"max-snippet:-1","max-image-preview":"max-image-preview:large","max-video-preview":"max-video-preview:-1"},"canonical":"https:\/\/aliso.fr\/reseau\/la-participation-des-jeunes-a-la-vie-politique-et-sociale-recherche\/","og_locale":"fr_FR","og_type":"article","og_title":"LA PARTICIPATION DES JEUNES A LA VIE POLITIQUE ET SOCIALE - RECHERCHE - Aliso R\u00e9seau","og_description":"ALISO est administratrice et adh\u00e9rente au CRAJEP NA, qui vous propose de la ressource ! Petit rappel : Le CRAJEP Nouvelle-Aquitaine (Comit\u00e9 R\u00e9gional des Associations de Jeunesse et d\u2019\u00c9ducation Populaire) est une coordination volontaire d&rsquo;associations, d&rsquo;unions, de f\u00e9d\u00e9rations et de mouvements r\u00e9gionaux. Il se fixe pour objectif l&rsquo;information r\u00e9ciproque, la concertation, la r\u00e9flexion, l&rsquo;expression et... En savoir plus &raquo;","og_url":"https:\/\/aliso.fr\/reseau\/la-participation-des-jeunes-a-la-vie-politique-et-sociale-recherche\/","og_site_name":"Aliso R\u00e9seau","article_published_time":"2025-09-03T09:18:09+00:00","article_modified_time":"2025-09-04T09:31:42+00:00","og_image":[{"width":260,"height":371,"url":"https:\/\/aliso.fr\/reseau\/wp-content\/uploads\/sites\/4\/2025\/09\/jeplab.jpg","type":"image\/jpeg"}],"author":"laure","twitter_card":"summary_large_image","schema":{"@context":"https:\/\/schema.org","@graph":[{"@type":"Article","@id":"https:\/\/aliso.fr\/reseau\/la-participation-des-jeunes-a-la-vie-politique-et-sociale-recherche\/#article","isPartOf":{"@id":"https:\/\/aliso.fr\/reseau\/la-participation-des-jeunes-a-la-vie-politique-et-sociale-recherche\/"},"author":{"name":"laure","@id":"https:\/\/aliso.fr\/reseau\/#\/schema\/person\/056af145b9c52eee21a9f739489104a5"},"headline":"LA PARTICIPATION DES JEUNES A LA VIE POLITIQUE ET SOCIALE &#8211; RECHERCHE","datePublished":"2025-09-03T09:18:09+00:00","dateModified":"2025-09-04T09:31:42+00:00","mainEntityOfPage":{"@id":"https:\/\/aliso.fr\/reseau\/la-participation-des-jeunes-a-la-vie-politique-et-sociale-recherche\/"},"wordCount":361,"publisher":{"@id":"https:\/\/aliso.fr\/reseau\/#organization"},"image":{"@id":"https:\/\/aliso.fr\/reseau\/la-participation-des-jeunes-a-la-vie-politique-et-sociale-recherche\/#primaryimage"},"thumbnailUrl":"https:\/\/aliso.fr\/reseau\/wp-content\/uploads\/sites\/4\/2025\/09\/jeplab.jpg","articleSection":["Actualit\u00e9"],"inLanguage":"fr-FR"},{"@type":"WebPage","@id":"https:\/\/aliso.fr\/reseau\/la-participation-des-jeunes-a-la-vie-politique-et-sociale-recherche\/","url":"https:\/\/aliso.fr\/reseau\/la-participation-des-jeunes-a-la-vie-politique-et-sociale-recherche\/","name":"LA PARTICIPATION DES JEUNES A LA VIE POLITIQUE ET SOCIALE - RECHERCHE - Aliso R\u00e9seau","isPartOf":{"@id":"https:\/\/aliso.fr\/reseau\/#website"},"primaryImageOfPage":{"@id":"https:\/\/aliso.fr\/reseau\/la-participation-des-jeunes-a-la-vie-politique-et-sociale-recherche\/#primaryimage"},"image":{"@id":"https:\/\/aliso.fr\/reseau\/la-participation-des-jeunes-a-la-vie-politique-et-sociale-recherche\/#primaryimage"},"thumbnailUrl":"https:\/\/aliso.fr\/reseau\/wp-content\/uploads\/sites\/4\/2025\/09\/jeplab.jpg","datePublished":"2025-09-03T09:18:09+00:00","dateModified":"2025-09-04T09:31:42+00:00","breadcrumb":{"@id":"https:\/\/aliso.fr\/reseau\/la-participation-des-jeunes-a-la-vie-politique-et-sociale-recherche\/#breadcrumb"},"inLanguage":"fr-FR","potentialAction":[{"@type":"ReadAction","target":["https:\/\/aliso.fr\/reseau\/la-participation-des-jeunes-a-la-vie-politique-et-sociale-recherche\/"]}]},{"@type":"ImageObject","inLanguage":"fr-FR","@id":"https:\/\/aliso.fr\/reseau\/la-participation-des-jeunes-a-la-vie-politique-et-sociale-recherche\/#primaryimage","url":"https:\/\/aliso.fr\/reseau\/wp-content\/uploads\/sites\/4\/2025\/09\/jeplab.jpg","contentUrl":"https:\/\/aliso.fr\/reseau\/wp-content\/uploads\/sites\/4\/2025\/09\/jeplab.jpg","width":260,"height":371},{"@type":"BreadcrumbList","@id":"https:\/\/aliso.fr\/reseau\/la-participation-des-jeunes-a-la-vie-politique-et-sociale-recherche\/#breadcrumb","itemListElement":[{"@type":"ListItem","position":1,"name":"Accueil","item":"https:\/\/aliso.fr\/reseau\/"},{"@type":"ListItem","position":2,"name":"Actualit\u00e9","item":"https:\/\/aliso.fr\/reseau\/actualite\/"},{"@type":"ListItem","position":3,"name":"LA PARTICIPATION DES JEUNES A LA VIE POLITIQUE ET SOCIALE &#8211; RECHERCHE"}]},{"@type":"WebSite","@id":"https:\/\/aliso.fr\/reseau\/#website","url":"https:\/\/aliso.fr\/reseau\/","name":"Aliso R\u00e9seau","description":"R\u00e9seau Creusois des acteurs du lien social","publisher":{"@id":"https:\/\/aliso.fr\/reseau\/#organization"},"potentialAction":[{"@type":"SearchAction","target":{"@type":"EntryPoint","urlTemplate":"https:\/\/aliso.fr\/reseau\/?s={search_term_string}"},"query-input":{"@type":"PropertyValueSpecification","valueRequired":true,"valueName":"search_term_string"}}],"inLanguage":"fr-FR"},{"@type":"Organization","@id":"https:\/\/aliso.fr\/reseau\/#organization","name":"Aliso R\u00e9seau","url":"https:\/\/aliso.fr\/reseau\/","logo":{"@type":"ImageObject","inLanguage":"fr-FR","@id":"https:\/\/aliso.fr\/reseau\/#\/schema\/logo\/image\/","url":"https:\/\/aliso.fr\/reseau\/wp-content\/uploads\/sites\/4\/2022\/01\/Logo-ALISO-Reseau-2.png","contentUrl":"https:\/\/aliso.fr\/reseau\/wp-content\/uploads\/sites\/4\/2022\/01\/Logo-ALISO-Reseau-2.png","width":900,"height":970,"caption":"Aliso R\u00e9seau"},"image":{"@id":"https:\/\/aliso.fr\/reseau\/#\/schema\/logo\/image\/"}},{"@type":"Person","@id":"https:\/\/aliso.fr\/reseau\/#\/schema\/person\/056af145b9c52eee21a9f739489104a5","name":"laure"}]}},"_links":{"self":[{"href":"https:\/\/aliso.fr\/reseau\/wp-json\/wp\/v2\/posts\/3115","targetHints":{"allow":["GET"]}}],"collection":[{"href":"https:\/\/aliso.fr\/reseau\/wp-json\/wp\/v2\/posts"}],"about":[{"href":"https:\/\/aliso.fr\/reseau\/wp-json\/wp\/v2\/types\/post"}],"author":[{"embeddable":true,"href":"https:\/\/aliso.fr\/reseau\/wp-json\/wp\/v2\/users\/3"}],"replies":[{"embeddable":true,"href":"https:\/\/aliso.fr\/reseau\/wp-json\/wp\/v2\/comments?post=3115"}],"version-history":[{"count":2,"href":"https:\/\/aliso.fr\/reseau\/wp-json\/wp\/v2\/posts\/3115\/revisions"}],"predecessor-version":[{"id":3119,"href":"https:\/\/aliso.fr\/reseau\/wp-json\/wp\/v2\/posts\/3115\/revisions\/3119"}],"wp:featuredmedia":[{"embeddable":true,"href":"https:\/\/aliso.fr\/reseau\/wp-json\/wp\/v2\/media\/3116"}],"wp:attachment":[{"href":"https:\/\/aliso.fr\/reseau\/wp-json\/wp\/v2\/media?parent=3115"}],"wp:term":[{"taxonomy":"category","embeddable":true,"href":"https:\/\/aliso.fr\/reseau\/wp-json\/wp\/v2\/categories?post=3115"},{"taxonomy":"post_tag","embeddable":true,"href":"https:\/\/aliso.fr\/reseau\/wp-json\/wp\/v2\/tags?post=3115"}],"curies":[{"name":"wp","href":"https:\/\/api.w.org\/{rel}","templated":true}]}}