{"id":3120,"date":"2025-09-03T11:56:14","date_gmt":"2025-09-03T09:56:14","guid":{"rendered":"https:\/\/aliso.fr\/reseau\/?p=3120"},"modified":"2025-10-07T15:18:20","modified_gmt":"2025-10-07T13:18:20","slug":"aliso-sur-les-ondes","status":"publish","type":"post","link":"https:\/\/aliso.fr\/reseau\/aliso-sur-les-ondes\/","title":{"rendered":"ALISO SUR LES ONDES"},"content":{"rendered":"\n<figure class=\"wp-block-image size-large\"><img loading=\"lazy\" decoding=\"async\" width=\"897\" height=\"330\" src=\"https:\/\/aliso.fr\/reseau\/wp-content\/uploads\/sites\/4\/2025\/09\/logo_rpg-1-897x330.jpg\" alt=\"\" class=\"wp-image-3122\" srcset=\"https:\/\/aliso.fr\/reseau\/wp-content\/uploads\/sites\/4\/2025\/09\/logo_rpg-1-897x330.jpg 897w, https:\/\/aliso.fr\/reseau\/wp-content\/uploads\/sites\/4\/2025\/09\/logo_rpg-1-300x110.jpg 300w, https:\/\/aliso.fr\/reseau\/wp-content\/uploads\/sites\/4\/2025\/09\/logo_rpg-1-768x282.jpg 768w, https:\/\/aliso.fr\/reseau\/wp-content\/uploads\/sites\/4\/2025\/09\/logo_rpg-1.jpg 960w\" sizes=\"auto, (max-width: 897px) 100vw, 897px\" \/><\/figure>\n\n\n\n<p>Radio Pays de Gu\u00e9ret offre \u00e0 ALISO depuis plusieurs ann\u00e9es l&rsquo;opportunit\u00e9 de faire parler d&rsquo;elle et de son environnement sur les ondes.<\/p>\n\n\n\n<p><br>Jusque l\u00e0, nous avions un cr\u00e9neau pour parler surtout de l&rsquo;actu Jeunes sur Gu\u00e9ret.<br>Pour cette rentr\u00e9e, on change la formule et on va parler du r\u00e9seau et de ses \u00e9cosyst\u00e8mes voisins et connexes&#8230; en bref : de la vie associative, de l&rsquo;\u00e9ducation populaire, de l&rsquo;\u00e9conomie sociale et solidaire, de ce qu&rsquo;on conna\u00eet, qu&rsquo;on voudrait conna\u00eetre ou faire conna\u00eetre.<br><br>Pour ce faire, nous avons finalement la chance de pouvoir faire des \u00e9missions en direct entre 18h et 19h du mardi au vendredi.<br>Vous \u00eates vivement invit\u00e9.e.s \u00e0 vous emparer de cet espace ! Faites-nous signe si vous voulez aborder un sujet ! Et&#8230;vous serez sollicit\u00e9s pour alimenter ces sujets.<br><br>RPG ne concerne pas que les habitants ou auditeurs en transit sur Gu\u00e9ret. Elle est diffus\u00e9e au-del\u00e0 ! <br><br>Laure <br><br><br><br><br><br><\/p>\n","protected":false},"excerpt":{"rendered":"<p>Radio Pays de Gu\u00e9ret offre \u00e0 ALISO depuis plusieurs ann\u00e9es l&rsquo;opportunit\u00e9 de faire parler d&rsquo;elle et de son environnement sur les ondes. Jusque l\u00e0, nous avions un cr\u00e9neau pour parler surtout de l&rsquo;actu Jeunes sur Gu\u00e9ret.Pour cette rentr\u00e9e, on change la formule et on va parler du r\u00e9seau et de ses \u00e9cosyst\u00e8mes voisins et connexes&#8230;&#8230; <a class=\"excerpt-read-more button\" href=\"https:\/\/aliso.fr\/reseau\/aliso-sur-les-ondes\/\" title=\"ReadALISO SUR LES ONDES\">En savoir plus &raquo;<\/a><\/p>\n","protected":false},"author":3,"featured_media":3121,"comment_status":"closed","ping_status":"open","sticky":false,"template":"","format":"standard","meta":{"footnotes":""},"categories":[3],"tags":[],"class_list":["post-3120","post","type-post","status-publish","format-standard","has-post-thumbnail","hentry","category-actualite"],"yoast_head":"<!-- This site is optimized with the Yoast SEO plugin v27.4 - https:\/\/yoast.com\/product\/yoast-seo-wordpress\/ -->\n<title>ALISO SUR LES ONDES - Aliso R\u00e9seau<\/title>\n<meta name=\"robots\" content=\"index, follow, max-snippet:-1, max-image-preview:large, max-video-preview:-1\" \/>\n<link rel=\"canonical\" href=\"https:\/\/aliso.fr\/reseau\/aliso-sur-les-ondes\/\" \/>\n<meta property=\"og:locale\" content=\"fr_FR\" \/>\n<meta property=\"og:type\" content=\"article\" \/>\n<meta property=\"og:title\" content=\"ALISO SUR LES ONDES - Aliso R\u00e9seau\" \/>\n<meta property=\"og:description\" content=\"Radio Pays de Gu\u00e9ret offre \u00e0 ALISO depuis plusieurs ann\u00e9es l&rsquo;opportunit\u00e9 de faire parler d&rsquo;elle et de son environnement sur les ondes. Jusque l\u00e0, nous avions un cr\u00e9neau pour parler surtout de l&rsquo;actu Jeunes sur Gu\u00e9ret.Pour cette rentr\u00e9e, on change la formule et on va parler du r\u00e9seau et de ses \u00e9cosyst\u00e8mes voisins et connexes&#8230;... En savoir plus &raquo;\" \/>\n<meta property=\"og:url\" content=\"https:\/\/aliso.fr\/reseau\/aliso-sur-les-ondes\/\" \/>\n<meta property=\"og:site_name\" content=\"Aliso R\u00e9seau\" \/>\n<meta property=\"article:published_time\" content=\"2025-09-03T09:56:14+00:00\" \/>\n<meta property=\"article:modified_time\" content=\"2025-10-07T13:18:20+00:00\" \/>\n<meta property=\"og:image\" content=\"https:\/\/aliso.fr\/reseau\/wp-content\/uploads\/sites\/4\/2025\/09\/logo_rpg.jpg\" \/>\n\t<meta property=\"og:image:width\" content=\"960\" \/>\n\t<meta property=\"og:image:height\" content=\"353\" \/>\n\t<meta property=\"og:image:type\" content=\"image\/jpeg\" \/>\n<meta name=\"author\" content=\"laure\" \/>\n<meta name=\"twitter:card\" content=\"summary_large_image\" \/>\n<script type=\"application\/ld+json\" class=\"yoast-schema-graph\">{\"@context\":\"https:\\\/\\\/schema.org\",\"@graph\":[{\"@type\":\"Article\",\"@id\":\"https:\\\/\\\/aliso.fr\\\/reseau\\\/aliso-sur-les-ondes\\\/#article\",\"isPartOf\":{\"@id\":\"https:\\\/\\\/aliso.fr\\\/reseau\\\/aliso-sur-les-ondes\\\/\"},\"author\":{\"name\":\"laure\",\"@id\":\"https:\\\/\\\/aliso.fr\\\/reseau\\\/#\\\/schema\\\/person\\\/056af145b9c52eee21a9f739489104a5\"},\"headline\":\"ALISO SUR LES ONDES\",\"datePublished\":\"2025-09-03T09:56:14+00:00\",\"dateModified\":\"2025-10-07T13:18:20+00:00\",\"mainEntityOfPage\":{\"@id\":\"https:\\\/\\\/aliso.fr\\\/reseau\\\/aliso-sur-les-ondes\\\/\"},\"wordCount\":171,\"publisher\":{\"@id\":\"https:\\\/\\\/aliso.fr\\\/reseau\\\/#organization\"},\"image\":{\"@id\":\"https:\\\/\\\/aliso.fr\\\/reseau\\\/aliso-sur-les-ondes\\\/#primaryimage\"},\"thumbnailUrl\":\"https:\\\/\\\/aliso.fr\\\/reseau\\\/wp-content\\\/uploads\\\/sites\\\/4\\\/2025\\\/09\\\/logo_rpg.jpg\",\"articleSection\":[\"Actualit\u00e9\"],\"inLanguage\":\"fr-FR\"},{\"@type\":\"WebPage\",\"@id\":\"https:\\\/\\\/aliso.fr\\\/reseau\\\/aliso-sur-les-ondes\\\/\",\"url\":\"https:\\\/\\\/aliso.fr\\\/reseau\\\/aliso-sur-les-ondes\\\/\",\"name\":\"ALISO SUR LES ONDES - Aliso R\u00e9seau\",\"isPartOf\":{\"@id\":\"https:\\\/\\\/aliso.fr\\\/reseau\\\/#website\"},\"primaryImageOfPage\":{\"@id\":\"https:\\\/\\\/aliso.fr\\\/reseau\\\/aliso-sur-les-ondes\\\/#primaryimage\"},\"image\":{\"@id\":\"https:\\\/\\\/aliso.fr\\\/reseau\\\/aliso-sur-les-ondes\\\/#primaryimage\"},\"thumbnailUrl\":\"https:\\\/\\\/aliso.fr\\\/reseau\\\/wp-content\\\/uploads\\\/sites\\\/4\\\/2025\\\/09\\\/logo_rpg.jpg\",\"datePublished\":\"2025-09-03T09:56:14+00:00\",\"dateModified\":\"2025-10-07T13:18:20+00:00\",\"breadcrumb\":{\"@id\":\"https:\\\/\\\/aliso.fr\\\/reseau\\\/aliso-sur-les-ondes\\\/#breadcrumb\"},\"inLanguage\":\"fr-FR\",\"potentialAction\":[{\"@type\":\"ReadAction\",\"target\":[\"https:\\\/\\\/aliso.fr\\\/reseau\\\/aliso-sur-les-ondes\\\/\"]}]},{\"@type\":\"ImageObject\",\"inLanguage\":\"fr-FR\",\"@id\":\"https:\\\/\\\/aliso.fr\\\/reseau\\\/aliso-sur-les-ondes\\\/#primaryimage\",\"url\":\"https:\\\/\\\/aliso.fr\\\/reseau\\\/wp-content\\\/uploads\\\/sites\\\/4\\\/2025\\\/09\\\/logo_rpg.jpg\",\"contentUrl\":\"https:\\\/\\\/aliso.fr\\\/reseau\\\/wp-content\\\/uploads\\\/sites\\\/4\\\/2025\\\/09\\\/logo_rpg.jpg\",\"width\":960,\"height\":353},{\"@type\":\"BreadcrumbList\",\"@id\":\"https:\\\/\\\/aliso.fr\\\/reseau\\\/aliso-sur-les-ondes\\\/#breadcrumb\",\"itemListElement\":[{\"@type\":\"ListItem\",\"position\":1,\"name\":\"Accueil\",\"item\":\"https:\\\/\\\/aliso.fr\\\/reseau\\\/\"},{\"@type\":\"ListItem\",\"position\":2,\"name\":\"Actualit\u00e9\",\"item\":\"https:\\\/\\\/aliso.fr\\\/reseau\\\/actualite\\\/\"},{\"@type\":\"ListItem\",\"position\":3,\"name\":\"ALISO SUR LES ONDES\"}]},{\"@type\":\"WebSite\",\"@id\":\"https:\\\/\\\/aliso.fr\\\/reseau\\\/#website\",\"url\":\"https:\\\/\\\/aliso.fr\\\/reseau\\\/\",\"name\":\"Aliso R\u00e9seau\",\"description\":\"R\u00e9seau Creusois des acteurs du lien social\",\"publisher\":{\"@id\":\"https:\\\/\\\/aliso.fr\\\/reseau\\\/#organization\"},\"potentialAction\":[{\"@type\":\"SearchAction\",\"target\":{\"@type\":\"EntryPoint\",\"urlTemplate\":\"https:\\\/\\\/aliso.fr\\\/reseau\\\/?s={search_term_string}\"},\"query-input\":{\"@type\":\"PropertyValueSpecification\",\"valueRequired\":true,\"valueName\":\"search_term_string\"}}],\"inLanguage\":\"fr-FR\"},{\"@type\":\"Organization\",\"@id\":\"https:\\\/\\\/aliso.fr\\\/reseau\\\/#organization\",\"name\":\"Aliso R\u00e9seau\",\"url\":\"https:\\\/\\\/aliso.fr\\\/reseau\\\/\",\"logo\":{\"@type\":\"ImageObject\",\"inLanguage\":\"fr-FR\",\"@id\":\"https:\\\/\\\/aliso.fr\\\/reseau\\\/#\\\/schema\\\/logo\\\/image\\\/\",\"url\":\"https:\\\/\\\/aliso.fr\\\/reseau\\\/wp-content\\\/uploads\\\/sites\\\/4\\\/2022\\\/01\\\/Logo-ALISO-Reseau-2.png\",\"contentUrl\":\"https:\\\/\\\/aliso.fr\\\/reseau\\\/wp-content\\\/uploads\\\/sites\\\/4\\\/2022\\\/01\\\/Logo-ALISO-Reseau-2.png\",\"width\":900,\"height\":970,\"caption\":\"Aliso R\u00e9seau\"},\"image\":{\"@id\":\"https:\\\/\\\/aliso.fr\\\/reseau\\\/#\\\/schema\\\/logo\\\/image\\\/\"}},{\"@type\":\"Person\",\"@id\":\"https:\\\/\\\/aliso.fr\\\/reseau\\\/#\\\/schema\\\/person\\\/056af145b9c52eee21a9f739489104a5\",\"name\":\"laure\"}]}<\/script>\n<!-- \/ Yoast SEO plugin. -->","yoast_head_json":{"title":"ALISO SUR LES ONDES - Aliso R\u00e9seau","robots":{"index":"index","follow":"follow","max-snippet":"max-snippet:-1","max-image-preview":"max-image-preview:large","max-video-preview":"max-video-preview:-1"},"canonical":"https:\/\/aliso.fr\/reseau\/aliso-sur-les-ondes\/","og_locale":"fr_FR","og_type":"article","og_title":"ALISO SUR LES ONDES - Aliso R\u00e9seau","og_description":"Radio Pays de Gu\u00e9ret offre \u00e0 ALISO depuis plusieurs ann\u00e9es l&rsquo;opportunit\u00e9 de faire parler d&rsquo;elle et de son environnement sur les ondes. Jusque l\u00e0, nous avions un cr\u00e9neau pour parler surtout de l&rsquo;actu Jeunes sur Gu\u00e9ret.Pour cette rentr\u00e9e, on change la formule et on va parler du r\u00e9seau et de ses \u00e9cosyst\u00e8mes voisins et connexes&#8230;... En savoir plus &raquo;","og_url":"https:\/\/aliso.fr\/reseau\/aliso-sur-les-ondes\/","og_site_name":"Aliso R\u00e9seau","article_published_time":"2025-09-03T09:56:14+00:00","article_modified_time":"2025-10-07T13:18:20+00:00","og_image":[{"width":960,"height":353,"url":"https:\/\/aliso.fr\/reseau\/wp-content\/uploads\/sites\/4\/2025\/09\/logo_rpg.jpg","type":"image\/jpeg"}],"author":"laure","twitter_card":"summary_large_image","schema":{"@context":"https:\/\/schema.org","@graph":[{"@type":"Article","@id":"https:\/\/aliso.fr\/reseau\/aliso-sur-les-ondes\/#article","isPartOf":{"@id":"https:\/\/aliso.fr\/reseau\/aliso-sur-les-ondes\/"},"author":{"name":"laure","@id":"https:\/\/aliso.fr\/reseau\/#\/schema\/person\/056af145b9c52eee21a9f739489104a5"},"headline":"ALISO SUR LES ONDES","datePublished":"2025-09-03T09:56:14+00:00","dateModified":"2025-10-07T13:18:20+00:00","mainEntityOfPage":{"@id":"https:\/\/aliso.fr\/reseau\/aliso-sur-les-ondes\/"},"wordCount":171,"publisher":{"@id":"https:\/\/aliso.fr\/reseau\/#organization"},"image":{"@id":"https:\/\/aliso.fr\/reseau\/aliso-sur-les-ondes\/#primaryimage"},"thumbnailUrl":"https:\/\/aliso.fr\/reseau\/wp-content\/uploads\/sites\/4\/2025\/09\/logo_rpg.jpg","articleSection":["Actualit\u00e9"],"inLanguage":"fr-FR"},{"@type":"WebPage","@id":"https:\/\/aliso.fr\/reseau\/aliso-sur-les-ondes\/","url":"https:\/\/aliso.fr\/reseau\/aliso-sur-les-ondes\/","name":"ALISO SUR LES ONDES - Aliso R\u00e9seau","isPartOf":{"@id":"https:\/\/aliso.fr\/reseau\/#website"},"primaryImageOfPage":{"@id":"https:\/\/aliso.fr\/reseau\/aliso-sur-les-ondes\/#primaryimage"},"image":{"@id":"https:\/\/aliso.fr\/reseau\/aliso-sur-les-ondes\/#primaryimage"},"thumbnailUrl":"https:\/\/aliso.fr\/reseau\/wp-content\/uploads\/sites\/4\/2025\/09\/logo_rpg.jpg","datePublished":"2025-09-03T09:56:14+00:00","dateModified":"2025-10-07T13:18:20+00:00","breadcrumb":{"@id":"https:\/\/aliso.fr\/reseau\/aliso-sur-les-ondes\/#breadcrumb"},"inLanguage":"fr-FR","potentialAction":[{"@type":"ReadAction","target":["https:\/\/aliso.fr\/reseau\/aliso-sur-les-ondes\/"]}]},{"@type":"ImageObject","inLanguage":"fr-FR","@id":"https:\/\/aliso.fr\/reseau\/aliso-sur-les-ondes\/#primaryimage","url":"https:\/\/aliso.fr\/reseau\/wp-content\/uploads\/sites\/4\/2025\/09\/logo_rpg.jpg","contentUrl":"https:\/\/aliso.fr\/reseau\/wp-content\/uploads\/sites\/4\/2025\/09\/logo_rpg.jpg","width":960,"height":353},{"@type":"BreadcrumbList","@id":"https:\/\/aliso.fr\/reseau\/aliso-sur-les-ondes\/#breadcrumb","itemListElement":[{"@type":"ListItem","position":1,"name":"Accueil","item":"https:\/\/aliso.fr\/reseau\/"},{"@type":"ListItem","position":2,"name":"Actualit\u00e9","item":"https:\/\/aliso.fr\/reseau\/actualite\/"},{"@type":"ListItem","position":3,"name":"ALISO SUR LES ONDES"}]},{"@type":"WebSite","@id":"https:\/\/aliso.fr\/reseau\/#website","url":"https:\/\/aliso.fr\/reseau\/","name":"Aliso R\u00e9seau","description":"R\u00e9seau Creusois des acteurs du lien social","publisher":{"@id":"https:\/\/aliso.fr\/reseau\/#organization"},"potentialAction":[{"@type":"SearchAction","target":{"@type":"EntryPoint","urlTemplate":"https:\/\/aliso.fr\/reseau\/?s={search_term_string}"},"query-input":{"@type":"PropertyValueSpecification","valueRequired":true,"valueName":"search_term_string"}}],"inLanguage":"fr-FR"},{"@type":"Organization","@id":"https:\/\/aliso.fr\/reseau\/#organization","name":"Aliso R\u00e9seau","url":"https:\/\/aliso.fr\/reseau\/","logo":{"@type":"ImageObject","inLanguage":"fr-FR","@id":"https:\/\/aliso.fr\/reseau\/#\/schema\/logo\/image\/","url":"https:\/\/aliso.fr\/reseau\/wp-content\/uploads\/sites\/4\/2022\/01\/Logo-ALISO-Reseau-2.png","contentUrl":"https:\/\/aliso.fr\/reseau\/wp-content\/uploads\/sites\/4\/2022\/01\/Logo-ALISO-Reseau-2.png","width":900,"height":970,"caption":"Aliso R\u00e9seau"},"image":{"@id":"https:\/\/aliso.fr\/reseau\/#\/schema\/logo\/image\/"}},{"@type":"Person","@id":"https:\/\/aliso.fr\/reseau\/#\/schema\/person\/056af145b9c52eee21a9f739489104a5","name":"laure"}]}},"_links":{"self":[{"href":"https:\/\/aliso.fr\/reseau\/wp-json\/wp\/v2\/posts\/3120","targetHints":{"allow":["GET"]}}],"collection":[{"href":"https:\/\/aliso.fr\/reseau\/wp-json\/wp\/v2\/posts"}],"about":[{"href":"https:\/\/aliso.fr\/reseau\/wp-json\/wp\/v2\/types\/post"}],"author":[{"embeddable":true,"href":"https:\/\/aliso.fr\/reseau\/wp-json\/wp\/v2\/users\/3"}],"replies":[{"embeddable":true,"href":"https:\/\/aliso.fr\/reseau\/wp-json\/wp\/v2\/comments?post=3120"}],"version-history":[{"count":2,"href":"https:\/\/aliso.fr\/reseau\/wp-json\/wp\/v2\/posts\/3120\/revisions"}],"predecessor-version":[{"id":3156,"href":"https:\/\/aliso.fr\/reseau\/wp-json\/wp\/v2\/posts\/3120\/revisions\/3156"}],"wp:featuredmedia":[{"embeddable":true,"href":"https:\/\/aliso.fr\/reseau\/wp-json\/wp\/v2\/media\/3121"}],"wp:attachment":[{"href":"https:\/\/aliso.fr\/reseau\/wp-json\/wp\/v2\/media?parent=3120"}],"wp:term":[{"taxonomy":"category","embeddable":true,"href":"https:\/\/aliso.fr\/reseau\/wp-json\/wp\/v2\/categories?post=3120"},{"taxonomy":"post_tag","embeddable":true,"href":"https:\/\/aliso.fr\/reseau\/wp-json\/wp\/v2\/tags?post=3120"}],"curies":[{"name":"wp","href":"https:\/\/api.w.org\/{rel}","templated":true}]}}